{"id":14885,"date":"2024-01-08T10:04:24","date_gmt":"2024-01-08T10:04:24","guid":{"rendered":"https:\/\/lequotidien.mr\/?p=14885"},"modified":"2024-01-08T10:04:24","modified_gmt":"2024-01-08T10:04:24","slug":"hausse-draconienne-des-taxes-douanieres-entre-le-maroc-et-la-mauritanie-impact-sur-lapprovisionnement-en-fruits-et-legumes-a-nouakchott","status":"publish","type":"post","link":"https:\/\/lequotidien.mr\/?p=14885&lang=fr","title":{"rendered":"Hausse draconienne des taxes douani\u00e8res entre le Maroc et la Mauritanie : Impact sur l\u2019approvisionnement en fruits et l\u00e9gumes \u00e0 Nouakchott"},"content":{"rendered":"<p>Les relations commerciales entre le Maroc et la Mauritanie sont actuellement marqu\u00e9es par une tension palpable suite \u00e0 une hausse significative des taxes douani\u00e8res. Les autorit\u00e9s mauritaniennes ont impos\u00e9 une augmentation drastique des droits de douane de 171% au passage frontalier d\u2019El Guerguerat, un axe crucial pour le commerce entre les deux nations et avec l\u2019ensemble de la r\u00e9gion de la Communaut\u00e9 \u00c9conomique des \u00c9tats de l\u2019Afrique de l\u2019Ouest (CEDEAO).<\/p>\n<p>Cette mesure inattendue a d\u00e9clench\u00e9 une crise pour les transporteurs marocains sp\u00e9cialis\u00e9s dans le commerce de fruits et l\u00e9gumes, affectant directement l&#8217;approvisionnement du march\u00e9 de Nouakchott. Le co\u00fbt de passage d&#8217;un camion a bondi, passant de 700 000 \u00e0 plus de 1900 000 ouguiyas, mettant en difficult\u00e9 de nombreux transporteurs bloqu\u00e9s \u00e0 la fronti\u00e8re.<\/p>\n<p>La d\u00e9cision de la Mauritanie survient dans un contexte d\u00e9j\u00e0 complexe, marqu\u00e9 par l&#8217;intention d\u00e9clar\u00e9e de l&#8217;Alg\u00e9rie (concurrent historique du Maroc) de conclure un accord de libre-\u00e9change avec Nouakchott. Par ailleurs, des incidents r\u00e9cents impliquant l&#8217;usage pr\u00e9sum\u00e9 de drones marocains contre des citoyens mauritaniens dans des zones contest\u00e9es aggravent les tensions. La Mauritanie avait envoy\u00e9 un premier signal de m\u00e9contentement en \u00e9tant absente du conclave organis\u00e9 par le Maroc en vue d\u2019offrir un passage vers la mer aux \u00e9tats enclav\u00e9s du Sahel.<\/p>\n<p>Cette hausse des taxes douani\u00e8res entra\u00eene des perturbations majeures dans le commerce transfrontalier, affectant non seulement les exportateurs marocains mais aussi l&#8217;\u00e9conomie mauritanienne et celle de l\u2019Afrique de l\u2019Ouest. Les march\u00e9s locaux font face \u00e0 une p\u00e9nurie de produits frais, essentiels \u00e0 l&#8217;approche du Ramadan, et une inflation des prix due au surco\u00fbt des importations.<\/p>\n<p>Cette crise tarifaire soul\u00e8ve des questions plus larges sur la dynamique commerciale dans la r\u00e9gion. Le Maroc, acteur \u00e9conomique majeur en Afrique, voit son commerce avec la Mauritanie et, par extension, avec l&#8217;ouest du continent, fortement perturb\u00e9. L&#8217;augmentation des taxes pourrait \u00eatre interpr\u00e9t\u00e9e comme un moyen de pression politique ou une tentative de favoriser les produits nationaux mauritaniens, bien que cela reste non confirm\u00e9 officiellement.<\/p>\n<p>La r\u00e9solution rapide de cette crise est essentielle pour maintenir l&#8217;\u00e9quilibre commercial et assurer la continuit\u00e9 de l&#8217;approvisionnement en produits essentiels pour les populations locales. Les acteurs \u00e9conomiques et politiques des deux pays sont appel\u00e9s \u00e0 trouver une solution qui pr\u00e9serve les int\u00e9r\u00eats mutuels et garantisse la stabilit\u00e9 de la r\u00e9gion.<\/p>\n<p>L&#8217;avenir des relations commerciales entre le Maroc et la Mauritanie reste incertain. La communaut\u00e9 internationale, notamment les pays membres de la CEDEAO, suit de pr\u00e8s cette \u00e9volution, consciente des r\u00e9percussions potentielles sur le commerce r\u00e9gional. L&#8217;Union Africaine et d&#8217;autres organismes internationaux pourraient jouer un r\u00f4le de m\u00e9diateur pour faciliter un dialogue constructif entre les deux pays.<\/p>\n<p>Le Maroc, reconnu pour son secteur agricole florissant, subit de plein fouet les cons\u00e9quences de cette augmentation tarifaire. Les exportateurs marocains, qui ont vu une croissance significative de leurs activit\u00e9s en 2022, se retrouvent d\u00e9sormais confront\u00e9s \u00e0 un obstacle majeur, risquant d&#8217;affecter la dynamique commerciale positive observ\u00e9e jusqu&#8217;alors.<\/p>\n<p>Jusqu&#8217;\u00e0 pr\u00e9sent, les autorit\u00e9s mauritaniennes n&#8217;ont pas comment\u00e9 officiellement cette hausse soudaine des tarifs douaniers. Du c\u00f4t\u00e9 marocain, bien que la r\u00e9action officielle soit mesur\u00e9e, l&#8217;inqui\u00e9tude dans les cercles d&#8217;affaires est palpable. Des appels \u00e0 des pourparlers bilat\u00e9raux pour r\u00e9soudre cette crise ont \u00e9t\u00e9 lanc\u00e9s par plusieurs groupes d&#8217;int\u00e9r\u00eat \u00e9conomique.<\/p>\n<p>Les consommateurs en Mauritanie et dans les pays voisins ressentent d\u00e9j\u00e0 les effets de cette crise. Les prix des produits de base, notamment des fruits et l\u00e9gumes, ont connu une hausse notable, pesant sur le budget des m\u00e9nages d\u00e9j\u00e0 fragilis\u00e9s par une situation \u00e9conomique difficile.<\/p>\n<p>Dans ce climat tendu, des voix s&#8217;\u00e9l\u00e8vent pour appeler \u00e0 la solidarit\u00e9 et \u00e0 la coop\u00e9ration r\u00e9gionale. Des experts soulignent l&#8217;importance de maintenir des relations commerciales fluides et \u00e9quitables pour assurer la s\u00e9curit\u00e9 alimentaire et le d\u00e9veloppement \u00e9conomique de la r\u00e9gion.<\/p>\n<p>La hausse soudaine des taxes douani\u00e8res entre le Maroc et la Mauritanie souligne la fragilit\u00e9 des \u00e9quilibres \u00e9conomiques r\u00e9gionaux. Cette situation exige une r\u00e9ponse concert\u00e9e et \u00e9quilibr\u00e9e pour \u00e9viter d&#8217;entraver davantage le commerce transfrontalier et pour garantir la stabilit\u00e9 \u00e9conomique et politique dans une r\u00e9gion d\u00e9j\u00e0 confront\u00e9e \u00e0 de multiples d\u00e9fis.<\/p>\n<p>&nbsp;<\/p>\n<p>&nbsp;<\/p>\n","protected":false},"excerpt":{"rendered":"<p>Les relations commerciales entre le Maroc et la Mauritanie sont actuellement marqu\u00e9es par une tension palpable suite \u00e0 une hausse significative des taxes douani\u00e8res. Les autorit\u00e9s mauritaniennes ont impos\u00e9 une augmentation drastique des droits de douane de 171% au passage frontalier d\u2019El Guerguerat, un axe crucial pour le commerce entre les deux nations et avec&#8230;..<\/p>\n","protected":false},"author":4,"featured_media":14886,"comment_status":"open","ping_status":"open","sticky":false,"template":"","format":"standard","meta":{"footnotes":""},"categories":[23,49,57],"tags":[],"class_list":["post-14885","post","type-post","status-publish","format-standard","has-post-thumbnail","hentry","category-actualite","category-economie","category-couverture-specilale"],"yoast_head":"<!-- This site is optimized with the Yoast SEO plugin v27.5 - https:\/\/yoast.com\/product\/yoast-seo-wordpress\/ -->\n<title>Hausse draconienne des taxes douani\u00e8res entre le Maroc et la Mauritanie : Impact sur l\u2019approvisionnement en fruits et l\u00e9gumes \u00e0 Nouakchott - Le Quotidien de Nouakchott<\/title>\n<meta name=\"robots\" content=\"index, follow, max-snippet:-1, max-image-preview:large, max-video-preview:-1\" \/>\n<link rel=\"canonical\" href=\"https:\/\/lequotidien.mr\/?p=14885&lang=fr\" \/>\n<meta property=\"og:locale\" content=\"ar_AR\" \/>\n<meta property=\"og:type\" content=\"article\" \/>\n<meta property=\"og:title\" content=\"Hausse draconienne des taxes douani\u00e8res entre le Maroc et la Mauritanie : Impact sur l\u2019approvisionnement en fruits et l\u00e9gumes \u00e0 Nouakchott - Le Quotidien de Nouakchott\" \/>\n<meta property=\"og:description\" content=\"Les relations commerciales entre le Maroc et la Mauritanie sont actuellement marqu\u00e9es par une tension palpable suite \u00e0 une hausse significative des taxes douani\u00e8res. Les autorit\u00e9s mauritaniennes ont impos\u00e9 une augmentation drastique des droits de douane de 171% au passage frontalier d\u2019El Guerguerat, un axe crucial pour le commerce entre les deux nations et avec.....\" \/>\n<meta property=\"og:url\" content=\"https:\/\/lequotidien.mr\/?p=14885&amp;lang=fr\" \/>\n<meta property=\"og:site_name\" content=\"Le Quotidien de Nouakchott\" \/>\n<meta property=\"article:publisher\" content=\"https:\/\/web.facebook.com\/lequotidienmr\" \/>\n<meta property=\"article:published_time\" content=\"2024-01-08T10:04:24+00:00\" \/>\n<meta property=\"og:image\" content=\"https:\/\/lequotidien.mr\/wp-content\/uploads\/2024\/01\/guergueratt.jpg\" \/>\n\t<meta property=\"og:image:width\" content=\"698\" \/>\n\t<meta property=\"og:image:height\" content=\"393\" \/>\n\t<meta property=\"og:image:type\" content=\"image\/jpeg\" \/>\n<meta name=\"author\" content=\"Le Quotidien\" \/>\n<meta name=\"twitter:card\" content=\"summary_large_image\" \/>\n<meta name=\"twitter:creator\" content=\"@lequotidienmr\" \/>\n<meta name=\"twitter:site\" content=\"@lequotidienmr\" \/>\n<meta name=\"twitter:label1\" content=\"\u0643\u064f\u062a\u0628 \u0628\u0648\u0627\u0633\u0637\u0629\" \/>\n\t<meta name=\"twitter:data1\" content=\"Le Quotidien\" \/>\n\t<meta name=\"twitter:label2\" content=\"\u0648\u0642\u062a \u0627\u0644\u0642\u0631\u0627\u0621\u0629 \u0627\u0644\u0645\u064f\u0642\u062f\u0651\u0631\" \/>\n\t<meta name=\"twitter:data2\" content=\"4 \u062f\u0642\u0627\u0626\u0642\" \/>\n<script type=\"application\/ld+json\" class=\"yoast-schema-graph\">{\"@context\":\"https:\\\/\\\/schema.org\",\"@graph\":[{\"@type\":\"Article\",\"@id\":\"https:\\\/\\\/lequotidien.mr\\\/?p=14885&lang=fr#article\",\"isPartOf\":{\"@id\":\"https:\\\/\\\/lequotidien.mr\\\/?p=14885&lang=fr\"},\"author\":{\"name\":\"Le Quotidien\",\"@id\":\"https:\\\/\\\/lequotidien.mr\\\/#\\\/schema\\\/person\\\/f90fcdaa970c60288de4ed2e64a56472\"},\"headline\":\"Hausse draconienne des taxes douani\u00e8res entre le Maroc et la Mauritanie : Impact sur l\u2019approvisionnement en fruits et l\u00e9gumes \u00e0 Nouakchott\",\"datePublished\":\"2024-01-08T10:04:24+00:00\",\"mainEntityOfPage\":{\"@id\":\"https:\\\/\\\/lequotidien.mr\\\/?p=14885&lang=fr\"},\"wordCount\":783,\"commentCount\":0,\"publisher\":{\"@id\":\"https:\\\/\\\/lequotidien.mr\\\/#organization\"},\"image\":{\"@id\":\"https:\\\/\\\/lequotidien.mr\\\/?p=14885&lang=fr#primaryimage\"},\"thumbnailUrl\":\"https:\\\/\\\/lequotidien.mr\\\/wp-content\\\/uploads\\\/2024\\\/01\\\/guergueratt.jpg\",\"articleSection\":[\"ACTUALIT\u00c9\",\"Economie\",\"Couverture sp\u00e9cilale\"],\"inLanguage\":\"ar\",\"potentialAction\":[{\"@type\":\"CommentAction\",\"name\":\"Comment\",\"target\":[\"https:\\\/\\\/lequotidien.mr\\\/?p=14885&lang=fr#respond\"]}]},{\"@type\":\"WebPage\",\"@id\":\"https:\\\/\\\/lequotidien.mr\\\/?p=14885&lang=fr\",\"url\":\"https:\\\/\\\/lequotidien.mr\\\/?p=14885&lang=fr\",\"name\":\"Hausse draconienne des taxes douani\u00e8res entre le Maroc et la Mauritanie : Impact sur l\u2019approvisionnement en fruits et l\u00e9gumes \u00e0 Nouakchott - Le Quotidien de Nouakchott\",\"isPartOf\":{\"@id\":\"https:\\\/\\\/lequotidien.mr\\\/#website\"},\"primaryImageOfPage\":{\"@id\":\"https:\\\/\\\/lequotidien.mr\\\/?p=14885&lang=fr#primaryimage\"},\"image\":{\"@id\":\"https:\\\/\\\/lequotidien.mr\\\/?p=14885&lang=fr#primaryimage\"},\"thumbnailUrl\":\"https:\\\/\\\/lequotidien.mr\\\/wp-content\\\/uploads\\\/2024\\\/01\\\/guergueratt.jpg\",\"datePublished\":\"2024-01-08T10:04:24+00:00\",\"breadcrumb\":{\"@id\":\"https:\\\/\\\/lequotidien.mr\\\/?p=14885&lang=fr#breadcrumb\"},\"inLanguage\":\"ar\",\"potentialAction\":[{\"@type\":\"ReadAction\",\"target\":[\"https:\\\/\\\/lequotidien.mr\\\/?p=14885&lang=fr\"]}]},{\"@type\":\"ImageObject\",\"inLanguage\":\"ar\",\"@id\":\"https:\\\/\\\/lequotidien.mr\\\/?p=14885&lang=fr#primaryimage\",\"url\":\"https:\\\/\\\/lequotidien.mr\\\/wp-content\\\/uploads\\\/2024\\\/01\\\/guergueratt.jpg\",\"contentUrl\":\"https:\\\/\\\/lequotidien.mr\\\/wp-content\\\/uploads\\\/2024\\\/01\\\/guergueratt.jpg\",\"width\":698,\"height\":393},{\"@type\":\"BreadcrumbList\",\"@id\":\"https:\\\/\\\/lequotidien.mr\\\/?p=14885&lang=fr#breadcrumb\",\"itemListElement\":[{\"@type\":\"ListItem\",\"position\":1,\"name\":\"Home\",\"item\":\"https:\\\/\\\/lequotidien.mr\\\/\"},{\"@type\":\"ListItem\",\"position\":2,\"name\":\"Hausse draconienne des taxes douani\u00e8res entre le Maroc et la Mauritanie : Impact sur l\u2019approvisionnement en fruits et l\u00e9gumes \u00e0 Nouakchott\"}]},{\"@type\":\"WebSite\",\"@id\":\"https:\\\/\\\/lequotidien.mr\\\/#website\",\"url\":\"https:\\\/\\\/lequotidien.mr\\\/\",\"name\":\"Le Quotidien de Nouakchott\",\"description\":\"\u0625\u062e\u0628\u0627\u0631\u064a\u0629 \u0645\u0633\u062a\u0642\u0644\u0629 \u0644\u0644\u0623\u0646\u0628\u0627\u0621 \u0627\u0644\u0639\u0627\u0645\u0629\",\"publisher\":{\"@id\":\"https:\\\/\\\/lequotidien.mr\\\/#organization\"},\"potentialAction\":[{\"@type\":\"SearchAction\",\"target\":{\"@type\":\"EntryPoint\",\"urlTemplate\":\"https:\\\/\\\/lequotidien.mr\\\/?s={search_term_string}\"},\"query-input\":{\"@type\":\"PropertyValueSpecification\",\"valueRequired\":true,\"valueName\":\"search_term_string\"}}],\"inLanguage\":\"ar\"},{\"@type\":\"Organization\",\"@id\":\"https:\\\/\\\/lequotidien.mr\\\/#organization\",\"name\":\"Le Quotidien de Nouakchott\",\"url\":\"https:\\\/\\\/lequotidien.mr\\\/\",\"logo\":{\"@type\":\"ImageObject\",\"inLanguage\":\"ar\",\"@id\":\"https:\\\/\\\/lequotidien.mr\\\/#\\\/schema\\\/logo\\\/image\\\/\",\"url\":\"https:\\\/\\\/lequotidien.mr\\\/wp-content\\\/uploads\\\/2022\\\/11\\\/logolequotidien.jpg\",\"contentUrl\":\"https:\\\/\\\/lequotidien.mr\\\/wp-content\\\/uploads\\\/2022\\\/11\\\/logolequotidien.jpg\",\"width\":290,\"height\":65,\"caption\":\"Le Quotidien de Nouakchott\"},\"image\":{\"@id\":\"https:\\\/\\\/lequotidien.mr\\\/#\\\/schema\\\/logo\\\/image\\\/\"},\"sameAs\":[\"https:\\\/\\\/web.facebook.com\\\/lequotidienmr\",\"https:\\\/\\\/x.com\\\/lequotidienmr\"]},{\"@type\":\"Person\",\"@id\":\"https:\\\/\\\/lequotidien.mr\\\/#\\\/schema\\\/person\\\/f90fcdaa970c60288de4ed2e64a56472\",\"name\":\"Le Quotidien\",\"image\":{\"@type\":\"ImageObject\",\"inLanguage\":\"ar\",\"@id\":\"https:\\\/\\\/secure.gravatar.com\\\/avatar\\\/374cb39a1a458a912465a93e5a3ce6546886fc3da809a1f10c63e4e8fcbca30f?s=96&d=mm&r=g\",\"url\":\"https:\\\/\\\/secure.gravatar.com\\\/avatar\\\/374cb39a1a458a912465a93e5a3ce6546886fc3da809a1f10c63e4e8fcbca30f?s=96&d=mm&r=g\",\"contentUrl\":\"https:\\\/\\\/secure.gravatar.com\\\/avatar\\\/374cb39a1a458a912465a93e5a3ce6546886fc3da809a1f10c63e4e8fcbca30f?s=96&d=mm&r=g\",\"caption\":\"Le Quotidien\"},\"sameAs\":[\"https:\\\/\\\/lequotidien.mr\\\/\"],\"url\":\"https:\\\/\\\/lequotidien.mr\\\/?author=4\"}]}<\/script>\n<!-- \/ Yoast SEO plugin. -->","yoast_head_json":{"title":"Hausse draconienne des taxes douani\u00e8res entre le Maroc et la Mauritanie : Impact sur l\u2019approvisionnement en fruits et l\u00e9gumes \u00e0 Nouakchott - Le Quotidien de Nouakchott","robots":{"index":"index","follow":"follow","max-snippet":"max-snippet:-1","max-image-preview":"max-image-preview:large","max-video-preview":"max-video-preview:-1"},"canonical":"https:\/\/lequotidien.mr\/?p=14885&lang=fr","og_locale":"ar_AR","og_type":"article","og_title":"Hausse draconienne des taxes douani\u00e8res entre le Maroc et la Mauritanie : Impact sur l\u2019approvisionnement en fruits et l\u00e9gumes \u00e0 Nouakchott - Le Quotidien de Nouakchott","og_description":"Les relations commerciales entre le Maroc et la Mauritanie sont actuellement marqu\u00e9es par une tension palpable suite \u00e0 une hausse significative des taxes douani\u00e8res. Les autorit\u00e9s mauritaniennes ont impos\u00e9 une augmentation drastique des droits de douane de 171% au passage frontalier d\u2019El Guerguerat, un axe crucial pour le commerce entre les deux nations et avec.....","og_url":"https:\/\/lequotidien.mr\/?p=14885&lang=fr","og_site_name":"Le Quotidien de Nouakchott","article_publisher":"https:\/\/web.facebook.com\/lequotidienmr","article_published_time":"2024-01-08T10:04:24+00:00","og_image":[{"width":698,"height":393,"url":"https:\/\/lequotidien.mr\/wp-content\/uploads\/2024\/01\/guergueratt.jpg","type":"image\/jpeg"}],"author":"Le Quotidien","twitter_card":"summary_large_image","twitter_creator":"@lequotidienmr","twitter_site":"@lequotidienmr","twitter_misc":{"\u0643\u064f\u062a\u0628 \u0628\u0648\u0627\u0633\u0637\u0629":"Le Quotidien","\u0648\u0642\u062a \u0627\u0644\u0642\u0631\u0627\u0621\u0629 \u0627\u0644\u0645\u064f\u0642\u062f\u0651\u0631":"4 \u062f\u0642\u0627\u0626\u0642"},"schema":{"@context":"https:\/\/schema.org","@graph":[{"@type":"Article","@id":"https:\/\/lequotidien.mr\/?p=14885&lang=fr#article","isPartOf":{"@id":"https:\/\/lequotidien.mr\/?p=14885&lang=fr"},"author":{"name":"Le Quotidien","@id":"https:\/\/lequotidien.mr\/#\/schema\/person\/f90fcdaa970c60288de4ed2e64a56472"},"headline":"Hausse draconienne des taxes douani\u00e8res entre le Maroc et la Mauritanie : Impact sur l\u2019approvisionnement en fruits et l\u00e9gumes \u00e0 Nouakchott","datePublished":"2024-01-08T10:04:24+00:00","mainEntityOfPage":{"@id":"https:\/\/lequotidien.mr\/?p=14885&lang=fr"},"wordCount":783,"commentCount":0,"publisher":{"@id":"https:\/\/lequotidien.mr\/#organization"},"image":{"@id":"https:\/\/lequotidien.mr\/?p=14885&lang=fr#primaryimage"},"thumbnailUrl":"https:\/\/lequotidien.mr\/wp-content\/uploads\/2024\/01\/guergueratt.jpg","articleSection":["ACTUALIT\u00c9","Economie","Couverture sp\u00e9cilale"],"inLanguage":"ar","potentialAction":[{"@type":"CommentAction","name":"Comment","target":["https:\/\/lequotidien.mr\/?p=14885&lang=fr#respond"]}]},{"@type":"WebPage","@id":"https:\/\/lequotidien.mr\/?p=14885&lang=fr","url":"https:\/\/lequotidien.mr\/?p=14885&lang=fr","name":"Hausse draconienne des taxes douani\u00e8res entre le Maroc et la Mauritanie : Impact sur l\u2019approvisionnement en fruits et l\u00e9gumes \u00e0 Nouakchott - Le Quotidien de Nouakchott","isPartOf":{"@id":"https:\/\/lequotidien.mr\/#website"},"primaryImageOfPage":{"@id":"https:\/\/lequotidien.mr\/?p=14885&lang=fr#primaryimage"},"image":{"@id":"https:\/\/lequotidien.mr\/?p=14885&lang=fr#primaryimage"},"thumbnailUrl":"https:\/\/lequotidien.mr\/wp-content\/uploads\/2024\/01\/guergueratt.jpg","datePublished":"2024-01-08T10:04:24+00:00","breadcrumb":{"@id":"https:\/\/lequotidien.mr\/?p=14885&lang=fr#breadcrumb"},"inLanguage":"ar","potentialAction":[{"@type":"ReadAction","target":["https:\/\/lequotidien.mr\/?p=14885&lang=fr"]}]},{"@type":"ImageObject","inLanguage":"ar","@id":"https:\/\/lequotidien.mr\/?p=14885&lang=fr#primaryimage","url":"https:\/\/lequotidien.mr\/wp-content\/uploads\/2024\/01\/guergueratt.jpg","contentUrl":"https:\/\/lequotidien.mr\/wp-content\/uploads\/2024\/01\/guergueratt.jpg","width":698,"height":393},{"@type":"BreadcrumbList","@id":"https:\/\/lequotidien.mr\/?p=14885&lang=fr#breadcrumb","itemListElement":[{"@type":"ListItem","position":1,"name":"Home","item":"https:\/\/lequotidien.mr\/"},{"@type":"ListItem","position":2,"name":"Hausse draconienne des taxes douani\u00e8res entre le Maroc et la Mauritanie : Impact sur l\u2019approvisionnement en fruits et l\u00e9gumes \u00e0 Nouakchott"}]},{"@type":"WebSite","@id":"https:\/\/lequotidien.mr\/#website","url":"https:\/\/lequotidien.mr\/","name":"Le Quotidien de Nouakchott","description":"\u0625\u062e\u0628\u0627\u0631\u064a\u0629 \u0645\u0633\u062a\u0642\u0644\u0629 \u0644\u0644\u0623\u0646\u0628\u0627\u0621 \u0627\u0644\u0639\u0627\u0645\u0629","publisher":{"@id":"https:\/\/lequotidien.mr\/#organization"},"potentialAction":[{"@type":"SearchAction","target":{"@type":"EntryPoint","urlTemplate":"https:\/\/lequotidien.mr\/?s={search_term_string}"},"query-input":{"@type":"PropertyValueSpecification","valueRequired":true,"valueName":"search_term_string"}}],"inLanguage":"ar"},{"@type":"Organization","@id":"https:\/\/lequotidien.mr\/#organization","name":"Le Quotidien de Nouakchott","url":"https:\/\/lequotidien.mr\/","logo":{"@type":"ImageObject","inLanguage":"ar","@id":"https:\/\/lequotidien.mr\/#\/schema\/logo\/image\/","url":"https:\/\/lequotidien.mr\/wp-content\/uploads\/2022\/11\/logolequotidien.jpg","contentUrl":"https:\/\/lequotidien.mr\/wp-content\/uploads\/2022\/11\/logolequotidien.jpg","width":290,"height":65,"caption":"Le Quotidien de Nouakchott"},"image":{"@id":"https:\/\/lequotidien.mr\/#\/schema\/logo\/image\/"},"sameAs":["https:\/\/web.facebook.com\/lequotidienmr","https:\/\/x.com\/lequotidienmr"]},{"@type":"Person","@id":"https:\/\/lequotidien.mr\/#\/schema\/person\/f90fcdaa970c60288de4ed2e64a56472","name":"Le Quotidien","image":{"@type":"ImageObject","inLanguage":"ar","@id":"https:\/\/secure.gravatar.com\/avatar\/374cb39a1a458a912465a93e5a3ce6546886fc3da809a1f10c63e4e8fcbca30f?s=96&d=mm&r=g","url":"https:\/\/secure.gravatar.com\/avatar\/374cb39a1a458a912465a93e5a3ce6546886fc3da809a1f10c63e4e8fcbca30f?s=96&d=mm&r=g","contentUrl":"https:\/\/secure.gravatar.com\/avatar\/374cb39a1a458a912465a93e5a3ce6546886fc3da809a1f10c63e4e8fcbca30f?s=96&d=mm&r=g","caption":"Le Quotidien"},"sameAs":["https:\/\/lequotidien.mr\/"],"url":"https:\/\/lequotidien.mr\/?author=4"}]}},"_links":{"self":[{"href":"https:\/\/lequotidien.mr\/index.php?rest_route=\/wp\/v2\/posts\/14885","targetHints":{"allow":["GET"]}}],"collection":[{"href":"https:\/\/lequotidien.mr\/index.php?rest_route=\/wp\/v2\/posts"}],"about":[{"href":"https:\/\/lequotidien.mr\/index.php?rest_route=\/wp\/v2\/types\/post"}],"author":[{"embeddable":true,"href":"https:\/\/lequotidien.mr\/index.php?rest_route=\/wp\/v2\/users\/4"}],"replies":[{"embeddable":true,"href":"https:\/\/lequotidien.mr\/index.php?rest_route=%2Fwp%2Fv2%2Fcomments&post=14885"}],"version-history":[{"count":1,"href":"https:\/\/lequotidien.mr\/index.php?rest_route=\/wp\/v2\/posts\/14885\/revisions"}],"predecessor-version":[{"id":14887,"href":"https:\/\/lequotidien.mr\/index.php?rest_route=\/wp\/v2\/posts\/14885\/revisions\/14887"}],"wp:featuredmedia":[{"embeddable":true,"href":"https:\/\/lequotidien.mr\/index.php?rest_route=\/wp\/v2\/media\/14886"}],"wp:attachment":[{"href":"https:\/\/lequotidien.mr\/index.php?rest_route=%2Fwp%2Fv2%2Fmedia&parent=14885"}],"wp:term":[{"taxonomy":"category","embeddable":true,"href":"https:\/\/lequotidien.mr\/index.php?rest_route=%2Fwp%2Fv2%2Fcategories&post=14885"},{"taxonomy":"post_tag","embeddable":true,"href":"https:\/\/lequotidien.mr\/index.php?rest_route=%2Fwp%2Fv2%2Ftags&post=14885"}],"curies":[{"name":"wp","href":"https:\/\/api.w.org\/{rel}","templated":true}]}}