{"id":14793,"date":"2024-01-02T18:14:20","date_gmt":"2024-01-02T18:14:20","guid":{"rendered":"https:\/\/lequotidien.mr\/?p=14793"},"modified":"2024-01-02T18:22:53","modified_gmt":"2024-01-02T18:22:53","slug":"des-incertitudes-planent-toujours-sur-la-securite-au-sahel","status":"publish","type":"post","link":"https:\/\/lequotidien.mr\/?p=14793&lang=fr","title":{"rendered":"Des incertitudes planent toujours sur la s\u00e9curit\u00e9 au Sahel"},"content":{"rendered":"<p><strong>\u00a0<\/strong><\/p>\n<p>La stabilit\u00e9 au sahel est un sujet d\u2019inqui\u00e9tude r\u00e9curent\u00a0; Cette r\u00e9gion est de nouveau confront\u00e9e \u00e0 des d\u00e9fis s\u00e9curitaires majeurs.\u00a0\u00a0\u00a0\u00a0\u00a0\u00a0\u00a0\u00a0\u00a0\u00a0\u00a0\u00a0\u00a0\u00a0\u00a0\u00a0\u00a0\u00a0\u00a0\u00a0\u00a0\u00a0\u00a0\u00a0\u00a0\u00a0\u00a0\u00a0\u00a0\u00a0\u00a0\u00a0\u00a0\u00a0\u00a0\u00a0\u00a0\u00a0\u00a0\u00a0\u00a0\u00a0\u00a0\u00a0\u00a0\u00a0\u00a0\u00a0\u00a0\u00a0\u00a0\u00a0\u00a0\u00a0\u00a0\u00a0\u00a0\u00a0\u00a0\u00a0\u00a0\u00a0\u00a0\u00a0\u00a0\u00a0\u00a0\u00a0\u00a0\u00a0\u00a0\u00a0\u00a0\u00a0\u00a0\u00a0\u00a0\u00a0\u00a0\u00a0\u00a0\u00a0\u00a0\u00a0\u00a0\u00a0\u00a0\u00a0\u00a0\u00a0\u00a0\u00a0\u00a0\u00a0\u00a0\u00a0\u00a0\u00a0 L\u2019intense recrudescence des attaques djihadistes ces derniers mois au Mali, au Niger et au Burkina et le contexte d\u2019incertitudes politiques cr\u00e9\u00e9 par la s\u00e9rie des r\u00e9cents coups d\u2019\u00e9tat plongent ces pays dans des crises sans pr\u00e9c\u00e9dent sur fond de conflits arm\u00e9s aux cons\u00e9quences impr\u00e9visibles. Profitant du d\u00e9sengagement des forces fran\u00e7aises, du retrait de la Minusma et de la dissolution de la force conjointe du G5 Sahel (volet militaire), ces groupes extr\u00e9mistes de tout bord lourdement arm\u00e9s tentent \u00e0 tout prix l&#8217;acc\u00e8s aux ressources et le contr\u00f4le de nouveaux territoires afin de concr\u00e9tiser plus d\u2019influence. Une menace donc qui risque d\u2019embraser toute la sous-r\u00e9gion si aucune nouvelle initiative incluant tous les pays du sahel ou si une autre dynamique d\u2019envergure n\u2019est entreprise rapidement pour agir \u00e0 leurs cot\u00e9s afin de les aider \u00e0 s\u2019en sortir\u00a0; Certainement ils n\u2019y arriveront jamais seuls et la menace est globale.<\/p>\n<p><strong>Ne dit-on pas\u00a0: Les m\u00eames causes produisent les m\u00eames effets. <\/strong><\/p>\n<p>Cette partie de l\u2019Afrique est sujettes depuis des d\u00e9cennies d\u2019instabilit\u00e9 et d\u2019ins\u00e9curit\u00e9 permanentes. Cette situation est d\u2019abord la r\u00e9sultante de multiples facteurs endog\u00e8nes et causes structurelles qui plombent tout effort de redressement.<\/p>\n<p><strong><em>Une pauvret\u00e9 end\u00e9mique et sous-performance \u00e9conomique qui se perp\u00e9tuent.\u00a0\u00a0 <\/em><\/strong>Class\u00e9s par les Nations Unies depuis toujours parmi les Pays les Moins Avanc\u00e9es(PMA) ces nations souffrent d\u2019un retard \u00e9conomique consid\u00e9rable accentu\u00e9 par une forte explosion d\u00e9mographique difficile \u00e0 maitriser en face d\u2019une faible cr\u00e9ation de richesses. On estime que les populations du Sahel atteindront en 2050 plus de 400 millions d\u2019habitants. Cette fulgurante croissance d\u00e9mographique, de l\u2019avis de tous les experts, freine le rythme de sortie de la pauvret\u00e9. Cette corr\u00e9lation entre le choc d\u00e9mographique et la persistance de la\u00a0 pauvret\u00e9 chez les pays sous-d\u00e9velopp\u00e9s est bien connue des \u00e9conomistes qui la qualifient de \u00ab la trappe de la pauvret\u00e9 \u00bb ; une pauvret\u00e9 difficile \u00e0 endiguer dans de pareilles conditions donc durable. Cette zone pourtant riche en ressources naturelles et \u00e9nerg\u00e9tiques demeure tributaire d\u2019une \u00e9conomie renti\u00e8re souvent expos\u00e9e \u00e0 de fortes r\u00e9cessions et g\u00e9n\u00e8re p\u00e9riodiquement plus d\u2019appauvrissement et d\u2019inflation. Une impasse pour les dirigeants de ces pays qui multiplient des programmes gouvernementaux et explorent de nouveaux paradigmes de d\u00e9veloppement \u00e9conomiques sans r\u00e9sultat efficient : L\u2019\u00e9ducation en p\u00e2tie, le ch\u00f4mage augmente, absence de cr\u00e9ation d\u2019emplois de masse et le revenu par t\u00e8te d\u2019habitant toujours faible. Ces d\u00e9fis structurels auxquels le Sahel fait face sont accrus par la mauvaise gouvernance avec les injustices qui en d\u00e9coulent, les effets du changement climatique qui impactent profond\u00e9ment la r\u00e9silience des populations et les forts taux de d\u00e9perdition scolaires enregistr\u00e9s dans ces pays.\u00a0 A ce lugubre registre viennent s\u2019ajouter les cons\u00e9quences des mesures restrictives de COVID19, les retomb\u00e9es de la guerre russo-ukrainienne et les r\u00e9centes sanctions \u00e9conomiques de la CEDEAO (UEMOA- UA) ; comme pour dire : vous n\u2019\u00eates pas suffisamment \u00e9prouv\u00e9s ; on va vous appauvrir davantage.\u00a0 Une population \u00e0 forte dominante des jeunes qui ne voient aucune issue \u00e0 l\u2019horizon n\u2019ont dans ce contexte plus de choix que fuir le pays ou se radicaliser en portant les armes rejoignant les groupes terroristes qui pullulent dans la r\u00e9gion. On est arriv\u00e9 \u00e0 cette situation extr\u00eamement difficile et extr\u00eamement complexe qui p\u00e8sera durement sur toute option de sortie de crise envisageable \u00e0 l\u2019avenir.<\/p>\n<p><strong><em>Conflits arm\u00e9s d\u00e9vastateurs et faible pr\u00e9sence des services de l\u2019\u00e9tat dans grandes parties des territoires respectifs de ces diff\u00e9rents pays. \u00a0\u00a0\u00a0\u00a0\u00a0\u00a0\u00a0\u00a0\u00a0\u00a0\u00a0\u00a0\u00a0\u00a0\u00a0\u00a0\u00a0\u00a0\u00a0\u00a0\u00a0\u00a0\u00a0\u00a0\u00a0\u00a0\u00a0\u00a0\u00a0\u00a0\u00a0\u00a0\u00a0\u00a0\u00a0\u00a0\u00a0\u00a0\u00a0<\/em><\/strong>On peut dire que cette partie de l\u2019Afrique de l\u2019Ouest est prise dans une spirale de violence interminable et inextricable. Les affrontements entre les forces arm\u00e9es et les groupes arm\u00e9s non-\u00e9tatiques continuent de dominer l\u2019actualit\u00e9 depuis des d\u00e9cennies. Aucune accalmie ou r\u00e9pit n\u2019a dur\u00e9 plus d\u2019un an.\u00a0 Des terroristes djihadistes tr\u00e8s violents s\u00e9vissent \u00e0 l\u2019int\u00e9rieur des territoires et dans les fronti\u00e8res poreuses du Mali, du Niger et du Burkina. La zone dite des trois fronti\u00e8res est particuli\u00e8rement caract\u00e9ris\u00e9e par la faible pr\u00e9sence ou l\u2019absence totale de l\u2019autorit\u00e9 des \u00e9tats ouvrant la voie aux nombreux conflits locaux, \u00e0 la violence communautaire extr\u00eame et aux activit\u00e9s illicites de bandes organis\u00e9es.\u00a0 Cette grave crise s\u00e9curitaire a provoqu\u00e9 une situation humanitaire alarmante ; on comptabilise en quelques ann\u00e9es des dizaines de milliers de morts, le d\u00e9placement forc\u00e9 de <a href=\"https:\/\/drc.ngo\/it-matters\/current-affairs\/2020\/11\/central-sahel-crisis\/\">millions<\/a> de personnes et une ins\u00e9curit\u00e9 alimentaire qui s\u2019amplifie jour apr\u00e8s jour accroissant la vuln\u00e9rabilit\u00e9 des populations et causant une d\u00e9bandade g\u00e9n\u00e9rale qui d\u00e9range forc\u00e9ment la qui\u00e9tude voire la stabilit\u00e9 des autres pays riverains de la sous-r\u00e9gion et m\u00eame au-del\u00e0.\u00a0 \u00a0 En outre cette situation explosive dans chacun de ces pays risque de d\u00e9g\u00e9n\u00e9rer \u00e0 tout moment, en effet de domino, on parle \u00e0 juste titre de dynamiques transnationales : <em>\u00ab\u00a0Le Sahel africain concentre tout un syst\u00e8me de conflits qui, \u00e0 la moindre \u00e9tincelle, \u00e9clatent en cha\u00eene\u00a0\u00bb.<\/em> Cette situation p\u00e8se directement sur la s\u00e9curit\u00e9 des pays comme le Benin, le Nig\u00e9ria, la Cote d\u2019ivoire, le Tchad et s\u00fbrement la Mauritanie qui imp\u00e9rativement doivent prendre beaucoup de pr\u00e9cautions au niveau de leurs fronti\u00e8res respectives avec cette zone de turbulence \u00e0 haut risque. La contagion n\u2019est plus qu\u2019une question de temps, la propagation de l\u2019ins\u00e9curit\u00e9 \u00e9tant un ph\u00e9nom\u00e8ne d\u2019une c\u00e9l\u00e9rit\u00e9 inou\u00efe. Le crime organis\u00e9 s\u2019est d\u00e9j\u00e0 fort install\u00e9 dans cette r\u00e9gion avec ses ramifications qui alimentent toute une \u00e9conomie parall\u00e8le de l\u2019ombre profitant aux populations riveraines de tous ces pays. L\u2019enracinement du crime organis\u00e9 transnational dans cette r\u00e9gion n\u2019est plus \u00e0 d\u00e9montr\u00e9. Cette gangr\u00e8ne qui a fort contribu\u00e9 \u00e0 la faillite des \u00e9tats du Sahel va prosp\u00e9rer \u00e0 la faveur de la d\u00e9r\u00e9gulation et de la pr\u00e9carit\u00e9 strat\u00e9gique si l\u2019on n\u2019agit pas d\u2019urgence pour l\u2019endiguer. On est face \u00e0 un d\u00e9fit qui nous interpelle tous.<\/p>\n<p><strong>Quelles solutions envisageables\u00a0?<\/strong><\/p>\n<p>Il ressort de toutes les r\u00e9flexions sur le sujet et compte tenu des r\u00e9alit\u00e9s \u00e9voqu\u00e9es ci-dessus que les Etats du Sahel doivent sans plus tarder s\u2019atteler \u00e0 la consolidation de l\u2019Etat central se r\u00e9appropriant tout son territoire de souverainet\u00e9, d\u00e9velopper l\u2019\u00e9conomie pour lutter contre toutes les formes de pr\u00e9carit\u00e9 et puis et surtout <strong>promouvoir une s\u00e9curit\u00e9 collective <\/strong>en renfor\u00e7ant la puissance, la capacit\u00e9 op\u00e9rationnelle et une plus grande coop\u00e9ration des arm\u00e9es r\u00e9guli\u00e8res de tous les pays de la sous la r\u00e9gion. La situation nous dictent \u00e9galement de transcender les divergences, les \u00e9go\u00efsmes et autres antagonistes qui ne se justifient plus \u00e0 l\u2019\u00e8re o\u00f9 les grands ensembles se construisent pour atteindre des objectifs strat\u00e9giques de prosp\u00e9rit\u00e9. Dans ce cadre de recherche de solutions notons que la Mauritanie a r\u00e9ussi \u00e0 contenir le terrorisme gr\u00e2ce \u00e0 son approche militaro-s\u00e9curitaire combin\u00e9e \u00e0 une d\u00e9marche politique ax\u00e9e sur le d\u00e9veloppement.\u00a0 \u00a0 \u00a0 \u00a0 \u00a0Cette exp\u00e9rience peut \u00eatre reproduite dans la sous-r\u00e9gion comme l\u2019a rappel\u00e9 l\u2019artisan de premi\u00e8re heure de cette strat\u00e9gie alors <strong>CEMGA<\/strong>, son excellence Monsieur le Pr\u00e9sident de la R\u00e9publique <strong>Mohamed Ould Cheikh Ghazouani <\/strong>\u00a0lors de son discours prononc\u00e9 \u00e0 l&#8217;ouverture de la troisi\u00e8me \u00e9dition de la\u00a0 conf\u00e9rence africaine pour la promotion de la paix, organis\u00e9e le 17 janvier 2023 \u00e0 Nouakchott\u00a0: <em>\u00ab\u00a0Face \u00e0 la complexit\u00e9 du ph\u00e9nom\u00e8ne de l&#8217;extr\u00e9misme et du terrorisme du fait de l&#8217;imbrication de ses multiples facteurs, la R\u00e9publique islamique de Mauritanie a adopt\u00e9, pour y faire face, une approche int\u00e9gr\u00e9e et globale qui ne se limitait pas \u00e0 la seule dimension militaire et de d\u00e9veloppement, mais englobait \u00e9galement la dimension id\u00e9ologique qui est au centre de la structure g\u00e9n\u00e9rale de ce ph\u00e9nom\u00e8ne, car l&#8217;extr\u00e9misme des id\u00e9es est dans la plupart des cas \u00e0 l&#8217;origine de l&#8217;extr\u00e9misme et de la violence dans les actes\u00a0\u00bb.<\/em><\/p>\n<p><strong><em>\u00a0<\/em><\/strong><strong><em>Ex Officier Haroun ould Rabani\u00a0\u00a0\u00a0\u00a0\u00a0\u00a0\u00a0\u00a0\u00a0\u00a0\u00a0\u00a0\u00a0\u00a0\u00a0\u00a0\u00a0\u00a0\u00a0\u00a0\u00a0\u00a0\u00a0\u00a0\u00a0\u00a0\u00a0\u00a0\u00a0\u00a0\u00a0\u00a0\u00a0\u00a0\u00a0\u00a0\u00a0\u00a0\u00a0\u00a0\u00a0\u00a0\u00a0\u00a0\u00a0\u00a0\u00a0\u00a0\u00a0\u00a0\u00a0\u00a0\u00a0\u00a0\u00a0\u00a0\u00a0\u00a0\u00a0\u00a0\u00a0\u00a0\u00a0\u00a0\u00a0\u00a0\u00a0\u00a0\u00a0 morpro4@gmail.com<\/em><\/strong><\/p>\n","protected":false},"excerpt":{"rendered":"<p>\u00a0 La stabilit\u00e9 au sahel est un sujet d\u2019inqui\u00e9tude r\u00e9curent\u00a0; Cette r\u00e9gion est de nouveau confront\u00e9e \u00e0 des d\u00e9fis s\u00e9curitaires majeurs.\u00a0\u00a0\u00a0\u00a0\u00a0\u00a0\u00a0\u00a0\u00a0\u00a0\u00a0\u00a0\u00a0\u00a0\u00a0\u00a0\u00a0\u00a0\u00a0\u00a0\u00a0\u00a0\u00a0\u00a0\u00a0\u00a0\u00a0\u00a0\u00a0\u00a0\u00a0\u00a0\u00a0\u00a0\u00a0\u00a0\u00a0\u00a0\u00a0\u00a0\u00a0\u00a0\u00a0\u00a0\u00a0\u00a0\u00a0\u00a0\u00a0\u00a0\u00a0\u00a0\u00a0\u00a0\u00a0\u00a0\u00a0\u00a0\u00a0\u00a0\u00a0\u00a0\u00a0\u00a0\u00a0\u00a0\u00a0\u00a0\u00a0\u00a0\u00a0\u00a0\u00a0\u00a0\u00a0\u00a0\u00a0\u00a0\u00a0\u00a0\u00a0\u00a0\u00a0\u00a0\u00a0\u00a0\u00a0\u00a0\u00a0\u00a0\u00a0\u00a0\u00a0\u00a0\u00a0\u00a0\u00a0\u00a0 L\u2019intense recrudescence des attaques djihadistes ces derniers mois au Mali, au Niger et au Burkina et le contexte d\u2019incertitudes politiques cr\u00e9\u00e9 par la s\u00e9rie des r\u00e9cents coups d\u2019\u00e9tat plongent ces pays dans des crises&#8230;..<\/p>\n","protected":false},"author":4,"featured_media":14794,"comment_status":"open","ping_status":"open","sticky":false,"template":"","format":"standard","meta":{"footnotes":""},"categories":[59,57],"tags":[],"class_list":["post-14793","post","type-post","status-publish","format-standard","has-post-thumbnail","hentry","category-opinion","category-couverture-specilale"],"yoast_head":"<!-- This site is optimized with the Yoast SEO plugin v27.5 - https:\/\/yoast.com\/product\/yoast-seo-wordpress\/ -->\n<title>Des incertitudes planent toujours sur la s\u00e9curit\u00e9 au Sahel - Le Quotidien de Nouakchott<\/title>\n<meta name=\"robots\" content=\"index, follow, max-snippet:-1, max-image-preview:large, max-video-preview:-1\" \/>\n<link rel=\"canonical\" href=\"https:\/\/lequotidien.mr\/?p=14793&lang=fr\" \/>\n<meta property=\"og:locale\" content=\"ar_AR\" \/>\n<meta property=\"og:type\" content=\"article\" \/>\n<meta property=\"og:title\" content=\"Des incertitudes planent toujours sur la s\u00e9curit\u00e9 au Sahel - Le Quotidien de Nouakchott\" \/>\n<meta property=\"og:description\" content=\"\u00a0 La stabilit\u00e9 au sahel est un sujet d\u2019inqui\u00e9tude r\u00e9curent\u00a0; Cette r\u00e9gion est de nouveau confront\u00e9e \u00e0 des d\u00e9fis s\u00e9curitaires majeurs.\u00a0\u00a0\u00a0\u00a0\u00a0\u00a0\u00a0\u00a0\u00a0\u00a0\u00a0\u00a0\u00a0\u00a0\u00a0\u00a0\u00a0\u00a0\u00a0\u00a0\u00a0\u00a0\u00a0\u00a0\u00a0\u00a0\u00a0\u00a0\u00a0\u00a0\u00a0\u00a0\u00a0\u00a0\u00a0\u00a0\u00a0\u00a0\u00a0\u00a0\u00a0\u00a0\u00a0\u00a0\u00a0\u00a0\u00a0\u00a0\u00a0\u00a0\u00a0\u00a0\u00a0\u00a0\u00a0\u00a0\u00a0\u00a0\u00a0\u00a0\u00a0\u00a0\u00a0\u00a0\u00a0\u00a0\u00a0\u00a0\u00a0\u00a0\u00a0\u00a0\u00a0\u00a0\u00a0\u00a0\u00a0\u00a0\u00a0\u00a0\u00a0\u00a0\u00a0\u00a0\u00a0\u00a0\u00a0\u00a0\u00a0\u00a0\u00a0\u00a0\u00a0\u00a0\u00a0\u00a0\u00a0\u00a0 L\u2019intense recrudescence des attaques djihadistes ces derniers mois au Mali, au Niger et au Burkina et le contexte d\u2019incertitudes politiques cr\u00e9\u00e9 par la s\u00e9rie des r\u00e9cents coups d\u2019\u00e9tat plongent ces pays dans des crises.....\" \/>\n<meta property=\"og:url\" content=\"https:\/\/lequotidien.mr\/?p=14793&amp;lang=fr\" \/>\n<meta property=\"og:site_name\" content=\"Le Quotidien de Nouakchott\" \/>\n<meta property=\"article:publisher\" content=\"https:\/\/web.facebook.com\/lequotidienmr\" \/>\n<meta property=\"article:published_time\" content=\"2024-01-02T18:14:20+00:00\" \/>\n<meta property=\"article:modified_time\" content=\"2024-01-02T18:22:53+00:00\" \/>\n<meta property=\"og:image\" content=\"https:\/\/lequotidien.mr\/wp-content\/uploads\/2024\/01\/WhatsApp-Image-2024-01-02-at-6.12.56-PM-1.jpeg\" \/>\n\t<meta property=\"og:image:width\" content=\"720\" \/>\n\t<meta property=\"og:image:height\" content=\"1080\" \/>\n\t<meta property=\"og:image:type\" content=\"image\/jpeg\" \/>\n<meta name=\"author\" content=\"Le Quotidien\" \/>\n<meta name=\"twitter:card\" content=\"summary_large_image\" \/>\n<meta name=\"twitter:creator\" content=\"@lequotidienmr\" \/>\n<meta name=\"twitter:site\" content=\"@lequotidienmr\" \/>\n<meta name=\"twitter:label1\" content=\"\u0643\u064f\u062a\u0628 \u0628\u0648\u0627\u0633\u0637\u0629\" \/>\n\t<meta name=\"twitter:data1\" content=\"Le Quotidien\" \/>\n\t<meta name=\"twitter:label2\" content=\"\u0648\u0642\u062a \u0627\u0644\u0642\u0631\u0627\u0621\u0629 \u0627\u0644\u0645\u064f\u0642\u062f\u0651\u0631\" \/>\n\t<meta name=\"twitter:data2\" content=\"7 \u062f\u0642\u0627\u0626\u0642\" \/>\n<script type=\"application\/ld+json\" class=\"yoast-schema-graph\">{\"@context\":\"https:\\\/\\\/schema.org\",\"@graph\":[{\"@type\":\"Article\",\"@id\":\"https:\\\/\\\/lequotidien.mr\\\/?p=14793&lang=fr#article\",\"isPartOf\":{\"@id\":\"https:\\\/\\\/lequotidien.mr\\\/?p=14793&lang=fr\"},\"author\":{\"name\":\"Le Quotidien\",\"@id\":\"https:\\\/\\\/lequotidien.mr\\\/#\\\/schema\\\/person\\\/f90fcdaa970c60288de4ed2e64a56472\"},\"headline\":\"Des incertitudes planent toujours sur la s\u00e9curit\u00e9 au Sahel\",\"datePublished\":\"2024-01-02T18:14:20+00:00\",\"dateModified\":\"2024-01-02T18:22:53+00:00\",\"mainEntityOfPage\":{\"@id\":\"https:\\\/\\\/lequotidien.mr\\\/?p=14793&lang=fr\"},\"wordCount\":1456,\"commentCount\":0,\"publisher\":{\"@id\":\"https:\\\/\\\/lequotidien.mr\\\/#organization\"},\"image\":{\"@id\":\"https:\\\/\\\/lequotidien.mr\\\/?p=14793&lang=fr#primaryimage\"},\"thumbnailUrl\":\"https:\\\/\\\/lequotidien.mr\\\/wp-content\\\/uploads\\\/2024\\\/01\\\/WhatsApp-Image-2024-01-02-at-6.12.56-PM-1.jpeg\",\"articleSection\":[\"Opinion\",\"Couverture sp\u00e9cilale\"],\"inLanguage\":\"ar\",\"potentialAction\":[{\"@type\":\"CommentAction\",\"name\":\"Comment\",\"target\":[\"https:\\\/\\\/lequotidien.mr\\\/?p=14793&lang=fr#respond\"]}]},{\"@type\":\"WebPage\",\"@id\":\"https:\\\/\\\/lequotidien.mr\\\/?p=14793&lang=fr\",\"url\":\"https:\\\/\\\/lequotidien.mr\\\/?p=14793&lang=fr\",\"name\":\"Des incertitudes planent toujours sur la s\u00e9curit\u00e9 au Sahel - Le Quotidien de Nouakchott\",\"isPartOf\":{\"@id\":\"https:\\\/\\\/lequotidien.mr\\\/#website\"},\"primaryImageOfPage\":{\"@id\":\"https:\\\/\\\/lequotidien.mr\\\/?p=14793&lang=fr#primaryimage\"},\"image\":{\"@id\":\"https:\\\/\\\/lequotidien.mr\\\/?p=14793&lang=fr#primaryimage\"},\"thumbnailUrl\":\"https:\\\/\\\/lequotidien.mr\\\/wp-content\\\/uploads\\\/2024\\\/01\\\/WhatsApp-Image-2024-01-02-at-6.12.56-PM-1.jpeg\",\"datePublished\":\"2024-01-02T18:14:20+00:00\",\"dateModified\":\"2024-01-02T18:22:53+00:00\",\"breadcrumb\":{\"@id\":\"https:\\\/\\\/lequotidien.mr\\\/?p=14793&lang=fr#breadcrumb\"},\"inLanguage\":\"ar\",\"potentialAction\":[{\"@type\":\"ReadAction\",\"target\":[\"https:\\\/\\\/lequotidien.mr\\\/?p=14793&lang=fr\"]}]},{\"@type\":\"ImageObject\",\"inLanguage\":\"ar\",\"@id\":\"https:\\\/\\\/lequotidien.mr\\\/?p=14793&lang=fr#primaryimage\",\"url\":\"https:\\\/\\\/lequotidien.mr\\\/wp-content\\\/uploads\\\/2024\\\/01\\\/WhatsApp-Image-2024-01-02-at-6.12.56-PM-1.jpeg\",\"contentUrl\":\"https:\\\/\\\/lequotidien.mr\\\/wp-content\\\/uploads\\\/2024\\\/01\\\/WhatsApp-Image-2024-01-02-at-6.12.56-PM-1.jpeg\",\"width\":720,\"height\":1080},{\"@type\":\"BreadcrumbList\",\"@id\":\"https:\\\/\\\/lequotidien.mr\\\/?p=14793&lang=fr#breadcrumb\",\"itemListElement\":[{\"@type\":\"ListItem\",\"position\":1,\"name\":\"Home\",\"item\":\"https:\\\/\\\/lequotidien.mr\\\/\"},{\"@type\":\"ListItem\",\"position\":2,\"name\":\"Des incertitudes planent toujours sur la s\u00e9curit\u00e9 au Sahel\"}]},{\"@type\":\"WebSite\",\"@id\":\"https:\\\/\\\/lequotidien.mr\\\/#website\",\"url\":\"https:\\\/\\\/lequotidien.mr\\\/\",\"name\":\"Le Quotidien de Nouakchott\",\"description\":\"\u0625\u062e\u0628\u0627\u0631\u064a\u0629 \u0645\u0633\u062a\u0642\u0644\u0629 \u0644\u0644\u0623\u0646\u0628\u0627\u0621 \u0627\u0644\u0639\u0627\u0645\u0629\",\"publisher\":{\"@id\":\"https:\\\/\\\/lequotidien.mr\\\/#organization\"},\"potentialAction\":[{\"@type\":\"SearchAction\",\"target\":{\"@type\":\"EntryPoint\",\"urlTemplate\":\"https:\\\/\\\/lequotidien.mr\\\/?s={search_term_string}\"},\"query-input\":{\"@type\":\"PropertyValueSpecification\",\"valueRequired\":true,\"valueName\":\"search_term_string\"}}],\"inLanguage\":\"ar\"},{\"@type\":\"Organization\",\"@id\":\"https:\\\/\\\/lequotidien.mr\\\/#organization\",\"name\":\"Le Quotidien de Nouakchott\",\"url\":\"https:\\\/\\\/lequotidien.mr\\\/\",\"logo\":{\"@type\":\"ImageObject\",\"inLanguage\":\"ar\",\"@id\":\"https:\\\/\\\/lequotidien.mr\\\/#\\\/schema\\\/logo\\\/image\\\/\",\"url\":\"https:\\\/\\\/lequotidien.mr\\\/wp-content\\\/uploads\\\/2022\\\/11\\\/logolequotidien.jpg\",\"contentUrl\":\"https:\\\/\\\/lequotidien.mr\\\/wp-content\\\/uploads\\\/2022\\\/11\\\/logolequotidien.jpg\",\"width\":290,\"height\":65,\"caption\":\"Le Quotidien de Nouakchott\"},\"image\":{\"@id\":\"https:\\\/\\\/lequotidien.mr\\\/#\\\/schema\\\/logo\\\/image\\\/\"},\"sameAs\":[\"https:\\\/\\\/web.facebook.com\\\/lequotidienmr\",\"https:\\\/\\\/x.com\\\/lequotidienmr\"]},{\"@type\":\"Person\",\"@id\":\"https:\\\/\\\/lequotidien.mr\\\/#\\\/schema\\\/person\\\/f90fcdaa970c60288de4ed2e64a56472\",\"name\":\"Le Quotidien\",\"image\":{\"@type\":\"ImageObject\",\"inLanguage\":\"ar\",\"@id\":\"https:\\\/\\\/secure.gravatar.com\\\/avatar\\\/374cb39a1a458a912465a93e5a3ce6546886fc3da809a1f10c63e4e8fcbca30f?s=96&d=mm&r=g\",\"url\":\"https:\\\/\\\/secure.gravatar.com\\\/avatar\\\/374cb39a1a458a912465a93e5a3ce6546886fc3da809a1f10c63e4e8fcbca30f?s=96&d=mm&r=g\",\"contentUrl\":\"https:\\\/\\\/secure.gravatar.com\\\/avatar\\\/374cb39a1a458a912465a93e5a3ce6546886fc3da809a1f10c63e4e8fcbca30f?s=96&d=mm&r=g\",\"caption\":\"Le Quotidien\"},\"sameAs\":[\"https:\\\/\\\/lequotidien.mr\\\/\"],\"url\":\"https:\\\/\\\/lequotidien.mr\\\/?author=4\"}]}<\/script>\n<!-- \/ Yoast SEO plugin. -->","yoast_head_json":{"title":"Des incertitudes planent toujours sur la s\u00e9curit\u00e9 au Sahel - Le Quotidien de Nouakchott","robots":{"index":"index","follow":"follow","max-snippet":"max-snippet:-1","max-image-preview":"max-image-preview:large","max-video-preview":"max-video-preview:-1"},"canonical":"https:\/\/lequotidien.mr\/?p=14793&lang=fr","og_locale":"ar_AR","og_type":"article","og_title":"Des incertitudes planent toujours sur la s\u00e9curit\u00e9 au Sahel - Le Quotidien de Nouakchott","og_description":"\u00a0 La stabilit\u00e9 au sahel est un sujet d\u2019inqui\u00e9tude r\u00e9curent\u00a0; Cette r\u00e9gion est de nouveau confront\u00e9e \u00e0 des d\u00e9fis s\u00e9curitaires majeurs.\u00a0\u00a0\u00a0\u00a0\u00a0\u00a0\u00a0\u00a0\u00a0\u00a0\u00a0\u00a0\u00a0\u00a0\u00a0\u00a0\u00a0\u00a0\u00a0\u00a0\u00a0\u00a0\u00a0\u00a0\u00a0\u00a0\u00a0\u00a0\u00a0\u00a0\u00a0\u00a0\u00a0\u00a0\u00a0\u00a0\u00a0\u00a0\u00a0\u00a0\u00a0\u00a0\u00a0\u00a0\u00a0\u00a0\u00a0\u00a0\u00a0\u00a0\u00a0\u00a0\u00a0\u00a0\u00a0\u00a0\u00a0\u00a0\u00a0\u00a0\u00a0\u00a0\u00a0\u00a0\u00a0\u00a0\u00a0\u00a0\u00a0\u00a0\u00a0\u00a0\u00a0\u00a0\u00a0\u00a0\u00a0\u00a0\u00a0\u00a0\u00a0\u00a0\u00a0\u00a0\u00a0\u00a0\u00a0\u00a0\u00a0\u00a0\u00a0\u00a0\u00a0\u00a0\u00a0\u00a0\u00a0\u00a0 L\u2019intense recrudescence des attaques djihadistes ces derniers mois au Mali, au Niger et au Burkina et le contexte d\u2019incertitudes politiques cr\u00e9\u00e9 par la s\u00e9rie des r\u00e9cents coups d\u2019\u00e9tat plongent ces pays dans des crises.....","og_url":"https:\/\/lequotidien.mr\/?p=14793&lang=fr","og_site_name":"Le Quotidien de Nouakchott","article_publisher":"https:\/\/web.facebook.com\/lequotidienmr","article_published_time":"2024-01-02T18:14:20+00:00","article_modified_time":"2024-01-02T18:22:53+00:00","og_image":[{"width":720,"height":1080,"url":"https:\/\/lequotidien.mr\/wp-content\/uploads\/2024\/01\/WhatsApp-Image-2024-01-02-at-6.12.56-PM-1.jpeg","type":"image\/jpeg"}],"author":"Le Quotidien","twitter_card":"summary_large_image","twitter_creator":"@lequotidienmr","twitter_site":"@lequotidienmr","twitter_misc":{"\u0643\u064f\u062a\u0628 \u0628\u0648\u0627\u0633\u0637\u0629":"Le Quotidien","\u0648\u0642\u062a \u0627\u0644\u0642\u0631\u0627\u0621\u0629 \u0627\u0644\u0645\u064f\u0642\u062f\u0651\u0631":"7 \u062f\u0642\u0627\u0626\u0642"},"schema":{"@context":"https:\/\/schema.org","@graph":[{"@type":"Article","@id":"https:\/\/lequotidien.mr\/?p=14793&lang=fr#article","isPartOf":{"@id":"https:\/\/lequotidien.mr\/?p=14793&lang=fr"},"author":{"name":"Le Quotidien","@id":"https:\/\/lequotidien.mr\/#\/schema\/person\/f90fcdaa970c60288de4ed2e64a56472"},"headline":"Des incertitudes planent toujours sur la s\u00e9curit\u00e9 au Sahel","datePublished":"2024-01-02T18:14:20+00:00","dateModified":"2024-01-02T18:22:53+00:00","mainEntityOfPage":{"@id":"https:\/\/lequotidien.mr\/?p=14793&lang=fr"},"wordCount":1456,"commentCount":0,"publisher":{"@id":"https:\/\/lequotidien.mr\/#organization"},"image":{"@id":"https:\/\/lequotidien.mr\/?p=14793&lang=fr#primaryimage"},"thumbnailUrl":"https:\/\/lequotidien.mr\/wp-content\/uploads\/2024\/01\/WhatsApp-Image-2024-01-02-at-6.12.56-PM-1.jpeg","articleSection":["Opinion","Couverture sp\u00e9cilale"],"inLanguage":"ar","potentialAction":[{"@type":"CommentAction","name":"Comment","target":["https:\/\/lequotidien.mr\/?p=14793&lang=fr#respond"]}]},{"@type":"WebPage","@id":"https:\/\/lequotidien.mr\/?p=14793&lang=fr","url":"https:\/\/lequotidien.mr\/?p=14793&lang=fr","name":"Des incertitudes planent toujours sur la s\u00e9curit\u00e9 au Sahel - Le Quotidien de Nouakchott","isPartOf":{"@id":"https:\/\/lequotidien.mr\/#website"},"primaryImageOfPage":{"@id":"https:\/\/lequotidien.mr\/?p=14793&lang=fr#primaryimage"},"image":{"@id":"https:\/\/lequotidien.mr\/?p=14793&lang=fr#primaryimage"},"thumbnailUrl":"https:\/\/lequotidien.mr\/wp-content\/uploads\/2024\/01\/WhatsApp-Image-2024-01-02-at-6.12.56-PM-1.jpeg","datePublished":"2024-01-02T18:14:20+00:00","dateModified":"2024-01-02T18:22:53+00:00","breadcrumb":{"@id":"https:\/\/lequotidien.mr\/?p=14793&lang=fr#breadcrumb"},"inLanguage":"ar","potentialAction":[{"@type":"ReadAction","target":["https:\/\/lequotidien.mr\/?p=14793&lang=fr"]}]},{"@type":"ImageObject","inLanguage":"ar","@id":"https:\/\/lequotidien.mr\/?p=14793&lang=fr#primaryimage","url":"https:\/\/lequotidien.mr\/wp-content\/uploads\/2024\/01\/WhatsApp-Image-2024-01-02-at-6.12.56-PM-1.jpeg","contentUrl":"https:\/\/lequotidien.mr\/wp-content\/uploads\/2024\/01\/WhatsApp-Image-2024-01-02-at-6.12.56-PM-1.jpeg","width":720,"height":1080},{"@type":"BreadcrumbList","@id":"https:\/\/lequotidien.mr\/?p=14793&lang=fr#breadcrumb","itemListElement":[{"@type":"ListItem","position":1,"name":"Home","item":"https:\/\/lequotidien.mr\/"},{"@type":"ListItem","position":2,"name":"Des incertitudes planent toujours sur la s\u00e9curit\u00e9 au Sahel"}]},{"@type":"WebSite","@id":"https:\/\/lequotidien.mr\/#website","url":"https:\/\/lequotidien.mr\/","name":"Le Quotidien de Nouakchott","description":"\u0625\u062e\u0628\u0627\u0631\u064a\u0629 \u0645\u0633\u062a\u0642\u0644\u0629 \u0644\u0644\u0623\u0646\u0628\u0627\u0621 \u0627\u0644\u0639\u0627\u0645\u0629","publisher":{"@id":"https:\/\/lequotidien.mr\/#organization"},"potentialAction":[{"@type":"SearchAction","target":{"@type":"EntryPoint","urlTemplate":"https:\/\/lequotidien.mr\/?s={search_term_string}"},"query-input":{"@type":"PropertyValueSpecification","valueRequired":true,"valueName":"search_term_string"}}],"inLanguage":"ar"},{"@type":"Organization","@id":"https:\/\/lequotidien.mr\/#organization","name":"Le Quotidien de Nouakchott","url":"https:\/\/lequotidien.mr\/","logo":{"@type":"ImageObject","inLanguage":"ar","@id":"https:\/\/lequotidien.mr\/#\/schema\/logo\/image\/","url":"https:\/\/lequotidien.mr\/wp-content\/uploads\/2022\/11\/logolequotidien.jpg","contentUrl":"https:\/\/lequotidien.mr\/wp-content\/uploads\/2022\/11\/logolequotidien.jpg","width":290,"height":65,"caption":"Le Quotidien de Nouakchott"},"image":{"@id":"https:\/\/lequotidien.mr\/#\/schema\/logo\/image\/"},"sameAs":["https:\/\/web.facebook.com\/lequotidienmr","https:\/\/x.com\/lequotidienmr"]},{"@type":"Person","@id":"https:\/\/lequotidien.mr\/#\/schema\/person\/f90fcdaa970c60288de4ed2e64a56472","name":"Le Quotidien","image":{"@type":"ImageObject","inLanguage":"ar","@id":"https:\/\/secure.gravatar.com\/avatar\/374cb39a1a458a912465a93e5a3ce6546886fc3da809a1f10c63e4e8fcbca30f?s=96&d=mm&r=g","url":"https:\/\/secure.gravatar.com\/avatar\/374cb39a1a458a912465a93e5a3ce6546886fc3da809a1f10c63e4e8fcbca30f?s=96&d=mm&r=g","contentUrl":"https:\/\/secure.gravatar.com\/avatar\/374cb39a1a458a912465a93e5a3ce6546886fc3da809a1f10c63e4e8fcbca30f?s=96&d=mm&r=g","caption":"Le Quotidien"},"sameAs":["https:\/\/lequotidien.mr\/"],"url":"https:\/\/lequotidien.mr\/?author=4"}]}},"_links":{"self":[{"href":"https:\/\/lequotidien.mr\/index.php?rest_route=\/wp\/v2\/posts\/14793","targetHints":{"allow":["GET"]}}],"collection":[{"href":"https:\/\/lequotidien.mr\/index.php?rest_route=\/wp\/v2\/posts"}],"about":[{"href":"https:\/\/lequotidien.mr\/index.php?rest_route=\/wp\/v2\/types\/post"}],"author":[{"embeddable":true,"href":"https:\/\/lequotidien.mr\/index.php?rest_route=\/wp\/v2\/users\/4"}],"replies":[{"embeddable":true,"href":"https:\/\/lequotidien.mr\/index.php?rest_route=%2Fwp%2Fv2%2Fcomments&post=14793"}],"version-history":[{"count":3,"href":"https:\/\/lequotidien.mr\/index.php?rest_route=\/wp\/v2\/posts\/14793\/revisions"}],"predecessor-version":[{"id":14797,"href":"https:\/\/lequotidien.mr\/index.php?rest_route=\/wp\/v2\/posts\/14793\/revisions\/14797"}],"wp:featuredmedia":[{"embeddable":true,"href":"https:\/\/lequotidien.mr\/index.php?rest_route=\/wp\/v2\/media\/14794"}],"wp:attachment":[{"href":"https:\/\/lequotidien.mr\/index.php?rest_route=%2Fwp%2Fv2%2Fmedia&parent=14793"}],"wp:term":[{"taxonomy":"category","embeddable":true,"href":"https:\/\/lequotidien.mr\/index.php?rest_route=%2Fwp%2Fv2%2Fcategories&post=14793"},{"taxonomy":"post_tag","embeddable":true,"href":"https:\/\/lequotidien.mr\/index.php?rest_route=%2Fwp%2Fv2%2Ftags&post=14793"}],"curies":[{"name":"wp","href":"https:\/\/api.w.org\/{rel}","templated":true}]}}