{"id":14750,"date":"2023-12-29T12:44:33","date_gmt":"2023-12-29T12:44:33","guid":{"rendered":"https:\/\/lequotidien.mr\/?p=14750"},"modified":"2024-05-27T16:12:38","modified_gmt":"2024-05-27T16:12:38","slug":"oui-le-taux-net-scolarisation-tns-du-primaire-en-mauritanie-est-inferieur-a-80-en-dessous-de-la-moyenne-des-pays-arabes-mais-non-il-nest-en-pas-dessous-de-la-moyenne-de-lafrique","status":"publish","type":"post","link":"https:\/\/lequotidien.mr\/?p=14750&lang=fr","title":{"rendered":"Non, le Taux Net de Scolarisation (TNS) du primaire en Mauritanie n\u2019est pas en dessous de la moyenne de l\u2019Afrique subsaharienne"},"content":{"rendered":"<p><strong><em>Une publication sur le site marocain Le360 Afrique indique que \u00ab\u00a0l<\/em><\/strong><strong><em>e taux net de scolarisation (TNS) en Mauritanie, pour\u00a0 la tranche d\u2019\u00e2ge du cycle primaire 6-11 ans, est inf\u00e9rieur \u00e0 80%, un niveau bien en dessous de la moyenne de l\u2019Afrique subsaharienne et des pays arabes\u00a0\u00bb. Apr\u00e8s v\u00e9rification, le Quotidien de Nouakchott conclut que c\u2019est non, le TNS du primaire en Mauritanie n\u2019est pas en dessous de la moyenne de l\u2019Afrique subsaharienne.<\/em><\/strong><\/p>\n<p><strong>CONTEXTE<\/strong><\/p>\n<p>Dans\u00a0 un article publi\u00e9, le 27 mai 2023 sur le site marocain <a href=\"https:\/\/afrique.le360.ma\/societe\/cantines-dans-les-villages-la-recette-des-autorites-mauritaniennes-contre-le-decrochage-scolaire_A6MR67UEMVDCPP2UATOBBKS3UU\/\">Le360 Afrique<\/a>, l\u2019auteur Amadou Seck affirme que\u00a0 \u00ab\u00a0le taux net de scolarisation (TNS) en Mauritanie, pour\u00a0 la tranche d\u2019\u00e2ge du cycle primaire 6-11 ans, est inf\u00e9rieur \u00e0 80%, un niveau bien en dessous de la moyenne de l\u2019Afrique subsaharienne et des pays arabes\u00a0\u00bb.<\/p>\n<p>&nbsp;<\/p>\n<p><img loading=\"lazy\" decoding=\"async\" class=\"size-medium wp-image-15314 aligncenter\" src=\"https:\/\/lequotidien.mr\/wp-content\/uploads\/2023\/12\/1-1-243x300.png\" alt=\"\" width=\"243\" height=\"300\" srcset=\"https:\/\/lequotidien.mr\/wp-content\/uploads\/2023\/12\/1-1-243x300.png 243w, https:\/\/lequotidien.mr\/wp-content\/uploads\/2023\/12\/1-1-831x1024.png 831w, https:\/\/lequotidien.mr\/wp-content\/uploads\/2023\/12\/1-1-768x947.png 768w, https:\/\/lequotidien.mr\/wp-content\/uploads\/2023\/12\/1-1.png 1243w\" sizes=\"auto, (max-width: 243px) 100vw, 243px\" \/><\/p>\n<p>Par\u00a0<a href=\"https:\/\/afrique.le360.ma\/auteur\/amadou-seck\">Amadou Seck (Nouakchott, correspondance)<\/a> \/11h2927 mai 2023<\/p>\n<p>Cet article est compl\u00e9t\u00e9 par une <a href=\"https:\/\/www.youtube.com\/watch?v=SOx2EYvS_B4\">vid\u00e9o<\/a> diffus\u00e9e sur youtube.com, \u00e0 la m\u00eame date, qui comptabilise \u00a0179 vues. Il existe des liens vers diff\u00e9rentes plateformes: Instagram, Twitter, Telegram\u00a0; dont la plus active est facebook (304 vues, 3 like).<\/p>\n<p><strong>Cantines dans les villages: la recette des autorit\u00e9s mauritaniennes contre le d\u00e9crochage scolaire<\/strong><\/p>\n<p><a href=\"https:\/\/www.youtube.com\/@Le360Afrique\">Le360 Afrique<\/a><\/p>\n<p>29,3\u00a0k\u00a0abonn\u00e9s<\/p>\n<p>3 like<\/p>\n<p>179\u00a0vues 27 mai 2023 <a href=\"https:\/\/www.youtube.com\/hashtag\/afrique\">#afrique<\/a> <a href=\"https:\/\/www.youtube.com\/hashtag\/mauritanie\">#mauritanie<\/a> <a href=\"https:\/\/www.youtube.com\/hashtag\/news\">#news<\/a><\/p>\n<p>L\u2019\u00e9cole est confront\u00e9e \u00e0 des d\u00e9fis majeurs en Mauritanie, malgr\u00e9 l\u2019engagement du gouvernement \u00e0 garantir \u00e0 l\u2019acc\u00e8s \u00e0 une \u00e9ducation de qualit\u00e9 pour tous. En offrant des repas aux \u00e9l\u00e8ves vivant en milieu rural, les autorit\u00e9s et le Programme Alimentaire Mondial luttent contre le d\u00e9crochage scolaire. <a href=\"https:\/\/www.youtube.com\/hashtag\/mauritanie\">#mauritanie<\/a> <a href=\"https:\/\/www.youtube.com\/hashtag\/scolarisation\">#scolarisation<\/a> <a href=\"https:\/\/www.youtube.com\/hashtag\/cantines\">#cantines<\/a> <a href=\"https:\/\/www.youtube.com\/hashtag\/scolaires\">#scolaires<\/a> <a href=\"https:\/\/www.youtube.com\/hashtag\/monderural\">#monderural<\/a> Retrouvez-nous sur nos diff\u00e9rentes plateformes ! \u25ba Site web. : <a href=\"https:\/\/www.youtube.com\/redirect?event=video_description&amp;redir_token=QUFFLUhqa0pPVjMwdnFsejdEMVVlLTJZWGsycDZBV2Q2d3xBQ3Jtc0ttWklWZXozdUF0dzhBVHBRRjhCQ3Y5NHRzZFZ3eXBKbnlabThsSzlqT3B1VkQtQlRBSTI4UXl4V0hHaWJWOUlDNU1tMmJNeGdCRElyaml0cGlHS2Q3V01SM2NJWnB1azJvTHYxdDlwV041b08xZWdOYw&amp;q=https%3A%2F%2Fafrique.le360.ma%2F&amp;v=SOx2EYvS_B4\">https:\/\/afrique.le360.ma\/<\/a> \u25ba Facebook : <a href=\"https:\/\/www.youtube.com\/redirect?event=video_description&amp;redir_token=QUFFLUhqa0ozM2RGRFhfX05uYkFmX3ZST0tiLXQ1ZGl5d3xBQ3Jtc0tuNGtVT1BFX1BiekhrVjhiSUVfYXlKOWtzNzlxcUY3My00eC1ndG9uQnczYWNxTUNIS1JOeF9xZFBnTVZXRkkzdXBHUmlVR1pvSGdmZjIza2lwdWZZZmkzR19LRXlyWjBEYWZwMmhpbE1vbUxlbGVxdw&amp;q=https%3A%2F%2Fwww.facebook.com%2Fle360afrique&amp;v=SOx2EYvS_B4\">\u00a0 \u00a0\/\u00a0le360afrique\u00a0\u00a0<\/a> \u25ba Instagram : <a href=\"https:\/\/www.youtube.com\/redirect?event=video_description&amp;redir_token=QUFFLUhqbUs3RnVzZVUwRFl0amJQaTJybkZmZWZJZDVjUXxBQ3Jtc0tuUWdYeDl6OGFxNjM2NjZsR2JzZUtvV2RtY1dRc3NVS204Q2RJaFh4WTJfS0s1OExLMGpuMzU0NUtXNWRza28wVXExQng0eC1oTFlfSkhadjEtei1jOFllS2VySmtYZlJKQTduZmphT1pqSFlRQmFyRQ&amp;q=https%3A%2F%2Fwww.instagram.com%2Fle360fr&amp;v=SOx2EYvS_B4\">\u00a0 \u00a0\/\u00a0le360fr\u00a0\u00a0<\/a> \u25ba Twitter : <a href=\"https:\/\/www.youtube.com\/redirect?event=video_description&amp;redir_token=QUFFLUhqbTNPeHNacVVuZFFXMEk5QUhvb2tNZnR0ZEFoUXxBQ3Jtc0tsM3prQ0tYaW9wRHVXX01ybUFqUmtIWFlFV2pQdVlwUXB3MnF0cUZQZC1SaEc1dGlKc2JOUVU1ZnViNzBFN3V3ZTFUU1Nla3lkRzNTSnVEV1ltM2tSR3FTNl9iTmdOcVRUTWtJTVZDSTNvS1QydjJNYw&amp;q=https%3A%2F%2Ftwitter.com%2FLe360_Afrique&amp;v=SOx2EYvS_B4\">\u00a0 \u00a0\/\u00a0le360_afrique\u00a0\u00a0<\/a> \u25ba Telegram : <a href=\"https:\/\/www.youtube.com\/redirect?event=video_description&amp;redir_token=QUFFLUhqbDZkVkZXNy1KZENjRk5HOFVuWnJJclBYbVc3d3xBQ3Jtc0trQjhOcWwzY0NMSUhReEpsNmtnQ0ViTGlZdGNKLVl6UFhneTh0UURMUUJwdk01eTd1dkFDdjZqY0NVMGhpN18wTU94X3ItY1AtOHBMejRJNHVXSXBFQmpaRHJxTXRBdk96clR5a0pZY0gxR3pfSHhLcw&amp;q=https%3A%2F%2Ft.me%2Fs%2Fle360afrique&amp;v=SOx2EYvS_B4\">https:\/\/t.me\/s\/le360afrique<\/a><\/p>\n<p>Il a \u00e9t\u00e9 \u00e9galement repris par le site <a href=\"https:\/\/kassataya.com\/2023\/05\/27\/cantines-dans-les-villages-la-recette-des-autorites-mauritaniennes-contre-le-decrochage-scolaire\/\">Kassataya<\/a> Mauritanie, le 27 mai 2023, et le site Tahalil et Tahalil\/<a href=\"https:\/\/www.bing.com\/search?q=(12)+Journal+TAHALIL+%7C+Facebook&amp;cvid=582f5133d081403cb581c43a2688c15d&amp;gs_lcrp=EgZjaHJvbWUqBggAEEUYOzIGCAAQRRg70gEJMTAyNzJqMGo5qAIAsAIA&amp;FORM=ANAB01&amp;PC=SETTL3\">Facebook<\/a>, le 28 mai 2023.<\/p>\n<p><strong>EXPLICATIONS<\/strong><\/p>\n<p>Le Quotidien de Nouakchott a men\u00e9 des recherches pour v\u00e9rifier l\u2019information selon laquelle le TNS pour le primaire en Mauritanie serait inf\u00e9rieur \u00e0 80 %.<\/p>\n<p>Il convient d\u2019abord de d\u00e9finir le TNS par rapport au Taux Brut de Scolarisation (TBS). Selon le <a href=\"https:\/\/ons.mr\/images\/RGPH2013\/Chapitre08_Education_fr.pdf\">chapitre 8<\/a> intitul\u00e9 \u00ab Alphab\u00e9tisation, scolarisation et fr\u00e9quentation scolaire \u00bb, r\u00e9alis\u00e9 par l\u2019Office national de la Statistique (ONS) mauritanien et par le Bureau Central du recensement (BRC), le Taux Net de Scolarisation (TNS) est d\u00e9fini comme \u00ab Le taux net de scolarisation (TNS) d\u2019un degr\u00e9 donn\u00e9 \u00e0 une date t est le rapport de l\u2019effectif des \u00e9l\u00e8ves d\u2019une tranche d\u2019\u00e2ge donn\u00e9e (6-11 ans selon l\u2019UNESCO ou 6-12 ans selon la L\u00e9gislation Scolaire) \u00e0 la population totale de cette tranche d\u2019\u00e2ge. Il est exprim\u00e9 \u00e9galement en pourcentage\u00bb. Il est pr\u00e9cis\u00e9 que\u00a0 \u00ab Le taux brut de scolarisation (TBS) d\u2019un degr\u00e9 donn\u00e9 \u00e0 une date t est le rapport de l\u2019effectif (sans distinction d\u2019\u00e2ges) pr\u00e9sent \u00e0 ce degr\u00e9 \u00e0 la date t \u00e0 l\u2019effectif de la population en \u00e2ge officiel d\u2019\u00eatre scolaris\u00e9e \u00e0 ce degr\u00e9.\u00a0 Il est exprim\u00e9 en pourcentage\u00bb.<\/p>\n<p>Le taux net de scolarisation (TNS) est donc le pourcentage d\u2019enfants d\u2019un groupe d\u2019\u00e2ge officiel inscrits dans une \u00e9cole par rapport \u00e0 la population totale de cet \u00e2ge (6-11 ans). Le TNS est donc un indicateur plus pr\u00e9cis que le TBS.<\/p>\n<p>L\u2019inconv\u00e9nient majeur du TNS en tant qu\u2019indicateur est qu\u2019il ne tient compte que de la scolarisation des enfants qui se trouvent dans la tranche d\u2019\u00e2ge officielle de fr\u00e9quentation d\u2019un cycle donn\u00e9 (6-11 ans pour le primaire en Mauritanie), excluant ainsi tous les enfants qui entrent dans le syst\u00e8me apr\u00e8s ou avant cet \u00e2ge officiel. Ceci peut s\u2019accompagner d\u2019erreurs de mesure dues \u00e0 un manque de pr\u00e9cision sur l\u2019\u00e2ge r\u00e9el des \u00e9l\u00e8ves : dans certains pays africains, la modification de l\u2019\u00e2ge des enfants \u00e0 l\u2019\u00e9tat civil est une pratique courante.<\/p>\n<p>Le TBS est l\u2019effectif total \u00e0 un niveau d\u2019enseignement sp\u00e9cifique (primaire), quel que soit l\u2019\u00e2ge, exprim\u00e9 en pourcentage de la population d\u2019\u00e2ge scolaire officielle \u00e9ligible (6-11 ans) correspondant au m\u00eame niveau d\u2019enseignement au cours d\u2019une ann\u00e9e scolaire donn\u00e9e.<\/p>\n<p>Un taux brut de scolarisation (TBS) \u00e9lev\u00e9 indique g\u00e9n\u00e9ralement un degr\u00e9 \u00e9lev\u00e9 de scolarisation, que les \u00e9l\u00e8ves appartiennent ou non \u00e0 la tranche d\u2019\u00e2ge officielle. Un TBS approchant ou d\u00e9passant 100 % indique qu\u2019un pays est, en principe, capable d\u2019accueillir l\u2019ensemble de sa population d\u2019\u00e2ge scolaire, mais n\u2019indique pas la proportion d\u00e9j\u00e0 inscrite. L\u2019atteinte d\u2019un TBS de 100 % est donc une condition n\u00e9cessaire mais non suffisante pour scolariser tous les enfants \u00e9ligibles (6-11 ans).<\/p>\n<p>Le TBS n\u2019est pas l\u2019indicateur le plus appropri\u00e9 pour mesurer les progr\u00e8s accomplis en terme de scolarisation. Cette derni\u00e8re rel\u00e8ve plut\u00f4t du TNS.<\/p>\n<p>Ceci \u00e9tant, nous avons analys\u00e9 <a href=\"https:\/\/education.gov.mr\/fr\/node\/813\">l\u2019annuaire statistique<\/a> relatif \u00e0 l\u2019\u00e9cole fondamentale en Mauritanie disponible sur le site du <a href=\"https:\/\/education.gov.mr\/fr\">Minist\u00e8re de l\u2019Eduction Nationale<\/a>, et qui montre que le <strong>TNS est de 78,19%<\/strong> pour l\u2019ann\u00e9e 2022\/2023.<\/p>\n<p style=\"text-align: center;\"><img loading=\"lazy\" decoding=\"async\" class=\"alignnone size-medium wp-image-15315\" src=\"https:\/\/lequotidien.mr\/wp-content\/uploads\/2023\/12\/3-300x175.png\" alt=\"\" width=\"300\" height=\"175\" srcset=\"https:\/\/lequotidien.mr\/wp-content\/uploads\/2023\/12\/3-300x175.png 300w, https:\/\/lequotidien.mr\/wp-content\/uploads\/2023\/12\/3-1024x596.png 1024w, https:\/\/lequotidien.mr\/wp-content\/uploads\/2023\/12\/3-768x447.png 768w, https:\/\/lequotidien.mr\/wp-content\/uploads\/2023\/12\/3.png 1251w\" sizes=\"auto, (max-width: 300px) 100vw, 300px\" \/> <img loading=\"lazy\" decoding=\"async\" class=\"alignnone size-medium wp-image-15316\" src=\"https:\/\/lequotidien.mr\/wp-content\/uploads\/2023\/12\/2-300x175.png\" alt=\"\" width=\"300\" height=\"175\" srcset=\"https:\/\/lequotidien.mr\/wp-content\/uploads\/2023\/12\/2-300x175.png 300w, https:\/\/lequotidien.mr\/wp-content\/uploads\/2023\/12\/2-1024x596.png 1024w, https:\/\/lequotidien.mr\/wp-content\/uploads\/2023\/12\/2-768x447.png 768w, https:\/\/lequotidien.mr\/wp-content\/uploads\/2023\/12\/2.png 1237w\" sizes=\"auto, (max-width: 300px) 100vw, 300px\" \/><\/p>\n<p>Pour v\u00e9rifier si, comme l\u2019affirme le site Le360 Afrique, le <strong>TNS <\/strong>en Mauritanie est en dessous de la moyenne de l\u2019Afrique subsaharienne et des pays arabes, nous avons d\u2019abord cherch\u00e9 \u00e0 comparer le chiffre de la Mauritanie avec ceux des pays de l\u2019Afrique subsaharienne, puis \u00e0 ceux des pays arabes: Pays du G5, Maghreb arabe, et enfin tous les pays arabes.<\/p>\n<p>Dans une \u00e9tude intitul\u00e9e \u00ab\u00a0LIVRE BLANC SUR L\u2019\u00c9DUCATION AU SAHEL, La richesse d\u2019aujourd\u2019hui et de demain\u00a0\u00bb, de d\u00e9cembre 2021, commandit\u00e9e par la <a href=\"https:\/\/documents1.worldbank.org\/curated\/en\/099435112132122836\/pdf\/P175752043857607f0b7890118f57d4c387.pdf\">Banque Mondiale<\/a> en pr\u00e9paration du <strong>sommet du G5 de Nouakchott<\/strong>, il est indiqu\u00e9 que si le Taux Net de Scolarisation (TNS) au niveau primaire est bien en dessous de 80% en Mauritanie, il n\u2019en demeure pas moins qu\u2019il est sup\u00e9rieur \u00e0 ceux du <strong>Tchad<\/strong> et du <strong>Niger<\/strong>.<\/p>\n<p>&nbsp;<\/p>\n<p><img loading=\"lazy\" decoding=\"async\" class=\"size-medium wp-image-15317 aligncenter\" src=\"https:\/\/lequotidien.mr\/wp-content\/uploads\/2023\/12\/4-300x176.png\" alt=\"\" width=\"300\" height=\"176\" srcset=\"https:\/\/lequotidien.mr\/wp-content\/uploads\/2023\/12\/4-300x176.png 300w, https:\/\/lequotidien.mr\/wp-content\/uploads\/2023\/12\/4-1024x601.png 1024w, https:\/\/lequotidien.mr\/wp-content\/uploads\/2023\/12\/4-768x451.png 768w, https:\/\/lequotidien.mr\/wp-content\/uploads\/2023\/12\/4.png 1034w\" sizes=\"auto, (max-width: 300px) 100vw, 300px\" \/><\/p>\n<p>S\u2019agissant des pays arabes, notamment <a href=\"https:\/\/archive.uneca.org\/fr\/publications\/etre-jeune-au-maghreb\"><strong>maghr\u00e9bins<\/strong><\/a>, Le360 Afrique a raison de dire que le <strong>TNS<\/strong> au primaire pour la Mauritanie reste au dessous de la moyenne. En effet, la Tunisie, l\u2019Alg\u00e9rie et la Libye, affichent respectivement des taux nets de scolarisation de 99 %, 95% et 92%.<\/p>\n<p>&nbsp;<\/p>\n<p><img loading=\"lazy\" decoding=\"async\" class=\"size-medium wp-image-15318 aligncenter\" src=\"https:\/\/lequotidien.mr\/wp-content\/uploads\/2023\/12\/5-300x179.png\" alt=\"\" width=\"300\" height=\"179\" srcset=\"https:\/\/lequotidien.mr\/wp-content\/uploads\/2023\/12\/5-300x179.png 300w, https:\/\/lequotidien.mr\/wp-content\/uploads\/2023\/12\/5-1024x610.png 1024w, https:\/\/lequotidien.mr\/wp-content\/uploads\/2023\/12\/5-768x458.png 768w, https:\/\/lequotidien.mr\/wp-content\/uploads\/2023\/12\/5.png 1166w\" sizes=\"auto, (max-width: 300px) 100vw, 300px\" \/><\/p>\n<p>Nous avons affin\u00e9 nos recherches en consultant le site <a href=\"https:\/\/atlasocio.com\/cartes\/education\/scolarisation\/carte-monde-taux-scolarisation-niveau-primaire-en-2017_atlasocio.png\"><strong>Atlasocio.com<\/strong><\/a>, un Atlas sociologique mondial de r\u00e9f\u00e9rence qui propose une analyse socio-statistique des Etats du monde.<\/p>\n<p>La carte intitul\u00e9e (source\u00a0: UIS Data Centre, UNESCO) nous donne le <strong>TNS<\/strong> (niveau primaire) par Etat et par pays en 2017. En examinant cette carte, on constate que sur 49 pays africains subsahariens, seuls 8 (soit 16% des pays) ont un <strong>TNS<\/strong> compris entre 75% et 80%. Et 41 pays (soit 83% des pays) ont donc un <strong><em>TNS<\/em><\/strong> inf\u00e9rieur \u00e0 75%.<\/p>\n<p>En revanche, en ce qui concerne les pays arabes, cette m\u00eame carte montre que, \u00e0 l\u2019exception de la Syrie et du Y\u00e9men (deux pays en guerre), le <strong>TNS<\/strong> est sup\u00e9rieur ou \u00e9gal \u00e0 95%.<\/p>\n<p><img loading=\"lazy\" decoding=\"async\" class=\"size-medium wp-image-15319 aligncenter\" src=\"https:\/\/lequotidien.mr\/wp-content\/uploads\/2023\/12\/6-300x148.png\" alt=\"\" width=\"300\" height=\"148\" srcset=\"https:\/\/lequotidien.mr\/wp-content\/uploads\/2023\/12\/6-300x148.png 300w, https:\/\/lequotidien.mr\/wp-content\/uploads\/2023\/12\/6-1024x504.png 1024w, https:\/\/lequotidien.mr\/wp-content\/uploads\/2023\/12\/6-768x378.png 768w, https:\/\/lequotidien.mr\/wp-content\/uploads\/2023\/12\/6.png 1271w\" sizes=\"auto, (max-width: 300px) 100vw, 300px\" \/><\/p>\n<p>&nbsp;<\/p>\n<p>Pour conclure, il est vrai, comme l\u2019affirme Le360 Afrique, que le <strong>TNS<\/strong> pour le cycle primaire en Mauritanie (78,19% en 2023) est l\u00e9g\u00e8rement inf\u00e9rieur \u00e0 80%, tout comme il est bien en dessous de la moyenne des pays arabes (95% en 2017). En revanche, notre enqu\u00eate prouve qu\u2019il figure en bonne place dans l\u2019Afrique subsaharienne en 2017.\u00a0Il est donc faux de dire que ce TNS est bien en dessous de la moyenne de cette partie de l\u2019Afrique puisque 83% des pays de l\u2019Afrique subsaharienne ont un <strong>TNS inf\u00e9rieur \u00e0 75%<\/strong> en 2017.<\/p>\n<p><strong>La cellule fact-checking \u00a0du Quotidien de Nouakchott<\/strong><\/p>\n<p>&nbsp;<\/p>\n<p>&nbsp;<\/p>\n<p>&nbsp;<\/p>\n","protected":false},"excerpt":{"rendered":"<p>Une publication sur le site marocain Le360 Afrique indique que \u00ab\u00a0le taux net de scolarisation (TNS) en Mauritanie, pour\u00a0 la tranche d\u2019\u00e2ge du cycle primaire 6-11 ans, est inf\u00e9rieur \u00e0 80%, un niveau bien en dessous de la moyenne de l\u2019Afrique subsaharienne et des pays arabes\u00a0\u00bb. Apr\u00e8s v\u00e9rification, le Quotidien de Nouakchott conclut que c\u2019est&#8230;..<\/p>\n","protected":false},"author":4,"featured_media":14754,"comment_status":"open","ping_status":"open","sticky":false,"template":"","format":"standard","meta":{"footnotes":""},"categories":[117,57],"tags":[],"class_list":["post-14750","post","type-post","status-publish","format-standard","has-post-thumbnail","hentry","category-info-ou-intox","category-couverture-specilale"],"yoast_head":"<!-- This site is optimized with the Yoast SEO plugin v27.5 - https:\/\/yoast.com\/product\/yoast-seo-wordpress\/ -->\n<title>Non, le Taux Net de Scolarisation (TNS) du primaire en Mauritanie n\u2019est pas en dessous de la moyenne de l\u2019Afrique subsaharienne - Le Quotidien de Nouakchott %<\/title>\n<meta name=\"robots\" content=\"index, follow, max-snippet:-1, max-image-preview:large, max-video-preview:-1\" \/>\n<link rel=\"canonical\" href=\"https:\/\/lequotidien.mr\/?p=14750&lang=fr\" \/>\n<meta property=\"og:locale\" content=\"ar_AR\" \/>\n<meta property=\"og:type\" content=\"article\" \/>\n<meta property=\"og:title\" content=\"Non, le Taux Net de Scolarisation (TNS) du primaire en Mauritanie n\u2019est pas en dessous de la moyenne de l\u2019Afrique subsaharienne - Le Quotidien de Nouakchott %\" \/>\n<meta property=\"og:description\" content=\"Une publication sur le site marocain Le360 Afrique indique que \u00ab\u00a0le taux net de scolarisation (TNS) en Mauritanie, pour\u00a0 la tranche d\u2019\u00e2ge du cycle primaire 6-11 ans, est inf\u00e9rieur \u00e0 80%, un niveau bien en dessous de la moyenne de l\u2019Afrique subsaharienne et des pays arabes\u00a0\u00bb. Apr\u00e8s v\u00e9rification, le Quotidien de Nouakchott conclut que c\u2019est.....\" \/>\n<meta property=\"og:url\" content=\"https:\/\/lequotidien.mr\/?p=14750&amp;lang=fr\" \/>\n<meta property=\"og:site_name\" content=\"Le Quotidien de Nouakchott\" \/>\n<meta property=\"article:publisher\" content=\"https:\/\/web.facebook.com\/lequotidienmr\" \/>\n<meta property=\"article:published_time\" content=\"2023-12-29T12:44:33+00:00\" \/>\n<meta property=\"article:modified_time\" content=\"2024-05-27T16:12:38+00:00\" \/>\n<meta property=\"og:image\" content=\"https:\/\/lequotidien.mr\/wp-content\/uploads\/2023\/12\/image-1.png\" \/>\n\t<meta property=\"og:image:width\" content=\"1243\" \/>\n\t<meta property=\"og:image:height\" content=\"1532\" \/>\n\t<meta property=\"og:image:type\" content=\"image\/png\" \/>\n<meta name=\"author\" content=\"Le Quotidien\" \/>\n<meta name=\"twitter:card\" content=\"summary_large_image\" \/>\n<meta name=\"twitter:creator\" content=\"@lequotidienmr\" \/>\n<meta name=\"twitter:site\" content=\"@lequotidienmr\" \/>\n<meta name=\"twitter:label1\" content=\"\u0643\u064f\u062a\u0628 \u0628\u0648\u0627\u0633\u0637\u0629\" \/>\n\t<meta name=\"twitter:data1\" content=\"Le Quotidien\" \/>\n\t<meta name=\"twitter:label2\" content=\"\u0648\u0642\u062a \u0627\u0644\u0642\u0631\u0627\u0621\u0629 \u0627\u0644\u0645\u064f\u0642\u062f\u0651\u0631\" \/>\n\t<meta name=\"twitter:data2\" content=\"7 \u062f\u0642\u0627\u0626\u0642\" \/>\n<script type=\"application\/ld+json\" class=\"yoast-schema-graph\">{\"@context\":\"https:\\\/\\\/schema.org\",\"@graph\":[{\"@type\":\"Article\",\"@id\":\"https:\\\/\\\/lequotidien.mr\\\/?p=14750&lang=fr#article\",\"isPartOf\":{\"@id\":\"https:\\\/\\\/lequotidien.mr\\\/?p=14750&lang=fr\"},\"author\":{\"name\":\"Le Quotidien\",\"@id\":\"https:\\\/\\\/lequotidien.mr\\\/#\\\/schema\\\/person\\\/f90fcdaa970c60288de4ed2e64a56472\"},\"headline\":\"Non, le Taux Net de Scolarisation (TNS) du primaire en Mauritanie n\u2019est pas en dessous de la moyenne de l\u2019Afrique subsaharienne\",\"datePublished\":\"2023-12-29T12:44:33+00:00\",\"dateModified\":\"2024-05-27T16:12:38+00:00\",\"mainEntityOfPage\":{\"@id\":\"https:\\\/\\\/lequotidien.mr\\\/?p=14750&lang=fr\"},\"wordCount\":1282,\"commentCount\":0,\"publisher\":{\"@id\":\"https:\\\/\\\/lequotidien.mr\\\/#organization\"},\"image\":{\"@id\":\"https:\\\/\\\/lequotidien.mr\\\/?p=14750&lang=fr#primaryimage\"},\"thumbnailUrl\":\"https:\\\/\\\/lequotidien.mr\\\/wp-content\\\/uploads\\\/2023\\\/12\\\/image-1.png\",\"articleSection\":[\"Info ou Intox\",\"Couverture sp\u00e9cilale\"],\"inLanguage\":\"ar\",\"potentialAction\":[{\"@type\":\"CommentAction\",\"name\":\"Comment\",\"target\":[\"https:\\\/\\\/lequotidien.mr\\\/?p=14750&lang=fr#respond\"]}]},{\"@type\":\"WebPage\",\"@id\":\"https:\\\/\\\/lequotidien.mr\\\/?p=14750&lang=fr\",\"url\":\"https:\\\/\\\/lequotidien.mr\\\/?p=14750&lang=fr\",\"name\":\"Non, le Taux Net de Scolarisation (TNS) du primaire en Mauritanie n\u2019est pas en dessous de la moyenne de l\u2019Afrique subsaharienne - Le Quotidien de Nouakchott %\",\"isPartOf\":{\"@id\":\"https:\\\/\\\/lequotidien.mr\\\/#website\"},\"primaryImageOfPage\":{\"@id\":\"https:\\\/\\\/lequotidien.mr\\\/?p=14750&lang=fr#primaryimage\"},\"image\":{\"@id\":\"https:\\\/\\\/lequotidien.mr\\\/?p=14750&lang=fr#primaryimage\"},\"thumbnailUrl\":\"https:\\\/\\\/lequotidien.mr\\\/wp-content\\\/uploads\\\/2023\\\/12\\\/image-1.png\",\"datePublished\":\"2023-12-29T12:44:33+00:00\",\"dateModified\":\"2024-05-27T16:12:38+00:00\",\"breadcrumb\":{\"@id\":\"https:\\\/\\\/lequotidien.mr\\\/?p=14750&lang=fr#breadcrumb\"},\"inLanguage\":\"ar\",\"potentialAction\":[{\"@type\":\"ReadAction\",\"target\":[\"https:\\\/\\\/lequotidien.mr\\\/?p=14750&lang=fr\"]}]},{\"@type\":\"ImageObject\",\"inLanguage\":\"ar\",\"@id\":\"https:\\\/\\\/lequotidien.mr\\\/?p=14750&lang=fr#primaryimage\",\"url\":\"https:\\\/\\\/lequotidien.mr\\\/wp-content\\\/uploads\\\/2023\\\/12\\\/image-1.png\",\"contentUrl\":\"https:\\\/\\\/lequotidien.mr\\\/wp-content\\\/uploads\\\/2023\\\/12\\\/image-1.png\",\"width\":1243,\"height\":1532},{\"@type\":\"BreadcrumbList\",\"@id\":\"https:\\\/\\\/lequotidien.mr\\\/?p=14750&lang=fr#breadcrumb\",\"itemListElement\":[{\"@type\":\"ListItem\",\"position\":1,\"name\":\"Home\",\"item\":\"https:\\\/\\\/lequotidien.mr\\\/\"},{\"@type\":\"ListItem\",\"position\":2,\"name\":\"Non, le Taux Net de Scolarisation (TNS) du primaire en Mauritanie n\u2019est pas en dessous de la moyenne de l\u2019Afrique subsaharienne\"}]},{\"@type\":\"WebSite\",\"@id\":\"https:\\\/\\\/lequotidien.mr\\\/#website\",\"url\":\"https:\\\/\\\/lequotidien.mr\\\/\",\"name\":\"Le Quotidien de Nouakchott\",\"description\":\"\u0625\u062e\u0628\u0627\u0631\u064a\u0629 \u0645\u0633\u062a\u0642\u0644\u0629 \u0644\u0644\u0623\u0646\u0628\u0627\u0621 \u0627\u0644\u0639\u0627\u0645\u0629\",\"publisher\":{\"@id\":\"https:\\\/\\\/lequotidien.mr\\\/#organization\"},\"potentialAction\":[{\"@type\":\"SearchAction\",\"target\":{\"@type\":\"EntryPoint\",\"urlTemplate\":\"https:\\\/\\\/lequotidien.mr\\\/?s={search_term_string}\"},\"query-input\":{\"@type\":\"PropertyValueSpecification\",\"valueRequired\":true,\"valueName\":\"search_term_string\"}}],\"inLanguage\":\"ar\"},{\"@type\":\"Organization\",\"@id\":\"https:\\\/\\\/lequotidien.mr\\\/#organization\",\"name\":\"Le Quotidien de Nouakchott\",\"url\":\"https:\\\/\\\/lequotidien.mr\\\/\",\"logo\":{\"@type\":\"ImageObject\",\"inLanguage\":\"ar\",\"@id\":\"https:\\\/\\\/lequotidien.mr\\\/#\\\/schema\\\/logo\\\/image\\\/\",\"url\":\"https:\\\/\\\/lequotidien.mr\\\/wp-content\\\/uploads\\\/2022\\\/11\\\/logolequotidien.jpg\",\"contentUrl\":\"https:\\\/\\\/lequotidien.mr\\\/wp-content\\\/uploads\\\/2022\\\/11\\\/logolequotidien.jpg\",\"width\":290,\"height\":65,\"caption\":\"Le Quotidien de Nouakchott\"},\"image\":{\"@id\":\"https:\\\/\\\/lequotidien.mr\\\/#\\\/schema\\\/logo\\\/image\\\/\"},\"sameAs\":[\"https:\\\/\\\/web.facebook.com\\\/lequotidienmr\",\"https:\\\/\\\/x.com\\\/lequotidienmr\"]},{\"@type\":\"Person\",\"@id\":\"https:\\\/\\\/lequotidien.mr\\\/#\\\/schema\\\/person\\\/f90fcdaa970c60288de4ed2e64a56472\",\"name\":\"Le Quotidien\",\"image\":{\"@type\":\"ImageObject\",\"inLanguage\":\"ar\",\"@id\":\"https:\\\/\\\/secure.gravatar.com\\\/avatar\\\/374cb39a1a458a912465a93e5a3ce6546886fc3da809a1f10c63e4e8fcbca30f?s=96&d=mm&r=g\",\"url\":\"https:\\\/\\\/secure.gravatar.com\\\/avatar\\\/374cb39a1a458a912465a93e5a3ce6546886fc3da809a1f10c63e4e8fcbca30f?s=96&d=mm&r=g\",\"contentUrl\":\"https:\\\/\\\/secure.gravatar.com\\\/avatar\\\/374cb39a1a458a912465a93e5a3ce6546886fc3da809a1f10c63e4e8fcbca30f?s=96&d=mm&r=g\",\"caption\":\"Le Quotidien\"},\"sameAs\":[\"https:\\\/\\\/lequotidien.mr\\\/\"],\"url\":\"https:\\\/\\\/lequotidien.mr\\\/?author=4\"}]}<\/script>\n<!-- \/ Yoast SEO plugin. -->","yoast_head_json":{"title":"Non, le Taux Net de Scolarisation (TNS) du primaire en Mauritanie n\u2019est pas en dessous de la moyenne de l\u2019Afrique subsaharienne - Le Quotidien de Nouakchott %","robots":{"index":"index","follow":"follow","max-snippet":"max-snippet:-1","max-image-preview":"max-image-preview:large","max-video-preview":"max-video-preview:-1"},"canonical":"https:\/\/lequotidien.mr\/?p=14750&lang=fr","og_locale":"ar_AR","og_type":"article","og_title":"Non, le Taux Net de Scolarisation (TNS) du primaire en Mauritanie n\u2019est pas en dessous de la moyenne de l\u2019Afrique subsaharienne - Le Quotidien de Nouakchott %","og_description":"Une publication sur le site marocain Le360 Afrique indique que \u00ab\u00a0le taux net de scolarisation (TNS) en Mauritanie, pour\u00a0 la tranche d\u2019\u00e2ge du cycle primaire 6-11 ans, est inf\u00e9rieur \u00e0 80%, un niveau bien en dessous de la moyenne de l\u2019Afrique subsaharienne et des pays arabes\u00a0\u00bb. Apr\u00e8s v\u00e9rification, le Quotidien de Nouakchott conclut que c\u2019est.....","og_url":"https:\/\/lequotidien.mr\/?p=14750&lang=fr","og_site_name":"Le Quotidien de Nouakchott","article_publisher":"https:\/\/web.facebook.com\/lequotidienmr","article_published_time":"2023-12-29T12:44:33+00:00","article_modified_time":"2024-05-27T16:12:38+00:00","og_image":[{"width":1243,"height":1532,"url":"https:\/\/lequotidien.mr\/wp-content\/uploads\/2023\/12\/image-1.png","type":"image\/png"}],"author":"Le Quotidien","twitter_card":"summary_large_image","twitter_creator":"@lequotidienmr","twitter_site":"@lequotidienmr","twitter_misc":{"\u0643\u064f\u062a\u0628 \u0628\u0648\u0627\u0633\u0637\u0629":"Le Quotidien","\u0648\u0642\u062a \u0627\u0644\u0642\u0631\u0627\u0621\u0629 \u0627\u0644\u0645\u064f\u0642\u062f\u0651\u0631":"7 \u062f\u0642\u0627\u0626\u0642"},"schema":{"@context":"https:\/\/schema.org","@graph":[{"@type":"Article","@id":"https:\/\/lequotidien.mr\/?p=14750&lang=fr#article","isPartOf":{"@id":"https:\/\/lequotidien.mr\/?p=14750&lang=fr"},"author":{"name":"Le Quotidien","@id":"https:\/\/lequotidien.mr\/#\/schema\/person\/f90fcdaa970c60288de4ed2e64a56472"},"headline":"Non, le Taux Net de Scolarisation (TNS) du primaire en Mauritanie n\u2019est pas en dessous de la moyenne de l\u2019Afrique subsaharienne","datePublished":"2023-12-29T12:44:33+00:00","dateModified":"2024-05-27T16:12:38+00:00","mainEntityOfPage":{"@id":"https:\/\/lequotidien.mr\/?p=14750&lang=fr"},"wordCount":1282,"commentCount":0,"publisher":{"@id":"https:\/\/lequotidien.mr\/#organization"},"image":{"@id":"https:\/\/lequotidien.mr\/?p=14750&lang=fr#primaryimage"},"thumbnailUrl":"https:\/\/lequotidien.mr\/wp-content\/uploads\/2023\/12\/image-1.png","articleSection":["Info ou Intox","Couverture sp\u00e9cilale"],"inLanguage":"ar","potentialAction":[{"@type":"CommentAction","name":"Comment","target":["https:\/\/lequotidien.mr\/?p=14750&lang=fr#respond"]}]},{"@type":"WebPage","@id":"https:\/\/lequotidien.mr\/?p=14750&lang=fr","url":"https:\/\/lequotidien.mr\/?p=14750&lang=fr","name":"Non, le Taux Net de Scolarisation (TNS) du primaire en Mauritanie n\u2019est pas en dessous de la moyenne de l\u2019Afrique subsaharienne - Le Quotidien de Nouakchott %","isPartOf":{"@id":"https:\/\/lequotidien.mr\/#website"},"primaryImageOfPage":{"@id":"https:\/\/lequotidien.mr\/?p=14750&lang=fr#primaryimage"},"image":{"@id":"https:\/\/lequotidien.mr\/?p=14750&lang=fr#primaryimage"},"thumbnailUrl":"https:\/\/lequotidien.mr\/wp-content\/uploads\/2023\/12\/image-1.png","datePublished":"2023-12-29T12:44:33+00:00","dateModified":"2024-05-27T16:12:38+00:00","breadcrumb":{"@id":"https:\/\/lequotidien.mr\/?p=14750&lang=fr#breadcrumb"},"inLanguage":"ar","potentialAction":[{"@type":"ReadAction","target":["https:\/\/lequotidien.mr\/?p=14750&lang=fr"]}]},{"@type":"ImageObject","inLanguage":"ar","@id":"https:\/\/lequotidien.mr\/?p=14750&lang=fr#primaryimage","url":"https:\/\/lequotidien.mr\/wp-content\/uploads\/2023\/12\/image-1.png","contentUrl":"https:\/\/lequotidien.mr\/wp-content\/uploads\/2023\/12\/image-1.png","width":1243,"height":1532},{"@type":"BreadcrumbList","@id":"https:\/\/lequotidien.mr\/?p=14750&lang=fr#breadcrumb","itemListElement":[{"@type":"ListItem","position":1,"name":"Home","item":"https:\/\/lequotidien.mr\/"},{"@type":"ListItem","position":2,"name":"Non, le Taux Net de Scolarisation (TNS) du primaire en Mauritanie n\u2019est pas en dessous de la moyenne de l\u2019Afrique subsaharienne"}]},{"@type":"WebSite","@id":"https:\/\/lequotidien.mr\/#website","url":"https:\/\/lequotidien.mr\/","name":"Le Quotidien de Nouakchott","description":"\u0625\u062e\u0628\u0627\u0631\u064a\u0629 \u0645\u0633\u062a\u0642\u0644\u0629 \u0644\u0644\u0623\u0646\u0628\u0627\u0621 \u0627\u0644\u0639\u0627\u0645\u0629","publisher":{"@id":"https:\/\/lequotidien.mr\/#organization"},"potentialAction":[{"@type":"SearchAction","target":{"@type":"EntryPoint","urlTemplate":"https:\/\/lequotidien.mr\/?s={search_term_string}"},"query-input":{"@type":"PropertyValueSpecification","valueRequired":true,"valueName":"search_term_string"}}],"inLanguage":"ar"},{"@type":"Organization","@id":"https:\/\/lequotidien.mr\/#organization","name":"Le Quotidien de Nouakchott","url":"https:\/\/lequotidien.mr\/","logo":{"@type":"ImageObject","inLanguage":"ar","@id":"https:\/\/lequotidien.mr\/#\/schema\/logo\/image\/","url":"https:\/\/lequotidien.mr\/wp-content\/uploads\/2022\/11\/logolequotidien.jpg","contentUrl":"https:\/\/lequotidien.mr\/wp-content\/uploads\/2022\/11\/logolequotidien.jpg","width":290,"height":65,"caption":"Le Quotidien de Nouakchott"},"image":{"@id":"https:\/\/lequotidien.mr\/#\/schema\/logo\/image\/"},"sameAs":["https:\/\/web.facebook.com\/lequotidienmr","https:\/\/x.com\/lequotidienmr"]},{"@type":"Person","@id":"https:\/\/lequotidien.mr\/#\/schema\/person\/f90fcdaa970c60288de4ed2e64a56472","name":"Le Quotidien","image":{"@type":"ImageObject","inLanguage":"ar","@id":"https:\/\/secure.gravatar.com\/avatar\/374cb39a1a458a912465a93e5a3ce6546886fc3da809a1f10c63e4e8fcbca30f?s=96&d=mm&r=g","url":"https:\/\/secure.gravatar.com\/avatar\/374cb39a1a458a912465a93e5a3ce6546886fc3da809a1f10c63e4e8fcbca30f?s=96&d=mm&r=g","contentUrl":"https:\/\/secure.gravatar.com\/avatar\/374cb39a1a458a912465a93e5a3ce6546886fc3da809a1f10c63e4e8fcbca30f?s=96&d=mm&r=g","caption":"Le Quotidien"},"sameAs":["https:\/\/lequotidien.mr\/"],"url":"https:\/\/lequotidien.mr\/?author=4"}]}},"_links":{"self":[{"href":"https:\/\/lequotidien.mr\/index.php?rest_route=\/wp\/v2\/posts\/14750","targetHints":{"allow":["GET"]}}],"collection":[{"href":"https:\/\/lequotidien.mr\/index.php?rest_route=\/wp\/v2\/posts"}],"about":[{"href":"https:\/\/lequotidien.mr\/index.php?rest_route=\/wp\/v2\/types\/post"}],"author":[{"embeddable":true,"href":"https:\/\/lequotidien.mr\/index.php?rest_route=\/wp\/v2\/users\/4"}],"replies":[{"embeddable":true,"href":"https:\/\/lequotidien.mr\/index.php?rest_route=%2Fwp%2Fv2%2Fcomments&post=14750"}],"version-history":[{"count":7,"href":"https:\/\/lequotidien.mr\/index.php?rest_route=\/wp\/v2\/posts\/14750\/revisions"}],"predecessor-version":[{"id":18530,"href":"https:\/\/lequotidien.mr\/index.php?rest_route=\/wp\/v2\/posts\/14750\/revisions\/18530"}],"wp:featuredmedia":[{"embeddable":true,"href":"https:\/\/lequotidien.mr\/index.php?rest_route=\/wp\/v2\/media\/14754"}],"wp:attachment":[{"href":"https:\/\/lequotidien.mr\/index.php?rest_route=%2Fwp%2Fv2%2Fmedia&parent=14750"}],"wp:term":[{"taxonomy":"category","embeddable":true,"href":"https:\/\/lequotidien.mr\/index.php?rest_route=%2Fwp%2Fv2%2Fcategories&post=14750"},{"taxonomy":"post_tag","embeddable":true,"href":"https:\/\/lequotidien.mr\/index.php?rest_route=%2Fwp%2Fv2%2Ftags&post=14750"}],"curies":[{"name":"wp","href":"https:\/\/api.w.org\/{rel}","templated":true}]}}