{"id":14748,"date":"2023-12-29T12:20:59","date_gmt":"2023-12-29T12:20:59","guid":{"rendered":"https:\/\/lequotidien.mr\/?p=14748"},"modified":"2023-12-29T12:20:59","modified_gmt":"2023-12-29T12:20:59","slug":"algerie-arrestation-de-deux-terroristes-internationaux-au-sud-du-pays-par-larmee-nationale-algerienne","status":"publish","type":"post","link":"https:\/\/lequotidien.mr\/?p=14748&lang=fr","title":{"rendered":"Alg\u00e9rie : Arrestation de Deux Terroristes Internationaux au Sud du Pays par l&#8217;Arm\u00e9e Nationale Alg\u00e9rienne"},"content":{"rendered":"<p>Dans le cadre de ses efforts pour lutter contre le terrorisme et la criminalit\u00e9 organis\u00e9e, l&#8217;Arm\u00e9e nationale populaire (ANP) d&#8217;Alg\u00e9rie a annonc\u00e9 l&#8217;arrestation de deux terroristes internationaux au sud du pays. Ces individus, impliqu\u00e9s dans des groupes terroristes \u00e0 l&#8217;\u00e9tranger, ont \u00e9t\u00e9 appr\u00e9hend\u00e9s \u00e0 Bordj Badji Mokhtar.<\/p>\n<p>&nbsp;<\/p>\n<p>&nbsp;<\/p>\n<p>Selon le communiqu\u00e9 du minist\u00e8re de la D\u00e9fense alg\u00e9rien, les deux individus appr\u00e9hend\u00e9s ont \u00e9t\u00e9 identifi\u00e9s comme M. Salek, \u00e9galement connu sous le nom de &#8216;Mouloud&#8217;, et N. Sid Ali, surnomm\u00e9 &#8216;Moad&#8217;. Leur implication dans des groupes terroristes \u00e0 l&#8217;\u00e9tranger souligne la n\u00e9cessit\u00e9 d&#8217;une coop\u00e9ration internationale renforc\u00e9e dans la lutte contre le terrorisme.<\/p>\n<p>&nbsp;<\/p>\n<p>L&#8217;ANP a men\u00e9 plusieurs op\u00e9rations couronn\u00e9es de succ\u00e8s au cours de la p\u00e9riode du 20 au 26 d\u00e9cembre 2023.<\/p>\n<p>&nbsp;<\/p>\n<p>En plus de l&#8217;arrestation des terroristes internationaux, un d\u00e9tachement de l&#8217;ANP a d\u00e9couvert huit casemates pour terroristes contenant des substances explosives lors d&#8217;une op\u00e9ration de recherche et de fouille \u00e0 Bouira.<\/p>\n<p>L&#8217;effort coordonn\u00e9 de l&#8217;ANP a \u00e9galement conduit \u00e0 l&#8217;arrestation d&#8217;un individu soup\u00e7onn\u00e9 de soutenir les groupes terroristes \u00e0 Mostaganem. Cette arrestation d\u00e9montre la volont\u00e9 de l&#8217;Alg\u00e9rie de cibler tous les maillons de la cha\u00eene terroriste, y compris ceux qui fournissent un appui logistique aux groupes extr\u00e9mistes.<\/p>\n<p>&nbsp;<\/p>\n<p>L&#8217;arrestation de deux terroristes internationaux et les autres op\u00e9rations r\u00e9ussies men\u00e9es par l&#8217;ANP montrent la determination de l&#8217;Alg\u00e9rie \u00e0 maintenir la s\u00e9curit\u00e9 int\u00e9rieure et \u00e0 contribuer \u00e0 la lutte mondiale contre le terrorisme. La coop\u00e9ration internationale demeure essentielle pour lutter contre cette menace mondiale, et l&#8217;Alg\u00e9rie continue de jouer un r\u00f4le actif dans cet effort collectif visant \u00e0 \u00e9radiquer le terrorisme et \u00e0 assurer un avenir pacifique pour la nation et le monde.<\/p>\n","protected":false},"excerpt":{"rendered":"<p>Dans le cadre de ses efforts pour lutter contre le terrorisme et la criminalit\u00e9 organis\u00e9e, l&#8217;Arm\u00e9e nationale populaire (ANP) d&#8217;Alg\u00e9rie a annonc\u00e9 l&#8217;arrestation de deux terroristes internationaux au sud du pays. Ces individus, impliqu\u00e9s dans des groupes terroristes \u00e0 l&#8217;\u00e9tranger, ont \u00e9t\u00e9 appr\u00e9hend\u00e9s \u00e0 Bordj Badji Mokhtar. &nbsp; &nbsp; Selon le communiqu\u00e9 du minist\u00e8re de&#8230;..<\/p>\n","protected":false},"author":4,"featured_media":0,"comment_status":"open","ping_status":"open","sticky":false,"template":"","format":"standard","meta":{"footnotes":""},"categories":[23,57,53],"tags":[],"class_list":["post-14748","post","type-post","status-publish","format-standard","hentry","category-actualite","category-couverture-specilale","category-faits-divers"],"yoast_head":"<!-- This site is optimized with the Yoast SEO plugin v27.5 - https:\/\/yoast.com\/product\/yoast-seo-wordpress\/ -->\n<title>Alg\u00e9rie : Arrestation de Deux Terroristes Internationaux au Sud du Pays par l&#039;Arm\u00e9e Nationale Alg\u00e9rienne - Le Quotidien de Nouakchott<\/title>\n<meta name=\"robots\" content=\"index, follow, max-snippet:-1, max-image-preview:large, max-video-preview:-1\" \/>\n<link rel=\"canonical\" href=\"https:\/\/lequotidien.mr\/?p=14748&lang=fr\" \/>\n<meta property=\"og:locale\" content=\"ar_AR\" \/>\n<meta property=\"og:type\" content=\"article\" \/>\n<meta property=\"og:title\" content=\"Alg\u00e9rie : Arrestation de Deux Terroristes Internationaux au Sud du Pays par l&#039;Arm\u00e9e Nationale Alg\u00e9rienne - Le Quotidien de Nouakchott\" \/>\n<meta property=\"og:description\" content=\"Dans le cadre de ses efforts pour lutter contre le terrorisme et la criminalit\u00e9 organis\u00e9e, l&#8217;Arm\u00e9e nationale populaire (ANP) d&#8217;Alg\u00e9rie a annonc\u00e9 l&#8217;arrestation de deux terroristes internationaux au sud du pays. Ces individus, impliqu\u00e9s dans des groupes terroristes \u00e0 l&#8217;\u00e9tranger, ont \u00e9t\u00e9 appr\u00e9hend\u00e9s \u00e0 Bordj Badji Mokhtar. &nbsp; &nbsp; Selon le communiqu\u00e9 du minist\u00e8re de.....\" \/>\n<meta property=\"og:url\" content=\"https:\/\/lequotidien.mr\/?p=14748&amp;lang=fr\" \/>\n<meta property=\"og:site_name\" content=\"Le Quotidien de Nouakchott\" \/>\n<meta property=\"article:publisher\" content=\"https:\/\/web.facebook.com\/lequotidienmr\" \/>\n<meta property=\"article:published_time\" content=\"2023-12-29T12:20:59+00:00\" \/>\n<meta name=\"author\" content=\"Le Quotidien\" \/>\n<meta name=\"twitter:card\" content=\"summary_large_image\" \/>\n<meta name=\"twitter:creator\" content=\"@lequotidienmr\" \/>\n<meta name=\"twitter:site\" content=\"@lequotidienmr\" \/>\n<meta name=\"twitter:label1\" content=\"\u0643\u064f\u062a\u0628 \u0628\u0648\u0627\u0633\u0637\u0629\" \/>\n\t<meta name=\"twitter:data1\" content=\"Le Quotidien\" \/>\n\t<meta name=\"twitter:label2\" content=\"\u0648\u0642\u062a \u0627\u0644\u0642\u0631\u0627\u0621\u0629 \u0627\u0644\u0645\u064f\u0642\u062f\u0651\u0631\" \/>\n\t<meta name=\"twitter:data2\" content=\"\u062f\u0642\u064a\u0642\u0629 \u0648\u0627\u062d\u062f\u0629\" \/>\n<script type=\"application\/ld+json\" class=\"yoast-schema-graph\">{\"@context\":\"https:\\\/\\\/schema.org\",\"@graph\":[{\"@type\":\"Article\",\"@id\":\"https:\\\/\\\/lequotidien.mr\\\/?p=14748&lang=fr#article\",\"isPartOf\":{\"@id\":\"https:\\\/\\\/lequotidien.mr\\\/?p=14748&lang=fr\"},\"author\":{\"name\":\"Le Quotidien\",\"@id\":\"https:\\\/\\\/lequotidien.mr\\\/#\\\/schema\\\/person\\\/f90fcdaa970c60288de4ed2e64a56472\"},\"headline\":\"Alg\u00e9rie : Arrestation de Deux Terroristes Internationaux au Sud du Pays par l&#8217;Arm\u00e9e Nationale Alg\u00e9rienne\",\"datePublished\":\"2023-12-29T12:20:59+00:00\",\"mainEntityOfPage\":{\"@id\":\"https:\\\/\\\/lequotidien.mr\\\/?p=14748&lang=fr\"},\"wordCount\":334,\"commentCount\":0,\"publisher\":{\"@id\":\"https:\\\/\\\/lequotidien.mr\\\/#organization\"},\"articleSection\":[\"ACTUALIT\u00c9\",\"Couverture sp\u00e9cilale\",\"FAITS DIVERS\"],\"inLanguage\":\"ar\",\"potentialAction\":[{\"@type\":\"CommentAction\",\"name\":\"Comment\",\"target\":[\"https:\\\/\\\/lequotidien.mr\\\/?p=14748&lang=fr#respond\"]}]},{\"@type\":\"WebPage\",\"@id\":\"https:\\\/\\\/lequotidien.mr\\\/?p=14748&lang=fr\",\"url\":\"https:\\\/\\\/lequotidien.mr\\\/?p=14748&lang=fr\",\"name\":\"Alg\u00e9rie : Arrestation de Deux Terroristes Internationaux au Sud du Pays par l'Arm\u00e9e Nationale Alg\u00e9rienne - Le Quotidien de Nouakchott\",\"isPartOf\":{\"@id\":\"https:\\\/\\\/lequotidien.mr\\\/#website\"},\"datePublished\":\"2023-12-29T12:20:59+00:00\",\"breadcrumb\":{\"@id\":\"https:\\\/\\\/lequotidien.mr\\\/?p=14748&lang=fr#breadcrumb\"},\"inLanguage\":\"ar\",\"potentialAction\":[{\"@type\":\"ReadAction\",\"target\":[\"https:\\\/\\\/lequotidien.mr\\\/?p=14748&lang=fr\"]}]},{\"@type\":\"BreadcrumbList\",\"@id\":\"https:\\\/\\\/lequotidien.mr\\\/?p=14748&lang=fr#breadcrumb\",\"itemListElement\":[{\"@type\":\"ListItem\",\"position\":1,\"name\":\"Home\",\"item\":\"https:\\\/\\\/lequotidien.mr\\\/\"},{\"@type\":\"ListItem\",\"position\":2,\"name\":\"Alg\u00e9rie : Arrestation de Deux Terroristes Internationaux au Sud du Pays par l&#8217;Arm\u00e9e Nationale Alg\u00e9rienne\"}]},{\"@type\":\"WebSite\",\"@id\":\"https:\\\/\\\/lequotidien.mr\\\/#website\",\"url\":\"https:\\\/\\\/lequotidien.mr\\\/\",\"name\":\"Le Quotidien de Nouakchott\",\"description\":\"\u0625\u062e\u0628\u0627\u0631\u064a\u0629 \u0645\u0633\u062a\u0642\u0644\u0629 \u0644\u0644\u0623\u0646\u0628\u0627\u0621 \u0627\u0644\u0639\u0627\u0645\u0629\",\"publisher\":{\"@id\":\"https:\\\/\\\/lequotidien.mr\\\/#organization\"},\"potentialAction\":[{\"@type\":\"SearchAction\",\"target\":{\"@type\":\"EntryPoint\",\"urlTemplate\":\"https:\\\/\\\/lequotidien.mr\\\/?s={search_term_string}\"},\"query-input\":{\"@type\":\"PropertyValueSpecification\",\"valueRequired\":true,\"valueName\":\"search_term_string\"}}],\"inLanguage\":\"ar\"},{\"@type\":\"Organization\",\"@id\":\"https:\\\/\\\/lequotidien.mr\\\/#organization\",\"name\":\"Le Quotidien de Nouakchott\",\"url\":\"https:\\\/\\\/lequotidien.mr\\\/\",\"logo\":{\"@type\":\"ImageObject\",\"inLanguage\":\"ar\",\"@id\":\"https:\\\/\\\/lequotidien.mr\\\/#\\\/schema\\\/logo\\\/image\\\/\",\"url\":\"https:\\\/\\\/lequotidien.mr\\\/wp-content\\\/uploads\\\/2022\\\/11\\\/logolequotidien.jpg\",\"contentUrl\":\"https:\\\/\\\/lequotidien.mr\\\/wp-content\\\/uploads\\\/2022\\\/11\\\/logolequotidien.jpg\",\"width\":290,\"height\":65,\"caption\":\"Le Quotidien de Nouakchott\"},\"image\":{\"@id\":\"https:\\\/\\\/lequotidien.mr\\\/#\\\/schema\\\/logo\\\/image\\\/\"},\"sameAs\":[\"https:\\\/\\\/web.facebook.com\\\/lequotidienmr\",\"https:\\\/\\\/x.com\\\/lequotidienmr\"]},{\"@type\":\"Person\",\"@id\":\"https:\\\/\\\/lequotidien.mr\\\/#\\\/schema\\\/person\\\/f90fcdaa970c60288de4ed2e64a56472\",\"name\":\"Le Quotidien\",\"image\":{\"@type\":\"ImageObject\",\"inLanguage\":\"ar\",\"@id\":\"https:\\\/\\\/secure.gravatar.com\\\/avatar\\\/374cb39a1a458a912465a93e5a3ce6546886fc3da809a1f10c63e4e8fcbca30f?s=96&d=mm&r=g\",\"url\":\"https:\\\/\\\/secure.gravatar.com\\\/avatar\\\/374cb39a1a458a912465a93e5a3ce6546886fc3da809a1f10c63e4e8fcbca30f?s=96&d=mm&r=g\",\"contentUrl\":\"https:\\\/\\\/secure.gravatar.com\\\/avatar\\\/374cb39a1a458a912465a93e5a3ce6546886fc3da809a1f10c63e4e8fcbca30f?s=96&d=mm&r=g\",\"caption\":\"Le Quotidien\"},\"sameAs\":[\"https:\\\/\\\/lequotidien.mr\\\/\"],\"url\":\"https:\\\/\\\/lequotidien.mr\\\/?author=4\"}]}<\/script>\n<!-- \/ Yoast SEO plugin. -->","yoast_head_json":{"title":"Alg\u00e9rie : Arrestation de Deux Terroristes Internationaux au Sud du Pays par l'Arm\u00e9e Nationale Alg\u00e9rienne - Le Quotidien de Nouakchott","robots":{"index":"index","follow":"follow","max-snippet":"max-snippet:-1","max-image-preview":"max-image-preview:large","max-video-preview":"max-video-preview:-1"},"canonical":"https:\/\/lequotidien.mr\/?p=14748&lang=fr","og_locale":"ar_AR","og_type":"article","og_title":"Alg\u00e9rie : Arrestation de Deux Terroristes Internationaux au Sud du Pays par l'Arm\u00e9e Nationale Alg\u00e9rienne - Le Quotidien de Nouakchott","og_description":"Dans le cadre de ses efforts pour lutter contre le terrorisme et la criminalit\u00e9 organis\u00e9e, l&#8217;Arm\u00e9e nationale populaire (ANP) d&#8217;Alg\u00e9rie a annonc\u00e9 l&#8217;arrestation de deux terroristes internationaux au sud du pays. Ces individus, impliqu\u00e9s dans des groupes terroristes \u00e0 l&#8217;\u00e9tranger, ont \u00e9t\u00e9 appr\u00e9hend\u00e9s \u00e0 Bordj Badji Mokhtar. &nbsp; &nbsp; Selon le communiqu\u00e9 du minist\u00e8re de.....","og_url":"https:\/\/lequotidien.mr\/?p=14748&lang=fr","og_site_name":"Le Quotidien de Nouakchott","article_publisher":"https:\/\/web.facebook.com\/lequotidienmr","article_published_time":"2023-12-29T12:20:59+00:00","author":"Le Quotidien","twitter_card":"summary_large_image","twitter_creator":"@lequotidienmr","twitter_site":"@lequotidienmr","twitter_misc":{"\u0643\u064f\u062a\u0628 \u0628\u0648\u0627\u0633\u0637\u0629":"Le Quotidien","\u0648\u0642\u062a \u0627\u0644\u0642\u0631\u0627\u0621\u0629 \u0627\u0644\u0645\u064f\u0642\u062f\u0651\u0631":"\u062f\u0642\u064a\u0642\u0629 \u0648\u0627\u062d\u062f\u0629"},"schema":{"@context":"https:\/\/schema.org","@graph":[{"@type":"Article","@id":"https:\/\/lequotidien.mr\/?p=14748&lang=fr#article","isPartOf":{"@id":"https:\/\/lequotidien.mr\/?p=14748&lang=fr"},"author":{"name":"Le Quotidien","@id":"https:\/\/lequotidien.mr\/#\/schema\/person\/f90fcdaa970c60288de4ed2e64a56472"},"headline":"Alg\u00e9rie : Arrestation de Deux Terroristes Internationaux au Sud du Pays par l&#8217;Arm\u00e9e Nationale Alg\u00e9rienne","datePublished":"2023-12-29T12:20:59+00:00","mainEntityOfPage":{"@id":"https:\/\/lequotidien.mr\/?p=14748&lang=fr"},"wordCount":334,"commentCount":0,"publisher":{"@id":"https:\/\/lequotidien.mr\/#organization"},"articleSection":["ACTUALIT\u00c9","Couverture sp\u00e9cilale","FAITS DIVERS"],"inLanguage":"ar","potentialAction":[{"@type":"CommentAction","name":"Comment","target":["https:\/\/lequotidien.mr\/?p=14748&lang=fr#respond"]}]},{"@type":"WebPage","@id":"https:\/\/lequotidien.mr\/?p=14748&lang=fr","url":"https:\/\/lequotidien.mr\/?p=14748&lang=fr","name":"Alg\u00e9rie : Arrestation de Deux Terroristes Internationaux au Sud du Pays par l'Arm\u00e9e Nationale Alg\u00e9rienne - Le Quotidien de Nouakchott","isPartOf":{"@id":"https:\/\/lequotidien.mr\/#website"},"datePublished":"2023-12-29T12:20:59+00:00","breadcrumb":{"@id":"https:\/\/lequotidien.mr\/?p=14748&lang=fr#breadcrumb"},"inLanguage":"ar","potentialAction":[{"@type":"ReadAction","target":["https:\/\/lequotidien.mr\/?p=14748&lang=fr"]}]},{"@type":"BreadcrumbList","@id":"https:\/\/lequotidien.mr\/?p=14748&lang=fr#breadcrumb","itemListElement":[{"@type":"ListItem","position":1,"name":"Home","item":"https:\/\/lequotidien.mr\/"},{"@type":"ListItem","position":2,"name":"Alg\u00e9rie : Arrestation de Deux Terroristes Internationaux au Sud du Pays par l&#8217;Arm\u00e9e Nationale Alg\u00e9rienne"}]},{"@type":"WebSite","@id":"https:\/\/lequotidien.mr\/#website","url":"https:\/\/lequotidien.mr\/","name":"Le Quotidien de Nouakchott","description":"\u0625\u062e\u0628\u0627\u0631\u064a\u0629 \u0645\u0633\u062a\u0642\u0644\u0629 \u0644\u0644\u0623\u0646\u0628\u0627\u0621 \u0627\u0644\u0639\u0627\u0645\u0629","publisher":{"@id":"https:\/\/lequotidien.mr\/#organization"},"potentialAction":[{"@type":"SearchAction","target":{"@type":"EntryPoint","urlTemplate":"https:\/\/lequotidien.mr\/?s={search_term_string}"},"query-input":{"@type":"PropertyValueSpecification","valueRequired":true,"valueName":"search_term_string"}}],"inLanguage":"ar"},{"@type":"Organization","@id":"https:\/\/lequotidien.mr\/#organization","name":"Le Quotidien de Nouakchott","url":"https:\/\/lequotidien.mr\/","logo":{"@type":"ImageObject","inLanguage":"ar","@id":"https:\/\/lequotidien.mr\/#\/schema\/logo\/image\/","url":"https:\/\/lequotidien.mr\/wp-content\/uploads\/2022\/11\/logolequotidien.jpg","contentUrl":"https:\/\/lequotidien.mr\/wp-content\/uploads\/2022\/11\/logolequotidien.jpg","width":290,"height":65,"caption":"Le Quotidien de Nouakchott"},"image":{"@id":"https:\/\/lequotidien.mr\/#\/schema\/logo\/image\/"},"sameAs":["https:\/\/web.facebook.com\/lequotidienmr","https:\/\/x.com\/lequotidienmr"]},{"@type":"Person","@id":"https:\/\/lequotidien.mr\/#\/schema\/person\/f90fcdaa970c60288de4ed2e64a56472","name":"Le Quotidien","image":{"@type":"ImageObject","inLanguage":"ar","@id":"https:\/\/secure.gravatar.com\/avatar\/374cb39a1a458a912465a93e5a3ce6546886fc3da809a1f10c63e4e8fcbca30f?s=96&d=mm&r=g","url":"https:\/\/secure.gravatar.com\/avatar\/374cb39a1a458a912465a93e5a3ce6546886fc3da809a1f10c63e4e8fcbca30f?s=96&d=mm&r=g","contentUrl":"https:\/\/secure.gravatar.com\/avatar\/374cb39a1a458a912465a93e5a3ce6546886fc3da809a1f10c63e4e8fcbca30f?s=96&d=mm&r=g","caption":"Le Quotidien"},"sameAs":["https:\/\/lequotidien.mr\/"],"url":"https:\/\/lequotidien.mr\/?author=4"}]}},"_links":{"self":[{"href":"https:\/\/lequotidien.mr\/index.php?rest_route=\/wp\/v2\/posts\/14748","targetHints":{"allow":["GET"]}}],"collection":[{"href":"https:\/\/lequotidien.mr\/index.php?rest_route=\/wp\/v2\/posts"}],"about":[{"href":"https:\/\/lequotidien.mr\/index.php?rest_route=\/wp\/v2\/types\/post"}],"author":[{"embeddable":true,"href":"https:\/\/lequotidien.mr\/index.php?rest_route=\/wp\/v2\/users\/4"}],"replies":[{"embeddable":true,"href":"https:\/\/lequotidien.mr\/index.php?rest_route=%2Fwp%2Fv2%2Fcomments&post=14748"}],"version-history":[{"count":1,"href":"https:\/\/lequotidien.mr\/index.php?rest_route=\/wp\/v2\/posts\/14748\/revisions"}],"predecessor-version":[{"id":14749,"href":"https:\/\/lequotidien.mr\/index.php?rest_route=\/wp\/v2\/posts\/14748\/revisions\/14749"}],"wp:attachment":[{"href":"https:\/\/lequotidien.mr\/index.php?rest_route=%2Fwp%2Fv2%2Fmedia&parent=14748"}],"wp:term":[{"taxonomy":"category","embeddable":true,"href":"https:\/\/lequotidien.mr\/index.php?rest_route=%2Fwp%2Fv2%2Fcategories&post=14748"},{"taxonomy":"post_tag","embeddable":true,"href":"https:\/\/lequotidien.mr\/index.php?rest_route=%2Fwp%2Fv2%2Ftags&post=14748"}],"curies":[{"name":"wp","href":"https:\/\/api.w.org\/{rel}","templated":true}]}}