{"id":14641,"date":"2023-12-24T12:44:35","date_gmt":"2023-12-24T12:44:35","guid":{"rendered":"https:\/\/lequotidien.mr\/?p=14641"},"modified":"2023-12-24T12:44:35","modified_gmt":"2023-12-24T12:44:35","slug":"la-sonader-se-mobilise-sur-la-rehabilitation-des-perimetres-irrigues-de-foum-gleita-et-du-guidimakha","status":"publish","type":"post","link":"https:\/\/lequotidien.mr\/?p=14641&lang=fr","title":{"rendered":"La SONADER se mobilise sur la r\u00e9habilitation des p\u00e9rim\u00e8tres irrigu\u00e9s de Foum Gleita et du Guidimakha"},"content":{"rendered":"<div id=\"a\">\n<div id=\"cont\">\n<div id=\"content\">\n<div id=\"block-system-main\" class=\"block block-system\">\n<div class=\"content\">\n<div id=\"node-13296\" class=\"node node-content clearfix\">\n<article class=\"content clearfix\">\n<div class=\"field field-name-body field-type-text-with-summary field-label-hidden\">\n<div class=\"field-items\">\n<div class=\"field-item even\">\n<p>La Soci\u00e9t\u00e9 nationale pour le d\u00e9veloppement rural (SONADER) planche sur la r\u00e9habilitation des p\u00e9rmi\u00e8tres irriugu\u00e9s de Foum Gleita et du Guidimakha soit une superficie totale de 2\u00a0275 ha.<\/p>\n<p>L\u2019entreprise plac\u00e9e sous tutelle du minist\u00e8re de l\u2019Agriculture mandate en effet le consortium \u00a0Afrecom\/Safi et le groupement tunisien ERA\/HP\/BCC pour l\u2019\u00e9tude de r\u00e9habilitation des p\u00e9rim\u00e8tres en question.<\/p>\n<p>Afrecom, cabinet mauritanien \u00e0 vocation r\u00e9gionale fond\u00e9 en 1978 et son partenaire Safi ainsi que le trio ERA\/HP\/BCC se partageront une cagnotte de 170\u00a0998\u00a0200 ouguiya ancienne.<\/p>\n<p>Afrecom\/Safi attributaire de l\u2019\u00e9tude de r\u00e9habilitation du p\u00e9rim\u00e8tre irrigu\u00e9 de Foum Gleita (1\u00a0950 ha) et le ERA\/HP\/BCC charg\u00e9 de l\u2019\u00e9tude de r\u00e9habilitation du p\u00e9rim\u00e8tre irrigu\u00e9 du Guidimakha engrangent respectivement \u00a098 900\u00a0000 \u00a0et \u00a072\u00a0088\u00a0200 ouguiya ancienne. Les deux groupements devront accomplir leur mission dans un d\u00e9lai de 6 mois.<\/p>\n<\/div>\n<\/div>\n<\/div>\n<div class=\"sharethis-buttons\">\n<div class=\"sharethis-wrapper\"><\/div>\n<\/div>\n<div id=\"fb-root\"><\/div>\n<div class=\"fb-comments fb-comments-fluid\" data-href=\"http:\/\/mauriweb.info\/node\/13296\" data-num-posts=\"15\" data-width=\"620\" data-colorscheme=\"light\"><\/div>\n<\/article>\n<\/div>\n<\/div>\n<\/div>\n<\/div>\n<\/div>\n<\/div>\n<div id=\"footer\">\n<div id=\"copyright\"><\/div>\n<\/div>\n","protected":false},"excerpt":{"rendered":"<p>La Soci\u00e9t\u00e9 nationale pour le d\u00e9veloppement rural (SONADER) planche sur la r\u00e9habilitation des p\u00e9rmi\u00e8tres irriugu\u00e9s de Foum Gleita et du Guidimakha soit une superficie totale de 2\u00a0275 ha. L\u2019entreprise plac\u00e9e sous tutelle du minist\u00e8re de l\u2019Agriculture mandate en effet le consortium \u00a0Afrecom\/Safi et le groupement tunisien ERA\/HP\/BCC pour l\u2019\u00e9tude de r\u00e9habilitation des p\u00e9rim\u00e8tres en question&#8230;&#8230;<\/p>\n","protected":false},"author":5,"featured_media":14642,"comment_status":"open","ping_status":"open","sticky":false,"template":"","format":"standard","meta":{"footnotes":""},"categories":[23,49,57],"tags":[],"class_list":["post-14641","post","type-post","status-publish","format-standard","has-post-thumbnail","hentry","category-actualite","category-economie","category-couverture-specilale"],"yoast_head":"<!-- This site is optimized with the Yoast SEO plugin v27.5 - https:\/\/yoast.com\/product\/yoast-seo-wordpress\/ -->\n<title>La SONADER se mobilise sur la r\u00e9habilitation des p\u00e9rim\u00e8tres irrigu\u00e9s de Foum Gleita et du Guidimakha - Le Quotidien de Nouakchott<\/title>\n<meta name=\"robots\" content=\"index, follow, max-snippet:-1, max-image-preview:large, max-video-preview:-1\" \/>\n<link rel=\"canonical\" href=\"https:\/\/lequotidien.mr\/?p=14641&lang=fr\" \/>\n<meta property=\"og:locale\" content=\"ar_AR\" \/>\n<meta property=\"og:type\" content=\"article\" \/>\n<meta property=\"og:title\" content=\"La SONADER se mobilise sur la r\u00e9habilitation des p\u00e9rim\u00e8tres irrigu\u00e9s de Foum Gleita et du Guidimakha - Le Quotidien de Nouakchott\" \/>\n<meta property=\"og:description\" content=\"La Soci\u00e9t\u00e9 nationale pour le d\u00e9veloppement rural (SONADER) planche sur la r\u00e9habilitation des p\u00e9rmi\u00e8tres irriugu\u00e9s de Foum Gleita et du Guidimakha soit une superficie totale de 2\u00a0275 ha. L\u2019entreprise plac\u00e9e sous tutelle du minist\u00e8re de l\u2019Agriculture mandate en effet le consortium \u00a0Afrecom\/Safi et le groupement tunisien ERA\/HP\/BCC pour l\u2019\u00e9tude de r\u00e9habilitation des p\u00e9rim\u00e8tres en question......\" \/>\n<meta property=\"og:url\" content=\"https:\/\/lequotidien.mr\/?p=14641&amp;lang=fr\" \/>\n<meta property=\"og:site_name\" content=\"Le Quotidien de Nouakchott\" \/>\n<meta property=\"article:publisher\" content=\"https:\/\/web.facebook.com\/lequotidienmr\" \/>\n<meta property=\"article:published_time\" content=\"2023-12-24T12:44:35+00:00\" \/>\n<meta property=\"og:image\" content=\"https:\/\/lequotidien.mr\/wp-content\/uploads\/2023\/12\/telechargement-2.jpg\" \/>\n\t<meta property=\"og:image:width\" content=\"259\" \/>\n\t<meta property=\"og:image:height\" content=\"194\" \/>\n\t<meta property=\"og:image:type\" content=\"image\/jpeg\" \/>\n<meta name=\"author\" content=\"Gayi Diawara\" \/>\n<meta name=\"twitter:card\" content=\"summary_large_image\" \/>\n<meta name=\"twitter:creator\" content=\"@lequotidienmr\" \/>\n<meta name=\"twitter:site\" content=\"@lequotidienmr\" \/>\n<meta name=\"twitter:label1\" content=\"\u0643\u064f\u062a\u0628 \u0628\u0648\u0627\u0633\u0637\u0629\" \/>\n\t<meta name=\"twitter:data1\" content=\"Gayi Diawara\" \/>\n\t<meta name=\"twitter:label2\" content=\"\u0648\u0642\u062a \u0627\u0644\u0642\u0631\u0627\u0621\u0629 \u0627\u0644\u0645\u064f\u0642\u062f\u0651\u0631\" \/>\n\t<meta name=\"twitter:data2\" content=\"\u062f\u0642\u064a\u0642\u0629 \u0648\u0627\u062d\u062f\u0629\" \/>\n<script type=\"application\/ld+json\" class=\"yoast-schema-graph\">{\"@context\":\"https:\\\/\\\/schema.org\",\"@graph\":[{\"@type\":\"Article\",\"@id\":\"https:\\\/\\\/lequotidien.mr\\\/?p=14641&lang=fr#article\",\"isPartOf\":{\"@id\":\"https:\\\/\\\/lequotidien.mr\\\/?p=14641&lang=fr\"},\"author\":{\"name\":\"Gayi Diawara\",\"@id\":\"https:\\\/\\\/lequotidien.mr\\\/#\\\/schema\\\/person\\\/1077c8abd5640a6514b909318d271dee\"},\"headline\":\"La SONADER se mobilise sur la r\u00e9habilitation des p\u00e9rim\u00e8tres irrigu\u00e9s de Foum Gleita et du Guidimakha\",\"datePublished\":\"2023-12-24T12:44:35+00:00\",\"mainEntityOfPage\":{\"@id\":\"https:\\\/\\\/lequotidien.mr\\\/?p=14641&lang=fr\"},\"wordCount\":172,\"commentCount\":0,\"publisher\":{\"@id\":\"https:\\\/\\\/lequotidien.mr\\\/#organization\"},\"image\":{\"@id\":\"https:\\\/\\\/lequotidien.mr\\\/?p=14641&lang=fr#primaryimage\"},\"thumbnailUrl\":\"https:\\\/\\\/lequotidien.mr\\\/wp-content\\\/uploads\\\/2023\\\/12\\\/telechargement-2.jpg\",\"articleSection\":[\"ACTUALIT\u00c9\",\"Economie\",\"Couverture sp\u00e9cilale\"],\"inLanguage\":\"ar\",\"potentialAction\":[{\"@type\":\"CommentAction\",\"name\":\"Comment\",\"target\":[\"https:\\\/\\\/lequotidien.mr\\\/?p=14641&lang=fr#respond\"]}]},{\"@type\":\"WebPage\",\"@id\":\"https:\\\/\\\/lequotidien.mr\\\/?p=14641&lang=fr\",\"url\":\"https:\\\/\\\/lequotidien.mr\\\/?p=14641&lang=fr\",\"name\":\"La SONADER se mobilise sur la r\u00e9habilitation des p\u00e9rim\u00e8tres irrigu\u00e9s de Foum Gleita et du Guidimakha - Le Quotidien de Nouakchott\",\"isPartOf\":{\"@id\":\"https:\\\/\\\/lequotidien.mr\\\/#website\"},\"primaryImageOfPage\":{\"@id\":\"https:\\\/\\\/lequotidien.mr\\\/?p=14641&lang=fr#primaryimage\"},\"image\":{\"@id\":\"https:\\\/\\\/lequotidien.mr\\\/?p=14641&lang=fr#primaryimage\"},\"thumbnailUrl\":\"https:\\\/\\\/lequotidien.mr\\\/wp-content\\\/uploads\\\/2023\\\/12\\\/telechargement-2.jpg\",\"datePublished\":\"2023-12-24T12:44:35+00:00\",\"breadcrumb\":{\"@id\":\"https:\\\/\\\/lequotidien.mr\\\/?p=14641&lang=fr#breadcrumb\"},\"inLanguage\":\"ar\",\"potentialAction\":[{\"@type\":\"ReadAction\",\"target\":[\"https:\\\/\\\/lequotidien.mr\\\/?p=14641&lang=fr\"]}]},{\"@type\":\"ImageObject\",\"inLanguage\":\"ar\",\"@id\":\"https:\\\/\\\/lequotidien.mr\\\/?p=14641&lang=fr#primaryimage\",\"url\":\"https:\\\/\\\/lequotidien.mr\\\/wp-content\\\/uploads\\\/2023\\\/12\\\/telechargement-2.jpg\",\"contentUrl\":\"https:\\\/\\\/lequotidien.mr\\\/wp-content\\\/uploads\\\/2023\\\/12\\\/telechargement-2.jpg\",\"width\":259,\"height\":194},{\"@type\":\"BreadcrumbList\",\"@id\":\"https:\\\/\\\/lequotidien.mr\\\/?p=14641&lang=fr#breadcrumb\",\"itemListElement\":[{\"@type\":\"ListItem\",\"position\":1,\"name\":\"Home\",\"item\":\"https:\\\/\\\/lequotidien.mr\\\/\"},{\"@type\":\"ListItem\",\"position\":2,\"name\":\"La SONADER se mobilise sur la r\u00e9habilitation des p\u00e9rim\u00e8tres irrigu\u00e9s de Foum Gleita et du Guidimakha\"}]},{\"@type\":\"WebSite\",\"@id\":\"https:\\\/\\\/lequotidien.mr\\\/#website\",\"url\":\"https:\\\/\\\/lequotidien.mr\\\/\",\"name\":\"Le Quotidien de Nouakchott\",\"description\":\"\u0625\u062e\u0628\u0627\u0631\u064a\u0629 \u0645\u0633\u062a\u0642\u0644\u0629 \u0644\u0644\u0623\u0646\u0628\u0627\u0621 \u0627\u0644\u0639\u0627\u0645\u0629\",\"publisher\":{\"@id\":\"https:\\\/\\\/lequotidien.mr\\\/#organization\"},\"potentialAction\":[{\"@type\":\"SearchAction\",\"target\":{\"@type\":\"EntryPoint\",\"urlTemplate\":\"https:\\\/\\\/lequotidien.mr\\\/?s={search_term_string}\"},\"query-input\":{\"@type\":\"PropertyValueSpecification\",\"valueRequired\":true,\"valueName\":\"search_term_string\"}}],\"inLanguage\":\"ar\"},{\"@type\":\"Organization\",\"@id\":\"https:\\\/\\\/lequotidien.mr\\\/#organization\",\"name\":\"Le Quotidien de Nouakchott\",\"url\":\"https:\\\/\\\/lequotidien.mr\\\/\",\"logo\":{\"@type\":\"ImageObject\",\"inLanguage\":\"ar\",\"@id\":\"https:\\\/\\\/lequotidien.mr\\\/#\\\/schema\\\/logo\\\/image\\\/\",\"url\":\"https:\\\/\\\/lequotidien.mr\\\/wp-content\\\/uploads\\\/2022\\\/11\\\/logolequotidien.jpg\",\"contentUrl\":\"https:\\\/\\\/lequotidien.mr\\\/wp-content\\\/uploads\\\/2022\\\/11\\\/logolequotidien.jpg\",\"width\":290,\"height\":65,\"caption\":\"Le Quotidien de Nouakchott\"},\"image\":{\"@id\":\"https:\\\/\\\/lequotidien.mr\\\/#\\\/schema\\\/logo\\\/image\\\/\"},\"sameAs\":[\"https:\\\/\\\/web.facebook.com\\\/lequotidienmr\",\"https:\\\/\\\/x.com\\\/lequotidienmr\"]},{\"@type\":\"Person\",\"@id\":\"https:\\\/\\\/lequotidien.mr\\\/#\\\/schema\\\/person\\\/1077c8abd5640a6514b909318d271dee\",\"name\":\"Gayi Diawara\",\"image\":{\"@type\":\"ImageObject\",\"inLanguage\":\"ar\",\"@id\":\"https:\\\/\\\/secure.gravatar.com\\\/avatar\\\/63ea8db1e19a6d2d608b24c0f78b5f3a7d6e0bc11959fec273410af333e4d0ac?s=96&d=mm&r=g\",\"url\":\"https:\\\/\\\/secure.gravatar.com\\\/avatar\\\/63ea8db1e19a6d2d608b24c0f78b5f3a7d6e0bc11959fec273410af333e4d0ac?s=96&d=mm&r=g\",\"contentUrl\":\"https:\\\/\\\/secure.gravatar.com\\\/avatar\\\/63ea8db1e19a6d2d608b24c0f78b5f3a7d6e0bc11959fec273410af333e4d0ac?s=96&d=mm&r=g\",\"caption\":\"Gayi Diawara\"},\"sameAs\":[\"http:\\\/\\\/lequotidien.mr\"],\"url\":\"https:\\\/\\\/lequotidien.mr\\\/?author=5\"}]}<\/script>\n<!-- \/ Yoast SEO plugin. -->","yoast_head_json":{"title":"La SONADER se mobilise sur la r\u00e9habilitation des p\u00e9rim\u00e8tres irrigu\u00e9s de Foum Gleita et du Guidimakha - Le Quotidien de Nouakchott","robots":{"index":"index","follow":"follow","max-snippet":"max-snippet:-1","max-image-preview":"max-image-preview:large","max-video-preview":"max-video-preview:-1"},"canonical":"https:\/\/lequotidien.mr\/?p=14641&lang=fr","og_locale":"ar_AR","og_type":"article","og_title":"La SONADER se mobilise sur la r\u00e9habilitation des p\u00e9rim\u00e8tres irrigu\u00e9s de Foum Gleita et du Guidimakha - Le Quotidien de Nouakchott","og_description":"La Soci\u00e9t\u00e9 nationale pour le d\u00e9veloppement rural (SONADER) planche sur la r\u00e9habilitation des p\u00e9rmi\u00e8tres irriugu\u00e9s de Foum Gleita et du Guidimakha soit une superficie totale de 2\u00a0275 ha. L\u2019entreprise plac\u00e9e sous tutelle du minist\u00e8re de l\u2019Agriculture mandate en effet le consortium \u00a0Afrecom\/Safi et le groupement tunisien ERA\/HP\/BCC pour l\u2019\u00e9tude de r\u00e9habilitation des p\u00e9rim\u00e8tres en question......","og_url":"https:\/\/lequotidien.mr\/?p=14641&lang=fr","og_site_name":"Le Quotidien de Nouakchott","article_publisher":"https:\/\/web.facebook.com\/lequotidienmr","article_published_time":"2023-12-24T12:44:35+00:00","og_image":[{"width":259,"height":194,"url":"https:\/\/lequotidien.mr\/wp-content\/uploads\/2023\/12\/telechargement-2.jpg","type":"image\/jpeg"}],"author":"Gayi Diawara","twitter_card":"summary_large_image","twitter_creator":"@lequotidienmr","twitter_site":"@lequotidienmr","twitter_misc":{"\u0643\u064f\u062a\u0628 \u0628\u0648\u0627\u0633\u0637\u0629":"Gayi Diawara","\u0648\u0642\u062a \u0627\u0644\u0642\u0631\u0627\u0621\u0629 \u0627\u0644\u0645\u064f\u0642\u062f\u0651\u0631":"\u062f\u0642\u064a\u0642\u0629 \u0648\u0627\u062d\u062f\u0629"},"schema":{"@context":"https:\/\/schema.org","@graph":[{"@type":"Article","@id":"https:\/\/lequotidien.mr\/?p=14641&lang=fr#article","isPartOf":{"@id":"https:\/\/lequotidien.mr\/?p=14641&lang=fr"},"author":{"name":"Gayi Diawara","@id":"https:\/\/lequotidien.mr\/#\/schema\/person\/1077c8abd5640a6514b909318d271dee"},"headline":"La SONADER se mobilise sur la r\u00e9habilitation des p\u00e9rim\u00e8tres irrigu\u00e9s de Foum Gleita et du Guidimakha","datePublished":"2023-12-24T12:44:35+00:00","mainEntityOfPage":{"@id":"https:\/\/lequotidien.mr\/?p=14641&lang=fr"},"wordCount":172,"commentCount":0,"publisher":{"@id":"https:\/\/lequotidien.mr\/#organization"},"image":{"@id":"https:\/\/lequotidien.mr\/?p=14641&lang=fr#primaryimage"},"thumbnailUrl":"https:\/\/lequotidien.mr\/wp-content\/uploads\/2023\/12\/telechargement-2.jpg","articleSection":["ACTUALIT\u00c9","Economie","Couverture sp\u00e9cilale"],"inLanguage":"ar","potentialAction":[{"@type":"CommentAction","name":"Comment","target":["https:\/\/lequotidien.mr\/?p=14641&lang=fr#respond"]}]},{"@type":"WebPage","@id":"https:\/\/lequotidien.mr\/?p=14641&lang=fr","url":"https:\/\/lequotidien.mr\/?p=14641&lang=fr","name":"La SONADER se mobilise sur la r\u00e9habilitation des p\u00e9rim\u00e8tres irrigu\u00e9s de Foum Gleita et du Guidimakha - Le Quotidien de Nouakchott","isPartOf":{"@id":"https:\/\/lequotidien.mr\/#website"},"primaryImageOfPage":{"@id":"https:\/\/lequotidien.mr\/?p=14641&lang=fr#primaryimage"},"image":{"@id":"https:\/\/lequotidien.mr\/?p=14641&lang=fr#primaryimage"},"thumbnailUrl":"https:\/\/lequotidien.mr\/wp-content\/uploads\/2023\/12\/telechargement-2.jpg","datePublished":"2023-12-24T12:44:35+00:00","breadcrumb":{"@id":"https:\/\/lequotidien.mr\/?p=14641&lang=fr#breadcrumb"},"inLanguage":"ar","potentialAction":[{"@type":"ReadAction","target":["https:\/\/lequotidien.mr\/?p=14641&lang=fr"]}]},{"@type":"ImageObject","inLanguage":"ar","@id":"https:\/\/lequotidien.mr\/?p=14641&lang=fr#primaryimage","url":"https:\/\/lequotidien.mr\/wp-content\/uploads\/2023\/12\/telechargement-2.jpg","contentUrl":"https:\/\/lequotidien.mr\/wp-content\/uploads\/2023\/12\/telechargement-2.jpg","width":259,"height":194},{"@type":"BreadcrumbList","@id":"https:\/\/lequotidien.mr\/?p=14641&lang=fr#breadcrumb","itemListElement":[{"@type":"ListItem","position":1,"name":"Home","item":"https:\/\/lequotidien.mr\/"},{"@type":"ListItem","position":2,"name":"La SONADER se mobilise sur la r\u00e9habilitation des p\u00e9rim\u00e8tres irrigu\u00e9s de Foum Gleita et du Guidimakha"}]},{"@type":"WebSite","@id":"https:\/\/lequotidien.mr\/#website","url":"https:\/\/lequotidien.mr\/","name":"Le Quotidien de Nouakchott","description":"\u0625\u062e\u0628\u0627\u0631\u064a\u0629 \u0645\u0633\u062a\u0642\u0644\u0629 \u0644\u0644\u0623\u0646\u0628\u0627\u0621 \u0627\u0644\u0639\u0627\u0645\u0629","publisher":{"@id":"https:\/\/lequotidien.mr\/#organization"},"potentialAction":[{"@type":"SearchAction","target":{"@type":"EntryPoint","urlTemplate":"https:\/\/lequotidien.mr\/?s={search_term_string}"},"query-input":{"@type":"PropertyValueSpecification","valueRequired":true,"valueName":"search_term_string"}}],"inLanguage":"ar"},{"@type":"Organization","@id":"https:\/\/lequotidien.mr\/#organization","name":"Le Quotidien de Nouakchott","url":"https:\/\/lequotidien.mr\/","logo":{"@type":"ImageObject","inLanguage":"ar","@id":"https:\/\/lequotidien.mr\/#\/schema\/logo\/image\/","url":"https:\/\/lequotidien.mr\/wp-content\/uploads\/2022\/11\/logolequotidien.jpg","contentUrl":"https:\/\/lequotidien.mr\/wp-content\/uploads\/2022\/11\/logolequotidien.jpg","width":290,"height":65,"caption":"Le Quotidien de Nouakchott"},"image":{"@id":"https:\/\/lequotidien.mr\/#\/schema\/logo\/image\/"},"sameAs":["https:\/\/web.facebook.com\/lequotidienmr","https:\/\/x.com\/lequotidienmr"]},{"@type":"Person","@id":"https:\/\/lequotidien.mr\/#\/schema\/person\/1077c8abd5640a6514b909318d271dee","name":"Gayi Diawara","image":{"@type":"ImageObject","inLanguage":"ar","@id":"https:\/\/secure.gravatar.com\/avatar\/63ea8db1e19a6d2d608b24c0f78b5f3a7d6e0bc11959fec273410af333e4d0ac?s=96&d=mm&r=g","url":"https:\/\/secure.gravatar.com\/avatar\/63ea8db1e19a6d2d608b24c0f78b5f3a7d6e0bc11959fec273410af333e4d0ac?s=96&d=mm&r=g","contentUrl":"https:\/\/secure.gravatar.com\/avatar\/63ea8db1e19a6d2d608b24c0f78b5f3a7d6e0bc11959fec273410af333e4d0ac?s=96&d=mm&r=g","caption":"Gayi Diawara"},"sameAs":["http:\/\/lequotidien.mr"],"url":"https:\/\/lequotidien.mr\/?author=5"}]}},"_links":{"self":[{"href":"https:\/\/lequotidien.mr\/index.php?rest_route=\/wp\/v2\/posts\/14641","targetHints":{"allow":["GET"]}}],"collection":[{"href":"https:\/\/lequotidien.mr\/index.php?rest_route=\/wp\/v2\/posts"}],"about":[{"href":"https:\/\/lequotidien.mr\/index.php?rest_route=\/wp\/v2\/types\/post"}],"author":[{"embeddable":true,"href":"https:\/\/lequotidien.mr\/index.php?rest_route=\/wp\/v2\/users\/5"}],"replies":[{"embeddable":true,"href":"https:\/\/lequotidien.mr\/index.php?rest_route=%2Fwp%2Fv2%2Fcomments&post=14641"}],"version-history":[{"count":1,"href":"https:\/\/lequotidien.mr\/index.php?rest_route=\/wp\/v2\/posts\/14641\/revisions"}],"predecessor-version":[{"id":14643,"href":"https:\/\/lequotidien.mr\/index.php?rest_route=\/wp\/v2\/posts\/14641\/revisions\/14643"}],"wp:featuredmedia":[{"embeddable":true,"href":"https:\/\/lequotidien.mr\/index.php?rest_route=\/wp\/v2\/media\/14642"}],"wp:attachment":[{"href":"https:\/\/lequotidien.mr\/index.php?rest_route=%2Fwp%2Fv2%2Fmedia&parent=14641"}],"wp:term":[{"taxonomy":"category","embeddable":true,"href":"https:\/\/lequotidien.mr\/index.php?rest_route=%2Fwp%2Fv2%2Fcategories&post=14641"},{"taxonomy":"post_tag","embeddable":true,"href":"https:\/\/lequotidien.mr\/index.php?rest_route=%2Fwp%2Fv2%2Ftags&post=14641"}],"curies":[{"name":"wp","href":"https:\/\/api.w.org\/{rel}","templated":true}]}}