{"id":14552,"date":"2023-12-20T23:18:41","date_gmt":"2023-12-20T23:18:41","guid":{"rendered":"https:\/\/lequotidien.mr\/?p=14552"},"modified":"2023-12-20T23:18:41","modified_gmt":"2023-12-20T23:18:41","slug":"communique-du-conseil-des-ministres-du-mercredi-20-decembre-2023","status":"publish","type":"post","link":"https:\/\/lequotidien.mr\/?p=14552&lang=fr","title":{"rendered":"Communiqu\u00e9 du Conseil des Ministres du mercredi 20 d\u00e9cembre 2023"},"content":{"rendered":"<p>AMI &#8211; Le Conseil des ministres s\u2019est r\u00e9uni le mercredi 20 d\u00e9cembre 2023 sous la pr\u00e9sidence de Son Excellence Monsieur le Pr\u00e9sident de la R\u00e9publique, Mohamed Ould Cheikh El Ghazouani.<\/p>\n<p>Le Conseil a examin\u00e9 et approuv\u00e9 les projets de lois suivants :<\/p>\n<p>\u2010 Projet de loi autorisant la ratification de la convention sign\u00e9e le 21 octobre 2023 entre le Gouvernement de la R\u00e9publique Islamique de Mauritanie et la Banque Islamique de D\u00e9veloppement (BID), destin\u00e9 au financement du projet de cr\u00e9ation des \u00e9tablissements r\u00e9gionaux d\u2019enseignement sup\u00e9rieur en Mauritanie.<\/p>\n<p>\u2010 Projet de loi autorisant la ratification de la convention cadre (financement vente \u00e0 terme) sign\u00e9e le 21 octobre 2023 entre le Gouvernement de la R\u00e9publique Islamique de Mauritanie et la Banque Islamique de D\u00e9veloppement (BID), destin\u00e9 au financement du projet de cr\u00e9ation des \u00e9tablissements r\u00e9gionaux d\u2019enseignement sup\u00e9rieur en Mauritanie.<\/p>\n<p>La ratification de ces deux accords soutient les efforts du gouvernement visant \u00e0 cr\u00e9er de meilleures conditions d\u2019acc\u00e8s au syst\u00e8me d\u2019enseignement sup\u00e9rieur, \u00e0 diversifier ses programmes, \u00e0 d\u00e9centraliser les \u00e9tablissements charg\u00e9s de dispenser l\u2019enseignement sup\u00e9rieur et \u00e0 d\u00e9velopper les capacit\u00e9s institutionnelles \u00e0 travers la construction de l\u2019\u00c9cole Mauritanienne de M\u00e9decine V\u00e9t\u00e9rinaire \u00e0 N\u00e9ma et de l\u2019\u00c9cole Sup\u00e9rieure d\u2019Agriculture de Ka\u00e9di.<\/p>\n<p>Ces deux projets d\u2019\u00e9coles sup\u00e9rieures, dont le co\u00fbt global s\u2019\u00e9l\u00e8ve \u00e0 2.006.670.000 MRU, ont pour objectif d\u2019augmenter la capacit\u00e9 du syst\u00e8me d\u2019enseignement sup\u00e9rieur de 720 \u00e9tudiants.<\/p>\n<p>\u2010 Projet de loi autorisant l\u2019accord de pr\u00eat, sign\u00e9 le 29 novembre 2023 entre le Gouvernement de la R\u00e9publique Islamique de Mauritanie et le Fonds Africain de D\u00e9veloppement (FAD), destin\u00e9 au financement du Projet d\u2019Appui \u00e0 la Gouvernance des Entreprises Publiques (PAGEP).<\/p>\n<p>La mise en \u0153uvre du Projet d\u2019Appui \u00e0 la Gouvernance des Entreprises Publiques (PAGEP) vise \u00e0 accompagner les autorit\u00e9s dans les efforts de modernisation de la Gouvernance des entreprises et des \u00e9tablissements publics, \u00e0 am\u00e9liorer le suivi et le contr\u00f4le financier de ces entit\u00e9s et \u00e0 renforcer la capacit\u00e9 du pays \u00e0 g\u00e9rer sa date de mani\u00e8re efficace et transparente.<\/p>\n<p>Ce projet, dont le co\u00fbt est de 315.000.000 MRU, a pour objectifs d\u2019am\u00e9liorer le suivi et la transparence des entreprises et des \u00e9tablissements publics, et de mieux valoriser le portefeuille des participations de l\u2019Etat. A cet \u00e9gard, l\u2019accent sera mis sur :<\/p>\n<p>\u2010 Le renforcement du contr\u00f4le financier et la maitrise des risques budg\u00e9taires des entreprises et des \u00e9tablissements publics ;<\/p>\n<p>\u2010 La modernisation de la gouvernance et du cadre de gestion de la performance des entreprises et des \u00e9tablissements publics.<\/p>\n<p>\u2010 Projet de loi modifiant et compl\u00e9tant certaines dispositions de la loi n\u00b0 2010-045 du 26 juillet 2010, relative \u00e0 la communication audiovisuelle.<\/p>\n<p>Le pr\u00e9sent projet de loi portant modification de la loi 2010-045 du 26 juillet 2010, vise \u00e0 d\u00e9velopper une approche m\u00e9thodique de la communication audiovisuelle, dans un contexte marqu\u00e9 par l\u2019\u00e9volution technologique et conform\u00e9ment aux accords ratifi\u00e9s par notre pays, afin de r\u00e9pondre aux plus hauts standards, en particulier en ce qui concerne les exigences technologiques, humaines et sociales.<\/p>\n<p>Le Conseil a \u00e9galement examin\u00e9 et adopt\u00e9 les projets de d\u00e9crets suivants :<\/p>\n<p>\u2010 Projet de d\u00e9cret relatif \u00e0 la d\u00e9mat\u00e9rialisation des proc\u00e9dures de passation de contr\u00f4le et de r\u00e9gulation des march\u00e9s publics.<\/p>\n<p>Le Gouvernement Mauritanien a engag\u00e9 en 2021 une r\u00e9forme sur l\u2019ensemble du syst\u00e8me de passation des march\u00e9s publics dans le souci de respecter les principes de libert\u00e9s d\u2019acc\u00e8s \u00e0 la commande publique, d\u2019assurer l\u2019\u00e9galit\u00e9 de traitement des candidats et de garantir la transparence des proc\u00e9dures de passation des march\u00e9s publics. Les r\u00e9sultats de cette r\u00e9forme sont en de\u00e7\u00e0 des objectifs escompt\u00e9s.<\/p>\n<p>Ce projet de d\u00e9cret porte sur la cr\u00e9ation d\u2019une plateforme de d\u00e9mat\u00e9rialisation des proc\u00e9dures, notamment la r\u00e9alisation des op\u00e9rations majeures et non limitatives, relatives \u00e0 l\u2019\u00e9laboration :<\/p>\n<p>\u2010 Du plan annuel pr\u00e9visionnel de passation des march\u00e9s publics, et sa validation ;<\/p>\n<p>\u2010 De l\u2019avis g\u00e9n\u00e9ral de passation des march\u00e9s ;<\/p>\n<p>\u2010 Des dossiers de pr\u00e9s\u00e9lection ou d\u2019appel d\u2019offres et leur validation ;<\/p>\n<p>\u2010 Des diff\u00e9rents proc\u00e8s-verbaux et rapports \u00e9tablis par la Commission de passation des march\u00e9s publics (CPMP) et la sous-commission d\u2019analyse des offres ; et<\/p>\n<p>\u2010 Du projet de march\u00e9.<\/p>\n<p>\u2010 Projet de d\u00e9cret portant nomination du Pr\u00e9sident du Conseil d\u2019Administration de l\u2019Agence Nationale de Recherches G\u00e9ologiques et du Patrimoine Minier (ANARPAM).<\/p>\n<p>\u2010 Projet de d\u00e9cret portant statut particulier des corps de fili\u00e8re du contr\u00f4le \u00e9conomique.<\/p>\n<p>Ce projet de d\u00e9cret vise \u00e0 d\u00e9terminer le statut particulier des corps de la fili\u00e8re du contr\u00f4le \u00e9conomique, en application de l\u2019article 31 de la loi n\u00b0 93-09 du 18 janvier 1993 modifi\u00e9e et des articles 44 et 66 de la loi n\u00b0 2020-007 en date du 4 janvier 2020 relative \u00e0 la protection des consommateurs.<\/p>\n<p>Il d\u00e9finit d\u2019une part, le statut particulier des corps du contr\u00f4le \u00e9conomique et les missions d\u00e9volues \u00e0 la fili\u00e8re du contr\u00f4le \u00e9conomique, et les missions, droits et devoirs des inspecteurs principaux et des inspecteurs et enqu\u00eateurs dans les domaines de r\u00e9pression des fraudes et de concurrence et enqu\u00eate \u00e9conomique. D\u2019autre part, il pr\u00e9cise les voies d\u2019acc\u00e8s aux corps de la fili\u00e8re du contr\u00f4le \u00e9conomique ainsi que les conditions de titularisation, d\u2019avancement et de stage.<\/p>\n<p>Par ailleurs, il pr\u00e9voit que la constitution initiale des corps de la fili\u00e8re du contr\u00f4le \u00e9conomique est r\u00e9serv\u00e9e exclusivement \u00e0 la nouvelle promotion du contr\u00f4le \u00e9conomique.<\/p>\n<p>\u2010 Projet de d\u00e9cret portant nomination du Pr\u00e9sident et des membres du Conseil d\u2019Administration de l\u2019Etablissement des Travaux d\u2019Entretien Routier (ETER).<\/p>\n<p>Par ailleurs, inform\u00e9 des r\u00e9sultats des visites de travail, co\u00efncidant avec les festivit\u00e9s comm\u00e9moratives du 63\u00e8me anniversaire de l\u2019ind\u00e9pendance nationale, effectu\u00e9es par Son Excellence Monsieur le Pr\u00e9sident de la R\u00e9publique dans la wilaya de l\u2019Adrar, le 17 d\u00e9cembre, et par Son Excellence Monsieur le Premier Ministre, le 19 d\u00e9cembre dans la wilaya de Dakhlet Nouadhibou, o\u00f9 il s\u2019est rendu pour repr\u00e9senter Son Excellence Monsieur le Pr\u00e9sident de la R\u00e9publique, le Conseil des Ministres adresse ses remerciements et ses vives f\u00e9licitations aux populations de ces deux wilayas en g\u00e9n\u00e9ral et en particulier aux Moughataas d\u2019Atar, de Chinguitty et de Nouadhibou, pour la grande mobilisation et la chaleur de l\u2019accueil r\u00e9serv\u00e9 \u00e0 Son Excellence Monsieur le Pr\u00e9sident de la R\u00e9publique, au Premier Ministre et aux d\u00e9l\u00e9gations qui les ont accompagn\u00e9es au cours de ces importantes visites, durant lesquelles ils ont proc\u00e9d\u00e9 au lancement et \u00e0 l\u2019inauguration de plusieurs projets de d\u00e9veloppement au profit des populations.<\/p>\n<p>Le Ministre de l\u2019Int\u00e9rieur et de la D\u00e9centralisation a pr\u00e9sent\u00e9 les deux communications suivantes :<\/p>\n<p>\u2010 Communication relative \u00e0 la situation int\u00e9rieure.<\/p>\n<p>\u2010 Communication relative \u00e0 la Strat\u00e9gie Nationale de promotion des Organisation Non Gouvernementales (ONG) et Organisations Communautaires de Base (OCB) de d\u00e9veloppement.<\/p>\n<p>Cette communication rappelle, d\u2019une part, l\u2019importance du r\u00f4le que joue la soci\u00e9t\u00e9 civile et son implication dans les efforts de d\u00e9veloppement \u00e9conomique et social, et pr\u00e9sente la Strat\u00e9gie Nationale de promotion des Organisations Non Gouvernementales (ONG) et Organisations Communautaires de Base (OCB) de d\u00e9veloppement, dont l\u2019objectif principal vise l\u2019\u00e9mergence d\u2019une soci\u00e9t\u00e9 civile renforc\u00e9e, dot\u00e9e des moyens n\u00e9cessaires pour jouer un r\u00f4le efficace dans le d\u00e9veloppement \u00e9conomique et social du pays, d\u2019autre part.<\/p>\n<p>Le Ministre d\u00e9l\u00e9gu\u00e9 aupr\u00e8s du ministre des Affaires \u00e9trang\u00e8res, de la Coop\u00e9ration et des Mauritaniens de l\u2019ext\u00e9rieur charg\u00e9 des Mauritaniens de l\u2019ext\u00e9rieur a pr\u00e9sent\u00e9 une communication relative \u00e0 la situation internationale.<\/p>\n<p><u>Enfin, le Conseil a pris les mesures individuelles suivantes :<\/u><\/p>\n<p>Minist\u00e8re de la Justice :<\/p>\n<p>Cabinet du Ministre<\/p>\n<p>Charg\u00e9 de Mission<\/p>\n<p>\u2010 DIA Abderrahmane Samba, pr\u00e9c\u00e9demment inspecteur \u00e0 l\u2019Inspection G\u00e9n\u00e9rale de l\u2019Administration Judiciaire et P\u00e9nitentiaire.<\/p>\n<p>Inspection G\u00e9n\u00e9rale Interne<\/p>\n<p>Inspection G\u00e9n\u00e9rale de l\u2019Administration Judiciaire et P\u00e9nitentiaire<\/p>\n<p>\u2010 Inspecteur G\u00e9n\u00e9ral Adjoint : Bah El Bar MBEIRICK, Magistrat.<\/p>\n<p>Inspecteurs :<\/p>\n<p>\u2010 Mohamed El B\u00e9chir El Yezid, Magistrat;<\/p>\n<p>\u2010 Ahmedna Ali Sid\u2019Amar, pr\u00e9c\u00e9demment chef de service de la traduction au secr\u00e9tariat g\u00e9n\u00e9ral.<\/p>\n<p>Minist\u00e8re de l\u2019\u00c9ducation Nationale et de la R\u00e9forme du Syst\u00e8me \u00c9ducatif<\/p>\n<p>Cabinet du Ministre<\/p>\n<p>Charg\u00e9 de Mission<\/p>\n<p>\u2010 Moustapha Ould KLEIB, Inspecteur de l\u2019enseignement secondaire ;<\/p>\n<p>\u2010 Ghali Ould Abghari, titulaire d\u2019un Doctorat en finances, statistiques et \u00e9ducation.<\/p>\n","protected":false},"excerpt":{"rendered":"<p>AMI &#8211; Le Conseil des ministres s\u2019est r\u00e9uni le mercredi 20 d\u00e9cembre 2023 sous la pr\u00e9sidence de Son Excellence Monsieur le Pr\u00e9sident de la R\u00e9publique, Mohamed Ould Cheikh El Ghazouani. Le Conseil a examin\u00e9 et approuv\u00e9 les projets de lois suivants : \u2010 Projet de loi autorisant la ratification de la convention sign\u00e9e le 21&#8230;..<\/p>\n","protected":false},"author":5,"featured_media":14553,"comment_status":"open","ping_status":"open","sticky":false,"template":"","format":"standard","meta":{"footnotes":""},"categories":[23,49,57],"tags":[],"class_list":["post-14552","post","type-post","status-publish","format-standard","has-post-thumbnail","hentry","category-actualite","category-economie","category-couverture-specilale"],"yoast_head":"<!-- This site is optimized with the Yoast SEO plugin v27.5 - https:\/\/yoast.com\/product\/yoast-seo-wordpress\/ -->\n<title>Communiqu\u00e9 du Conseil des Ministres du mercredi 20 d\u00e9cembre 2023 - Le Quotidien de Nouakchott<\/title>\n<meta name=\"robots\" content=\"index, follow, max-snippet:-1, max-image-preview:large, max-video-preview:-1\" \/>\n<link rel=\"canonical\" href=\"https:\/\/lequotidien.mr\/?p=14552&lang=fr\" \/>\n<meta property=\"og:locale\" content=\"ar_AR\" \/>\n<meta property=\"og:type\" content=\"article\" \/>\n<meta property=\"og:title\" content=\"Communiqu\u00e9 du Conseil des Ministres du mercredi 20 d\u00e9cembre 2023 - Le Quotidien de Nouakchott\" \/>\n<meta property=\"og:description\" content=\"AMI &#8211; Le Conseil des ministres s\u2019est r\u00e9uni le mercredi 20 d\u00e9cembre 2023 sous la pr\u00e9sidence de Son Excellence Monsieur le Pr\u00e9sident de la R\u00e9publique, Mohamed Ould Cheikh El Ghazouani. Le Conseil a examin\u00e9 et approuv\u00e9 les projets de lois suivants : \u2010 Projet de loi autorisant la ratification de la convention sign\u00e9e le 21.....\" \/>\n<meta property=\"og:url\" content=\"https:\/\/lequotidien.mr\/?p=14552&amp;lang=fr\" \/>\n<meta property=\"og:site_name\" content=\"Le Quotidien de Nouakchott\" \/>\n<meta property=\"article:publisher\" content=\"https:\/\/web.facebook.com\/lequotidienmr\" \/>\n<meta property=\"article:published_time\" content=\"2023-12-20T23:18:41+00:00\" \/>\n<meta property=\"og:image\" content=\"https:\/\/lequotidien.mr\/wp-content\/uploads\/2023\/12\/conseil_des_minitres_co_d_m_pr_001_750x430-1.jpg\" \/>\n\t<meta property=\"og:image:width\" content=\"639\" \/>\n\t<meta property=\"og:image:height\" content=\"410\" \/>\n\t<meta property=\"og:image:type\" content=\"image\/jpeg\" \/>\n<meta name=\"author\" content=\"Gayi Diawara\" \/>\n<meta name=\"twitter:card\" content=\"summary_large_image\" \/>\n<meta name=\"twitter:creator\" content=\"@lequotidienmr\" \/>\n<meta name=\"twitter:site\" content=\"@lequotidienmr\" \/>\n<meta name=\"twitter:label1\" content=\"\u0643\u064f\u062a\u0628 \u0628\u0648\u0627\u0633\u0637\u0629\" \/>\n\t<meta name=\"twitter:data1\" content=\"Gayi Diawara\" \/>\n\t<meta name=\"twitter:label2\" content=\"\u0648\u0642\u062a \u0627\u0644\u0642\u0631\u0627\u0621\u0629 \u0627\u0644\u0645\u064f\u0642\u062f\u0651\u0631\" \/>\n\t<meta name=\"twitter:data2\" content=\"7 \u062f\u0642\u0627\u0626\u0642\" \/>\n<script type=\"application\/ld+json\" class=\"yoast-schema-graph\">{\"@context\":\"https:\\\/\\\/schema.org\",\"@graph\":[{\"@type\":\"Article\",\"@id\":\"https:\\\/\\\/lequotidien.mr\\\/?p=14552&lang=fr#article\",\"isPartOf\":{\"@id\":\"https:\\\/\\\/lequotidien.mr\\\/?p=14552&lang=fr\"},\"author\":{\"name\":\"Gayi Diawara\",\"@id\":\"https:\\\/\\\/lequotidien.mr\\\/#\\\/schema\\\/person\\\/1077c8abd5640a6514b909318d271dee\"},\"headline\":\"Communiqu\u00e9 du Conseil des Ministres du mercredi 20 d\u00e9cembre 2023\",\"datePublished\":\"2023-12-20T23:18:41+00:00\",\"mainEntityOfPage\":{\"@id\":\"https:\\\/\\\/lequotidien.mr\\\/?p=14552&lang=fr\"},\"wordCount\":1476,\"commentCount\":0,\"publisher\":{\"@id\":\"https:\\\/\\\/lequotidien.mr\\\/#organization\"},\"image\":{\"@id\":\"https:\\\/\\\/lequotidien.mr\\\/?p=14552&lang=fr#primaryimage\"},\"thumbnailUrl\":\"https:\\\/\\\/lequotidien.mr\\\/wp-content\\\/uploads\\\/2023\\\/12\\\/conseil_des_minitres_co_d_m_pr_001_750x430-1.jpg\",\"articleSection\":[\"ACTUALIT\u00c9\",\"Economie\",\"Couverture sp\u00e9cilale\"],\"inLanguage\":\"ar\",\"potentialAction\":[{\"@type\":\"CommentAction\",\"name\":\"Comment\",\"target\":[\"https:\\\/\\\/lequotidien.mr\\\/?p=14552&lang=fr#respond\"]}]},{\"@type\":\"WebPage\",\"@id\":\"https:\\\/\\\/lequotidien.mr\\\/?p=14552&lang=fr\",\"url\":\"https:\\\/\\\/lequotidien.mr\\\/?p=14552&lang=fr\",\"name\":\"Communiqu\u00e9 du Conseil des Ministres du mercredi 20 d\u00e9cembre 2023 - Le Quotidien de Nouakchott\",\"isPartOf\":{\"@id\":\"https:\\\/\\\/lequotidien.mr\\\/#website\"},\"primaryImageOfPage\":{\"@id\":\"https:\\\/\\\/lequotidien.mr\\\/?p=14552&lang=fr#primaryimage\"},\"image\":{\"@id\":\"https:\\\/\\\/lequotidien.mr\\\/?p=14552&lang=fr#primaryimage\"},\"thumbnailUrl\":\"https:\\\/\\\/lequotidien.mr\\\/wp-content\\\/uploads\\\/2023\\\/12\\\/conseil_des_minitres_co_d_m_pr_001_750x430-1.jpg\",\"datePublished\":\"2023-12-20T23:18:41+00:00\",\"breadcrumb\":{\"@id\":\"https:\\\/\\\/lequotidien.mr\\\/?p=14552&lang=fr#breadcrumb\"},\"inLanguage\":\"ar\",\"potentialAction\":[{\"@type\":\"ReadAction\",\"target\":[\"https:\\\/\\\/lequotidien.mr\\\/?p=14552&lang=fr\"]}]},{\"@type\":\"ImageObject\",\"inLanguage\":\"ar\",\"@id\":\"https:\\\/\\\/lequotidien.mr\\\/?p=14552&lang=fr#primaryimage\",\"url\":\"https:\\\/\\\/lequotidien.mr\\\/wp-content\\\/uploads\\\/2023\\\/12\\\/conseil_des_minitres_co_d_m_pr_001_750x430-1.jpg\",\"contentUrl\":\"https:\\\/\\\/lequotidien.mr\\\/wp-content\\\/uploads\\\/2023\\\/12\\\/conseil_des_minitres_co_d_m_pr_001_750x430-1.jpg\",\"width\":639,\"height\":410},{\"@type\":\"BreadcrumbList\",\"@id\":\"https:\\\/\\\/lequotidien.mr\\\/?p=14552&lang=fr#breadcrumb\",\"itemListElement\":[{\"@type\":\"ListItem\",\"position\":1,\"name\":\"Home\",\"item\":\"https:\\\/\\\/lequotidien.mr\\\/\"},{\"@type\":\"ListItem\",\"position\":2,\"name\":\"Communiqu\u00e9 du Conseil des Ministres du mercredi 20 d\u00e9cembre 2023\"}]},{\"@type\":\"WebSite\",\"@id\":\"https:\\\/\\\/lequotidien.mr\\\/#website\",\"url\":\"https:\\\/\\\/lequotidien.mr\\\/\",\"name\":\"Le Quotidien de Nouakchott\",\"description\":\"\u0625\u062e\u0628\u0627\u0631\u064a\u0629 \u0645\u0633\u062a\u0642\u0644\u0629 \u0644\u0644\u0623\u0646\u0628\u0627\u0621 \u0627\u0644\u0639\u0627\u0645\u0629\",\"publisher\":{\"@id\":\"https:\\\/\\\/lequotidien.mr\\\/#organization\"},\"potentialAction\":[{\"@type\":\"SearchAction\",\"target\":{\"@type\":\"EntryPoint\",\"urlTemplate\":\"https:\\\/\\\/lequotidien.mr\\\/?s={search_term_string}\"},\"query-input\":{\"@type\":\"PropertyValueSpecification\",\"valueRequired\":true,\"valueName\":\"search_term_string\"}}],\"inLanguage\":\"ar\"},{\"@type\":\"Organization\",\"@id\":\"https:\\\/\\\/lequotidien.mr\\\/#organization\",\"name\":\"Le Quotidien de Nouakchott\",\"url\":\"https:\\\/\\\/lequotidien.mr\\\/\",\"logo\":{\"@type\":\"ImageObject\",\"inLanguage\":\"ar\",\"@id\":\"https:\\\/\\\/lequotidien.mr\\\/#\\\/schema\\\/logo\\\/image\\\/\",\"url\":\"https:\\\/\\\/lequotidien.mr\\\/wp-content\\\/uploads\\\/2022\\\/11\\\/logolequotidien.jpg\",\"contentUrl\":\"https:\\\/\\\/lequotidien.mr\\\/wp-content\\\/uploads\\\/2022\\\/11\\\/logolequotidien.jpg\",\"width\":290,\"height\":65,\"caption\":\"Le Quotidien de Nouakchott\"},\"image\":{\"@id\":\"https:\\\/\\\/lequotidien.mr\\\/#\\\/schema\\\/logo\\\/image\\\/\"},\"sameAs\":[\"https:\\\/\\\/web.facebook.com\\\/lequotidienmr\",\"https:\\\/\\\/x.com\\\/lequotidienmr\"]},{\"@type\":\"Person\",\"@id\":\"https:\\\/\\\/lequotidien.mr\\\/#\\\/schema\\\/person\\\/1077c8abd5640a6514b909318d271dee\",\"name\":\"Gayi Diawara\",\"image\":{\"@type\":\"ImageObject\",\"inLanguage\":\"ar\",\"@id\":\"https:\\\/\\\/secure.gravatar.com\\\/avatar\\\/63ea8db1e19a6d2d608b24c0f78b5f3a7d6e0bc11959fec273410af333e4d0ac?s=96&d=mm&r=g\",\"url\":\"https:\\\/\\\/secure.gravatar.com\\\/avatar\\\/63ea8db1e19a6d2d608b24c0f78b5f3a7d6e0bc11959fec273410af333e4d0ac?s=96&d=mm&r=g\",\"contentUrl\":\"https:\\\/\\\/secure.gravatar.com\\\/avatar\\\/63ea8db1e19a6d2d608b24c0f78b5f3a7d6e0bc11959fec273410af333e4d0ac?s=96&d=mm&r=g\",\"caption\":\"Gayi Diawara\"},\"sameAs\":[\"http:\\\/\\\/lequotidien.mr\"],\"url\":\"https:\\\/\\\/lequotidien.mr\\\/?author=5\"}]}<\/script>\n<!-- \/ Yoast SEO plugin. -->","yoast_head_json":{"title":"Communiqu\u00e9 du Conseil des Ministres du mercredi 20 d\u00e9cembre 2023 - Le Quotidien de Nouakchott","robots":{"index":"index","follow":"follow","max-snippet":"max-snippet:-1","max-image-preview":"max-image-preview:large","max-video-preview":"max-video-preview:-1"},"canonical":"https:\/\/lequotidien.mr\/?p=14552&lang=fr","og_locale":"ar_AR","og_type":"article","og_title":"Communiqu\u00e9 du Conseil des Ministres du mercredi 20 d\u00e9cembre 2023 - Le Quotidien de Nouakchott","og_description":"AMI &#8211; Le Conseil des ministres s\u2019est r\u00e9uni le mercredi 20 d\u00e9cembre 2023 sous la pr\u00e9sidence de Son Excellence Monsieur le Pr\u00e9sident de la R\u00e9publique, Mohamed Ould Cheikh El Ghazouani. Le Conseil a examin\u00e9 et approuv\u00e9 les projets de lois suivants : \u2010 Projet de loi autorisant la ratification de la convention sign\u00e9e le 21.....","og_url":"https:\/\/lequotidien.mr\/?p=14552&lang=fr","og_site_name":"Le Quotidien de Nouakchott","article_publisher":"https:\/\/web.facebook.com\/lequotidienmr","article_published_time":"2023-12-20T23:18:41+00:00","og_image":[{"width":639,"height":410,"url":"https:\/\/lequotidien.mr\/wp-content\/uploads\/2023\/12\/conseil_des_minitres_co_d_m_pr_001_750x430-1.jpg","type":"image\/jpeg"}],"author":"Gayi Diawara","twitter_card":"summary_large_image","twitter_creator":"@lequotidienmr","twitter_site":"@lequotidienmr","twitter_misc":{"\u0643\u064f\u062a\u0628 \u0628\u0648\u0627\u0633\u0637\u0629":"Gayi Diawara","\u0648\u0642\u062a \u0627\u0644\u0642\u0631\u0627\u0621\u0629 \u0627\u0644\u0645\u064f\u0642\u062f\u0651\u0631":"7 \u062f\u0642\u0627\u0626\u0642"},"schema":{"@context":"https:\/\/schema.org","@graph":[{"@type":"Article","@id":"https:\/\/lequotidien.mr\/?p=14552&lang=fr#article","isPartOf":{"@id":"https:\/\/lequotidien.mr\/?p=14552&lang=fr"},"author":{"name":"Gayi Diawara","@id":"https:\/\/lequotidien.mr\/#\/schema\/person\/1077c8abd5640a6514b909318d271dee"},"headline":"Communiqu\u00e9 du Conseil des Ministres du mercredi 20 d\u00e9cembre 2023","datePublished":"2023-12-20T23:18:41+00:00","mainEntityOfPage":{"@id":"https:\/\/lequotidien.mr\/?p=14552&lang=fr"},"wordCount":1476,"commentCount":0,"publisher":{"@id":"https:\/\/lequotidien.mr\/#organization"},"image":{"@id":"https:\/\/lequotidien.mr\/?p=14552&lang=fr#primaryimage"},"thumbnailUrl":"https:\/\/lequotidien.mr\/wp-content\/uploads\/2023\/12\/conseil_des_minitres_co_d_m_pr_001_750x430-1.jpg","articleSection":["ACTUALIT\u00c9","Economie","Couverture sp\u00e9cilale"],"inLanguage":"ar","potentialAction":[{"@type":"CommentAction","name":"Comment","target":["https:\/\/lequotidien.mr\/?p=14552&lang=fr#respond"]}]},{"@type":"WebPage","@id":"https:\/\/lequotidien.mr\/?p=14552&lang=fr","url":"https:\/\/lequotidien.mr\/?p=14552&lang=fr","name":"Communiqu\u00e9 du Conseil des Ministres du mercredi 20 d\u00e9cembre 2023 - Le Quotidien de Nouakchott","isPartOf":{"@id":"https:\/\/lequotidien.mr\/#website"},"primaryImageOfPage":{"@id":"https:\/\/lequotidien.mr\/?p=14552&lang=fr#primaryimage"},"image":{"@id":"https:\/\/lequotidien.mr\/?p=14552&lang=fr#primaryimage"},"thumbnailUrl":"https:\/\/lequotidien.mr\/wp-content\/uploads\/2023\/12\/conseil_des_minitres_co_d_m_pr_001_750x430-1.jpg","datePublished":"2023-12-20T23:18:41+00:00","breadcrumb":{"@id":"https:\/\/lequotidien.mr\/?p=14552&lang=fr#breadcrumb"},"inLanguage":"ar","potentialAction":[{"@type":"ReadAction","target":["https:\/\/lequotidien.mr\/?p=14552&lang=fr"]}]},{"@type":"ImageObject","inLanguage":"ar","@id":"https:\/\/lequotidien.mr\/?p=14552&lang=fr#primaryimage","url":"https:\/\/lequotidien.mr\/wp-content\/uploads\/2023\/12\/conseil_des_minitres_co_d_m_pr_001_750x430-1.jpg","contentUrl":"https:\/\/lequotidien.mr\/wp-content\/uploads\/2023\/12\/conseil_des_minitres_co_d_m_pr_001_750x430-1.jpg","width":639,"height":410},{"@type":"BreadcrumbList","@id":"https:\/\/lequotidien.mr\/?p=14552&lang=fr#breadcrumb","itemListElement":[{"@type":"ListItem","position":1,"name":"Home","item":"https:\/\/lequotidien.mr\/"},{"@type":"ListItem","position":2,"name":"Communiqu\u00e9 du Conseil des Ministres du mercredi 20 d\u00e9cembre 2023"}]},{"@type":"WebSite","@id":"https:\/\/lequotidien.mr\/#website","url":"https:\/\/lequotidien.mr\/","name":"Le Quotidien de Nouakchott","description":"\u0625\u062e\u0628\u0627\u0631\u064a\u0629 \u0645\u0633\u062a\u0642\u0644\u0629 \u0644\u0644\u0623\u0646\u0628\u0627\u0621 \u0627\u0644\u0639\u0627\u0645\u0629","publisher":{"@id":"https:\/\/lequotidien.mr\/#organization"},"potentialAction":[{"@type":"SearchAction","target":{"@type":"EntryPoint","urlTemplate":"https:\/\/lequotidien.mr\/?s={search_term_string}"},"query-input":{"@type":"PropertyValueSpecification","valueRequired":true,"valueName":"search_term_string"}}],"inLanguage":"ar"},{"@type":"Organization","@id":"https:\/\/lequotidien.mr\/#organization","name":"Le Quotidien de Nouakchott","url":"https:\/\/lequotidien.mr\/","logo":{"@type":"ImageObject","inLanguage":"ar","@id":"https:\/\/lequotidien.mr\/#\/schema\/logo\/image\/","url":"https:\/\/lequotidien.mr\/wp-content\/uploads\/2022\/11\/logolequotidien.jpg","contentUrl":"https:\/\/lequotidien.mr\/wp-content\/uploads\/2022\/11\/logolequotidien.jpg","width":290,"height":65,"caption":"Le Quotidien de Nouakchott"},"image":{"@id":"https:\/\/lequotidien.mr\/#\/schema\/logo\/image\/"},"sameAs":["https:\/\/web.facebook.com\/lequotidienmr","https:\/\/x.com\/lequotidienmr"]},{"@type":"Person","@id":"https:\/\/lequotidien.mr\/#\/schema\/person\/1077c8abd5640a6514b909318d271dee","name":"Gayi Diawara","image":{"@type":"ImageObject","inLanguage":"ar","@id":"https:\/\/secure.gravatar.com\/avatar\/63ea8db1e19a6d2d608b24c0f78b5f3a7d6e0bc11959fec273410af333e4d0ac?s=96&d=mm&r=g","url":"https:\/\/secure.gravatar.com\/avatar\/63ea8db1e19a6d2d608b24c0f78b5f3a7d6e0bc11959fec273410af333e4d0ac?s=96&d=mm&r=g","contentUrl":"https:\/\/secure.gravatar.com\/avatar\/63ea8db1e19a6d2d608b24c0f78b5f3a7d6e0bc11959fec273410af333e4d0ac?s=96&d=mm&r=g","caption":"Gayi Diawara"},"sameAs":["http:\/\/lequotidien.mr"],"url":"https:\/\/lequotidien.mr\/?author=5"}]}},"_links":{"self":[{"href":"https:\/\/lequotidien.mr\/index.php?rest_route=\/wp\/v2\/posts\/14552","targetHints":{"allow":["GET"]}}],"collection":[{"href":"https:\/\/lequotidien.mr\/index.php?rest_route=\/wp\/v2\/posts"}],"about":[{"href":"https:\/\/lequotidien.mr\/index.php?rest_route=\/wp\/v2\/types\/post"}],"author":[{"embeddable":true,"href":"https:\/\/lequotidien.mr\/index.php?rest_route=\/wp\/v2\/users\/5"}],"replies":[{"embeddable":true,"href":"https:\/\/lequotidien.mr\/index.php?rest_route=%2Fwp%2Fv2%2Fcomments&post=14552"}],"version-history":[{"count":1,"href":"https:\/\/lequotidien.mr\/index.php?rest_route=\/wp\/v2\/posts\/14552\/revisions"}],"predecessor-version":[{"id":14554,"href":"https:\/\/lequotidien.mr\/index.php?rest_route=\/wp\/v2\/posts\/14552\/revisions\/14554"}],"wp:featuredmedia":[{"embeddable":true,"href":"https:\/\/lequotidien.mr\/index.php?rest_route=\/wp\/v2\/media\/14553"}],"wp:attachment":[{"href":"https:\/\/lequotidien.mr\/index.php?rest_route=%2Fwp%2Fv2%2Fmedia&parent=14552"}],"wp:term":[{"taxonomy":"category","embeddable":true,"href":"https:\/\/lequotidien.mr\/index.php?rest_route=%2Fwp%2Fv2%2Fcategories&post=14552"},{"taxonomy":"post_tag","embeddable":true,"href":"https:\/\/lequotidien.mr\/index.php?rest_route=%2Fwp%2Fv2%2Ftags&post=14552"}],"curies":[{"name":"wp","href":"https:\/\/api.w.org\/{rel}","templated":true}]}}