{"id":14531,"date":"2023-12-19T23:26:36","date_gmt":"2023-12-19T23:26:36","guid":{"rendered":"https:\/\/lequotidien.mr\/?p=14531"},"modified":"2023-12-19T23:26:36","modified_gmt":"2023-12-19T23:26:36","slug":"rehabilitation-de-la-piste-de-laeroport-de-nouadhibou-le-president-de-la-republique-donne-le-coup-denvoi-des-travaux-dune-valeur-de-46-milliards-douguiyas","status":"publish","type":"post","link":"https:\/\/lequotidien.mr\/?p=14531&lang=fr","title":{"rendered":"R\u00e9habilitation de la piste de l&#8217;a\u00e9roport de Nouadhibou : Le Pr\u00e9sident de la R\u00e9publique donne le coup d&#8217;envoi des travaux d&#8217;une valeur de 4,6 milliards d&#8217;ouguiyas"},"content":{"rendered":"<p>Les travaux de r\u00e9habilitation de la piste de l&#8217;a\u00e9roport international de Nouadhibou et de ses \u00e9quipements ont d\u00e9but\u00e9 ce mardi, avec un co\u00fbt estim\u00e9 \u00e0 environ 4,6 milliards d&#8217;anciennes ouguiyas.<\/p>\n<p>Le Premier ministre, Mohamed Ould Bilal Messoud, au nom du pr\u00e9sident Mohamed Ould Cheikh El Ghazouani, a donn\u00e9 le coup d&#8217;envoi de ces travaux dans le cadre des c\u00e9l\u00e9brations marquant le 63e anniversaire de l&#8217;ind\u00e9pendance nationale.<\/p>\n<p>La r\u00e9alisation des travaux a \u00e9t\u00e9 confi\u00e9e \u00e0 la soci\u00e9t\u00e9 ATTM, avec le bureau d&#8217;\u00e9tudes Betagep charg\u00e9 de la supervision technique.<\/p>\n<p>Le ministre de l&#8217;\u00c9quipement et des Transports, Mohamed Ould Sidi Mohamed, a d\u00e9clar\u00e9 que &#8220;la r\u00e9habilitation de la piste permettra de reprendre le trafic a\u00e9rien dans cet a\u00e9roport et d&#8217;accueillir diff\u00e9rents types d&#8217;a\u00e9ronefs&#8221;.<\/p>\n<p>Il a soulign\u00e9 que son secteur a \u00e9labor\u00e9 une &#8220;strat\u00e9gie pour activer le service des a\u00e9roports, am\u00e9liorer leur niveau et les adapter aux normes internationales en vigueur, telles que l&#8217;installation de balises lumineuses dans les a\u00e9roports de N\u00e9ma, S\u00e9libaby, Atar, la r\u00e9novation et le remplacement des hangars, la fourniture de camions de pompiers, la construction de d\u00e9p\u00f4ts de carburant, et la mise en place d&#8217;\u00e9quipements de surveillance m\u00e9t\u00e9orologique&#8221;.<\/p>\n<p>Le Premier ministre a \u00e9galement inaugur\u00e9 plusieurs projets \u00e0 Nouadhibou, notamment le nouveau si\u00e8ge de l&#8217;Office national d&#8217;inspection sanitaire des produits de la p\u00eache et de l&#8217;aquaculture, la centrale \u00e9lectrique de la r\u00e9gion d&#8217;Aswadisia, le chantier naval d&#8217;Atlanthique Naval Industries et l&#8217;usine de poisson du port autonome de Nouadhibou. Il a \u00e9galement pos\u00e9 la premi\u00e8re pierre pour le lancement des travaux du r\u00e9seau routier urbain et de l&#8217;entr\u00e9e de la ville de Nouadhibou, ainsi que l&#8217;extension du port de la Baie du Levrier.<\/p>\n","protected":false},"excerpt":{"rendered":"<p>Les travaux de r\u00e9habilitation de la piste de l&#8217;a\u00e9roport international de Nouadhibou et de ses \u00e9quipements ont d\u00e9but\u00e9 ce mardi, avec un co\u00fbt estim\u00e9 \u00e0 environ 4,6 milliards d&#8217;anciennes ouguiyas. Le Premier ministre, Mohamed Ould Bilal Messoud, au nom du pr\u00e9sident Mohamed Ould Cheikh El Ghazouani, a donn\u00e9 le coup d&#8217;envoi de ces travaux dans&#8230;..<\/p>\n","protected":false},"author":3,"featured_media":14532,"comment_status":"open","ping_status":"open","sticky":false,"template":"","format":"standard","meta":{"footnotes":""},"categories":[23,49],"tags":[],"class_list":["post-14531","post","type-post","status-publish","format-standard","has-post-thumbnail","hentry","category-actualite","category-economie"],"yoast_head":"<!-- This site is optimized with the Yoast SEO plugin v27.5 - https:\/\/yoast.com\/product\/yoast-seo-wordpress\/ -->\n<title>R\u00e9habilitation de la piste de l&#039;a\u00e9roport de Nouadhibou : Le Pr\u00e9sident de la R\u00e9publique donne le coup d&#039;envoi des travaux d&#039;une valeur de 4,6 milliards d&#039;ouguiyas - Le Quotidien de Nouakchott<\/title>\n<meta name=\"robots\" content=\"index, follow, max-snippet:-1, max-image-preview:large, max-video-preview:-1\" \/>\n<link rel=\"canonical\" href=\"https:\/\/lequotidien.mr\/?p=14531&lang=fr\" \/>\n<meta property=\"og:locale\" content=\"ar_AR\" \/>\n<meta property=\"og:type\" content=\"article\" \/>\n<meta property=\"og:title\" content=\"R\u00e9habilitation de la piste de l&#039;a\u00e9roport de Nouadhibou : Le Pr\u00e9sident de la R\u00e9publique donne le coup d&#039;envoi des travaux d&#039;une valeur de 4,6 milliards d&#039;ouguiyas - Le Quotidien de Nouakchott\" \/>\n<meta property=\"og:description\" content=\"Les travaux de r\u00e9habilitation de la piste de l&#8217;a\u00e9roport international de Nouadhibou et de ses \u00e9quipements ont d\u00e9but\u00e9 ce mardi, avec un co\u00fbt estim\u00e9 \u00e0 environ 4,6 milliards d&#8217;anciennes ouguiyas. Le Premier ministre, Mohamed Ould Bilal Messoud, au nom du pr\u00e9sident Mohamed Ould Cheikh El Ghazouani, a donn\u00e9 le coup d&#8217;envoi de ces travaux dans.....\" \/>\n<meta property=\"og:url\" content=\"https:\/\/lequotidien.mr\/?p=14531&amp;lang=fr\" \/>\n<meta property=\"og:site_name\" content=\"Le Quotidien de Nouakchott\" \/>\n<meta property=\"article:publisher\" content=\"https:\/\/web.facebook.com\/lequotidienmr\" \/>\n<meta property=\"article:author\" content=\"https:\/\/web.facebook.com\/a.mleiwih\" \/>\n<meta property=\"article:published_time\" content=\"2023-12-19T23:26:36+00:00\" \/>\n<meta property=\"og:image\" content=\"https:\/\/lequotidien.mr\/wp-content\/uploads\/2023\/12\/pm-ndb-008.webp\" \/>\n\t<meta property=\"og:image:width\" content=\"788\" \/>\n\t<meta property=\"og:image:height\" content=\"355\" \/>\n\t<meta property=\"og:image:type\" content=\"image\/webp\" \/>\n<meta name=\"author\" content=\"Alioun M&#039;leiwih\" \/>\n<meta name=\"twitter:card\" content=\"summary_large_image\" \/>\n<meta name=\"twitter:creator\" content=\"@lequotidienmr\" \/>\n<meta name=\"twitter:site\" content=\"@lequotidienmr\" \/>\n<meta name=\"twitter:label1\" content=\"\u0643\u064f\u062a\u0628 \u0628\u0648\u0627\u0633\u0637\u0629\" \/>\n\t<meta name=\"twitter:data1\" content=\"Alioun M&#039;leiwih\" \/>\n\t<meta name=\"twitter:label2\" content=\"\u0648\u0642\u062a \u0627\u0644\u0642\u0631\u0627\u0621\u0629 \u0627\u0644\u0645\u064f\u0642\u062f\u0651\u0631\" \/>\n\t<meta name=\"twitter:data2\" content=\"\u062f\u0642\u064a\u0642\u062a\u0627\u0646\" \/>\n<script type=\"application\/ld+json\" class=\"yoast-schema-graph\">{\"@context\":\"https:\\\/\\\/schema.org\",\"@graph\":[{\"@type\":\"Article\",\"@id\":\"https:\\\/\\\/lequotidien.mr\\\/?p=14531&lang=fr#article\",\"isPartOf\":{\"@id\":\"https:\\\/\\\/lequotidien.mr\\\/?p=14531&lang=fr\"},\"author\":{\"name\":\"Alioun M'leiwih\",\"@id\":\"https:\\\/\\\/lequotidien.mr\\\/#\\\/schema\\\/person\\\/69d1518c74c9137087929a20b1272cb0\"},\"headline\":\"R\u00e9habilitation de la piste de l&#8217;a\u00e9roport de Nouadhibou : Le Pr\u00e9sident de la R\u00e9publique donne le coup d&#8217;envoi des travaux d&#8217;une valeur de 4,6 milliards d&#8217;ouguiyas\",\"datePublished\":\"2023-12-19T23:26:36+00:00\",\"mainEntityOfPage\":{\"@id\":\"https:\\\/\\\/lequotidien.mr\\\/?p=14531&lang=fr\"},\"wordCount\":351,\"commentCount\":0,\"publisher\":{\"@id\":\"https:\\\/\\\/lequotidien.mr\\\/#organization\"},\"image\":{\"@id\":\"https:\\\/\\\/lequotidien.mr\\\/?p=14531&lang=fr#primaryimage\"},\"thumbnailUrl\":\"https:\\\/\\\/lequotidien.mr\\\/wp-content\\\/uploads\\\/2023\\\/12\\\/pm-ndb-008.webp\",\"articleSection\":[\"ACTUALIT\u00c9\",\"Economie\"],\"inLanguage\":\"ar\",\"potentialAction\":[{\"@type\":\"CommentAction\",\"name\":\"Comment\",\"target\":[\"https:\\\/\\\/lequotidien.mr\\\/?p=14531&lang=fr#respond\"]}]},{\"@type\":\"WebPage\",\"@id\":\"https:\\\/\\\/lequotidien.mr\\\/?p=14531&lang=fr\",\"url\":\"https:\\\/\\\/lequotidien.mr\\\/?p=14531&lang=fr\",\"name\":\"R\u00e9habilitation de la piste de l'a\u00e9roport de Nouadhibou : Le Pr\u00e9sident de la R\u00e9publique donne le coup d'envoi des travaux d'une valeur de 4,6 milliards d'ouguiyas - Le Quotidien de Nouakchott\",\"isPartOf\":{\"@id\":\"https:\\\/\\\/lequotidien.mr\\\/#website\"},\"primaryImageOfPage\":{\"@id\":\"https:\\\/\\\/lequotidien.mr\\\/?p=14531&lang=fr#primaryimage\"},\"image\":{\"@id\":\"https:\\\/\\\/lequotidien.mr\\\/?p=14531&lang=fr#primaryimage\"},\"thumbnailUrl\":\"https:\\\/\\\/lequotidien.mr\\\/wp-content\\\/uploads\\\/2023\\\/12\\\/pm-ndb-008.webp\",\"datePublished\":\"2023-12-19T23:26:36+00:00\",\"breadcrumb\":{\"@id\":\"https:\\\/\\\/lequotidien.mr\\\/?p=14531&lang=fr#breadcrumb\"},\"inLanguage\":\"ar\",\"potentialAction\":[{\"@type\":\"ReadAction\",\"target\":[\"https:\\\/\\\/lequotidien.mr\\\/?p=14531&lang=fr\"]}]},{\"@type\":\"ImageObject\",\"inLanguage\":\"ar\",\"@id\":\"https:\\\/\\\/lequotidien.mr\\\/?p=14531&lang=fr#primaryimage\",\"url\":\"https:\\\/\\\/lequotidien.mr\\\/wp-content\\\/uploads\\\/2023\\\/12\\\/pm-ndb-008.webp\",\"contentUrl\":\"https:\\\/\\\/lequotidien.mr\\\/wp-content\\\/uploads\\\/2023\\\/12\\\/pm-ndb-008.webp\",\"width\":788,\"height\":355},{\"@type\":\"BreadcrumbList\",\"@id\":\"https:\\\/\\\/lequotidien.mr\\\/?p=14531&lang=fr#breadcrumb\",\"itemListElement\":[{\"@type\":\"ListItem\",\"position\":1,\"name\":\"Home\",\"item\":\"https:\\\/\\\/lequotidien.mr\\\/\"},{\"@type\":\"ListItem\",\"position\":2,\"name\":\"R\u00e9habilitation de la piste de l&#8217;a\u00e9roport de Nouadhibou : Le Pr\u00e9sident de la R\u00e9publique donne le coup d&#8217;envoi des travaux d&#8217;une valeur de 4,6 milliards d&#8217;ouguiyas\"}]},{\"@type\":\"WebSite\",\"@id\":\"https:\\\/\\\/lequotidien.mr\\\/#website\",\"url\":\"https:\\\/\\\/lequotidien.mr\\\/\",\"name\":\"Le Quotidien de Nouakchott\",\"description\":\"\u0625\u062e\u0628\u0627\u0631\u064a\u0629 \u0645\u0633\u062a\u0642\u0644\u0629 \u0644\u0644\u0623\u0646\u0628\u0627\u0621 \u0627\u0644\u0639\u0627\u0645\u0629\",\"publisher\":{\"@id\":\"https:\\\/\\\/lequotidien.mr\\\/#organization\"},\"potentialAction\":[{\"@type\":\"SearchAction\",\"target\":{\"@type\":\"EntryPoint\",\"urlTemplate\":\"https:\\\/\\\/lequotidien.mr\\\/?s={search_term_string}\"},\"query-input\":{\"@type\":\"PropertyValueSpecification\",\"valueRequired\":true,\"valueName\":\"search_term_string\"}}],\"inLanguage\":\"ar\"},{\"@type\":\"Organization\",\"@id\":\"https:\\\/\\\/lequotidien.mr\\\/#organization\",\"name\":\"Le Quotidien de Nouakchott\",\"url\":\"https:\\\/\\\/lequotidien.mr\\\/\",\"logo\":{\"@type\":\"ImageObject\",\"inLanguage\":\"ar\",\"@id\":\"https:\\\/\\\/lequotidien.mr\\\/#\\\/schema\\\/logo\\\/image\\\/\",\"url\":\"https:\\\/\\\/lequotidien.mr\\\/wp-content\\\/uploads\\\/2022\\\/11\\\/logolequotidien.jpg\",\"contentUrl\":\"https:\\\/\\\/lequotidien.mr\\\/wp-content\\\/uploads\\\/2022\\\/11\\\/logolequotidien.jpg\",\"width\":290,\"height\":65,\"caption\":\"Le Quotidien de Nouakchott\"},\"image\":{\"@id\":\"https:\\\/\\\/lequotidien.mr\\\/#\\\/schema\\\/logo\\\/image\\\/\"},\"sameAs\":[\"https:\\\/\\\/web.facebook.com\\\/lequotidienmr\",\"https:\\\/\\\/x.com\\\/lequotidienmr\"]},{\"@type\":\"Person\",\"@id\":\"https:\\\/\\\/lequotidien.mr\\\/#\\\/schema\\\/person\\\/69d1518c74c9137087929a20b1272cb0\",\"name\":\"Alioun M'leiwih\",\"image\":{\"@type\":\"ImageObject\",\"inLanguage\":\"ar\",\"@id\":\"https:\\\/\\\/secure.gravatar.com\\\/avatar\\\/01f9d357222d7d4ca8f71662f4b081718f06d25b11fc45662ecca0622d507e51?s=96&d=mm&r=g\",\"url\":\"https:\\\/\\\/secure.gravatar.com\\\/avatar\\\/01f9d357222d7d4ca8f71662f4b081718f06d25b11fc45662ecca0622d507e51?s=96&d=mm&r=g\",\"contentUrl\":\"https:\\\/\\\/secure.gravatar.com\\\/avatar\\\/01f9d357222d7d4ca8f71662f4b081718f06d25b11fc45662ecca0622d507e51?s=96&d=mm&r=g\",\"caption\":\"Alioun M'leiwih\"},\"sameAs\":[\"https:\\\/\\\/lequotidien.mr\\\/\",\"https:\\\/\\\/web.facebook.com\\\/a.mleiwih\",\"https:\\\/\\\/www.linkedin.com\\\/in\\\/alimlewih\\\/\"],\"url\":\"https:\\\/\\\/lequotidien.mr\\\/?author=3\"}]}<\/script>\n<!-- \/ Yoast SEO plugin. -->","yoast_head_json":{"title":"R\u00e9habilitation de la piste de l'a\u00e9roport de Nouadhibou : Le Pr\u00e9sident de la R\u00e9publique donne le coup d'envoi des travaux d'une valeur de 4,6 milliards d'ouguiyas - Le Quotidien de Nouakchott","robots":{"index":"index","follow":"follow","max-snippet":"max-snippet:-1","max-image-preview":"max-image-preview:large","max-video-preview":"max-video-preview:-1"},"canonical":"https:\/\/lequotidien.mr\/?p=14531&lang=fr","og_locale":"ar_AR","og_type":"article","og_title":"R\u00e9habilitation de la piste de l'a\u00e9roport de Nouadhibou : Le Pr\u00e9sident de la R\u00e9publique donne le coup d'envoi des travaux d'une valeur de 4,6 milliards d'ouguiyas - Le Quotidien de Nouakchott","og_description":"Les travaux de r\u00e9habilitation de la piste de l&#8217;a\u00e9roport international de Nouadhibou et de ses \u00e9quipements ont d\u00e9but\u00e9 ce mardi, avec un co\u00fbt estim\u00e9 \u00e0 environ 4,6 milliards d&#8217;anciennes ouguiyas. Le Premier ministre, Mohamed Ould Bilal Messoud, au nom du pr\u00e9sident Mohamed Ould Cheikh El Ghazouani, a donn\u00e9 le coup d&#8217;envoi de ces travaux dans.....","og_url":"https:\/\/lequotidien.mr\/?p=14531&lang=fr","og_site_name":"Le Quotidien de Nouakchott","article_publisher":"https:\/\/web.facebook.com\/lequotidienmr","article_author":"https:\/\/web.facebook.com\/a.mleiwih","article_published_time":"2023-12-19T23:26:36+00:00","og_image":[{"width":788,"height":355,"url":"https:\/\/lequotidien.mr\/wp-content\/uploads\/2023\/12\/pm-ndb-008.webp","type":"image\/webp"}],"author":"Alioun M'leiwih","twitter_card":"summary_large_image","twitter_creator":"@lequotidienmr","twitter_site":"@lequotidienmr","twitter_misc":{"\u0643\u064f\u062a\u0628 \u0628\u0648\u0627\u0633\u0637\u0629":"Alioun M'leiwih","\u0648\u0642\u062a \u0627\u0644\u0642\u0631\u0627\u0621\u0629 \u0627\u0644\u0645\u064f\u0642\u062f\u0651\u0631":"\u062f\u0642\u064a\u0642\u062a\u0627\u0646"},"schema":{"@context":"https:\/\/schema.org","@graph":[{"@type":"Article","@id":"https:\/\/lequotidien.mr\/?p=14531&lang=fr#article","isPartOf":{"@id":"https:\/\/lequotidien.mr\/?p=14531&lang=fr"},"author":{"name":"Alioun M'leiwih","@id":"https:\/\/lequotidien.mr\/#\/schema\/person\/69d1518c74c9137087929a20b1272cb0"},"headline":"R\u00e9habilitation de la piste de l&#8217;a\u00e9roport de Nouadhibou : Le Pr\u00e9sident de la R\u00e9publique donne le coup d&#8217;envoi des travaux d&#8217;une valeur de 4,6 milliards d&#8217;ouguiyas","datePublished":"2023-12-19T23:26:36+00:00","mainEntityOfPage":{"@id":"https:\/\/lequotidien.mr\/?p=14531&lang=fr"},"wordCount":351,"commentCount":0,"publisher":{"@id":"https:\/\/lequotidien.mr\/#organization"},"image":{"@id":"https:\/\/lequotidien.mr\/?p=14531&lang=fr#primaryimage"},"thumbnailUrl":"https:\/\/lequotidien.mr\/wp-content\/uploads\/2023\/12\/pm-ndb-008.webp","articleSection":["ACTUALIT\u00c9","Economie"],"inLanguage":"ar","potentialAction":[{"@type":"CommentAction","name":"Comment","target":["https:\/\/lequotidien.mr\/?p=14531&lang=fr#respond"]}]},{"@type":"WebPage","@id":"https:\/\/lequotidien.mr\/?p=14531&lang=fr","url":"https:\/\/lequotidien.mr\/?p=14531&lang=fr","name":"R\u00e9habilitation de la piste de l'a\u00e9roport de Nouadhibou : Le Pr\u00e9sident de la R\u00e9publique donne le coup d'envoi des travaux d'une valeur de 4,6 milliards d'ouguiyas - Le Quotidien de Nouakchott","isPartOf":{"@id":"https:\/\/lequotidien.mr\/#website"},"primaryImageOfPage":{"@id":"https:\/\/lequotidien.mr\/?p=14531&lang=fr#primaryimage"},"image":{"@id":"https:\/\/lequotidien.mr\/?p=14531&lang=fr#primaryimage"},"thumbnailUrl":"https:\/\/lequotidien.mr\/wp-content\/uploads\/2023\/12\/pm-ndb-008.webp","datePublished":"2023-12-19T23:26:36+00:00","breadcrumb":{"@id":"https:\/\/lequotidien.mr\/?p=14531&lang=fr#breadcrumb"},"inLanguage":"ar","potentialAction":[{"@type":"ReadAction","target":["https:\/\/lequotidien.mr\/?p=14531&lang=fr"]}]},{"@type":"ImageObject","inLanguage":"ar","@id":"https:\/\/lequotidien.mr\/?p=14531&lang=fr#primaryimage","url":"https:\/\/lequotidien.mr\/wp-content\/uploads\/2023\/12\/pm-ndb-008.webp","contentUrl":"https:\/\/lequotidien.mr\/wp-content\/uploads\/2023\/12\/pm-ndb-008.webp","width":788,"height":355},{"@type":"BreadcrumbList","@id":"https:\/\/lequotidien.mr\/?p=14531&lang=fr#breadcrumb","itemListElement":[{"@type":"ListItem","position":1,"name":"Home","item":"https:\/\/lequotidien.mr\/"},{"@type":"ListItem","position":2,"name":"R\u00e9habilitation de la piste de l&#8217;a\u00e9roport de Nouadhibou : Le Pr\u00e9sident de la R\u00e9publique donne le coup d&#8217;envoi des travaux d&#8217;une valeur de 4,6 milliards d&#8217;ouguiyas"}]},{"@type":"WebSite","@id":"https:\/\/lequotidien.mr\/#website","url":"https:\/\/lequotidien.mr\/","name":"Le Quotidien de Nouakchott","description":"\u0625\u062e\u0628\u0627\u0631\u064a\u0629 \u0645\u0633\u062a\u0642\u0644\u0629 \u0644\u0644\u0623\u0646\u0628\u0627\u0621 \u0627\u0644\u0639\u0627\u0645\u0629","publisher":{"@id":"https:\/\/lequotidien.mr\/#organization"},"potentialAction":[{"@type":"SearchAction","target":{"@type":"EntryPoint","urlTemplate":"https:\/\/lequotidien.mr\/?s={search_term_string}"},"query-input":{"@type":"PropertyValueSpecification","valueRequired":true,"valueName":"search_term_string"}}],"inLanguage":"ar"},{"@type":"Organization","@id":"https:\/\/lequotidien.mr\/#organization","name":"Le Quotidien de Nouakchott","url":"https:\/\/lequotidien.mr\/","logo":{"@type":"ImageObject","inLanguage":"ar","@id":"https:\/\/lequotidien.mr\/#\/schema\/logo\/image\/","url":"https:\/\/lequotidien.mr\/wp-content\/uploads\/2022\/11\/logolequotidien.jpg","contentUrl":"https:\/\/lequotidien.mr\/wp-content\/uploads\/2022\/11\/logolequotidien.jpg","width":290,"height":65,"caption":"Le Quotidien de Nouakchott"},"image":{"@id":"https:\/\/lequotidien.mr\/#\/schema\/logo\/image\/"},"sameAs":["https:\/\/web.facebook.com\/lequotidienmr","https:\/\/x.com\/lequotidienmr"]},{"@type":"Person","@id":"https:\/\/lequotidien.mr\/#\/schema\/person\/69d1518c74c9137087929a20b1272cb0","name":"Alioun M'leiwih","image":{"@type":"ImageObject","inLanguage":"ar","@id":"https:\/\/secure.gravatar.com\/avatar\/01f9d357222d7d4ca8f71662f4b081718f06d25b11fc45662ecca0622d507e51?s=96&d=mm&r=g","url":"https:\/\/secure.gravatar.com\/avatar\/01f9d357222d7d4ca8f71662f4b081718f06d25b11fc45662ecca0622d507e51?s=96&d=mm&r=g","contentUrl":"https:\/\/secure.gravatar.com\/avatar\/01f9d357222d7d4ca8f71662f4b081718f06d25b11fc45662ecca0622d507e51?s=96&d=mm&r=g","caption":"Alioun M'leiwih"},"sameAs":["https:\/\/lequotidien.mr\/","https:\/\/web.facebook.com\/a.mleiwih","https:\/\/www.linkedin.com\/in\/alimlewih\/"],"url":"https:\/\/lequotidien.mr\/?author=3"}]}},"_links":{"self":[{"href":"https:\/\/lequotidien.mr\/index.php?rest_route=\/wp\/v2\/posts\/14531","targetHints":{"allow":["GET"]}}],"collection":[{"href":"https:\/\/lequotidien.mr\/index.php?rest_route=\/wp\/v2\/posts"}],"about":[{"href":"https:\/\/lequotidien.mr\/index.php?rest_route=\/wp\/v2\/types\/post"}],"author":[{"embeddable":true,"href":"https:\/\/lequotidien.mr\/index.php?rest_route=\/wp\/v2\/users\/3"}],"replies":[{"embeddable":true,"href":"https:\/\/lequotidien.mr\/index.php?rest_route=%2Fwp%2Fv2%2Fcomments&post=14531"}],"version-history":[{"count":1,"href":"https:\/\/lequotidien.mr\/index.php?rest_route=\/wp\/v2\/posts\/14531\/revisions"}],"predecessor-version":[{"id":14533,"href":"https:\/\/lequotidien.mr\/index.php?rest_route=\/wp\/v2\/posts\/14531\/revisions\/14533"}],"wp:featuredmedia":[{"embeddable":true,"href":"https:\/\/lequotidien.mr\/index.php?rest_route=\/wp\/v2\/media\/14532"}],"wp:attachment":[{"href":"https:\/\/lequotidien.mr\/index.php?rest_route=%2Fwp%2Fv2%2Fmedia&parent=14531"}],"wp:term":[{"taxonomy":"category","embeddable":true,"href":"https:\/\/lequotidien.mr\/index.php?rest_route=%2Fwp%2Fv2%2Fcategories&post=14531"},{"taxonomy":"post_tag","embeddable":true,"href":"https:\/\/lequotidien.mr\/index.php?rest_route=%2Fwp%2Fv2%2Ftags&post=14531"}],"curies":[{"name":"wp","href":"https:\/\/api.w.org\/{rel}","templated":true}]}}