{"id":14525,"date":"2023-12-19T23:22:30","date_gmt":"2023-12-19T23:22:30","guid":{"rendered":"https:\/\/lequotidien.mr\/?p=14525"},"modified":"2023-12-19T23:22:30","modified_gmt":"2023-12-19T23:22:30","slug":"la-mauritanie-augmente-sa-part-denergies-renouvelables-a-48-avec-linauguration-de-la-centrale-eolienne-de-boulenouar","status":"publish","type":"post","link":"https:\/\/lequotidien.mr\/?p=14525&lang=fr","title":{"rendered":"La Mauritanie augmente sa part d&#8217;\u00e9nergies renouvelables \u00e0 48% avec l&#8217;inauguration de la centrale \u00e9olienne de Boulenouar"},"content":{"rendered":"<p>Le ministre du P\u00e9trole, des Mines et de l&#8217;\u00c9nergie, Nani Ould Chrougha, a d\u00e9clar\u00e9 que l&#8217;entr\u00e9e en service de la centrale \u00e9olienne de Boulenouar permettra d&#8217;augmenter la part des \u00e9nergies renouvelables dans le mix \u00e9nerg\u00e9tique mauritanien de 37% \u00e0 48%.<\/p>\n<p>Le ministre a ajout\u00e9 lors de son discours lors de l&#8217;inauguration de la centrale \u00e9olienne \u00e0 Nouadhibou, ce mardi, que &#8220;des projets ambitieux dans le domaine des \u00e9nergies renouvelables, solaires et \u00e9oliennes, seront bient\u00f4t lanc\u00e9s visant \u00e0 atteindre 50% des besoins du pays \u00e0 partir de ces sources propres, conform\u00e9ment \u00e0 la strat\u00e9gie \u00e9nerg\u00e9tique du pays&#8221;.<\/p>\n<p>Il a soulign\u00e9 que &#8220;la Mauritanie dispose d&#8217;\u00e9normes ressources en \u00e9nergie \u00e9olienne et solaire inexploit\u00e9es de mani\u00e8re ad\u00e9quate, estim\u00e9es \u00e0 4 000 gigawatts, dont 500 gigawatts de nature commerciale comp\u00e9titive pouvant \u00eatre exploit\u00e9es dans le respect des normes environnementales les plus strictes&#8221;.<\/p>\n<p>Le ministre a indiqu\u00e9 que &#8220;ces \u00e9normes capacit\u00e9s placent la Mauritanie en t\u00eate des pays sur lesquels on compte pour contribuer de mani\u00e8re significative aux efforts internationaux visant \u00e0 r\u00e9duire les causes du r\u00e9chauffement climatique, qui constituent une menace existentielle pour l&#8217;homme et son environnement&#8221;.<\/p>\n","protected":false},"excerpt":{"rendered":"<p>Le ministre du P\u00e9trole, des Mines et de l&#8217;\u00c9nergie, Nani Ould Chrougha, a d\u00e9clar\u00e9 que l&#8217;entr\u00e9e en service de la centrale \u00e9olienne de Boulenouar permettra d&#8217;augmenter la part des \u00e9nergies renouvelables dans le mix \u00e9nerg\u00e9tique mauritanien de 37% \u00e0 48%. Le ministre a ajout\u00e9 lors de son discours lors de l&#8217;inauguration de la centrale \u00e9olienne&#8230;..<\/p>\n","protected":false},"author":3,"featured_media":14526,"comment_status":"open","ping_status":"open","sticky":false,"template":"","format":"standard","meta":{"footnotes":""},"categories":[23,49],"tags":[],"class_list":["post-14525","post","type-post","status-publish","format-standard","has-post-thumbnail","hentry","category-actualite","category-economie"],"yoast_head":"<!-- This site is optimized with the Yoast SEO plugin v27.5 - https:\/\/yoast.com\/product\/yoast-seo-wordpress\/ -->\n<title>La Mauritanie augmente sa part d&#039;\u00e9nergies renouvelables \u00e0 48% avec l&#039;inauguration de la centrale \u00e9olienne de Boulenouar - Le Quotidien de Nouakchott<\/title>\n<meta name=\"robots\" content=\"index, follow, max-snippet:-1, max-image-preview:large, max-video-preview:-1\" \/>\n<link rel=\"canonical\" href=\"https:\/\/lequotidien.mr\/?p=14525&lang=fr\" \/>\n<meta property=\"og:locale\" content=\"ar_AR\" \/>\n<meta property=\"og:type\" content=\"article\" \/>\n<meta property=\"og:title\" content=\"La Mauritanie augmente sa part d&#039;\u00e9nergies renouvelables \u00e0 48% avec l&#039;inauguration de la centrale \u00e9olienne de Boulenouar - Le Quotidien de Nouakchott\" \/>\n<meta property=\"og:description\" content=\"Le ministre du P\u00e9trole, des Mines et de l&#8217;\u00c9nergie, Nani Ould Chrougha, a d\u00e9clar\u00e9 que l&#8217;entr\u00e9e en service de la centrale \u00e9olienne de Boulenouar permettra d&#8217;augmenter la part des \u00e9nergies renouvelables dans le mix \u00e9nerg\u00e9tique mauritanien de 37% \u00e0 48%. Le ministre a ajout\u00e9 lors de son discours lors de l&#8217;inauguration de la centrale \u00e9olienne.....\" \/>\n<meta property=\"og:url\" content=\"https:\/\/lequotidien.mr\/?p=14525&amp;lang=fr\" \/>\n<meta property=\"og:site_name\" content=\"Le Quotidien de Nouakchott\" \/>\n<meta property=\"article:publisher\" content=\"https:\/\/web.facebook.com\/lequotidienmr\" \/>\n<meta property=\"article:author\" content=\"https:\/\/web.facebook.com\/a.mleiwih\" \/>\n<meta property=\"article:published_time\" content=\"2023-12-19T23:22:30+00:00\" \/>\n<meta property=\"og:image\" content=\"https:\/\/lequotidien.mr\/wp-content\/uploads\/2023\/12\/IMG-20231219-WA0225-1.webp\" \/>\n\t<meta property=\"og:image:width\" content=\"1024\" \/>\n\t<meta property=\"og:image:height\" content=\"683\" \/>\n\t<meta property=\"og:image:type\" content=\"image\/webp\" \/>\n<meta name=\"author\" content=\"Alioun M&#039;leiwih\" \/>\n<meta name=\"twitter:card\" content=\"summary_large_image\" \/>\n<meta name=\"twitter:creator\" content=\"@lequotidienmr\" \/>\n<meta name=\"twitter:site\" content=\"@lequotidienmr\" \/>\n<meta name=\"twitter:label1\" content=\"\u0643\u064f\u062a\u0628 \u0628\u0648\u0627\u0633\u0637\u0629\" \/>\n\t<meta name=\"twitter:data1\" content=\"Alioun M&#039;leiwih\" \/>\n\t<meta name=\"twitter:label2\" content=\"\u0648\u0642\u062a \u0627\u0644\u0642\u0631\u0627\u0621\u0629 \u0627\u0644\u0645\u064f\u0642\u062f\u0651\u0631\" \/>\n\t<meta name=\"twitter:data2\" content=\"\u062f\u0642\u064a\u0642\u0629 \u0648\u0627\u062d\u062f\u0629\" \/>\n<script type=\"application\/ld+json\" class=\"yoast-schema-graph\">{\"@context\":\"https:\\\/\\\/schema.org\",\"@graph\":[{\"@type\":\"Article\",\"@id\":\"https:\\\/\\\/lequotidien.mr\\\/?p=14525&lang=fr#article\",\"isPartOf\":{\"@id\":\"https:\\\/\\\/lequotidien.mr\\\/?p=14525&lang=fr\"},\"author\":{\"name\":\"Alioun M'leiwih\",\"@id\":\"https:\\\/\\\/lequotidien.mr\\\/#\\\/schema\\\/person\\\/69d1518c74c9137087929a20b1272cb0\"},\"headline\":\"La Mauritanie augmente sa part d&#8217;\u00e9nergies renouvelables \u00e0 48% avec l&#8217;inauguration de la centrale \u00e9olienne de Boulenouar\",\"datePublished\":\"2023-12-19T23:22:30+00:00\",\"mainEntityOfPage\":{\"@id\":\"https:\\\/\\\/lequotidien.mr\\\/?p=14525&lang=fr\"},\"wordCount\":213,\"commentCount\":0,\"publisher\":{\"@id\":\"https:\\\/\\\/lequotidien.mr\\\/#organization\"},\"image\":{\"@id\":\"https:\\\/\\\/lequotidien.mr\\\/?p=14525&lang=fr#primaryimage\"},\"thumbnailUrl\":\"https:\\\/\\\/lequotidien.mr\\\/wp-content\\\/uploads\\\/2023\\\/12\\\/IMG-20231219-WA0225-1.webp\",\"articleSection\":[\"ACTUALIT\u00c9\",\"Economie\"],\"inLanguage\":\"ar\",\"potentialAction\":[{\"@type\":\"CommentAction\",\"name\":\"Comment\",\"target\":[\"https:\\\/\\\/lequotidien.mr\\\/?p=14525&lang=fr#respond\"]}]},{\"@type\":\"WebPage\",\"@id\":\"https:\\\/\\\/lequotidien.mr\\\/?p=14525&lang=fr\",\"url\":\"https:\\\/\\\/lequotidien.mr\\\/?p=14525&lang=fr\",\"name\":\"La Mauritanie augmente sa part d'\u00e9nergies renouvelables \u00e0 48% avec l'inauguration de la centrale \u00e9olienne de Boulenouar - Le Quotidien de Nouakchott\",\"isPartOf\":{\"@id\":\"https:\\\/\\\/lequotidien.mr\\\/#website\"},\"primaryImageOfPage\":{\"@id\":\"https:\\\/\\\/lequotidien.mr\\\/?p=14525&lang=fr#primaryimage\"},\"image\":{\"@id\":\"https:\\\/\\\/lequotidien.mr\\\/?p=14525&lang=fr#primaryimage\"},\"thumbnailUrl\":\"https:\\\/\\\/lequotidien.mr\\\/wp-content\\\/uploads\\\/2023\\\/12\\\/IMG-20231219-WA0225-1.webp\",\"datePublished\":\"2023-12-19T23:22:30+00:00\",\"breadcrumb\":{\"@id\":\"https:\\\/\\\/lequotidien.mr\\\/?p=14525&lang=fr#breadcrumb\"},\"inLanguage\":\"ar\",\"potentialAction\":[{\"@type\":\"ReadAction\",\"target\":[\"https:\\\/\\\/lequotidien.mr\\\/?p=14525&lang=fr\"]}]},{\"@type\":\"ImageObject\",\"inLanguage\":\"ar\",\"@id\":\"https:\\\/\\\/lequotidien.mr\\\/?p=14525&lang=fr#primaryimage\",\"url\":\"https:\\\/\\\/lequotidien.mr\\\/wp-content\\\/uploads\\\/2023\\\/12\\\/IMG-20231219-WA0225-1.webp\",\"contentUrl\":\"https:\\\/\\\/lequotidien.mr\\\/wp-content\\\/uploads\\\/2023\\\/12\\\/IMG-20231219-WA0225-1.webp\",\"width\":1024,\"height\":683,\"caption\":\"Le ministre du P\u00e9trole, des Mines et de l'\u00c9nergie, Nani Ould Chrougha\"},{\"@type\":\"BreadcrumbList\",\"@id\":\"https:\\\/\\\/lequotidien.mr\\\/?p=14525&lang=fr#breadcrumb\",\"itemListElement\":[{\"@type\":\"ListItem\",\"position\":1,\"name\":\"Home\",\"item\":\"https:\\\/\\\/lequotidien.mr\\\/\"},{\"@type\":\"ListItem\",\"position\":2,\"name\":\"La Mauritanie augmente sa part d&#8217;\u00e9nergies renouvelables \u00e0 48% avec l&#8217;inauguration de la centrale \u00e9olienne de Boulenouar\"}]},{\"@type\":\"WebSite\",\"@id\":\"https:\\\/\\\/lequotidien.mr\\\/#website\",\"url\":\"https:\\\/\\\/lequotidien.mr\\\/\",\"name\":\"Le Quotidien de Nouakchott\",\"description\":\"\u0625\u062e\u0628\u0627\u0631\u064a\u0629 \u0645\u0633\u062a\u0642\u0644\u0629 \u0644\u0644\u0623\u0646\u0628\u0627\u0621 \u0627\u0644\u0639\u0627\u0645\u0629\",\"publisher\":{\"@id\":\"https:\\\/\\\/lequotidien.mr\\\/#organization\"},\"potentialAction\":[{\"@type\":\"SearchAction\",\"target\":{\"@type\":\"EntryPoint\",\"urlTemplate\":\"https:\\\/\\\/lequotidien.mr\\\/?s={search_term_string}\"},\"query-input\":{\"@type\":\"PropertyValueSpecification\",\"valueRequired\":true,\"valueName\":\"search_term_string\"}}],\"inLanguage\":\"ar\"},{\"@type\":\"Organization\",\"@id\":\"https:\\\/\\\/lequotidien.mr\\\/#organization\",\"name\":\"Le Quotidien de Nouakchott\",\"url\":\"https:\\\/\\\/lequotidien.mr\\\/\",\"logo\":{\"@type\":\"ImageObject\",\"inLanguage\":\"ar\",\"@id\":\"https:\\\/\\\/lequotidien.mr\\\/#\\\/schema\\\/logo\\\/image\\\/\",\"url\":\"https:\\\/\\\/lequotidien.mr\\\/wp-content\\\/uploads\\\/2022\\\/11\\\/logolequotidien.jpg\",\"contentUrl\":\"https:\\\/\\\/lequotidien.mr\\\/wp-content\\\/uploads\\\/2022\\\/11\\\/logolequotidien.jpg\",\"width\":290,\"height\":65,\"caption\":\"Le Quotidien de Nouakchott\"},\"image\":{\"@id\":\"https:\\\/\\\/lequotidien.mr\\\/#\\\/schema\\\/logo\\\/image\\\/\"},\"sameAs\":[\"https:\\\/\\\/web.facebook.com\\\/lequotidienmr\",\"https:\\\/\\\/x.com\\\/lequotidienmr\"]},{\"@type\":\"Person\",\"@id\":\"https:\\\/\\\/lequotidien.mr\\\/#\\\/schema\\\/person\\\/69d1518c74c9137087929a20b1272cb0\",\"name\":\"Alioun M'leiwih\",\"image\":{\"@type\":\"ImageObject\",\"inLanguage\":\"ar\",\"@id\":\"https:\\\/\\\/secure.gravatar.com\\\/avatar\\\/01f9d357222d7d4ca8f71662f4b081718f06d25b11fc45662ecca0622d507e51?s=96&d=mm&r=g\",\"url\":\"https:\\\/\\\/secure.gravatar.com\\\/avatar\\\/01f9d357222d7d4ca8f71662f4b081718f06d25b11fc45662ecca0622d507e51?s=96&d=mm&r=g\",\"contentUrl\":\"https:\\\/\\\/secure.gravatar.com\\\/avatar\\\/01f9d357222d7d4ca8f71662f4b081718f06d25b11fc45662ecca0622d507e51?s=96&d=mm&r=g\",\"caption\":\"Alioun M'leiwih\"},\"sameAs\":[\"https:\\\/\\\/lequotidien.mr\\\/\",\"https:\\\/\\\/web.facebook.com\\\/a.mleiwih\",\"https:\\\/\\\/www.linkedin.com\\\/in\\\/alimlewih\\\/\"],\"url\":\"https:\\\/\\\/lequotidien.mr\\\/?author=3\"}]}<\/script>\n<!-- \/ Yoast SEO plugin. -->","yoast_head_json":{"title":"La Mauritanie augmente sa part d'\u00e9nergies renouvelables \u00e0 48% avec l'inauguration de la centrale \u00e9olienne de Boulenouar - Le Quotidien de Nouakchott","robots":{"index":"index","follow":"follow","max-snippet":"max-snippet:-1","max-image-preview":"max-image-preview:large","max-video-preview":"max-video-preview:-1"},"canonical":"https:\/\/lequotidien.mr\/?p=14525&lang=fr","og_locale":"ar_AR","og_type":"article","og_title":"La Mauritanie augmente sa part d'\u00e9nergies renouvelables \u00e0 48% avec l'inauguration de la centrale \u00e9olienne de Boulenouar - Le Quotidien de Nouakchott","og_description":"Le ministre du P\u00e9trole, des Mines et de l&#8217;\u00c9nergie, Nani Ould Chrougha, a d\u00e9clar\u00e9 que l&#8217;entr\u00e9e en service de la centrale \u00e9olienne de Boulenouar permettra d&#8217;augmenter la part des \u00e9nergies renouvelables dans le mix \u00e9nerg\u00e9tique mauritanien de 37% \u00e0 48%. Le ministre a ajout\u00e9 lors de son discours lors de l&#8217;inauguration de la centrale \u00e9olienne.....","og_url":"https:\/\/lequotidien.mr\/?p=14525&lang=fr","og_site_name":"Le Quotidien de Nouakchott","article_publisher":"https:\/\/web.facebook.com\/lequotidienmr","article_author":"https:\/\/web.facebook.com\/a.mleiwih","article_published_time":"2023-12-19T23:22:30+00:00","og_image":[{"width":1024,"height":683,"url":"https:\/\/lequotidien.mr\/wp-content\/uploads\/2023\/12\/IMG-20231219-WA0225-1.webp","type":"image\/webp"}],"author":"Alioun M'leiwih","twitter_card":"summary_large_image","twitter_creator":"@lequotidienmr","twitter_site":"@lequotidienmr","twitter_misc":{"\u0643\u064f\u062a\u0628 \u0628\u0648\u0627\u0633\u0637\u0629":"Alioun M'leiwih","\u0648\u0642\u062a \u0627\u0644\u0642\u0631\u0627\u0621\u0629 \u0627\u0644\u0645\u064f\u0642\u062f\u0651\u0631":"\u062f\u0642\u064a\u0642\u0629 \u0648\u0627\u062d\u062f\u0629"},"schema":{"@context":"https:\/\/schema.org","@graph":[{"@type":"Article","@id":"https:\/\/lequotidien.mr\/?p=14525&lang=fr#article","isPartOf":{"@id":"https:\/\/lequotidien.mr\/?p=14525&lang=fr"},"author":{"name":"Alioun M'leiwih","@id":"https:\/\/lequotidien.mr\/#\/schema\/person\/69d1518c74c9137087929a20b1272cb0"},"headline":"La Mauritanie augmente sa part d&#8217;\u00e9nergies renouvelables \u00e0 48% avec l&#8217;inauguration de la centrale \u00e9olienne de Boulenouar","datePublished":"2023-12-19T23:22:30+00:00","mainEntityOfPage":{"@id":"https:\/\/lequotidien.mr\/?p=14525&lang=fr"},"wordCount":213,"commentCount":0,"publisher":{"@id":"https:\/\/lequotidien.mr\/#organization"},"image":{"@id":"https:\/\/lequotidien.mr\/?p=14525&lang=fr#primaryimage"},"thumbnailUrl":"https:\/\/lequotidien.mr\/wp-content\/uploads\/2023\/12\/IMG-20231219-WA0225-1.webp","articleSection":["ACTUALIT\u00c9","Economie"],"inLanguage":"ar","potentialAction":[{"@type":"CommentAction","name":"Comment","target":["https:\/\/lequotidien.mr\/?p=14525&lang=fr#respond"]}]},{"@type":"WebPage","@id":"https:\/\/lequotidien.mr\/?p=14525&lang=fr","url":"https:\/\/lequotidien.mr\/?p=14525&lang=fr","name":"La Mauritanie augmente sa part d'\u00e9nergies renouvelables \u00e0 48% avec l'inauguration de la centrale \u00e9olienne de Boulenouar - Le Quotidien de Nouakchott","isPartOf":{"@id":"https:\/\/lequotidien.mr\/#website"},"primaryImageOfPage":{"@id":"https:\/\/lequotidien.mr\/?p=14525&lang=fr#primaryimage"},"image":{"@id":"https:\/\/lequotidien.mr\/?p=14525&lang=fr#primaryimage"},"thumbnailUrl":"https:\/\/lequotidien.mr\/wp-content\/uploads\/2023\/12\/IMG-20231219-WA0225-1.webp","datePublished":"2023-12-19T23:22:30+00:00","breadcrumb":{"@id":"https:\/\/lequotidien.mr\/?p=14525&lang=fr#breadcrumb"},"inLanguage":"ar","potentialAction":[{"@type":"ReadAction","target":["https:\/\/lequotidien.mr\/?p=14525&lang=fr"]}]},{"@type":"ImageObject","inLanguage":"ar","@id":"https:\/\/lequotidien.mr\/?p=14525&lang=fr#primaryimage","url":"https:\/\/lequotidien.mr\/wp-content\/uploads\/2023\/12\/IMG-20231219-WA0225-1.webp","contentUrl":"https:\/\/lequotidien.mr\/wp-content\/uploads\/2023\/12\/IMG-20231219-WA0225-1.webp","width":1024,"height":683,"caption":"Le ministre du P\u00e9trole, des Mines et de l'\u00c9nergie, Nani Ould Chrougha"},{"@type":"BreadcrumbList","@id":"https:\/\/lequotidien.mr\/?p=14525&lang=fr#breadcrumb","itemListElement":[{"@type":"ListItem","position":1,"name":"Home","item":"https:\/\/lequotidien.mr\/"},{"@type":"ListItem","position":2,"name":"La Mauritanie augmente sa part d&#8217;\u00e9nergies renouvelables \u00e0 48% avec l&#8217;inauguration de la centrale \u00e9olienne de Boulenouar"}]},{"@type":"WebSite","@id":"https:\/\/lequotidien.mr\/#website","url":"https:\/\/lequotidien.mr\/","name":"Le Quotidien de Nouakchott","description":"\u0625\u062e\u0628\u0627\u0631\u064a\u0629 \u0645\u0633\u062a\u0642\u0644\u0629 \u0644\u0644\u0623\u0646\u0628\u0627\u0621 \u0627\u0644\u0639\u0627\u0645\u0629","publisher":{"@id":"https:\/\/lequotidien.mr\/#organization"},"potentialAction":[{"@type":"SearchAction","target":{"@type":"EntryPoint","urlTemplate":"https:\/\/lequotidien.mr\/?s={search_term_string}"},"query-input":{"@type":"PropertyValueSpecification","valueRequired":true,"valueName":"search_term_string"}}],"inLanguage":"ar"},{"@type":"Organization","@id":"https:\/\/lequotidien.mr\/#organization","name":"Le Quotidien de Nouakchott","url":"https:\/\/lequotidien.mr\/","logo":{"@type":"ImageObject","inLanguage":"ar","@id":"https:\/\/lequotidien.mr\/#\/schema\/logo\/image\/","url":"https:\/\/lequotidien.mr\/wp-content\/uploads\/2022\/11\/logolequotidien.jpg","contentUrl":"https:\/\/lequotidien.mr\/wp-content\/uploads\/2022\/11\/logolequotidien.jpg","width":290,"height":65,"caption":"Le Quotidien de Nouakchott"},"image":{"@id":"https:\/\/lequotidien.mr\/#\/schema\/logo\/image\/"},"sameAs":["https:\/\/web.facebook.com\/lequotidienmr","https:\/\/x.com\/lequotidienmr"]},{"@type":"Person","@id":"https:\/\/lequotidien.mr\/#\/schema\/person\/69d1518c74c9137087929a20b1272cb0","name":"Alioun M'leiwih","image":{"@type":"ImageObject","inLanguage":"ar","@id":"https:\/\/secure.gravatar.com\/avatar\/01f9d357222d7d4ca8f71662f4b081718f06d25b11fc45662ecca0622d507e51?s=96&d=mm&r=g","url":"https:\/\/secure.gravatar.com\/avatar\/01f9d357222d7d4ca8f71662f4b081718f06d25b11fc45662ecca0622d507e51?s=96&d=mm&r=g","contentUrl":"https:\/\/secure.gravatar.com\/avatar\/01f9d357222d7d4ca8f71662f4b081718f06d25b11fc45662ecca0622d507e51?s=96&d=mm&r=g","caption":"Alioun M'leiwih"},"sameAs":["https:\/\/lequotidien.mr\/","https:\/\/web.facebook.com\/a.mleiwih","https:\/\/www.linkedin.com\/in\/alimlewih\/"],"url":"https:\/\/lequotidien.mr\/?author=3"}]}},"_links":{"self":[{"href":"https:\/\/lequotidien.mr\/index.php?rest_route=\/wp\/v2\/posts\/14525","targetHints":{"allow":["GET"]}}],"collection":[{"href":"https:\/\/lequotidien.mr\/index.php?rest_route=\/wp\/v2\/posts"}],"about":[{"href":"https:\/\/lequotidien.mr\/index.php?rest_route=\/wp\/v2\/types\/post"}],"author":[{"embeddable":true,"href":"https:\/\/lequotidien.mr\/index.php?rest_route=\/wp\/v2\/users\/3"}],"replies":[{"embeddable":true,"href":"https:\/\/lequotidien.mr\/index.php?rest_route=%2Fwp%2Fv2%2Fcomments&post=14525"}],"version-history":[{"count":1,"href":"https:\/\/lequotidien.mr\/index.php?rest_route=\/wp\/v2\/posts\/14525\/revisions"}],"predecessor-version":[{"id":14527,"href":"https:\/\/lequotidien.mr\/index.php?rest_route=\/wp\/v2\/posts\/14525\/revisions\/14527"}],"wp:featuredmedia":[{"embeddable":true,"href":"https:\/\/lequotidien.mr\/index.php?rest_route=\/wp\/v2\/media\/14526"}],"wp:attachment":[{"href":"https:\/\/lequotidien.mr\/index.php?rest_route=%2Fwp%2Fv2%2Fmedia&parent=14525"}],"wp:term":[{"taxonomy":"category","embeddable":true,"href":"https:\/\/lequotidien.mr\/index.php?rest_route=%2Fwp%2Fv2%2Fcategories&post=14525"},{"taxonomy":"post_tag","embeddable":true,"href":"https:\/\/lequotidien.mr\/index.php?rest_route=%2Fwp%2Fv2%2Ftags&post=14525"}],"curies":[{"name":"wp","href":"https:\/\/api.w.org\/{rel}","templated":true}]}}