{"id":14305,"date":"2023-12-10T10:59:23","date_gmt":"2023-12-10T10:59:23","guid":{"rendered":"https:\/\/lequotidien.mr\/?p=14305"},"modified":"2023-12-10T10:59:23","modified_gmt":"2023-12-10T10:59:23","slug":"le-parc-national-dawleigatt-recoit-29-tetes-doryx-abu-adas","status":"publish","type":"post","link":"https:\/\/lequotidien.mr\/?p=14305&lang=fr","title":{"rendered":"Le Parc National d\u2019Awleigatt re\u00e7oit 29 t\u00eates d\u2019Oryx Abu Adas"},"content":{"rendered":"<div class=\"field field-name-body field-type-text-with-summary field-label-hidden\">\n<div class=\"field-items\">\n<div class=\"field-item even\">\n<p>29 t\u00eates d\u2019Oryx Abu Adas, ou antilopes \u00e0 cornes spirales, sont arriv\u00e9es vendredi soir dernier \u00e0 l\u2019a\u00e9roport international de Nouakchott-Oumtounsy, \u00a0\u00e0 titre de don adress\u00e9 au Parc National d\u2019Awleigatt, dans le cadre de la coop\u00e9ration entre la Mauritanie et les \u00c9mirats Arabes Unis dans le domaine de la conservation de la biodiversit\u00e9 et de la restauration de la faune sauvage dans notre pays.<\/p>\n<p>Ce don a \u00e9t\u00e9 re\u00e7u \u00e0 son arriv\u00e9e \u00e0 l\u2019a\u00e9roport d\u2019Oumtounsy par une d\u00e9l\u00e9gation du minist\u00e8re de l\u2019Environnement conduite par le responsable du cabinet de la ministre de l\u2019Environnement, Mahfoudh Ould Mohamed Abderrahmane Lehbib, accompagn\u00e9 du directeur de l\u2019\u00e9tablissement du Parc National d\u2019Awleigat, M. Seyid Ahmed Ould Baba.<\/p>\n<p>Ce pr\u00e9cieux don qualitatif s\u2019ajoute aux pr\u00e9c\u00e9dents que le parc a re\u00e7u des Emirats Arabes Unis en vue d\u2019augmenter le nombre et d\u2019enrichir la diversit\u00e9 des esp\u00e8ces du parc, a affirm\u00e9 \u00e0 cette occasion, le \u00a0directeur du parc, selon lequel,\u00a0le parc avait d\u00e9j\u00e0 accueilli des esp\u00e8ces d\u2019antilopes, d\u2019oryx d\u2019Arabie, de gazelle et d\u2019autres animaux tels que des lions, des l\u00e9opards et des tigres dans le cadre de ce partenariat.<\/p>\n<p>Cette coop\u00e9ration a permis aux employ\u00e9s du parc de b\u00e9n\u00e9ficier d\u2019une formation technique dans le domaine de la gestion, de l\u2019\u00e9levage, de la garantie de la sant\u00e9 et de l\u2019alimentation de ces diff\u00e9rentes esp\u00e8ces animales, a-t-il ajout\u00e9.<\/p>\n<p>M. Seyid Ahmed Ould Baba a soulign\u00e9 que le parc national d\u2019Awleigat comprend actuellement 27 esp\u00e8ces, dont 18 esp\u00e8ces d\u2019antilopes, 3 esp\u00e8ces d\u2019oiseaux et 7 esp\u00e8ces d\u2019animaux pr\u00e9dateurs.<\/p>\n<p>Il s\u2019est f\u00e9licit\u00e9 de la coop\u00e9ration avec les Emirats Arabes Unis dans le domaine de la restauration de la faune qui a clairement contribu\u00e9 \u00e0 la r\u00e9g\u00e9n\u00e9ration de certaines esp\u00e8ces disparues.<\/p>\n<\/div>\n<\/div>\n<\/div>\n","protected":false},"excerpt":{"rendered":"<p>29 t\u00eates d\u2019Oryx Abu Adas, ou antilopes \u00e0 cornes spirales, sont arriv\u00e9es vendredi soir dernier \u00e0 l\u2019a\u00e9roport international de Nouakchott-Oumtounsy, \u00a0\u00e0 titre de don adress\u00e9 au Parc National d\u2019Awleigatt, dans le cadre de la coop\u00e9ration entre la Mauritanie et les \u00c9mirats Arabes Unis dans le domaine de la conservation de la biodiversit\u00e9 et de la&#8230;..<\/p>\n","protected":false},"author":3,"featured_media":14306,"comment_status":"open","ping_status":"open","sticky":false,"template":"","format":"standard","meta":{"footnotes":""},"categories":[23,53],"tags":[],"class_list":["post-14305","post","type-post","status-publish","format-standard","has-post-thumbnail","hentry","category-actualite","category-faits-divers"],"yoast_head":"<!-- This site is optimized with the Yoast SEO plugin v27.5 - https:\/\/yoast.com\/product\/yoast-seo-wordpress\/ -->\n<title>Le Parc National d\u2019Awleigatt re\u00e7oit 29 t\u00eates d\u2019Oryx Abu Adas - Le Quotidien de Nouakchott<\/title>\n<meta name=\"robots\" content=\"index, follow, max-snippet:-1, max-image-preview:large, max-video-preview:-1\" \/>\n<link rel=\"canonical\" href=\"https:\/\/lequotidien.mr\/?p=14305&lang=fr\" \/>\n<meta property=\"og:locale\" content=\"ar_AR\" \/>\n<meta property=\"og:type\" content=\"article\" \/>\n<meta property=\"og:title\" content=\"Le Parc National d\u2019Awleigatt re\u00e7oit 29 t\u00eates d\u2019Oryx Abu Adas - Le Quotidien de Nouakchott\" \/>\n<meta property=\"og:description\" content=\"29 t\u00eates d\u2019Oryx Abu Adas, ou antilopes \u00e0 cornes spirales, sont arriv\u00e9es vendredi soir dernier \u00e0 l\u2019a\u00e9roport international de Nouakchott-Oumtounsy, \u00a0\u00e0 titre de don adress\u00e9 au Parc National d\u2019Awleigatt, dans le cadre de la coop\u00e9ration entre la Mauritanie et les \u00c9mirats Arabes Unis dans le domaine de la conservation de la biodiversit\u00e9 et de la.....\" \/>\n<meta property=\"og:url\" content=\"https:\/\/lequotidien.mr\/?p=14305&amp;lang=fr\" \/>\n<meta property=\"og:site_name\" content=\"Le Quotidien de Nouakchott\" \/>\n<meta property=\"article:publisher\" content=\"https:\/\/web.facebook.com\/lequotidienmr\" \/>\n<meta property=\"article:author\" content=\"https:\/\/web.facebook.com\/a.mleiwih\" \/>\n<meta property=\"article:published_time\" content=\"2023-12-10T10:59:23+00:00\" \/>\n<meta property=\"og:image\" content=\"https:\/\/lequotidien.mr\/wp-content\/uploads\/2023\/12\/ory.jpg\" \/>\n\t<meta property=\"og:image:width\" content=\"738\" \/>\n\t<meta property=\"og:image:height\" content=\"281\" \/>\n\t<meta property=\"og:image:type\" content=\"image\/jpeg\" \/>\n<meta name=\"author\" content=\"Alioun M&#039;leiwih\" \/>\n<meta name=\"twitter:card\" content=\"summary_large_image\" \/>\n<meta name=\"twitter:creator\" content=\"@lequotidienmr\" \/>\n<meta name=\"twitter:site\" content=\"@lequotidienmr\" \/>\n<meta name=\"twitter:label1\" content=\"\u0643\u064f\u062a\u0628 \u0628\u0648\u0627\u0633\u0637\u0629\" \/>\n\t<meta name=\"twitter:data1\" content=\"Alioun M&#039;leiwih\" \/>\n\t<meta name=\"twitter:label2\" content=\"\u0648\u0642\u062a \u0627\u0644\u0642\u0631\u0627\u0621\u0629 \u0627\u0644\u0645\u064f\u0642\u062f\u0651\u0631\" \/>\n\t<meta name=\"twitter:data2\" content=\"\u062f\u0642\u064a\u0642\u062a\u0627\u0646\" \/>\n<script type=\"application\/ld+json\" class=\"yoast-schema-graph\">{\"@context\":\"https:\\\/\\\/schema.org\",\"@graph\":[{\"@type\":\"Article\",\"@id\":\"https:\\\/\\\/lequotidien.mr\\\/?p=14305&lang=fr#article\",\"isPartOf\":{\"@id\":\"https:\\\/\\\/lequotidien.mr\\\/?p=14305&lang=fr\"},\"author\":{\"name\":\"Alioun M'leiwih\",\"@id\":\"https:\\\/\\\/lequotidien.mr\\\/#\\\/schema\\\/person\\\/69d1518c74c9137087929a20b1272cb0\"},\"headline\":\"Le Parc National d\u2019Awleigatt re\u00e7oit 29 t\u00eates d\u2019Oryx Abu Adas\",\"datePublished\":\"2023-12-10T10:59:23+00:00\",\"mainEntityOfPage\":{\"@id\":\"https:\\\/\\\/lequotidien.mr\\\/?p=14305&lang=fr\"},\"wordCount\":337,\"commentCount\":0,\"publisher\":{\"@id\":\"https:\\\/\\\/lequotidien.mr\\\/#organization\"},\"image\":{\"@id\":\"https:\\\/\\\/lequotidien.mr\\\/?p=14305&lang=fr#primaryimage\"},\"thumbnailUrl\":\"https:\\\/\\\/lequotidien.mr\\\/wp-content\\\/uploads\\\/2023\\\/12\\\/ory.jpg\",\"articleSection\":[\"ACTUALIT\u00c9\",\"FAITS DIVERS\"],\"inLanguage\":\"ar\",\"potentialAction\":[{\"@type\":\"CommentAction\",\"name\":\"Comment\",\"target\":[\"https:\\\/\\\/lequotidien.mr\\\/?p=14305&lang=fr#respond\"]}]},{\"@type\":\"WebPage\",\"@id\":\"https:\\\/\\\/lequotidien.mr\\\/?p=14305&lang=fr\",\"url\":\"https:\\\/\\\/lequotidien.mr\\\/?p=14305&lang=fr\",\"name\":\"Le Parc National d\u2019Awleigatt re\u00e7oit 29 t\u00eates d\u2019Oryx Abu Adas - Le Quotidien de Nouakchott\",\"isPartOf\":{\"@id\":\"https:\\\/\\\/lequotidien.mr\\\/#website\"},\"primaryImageOfPage\":{\"@id\":\"https:\\\/\\\/lequotidien.mr\\\/?p=14305&lang=fr#primaryimage\"},\"image\":{\"@id\":\"https:\\\/\\\/lequotidien.mr\\\/?p=14305&lang=fr#primaryimage\"},\"thumbnailUrl\":\"https:\\\/\\\/lequotidien.mr\\\/wp-content\\\/uploads\\\/2023\\\/12\\\/ory.jpg\",\"datePublished\":\"2023-12-10T10:59:23+00:00\",\"breadcrumb\":{\"@id\":\"https:\\\/\\\/lequotidien.mr\\\/?p=14305&lang=fr#breadcrumb\"},\"inLanguage\":\"ar\",\"potentialAction\":[{\"@type\":\"ReadAction\",\"target\":[\"https:\\\/\\\/lequotidien.mr\\\/?p=14305&lang=fr\"]}]},{\"@type\":\"ImageObject\",\"inLanguage\":\"ar\",\"@id\":\"https:\\\/\\\/lequotidien.mr\\\/?p=14305&lang=fr#primaryimage\",\"url\":\"https:\\\/\\\/lequotidien.mr\\\/wp-content\\\/uploads\\\/2023\\\/12\\\/ory.jpg\",\"contentUrl\":\"https:\\\/\\\/lequotidien.mr\\\/wp-content\\\/uploads\\\/2023\\\/12\\\/ory.jpg\",\"width\":738,\"height\":281},{\"@type\":\"BreadcrumbList\",\"@id\":\"https:\\\/\\\/lequotidien.mr\\\/?p=14305&lang=fr#breadcrumb\",\"itemListElement\":[{\"@type\":\"ListItem\",\"position\":1,\"name\":\"Home\",\"item\":\"https:\\\/\\\/lequotidien.mr\\\/\"},{\"@type\":\"ListItem\",\"position\":2,\"name\":\"Le Parc National d\u2019Awleigatt re\u00e7oit 29 t\u00eates d\u2019Oryx Abu Adas\"}]},{\"@type\":\"WebSite\",\"@id\":\"https:\\\/\\\/lequotidien.mr\\\/#website\",\"url\":\"https:\\\/\\\/lequotidien.mr\\\/\",\"name\":\"Le Quotidien de Nouakchott\",\"description\":\"\u0625\u062e\u0628\u0627\u0631\u064a\u0629 \u0645\u0633\u062a\u0642\u0644\u0629 \u0644\u0644\u0623\u0646\u0628\u0627\u0621 \u0627\u0644\u0639\u0627\u0645\u0629\",\"publisher\":{\"@id\":\"https:\\\/\\\/lequotidien.mr\\\/#organization\"},\"potentialAction\":[{\"@type\":\"SearchAction\",\"target\":{\"@type\":\"EntryPoint\",\"urlTemplate\":\"https:\\\/\\\/lequotidien.mr\\\/?s={search_term_string}\"},\"query-input\":{\"@type\":\"PropertyValueSpecification\",\"valueRequired\":true,\"valueName\":\"search_term_string\"}}],\"inLanguage\":\"ar\"},{\"@type\":\"Organization\",\"@id\":\"https:\\\/\\\/lequotidien.mr\\\/#organization\",\"name\":\"Le Quotidien de Nouakchott\",\"url\":\"https:\\\/\\\/lequotidien.mr\\\/\",\"logo\":{\"@type\":\"ImageObject\",\"inLanguage\":\"ar\",\"@id\":\"https:\\\/\\\/lequotidien.mr\\\/#\\\/schema\\\/logo\\\/image\\\/\",\"url\":\"https:\\\/\\\/lequotidien.mr\\\/wp-content\\\/uploads\\\/2022\\\/11\\\/logolequotidien.jpg\",\"contentUrl\":\"https:\\\/\\\/lequotidien.mr\\\/wp-content\\\/uploads\\\/2022\\\/11\\\/logolequotidien.jpg\",\"width\":290,\"height\":65,\"caption\":\"Le Quotidien de Nouakchott\"},\"image\":{\"@id\":\"https:\\\/\\\/lequotidien.mr\\\/#\\\/schema\\\/logo\\\/image\\\/\"},\"sameAs\":[\"https:\\\/\\\/web.facebook.com\\\/lequotidienmr\",\"https:\\\/\\\/x.com\\\/lequotidienmr\"]},{\"@type\":\"Person\",\"@id\":\"https:\\\/\\\/lequotidien.mr\\\/#\\\/schema\\\/person\\\/69d1518c74c9137087929a20b1272cb0\",\"name\":\"Alioun M'leiwih\",\"image\":{\"@type\":\"ImageObject\",\"inLanguage\":\"ar\",\"@id\":\"https:\\\/\\\/secure.gravatar.com\\\/avatar\\\/01f9d357222d7d4ca8f71662f4b081718f06d25b11fc45662ecca0622d507e51?s=96&d=mm&r=g\",\"url\":\"https:\\\/\\\/secure.gravatar.com\\\/avatar\\\/01f9d357222d7d4ca8f71662f4b081718f06d25b11fc45662ecca0622d507e51?s=96&d=mm&r=g\",\"contentUrl\":\"https:\\\/\\\/secure.gravatar.com\\\/avatar\\\/01f9d357222d7d4ca8f71662f4b081718f06d25b11fc45662ecca0622d507e51?s=96&d=mm&r=g\",\"caption\":\"Alioun M'leiwih\"},\"sameAs\":[\"https:\\\/\\\/lequotidien.mr\\\/\",\"https:\\\/\\\/web.facebook.com\\\/a.mleiwih\",\"https:\\\/\\\/www.linkedin.com\\\/in\\\/alimlewih\\\/\"],\"url\":\"https:\\\/\\\/lequotidien.mr\\\/?author=3\"}]}<\/script>\n<!-- \/ Yoast SEO plugin. -->","yoast_head_json":{"title":"Le Parc National d\u2019Awleigatt re\u00e7oit 29 t\u00eates d\u2019Oryx Abu Adas - Le Quotidien de Nouakchott","robots":{"index":"index","follow":"follow","max-snippet":"max-snippet:-1","max-image-preview":"max-image-preview:large","max-video-preview":"max-video-preview:-1"},"canonical":"https:\/\/lequotidien.mr\/?p=14305&lang=fr","og_locale":"ar_AR","og_type":"article","og_title":"Le Parc National d\u2019Awleigatt re\u00e7oit 29 t\u00eates d\u2019Oryx Abu Adas - Le Quotidien de Nouakchott","og_description":"29 t\u00eates d\u2019Oryx Abu Adas, ou antilopes \u00e0 cornes spirales, sont arriv\u00e9es vendredi soir dernier \u00e0 l\u2019a\u00e9roport international de Nouakchott-Oumtounsy, \u00a0\u00e0 titre de don adress\u00e9 au Parc National d\u2019Awleigatt, dans le cadre de la coop\u00e9ration entre la Mauritanie et les \u00c9mirats Arabes Unis dans le domaine de la conservation de la biodiversit\u00e9 et de la.....","og_url":"https:\/\/lequotidien.mr\/?p=14305&lang=fr","og_site_name":"Le Quotidien de Nouakchott","article_publisher":"https:\/\/web.facebook.com\/lequotidienmr","article_author":"https:\/\/web.facebook.com\/a.mleiwih","article_published_time":"2023-12-10T10:59:23+00:00","og_image":[{"width":738,"height":281,"url":"https:\/\/lequotidien.mr\/wp-content\/uploads\/2023\/12\/ory.jpg","type":"image\/jpeg"}],"author":"Alioun M'leiwih","twitter_card":"summary_large_image","twitter_creator":"@lequotidienmr","twitter_site":"@lequotidienmr","twitter_misc":{"\u0643\u064f\u062a\u0628 \u0628\u0648\u0627\u0633\u0637\u0629":"Alioun M'leiwih","\u0648\u0642\u062a \u0627\u0644\u0642\u0631\u0627\u0621\u0629 \u0627\u0644\u0645\u064f\u0642\u062f\u0651\u0631":"\u062f\u0642\u064a\u0642\u062a\u0627\u0646"},"schema":{"@context":"https:\/\/schema.org","@graph":[{"@type":"Article","@id":"https:\/\/lequotidien.mr\/?p=14305&lang=fr#article","isPartOf":{"@id":"https:\/\/lequotidien.mr\/?p=14305&lang=fr"},"author":{"name":"Alioun M'leiwih","@id":"https:\/\/lequotidien.mr\/#\/schema\/person\/69d1518c74c9137087929a20b1272cb0"},"headline":"Le Parc National d\u2019Awleigatt re\u00e7oit 29 t\u00eates d\u2019Oryx Abu Adas","datePublished":"2023-12-10T10:59:23+00:00","mainEntityOfPage":{"@id":"https:\/\/lequotidien.mr\/?p=14305&lang=fr"},"wordCount":337,"commentCount":0,"publisher":{"@id":"https:\/\/lequotidien.mr\/#organization"},"image":{"@id":"https:\/\/lequotidien.mr\/?p=14305&lang=fr#primaryimage"},"thumbnailUrl":"https:\/\/lequotidien.mr\/wp-content\/uploads\/2023\/12\/ory.jpg","articleSection":["ACTUALIT\u00c9","FAITS DIVERS"],"inLanguage":"ar","potentialAction":[{"@type":"CommentAction","name":"Comment","target":["https:\/\/lequotidien.mr\/?p=14305&lang=fr#respond"]}]},{"@type":"WebPage","@id":"https:\/\/lequotidien.mr\/?p=14305&lang=fr","url":"https:\/\/lequotidien.mr\/?p=14305&lang=fr","name":"Le Parc National d\u2019Awleigatt re\u00e7oit 29 t\u00eates d\u2019Oryx Abu Adas - Le Quotidien de Nouakchott","isPartOf":{"@id":"https:\/\/lequotidien.mr\/#website"},"primaryImageOfPage":{"@id":"https:\/\/lequotidien.mr\/?p=14305&lang=fr#primaryimage"},"image":{"@id":"https:\/\/lequotidien.mr\/?p=14305&lang=fr#primaryimage"},"thumbnailUrl":"https:\/\/lequotidien.mr\/wp-content\/uploads\/2023\/12\/ory.jpg","datePublished":"2023-12-10T10:59:23+00:00","breadcrumb":{"@id":"https:\/\/lequotidien.mr\/?p=14305&lang=fr#breadcrumb"},"inLanguage":"ar","potentialAction":[{"@type":"ReadAction","target":["https:\/\/lequotidien.mr\/?p=14305&lang=fr"]}]},{"@type":"ImageObject","inLanguage":"ar","@id":"https:\/\/lequotidien.mr\/?p=14305&lang=fr#primaryimage","url":"https:\/\/lequotidien.mr\/wp-content\/uploads\/2023\/12\/ory.jpg","contentUrl":"https:\/\/lequotidien.mr\/wp-content\/uploads\/2023\/12\/ory.jpg","width":738,"height":281},{"@type":"BreadcrumbList","@id":"https:\/\/lequotidien.mr\/?p=14305&lang=fr#breadcrumb","itemListElement":[{"@type":"ListItem","position":1,"name":"Home","item":"https:\/\/lequotidien.mr\/"},{"@type":"ListItem","position":2,"name":"Le Parc National d\u2019Awleigatt re\u00e7oit 29 t\u00eates d\u2019Oryx Abu Adas"}]},{"@type":"WebSite","@id":"https:\/\/lequotidien.mr\/#website","url":"https:\/\/lequotidien.mr\/","name":"Le Quotidien de Nouakchott","description":"\u0625\u062e\u0628\u0627\u0631\u064a\u0629 \u0645\u0633\u062a\u0642\u0644\u0629 \u0644\u0644\u0623\u0646\u0628\u0627\u0621 \u0627\u0644\u0639\u0627\u0645\u0629","publisher":{"@id":"https:\/\/lequotidien.mr\/#organization"},"potentialAction":[{"@type":"SearchAction","target":{"@type":"EntryPoint","urlTemplate":"https:\/\/lequotidien.mr\/?s={search_term_string}"},"query-input":{"@type":"PropertyValueSpecification","valueRequired":true,"valueName":"search_term_string"}}],"inLanguage":"ar"},{"@type":"Organization","@id":"https:\/\/lequotidien.mr\/#organization","name":"Le Quotidien de Nouakchott","url":"https:\/\/lequotidien.mr\/","logo":{"@type":"ImageObject","inLanguage":"ar","@id":"https:\/\/lequotidien.mr\/#\/schema\/logo\/image\/","url":"https:\/\/lequotidien.mr\/wp-content\/uploads\/2022\/11\/logolequotidien.jpg","contentUrl":"https:\/\/lequotidien.mr\/wp-content\/uploads\/2022\/11\/logolequotidien.jpg","width":290,"height":65,"caption":"Le Quotidien de Nouakchott"},"image":{"@id":"https:\/\/lequotidien.mr\/#\/schema\/logo\/image\/"},"sameAs":["https:\/\/web.facebook.com\/lequotidienmr","https:\/\/x.com\/lequotidienmr"]},{"@type":"Person","@id":"https:\/\/lequotidien.mr\/#\/schema\/person\/69d1518c74c9137087929a20b1272cb0","name":"Alioun M'leiwih","image":{"@type":"ImageObject","inLanguage":"ar","@id":"https:\/\/secure.gravatar.com\/avatar\/01f9d357222d7d4ca8f71662f4b081718f06d25b11fc45662ecca0622d507e51?s=96&d=mm&r=g","url":"https:\/\/secure.gravatar.com\/avatar\/01f9d357222d7d4ca8f71662f4b081718f06d25b11fc45662ecca0622d507e51?s=96&d=mm&r=g","contentUrl":"https:\/\/secure.gravatar.com\/avatar\/01f9d357222d7d4ca8f71662f4b081718f06d25b11fc45662ecca0622d507e51?s=96&d=mm&r=g","caption":"Alioun M'leiwih"},"sameAs":["https:\/\/lequotidien.mr\/","https:\/\/web.facebook.com\/a.mleiwih","https:\/\/www.linkedin.com\/in\/alimlewih\/"],"url":"https:\/\/lequotidien.mr\/?author=3"}]}},"_links":{"self":[{"href":"https:\/\/lequotidien.mr\/index.php?rest_route=\/wp\/v2\/posts\/14305","targetHints":{"allow":["GET"]}}],"collection":[{"href":"https:\/\/lequotidien.mr\/index.php?rest_route=\/wp\/v2\/posts"}],"about":[{"href":"https:\/\/lequotidien.mr\/index.php?rest_route=\/wp\/v2\/types\/post"}],"author":[{"embeddable":true,"href":"https:\/\/lequotidien.mr\/index.php?rest_route=\/wp\/v2\/users\/3"}],"replies":[{"embeddable":true,"href":"https:\/\/lequotidien.mr\/index.php?rest_route=%2Fwp%2Fv2%2Fcomments&post=14305"}],"version-history":[{"count":2,"href":"https:\/\/lequotidien.mr\/index.php?rest_route=\/wp\/v2\/posts\/14305\/revisions"}],"predecessor-version":[{"id":14308,"href":"https:\/\/lequotidien.mr\/index.php?rest_route=\/wp\/v2\/posts\/14305\/revisions\/14308"}],"wp:featuredmedia":[{"embeddable":true,"href":"https:\/\/lequotidien.mr\/index.php?rest_route=\/wp\/v2\/media\/14306"}],"wp:attachment":[{"href":"https:\/\/lequotidien.mr\/index.php?rest_route=%2Fwp%2Fv2%2Fmedia&parent=14305"}],"wp:term":[{"taxonomy":"category","embeddable":true,"href":"https:\/\/lequotidien.mr\/index.php?rest_route=%2Fwp%2Fv2%2Fcategories&post=14305"},{"taxonomy":"post_tag","embeddable":true,"href":"https:\/\/lequotidien.mr\/index.php?rest_route=%2Fwp%2Fv2%2Ftags&post=14305"}],"curies":[{"name":"wp","href":"https:\/\/api.w.org\/{rel}","templated":true}]}}