{"id":14281,"date":"2023-12-07T20:14:40","date_gmt":"2023-12-07T20:14:40","guid":{"rendered":"https:\/\/lequotidien.mr\/?p=14281"},"modified":"2023-12-07T20:14:40","modified_gmt":"2023-12-07T20:14:40","slug":"vers-la-dissolution-du-g5-sahel-changements-significatifs-apres-le-retrait-du-burkina-faso-et-du-niger","status":"publish","type":"post","link":"https:\/\/lequotidien.mr\/?p=14281&lang=fr","title":{"rendered":"Vers la Dissolution du G5 Sahel : Changements Significatifs Apr\u00e8s le Retrait du Burkina Faso et du Niger"},"content":{"rendered":"<p>[Nouakchott, Mauritanie]\u00a0\u2013 Dans un tournant historique pour la coop\u00e9ration r\u00e9gionale en Afrique de l&#8217;Ouest, la Mauritanie et le Tchad, derniers membres restants du G5 Sahel, ont \u00e9voqu\u00e9 la possibilit\u00e9 d&#8217;une dissolution de cette alliance apr\u00e8s le retrait r\u00e9cent du Burkina Faso et du Niger. L&#8217;annonce a \u00e9t\u00e9 faite suite \u00e0 un communiqu\u00e9 officiel relay\u00e9 par l&#8217;Agence mauritanienne d&#8217;information (AMI), sign\u00e9 par les pr\u00e9sidents Mohamed Ould Cheikh El Ghazouani de Mauritanie et Mahamat Idriss D\u00e9by Itno du Tchad.<\/p>\n<p>Le G5 Sahel, \u00e9tabli le 15 janvier 2014 \u00e0 Nouakchott, avait initialement pour mission de cr\u00e9er une force conjointe pour contrer la menace terroriste et relever les d\u00e9fis de la s\u00e9curit\u00e9 et du d\u00e9veloppement dans la sous-r\u00e9gion. Cependant, la structure a \u00e9t\u00e9 marqu\u00e9e par des d\u00e9fis institutionnels et des accusations d&#8217;instrumentalisation par des puissances ext\u00e9rieures, entra\u00eenant des r\u00e9visions critiques par ses membres.<\/p>\n<p>Le Mali avait d\u00e9j\u00e0 quitt\u00e9 le G5 Sahel en mai, et le 16 septembre 2023, le Burkina Faso, le Mali et le Niger, tous dirig\u00e9s par des juntes militaires, ont form\u00e9 l&#8217;Alliance des \u00c9tats du Sahel (AES), un pacte de d\u00e9fense mutuelle. Cette nouvelle alliance marque un virage strat\u00e9gique important pour ces pays, soulignant leur d\u00e9sir d&#8217;ind\u00e9pendance et de souverainet\u00e9 dans la gestion des questions de s\u00e9curit\u00e9 et de d\u00e9veloppement.<\/p>\n<p>Le communiqu\u00e9 officiel souligne que la Mauritanie et le Tchad respectent la d\u00e9cision souveraine du Burkina Faso et du Niger de se retirer et envisagent de mettre en \u0153uvre toutes les mesures n\u00e9cessaires conform\u00e9ment \u00e0 l&#8217;article 20 de la Convention portant cr\u00e9ation du G5 Sahel. Cet article pr\u00e9voit la possibilit\u00e9 de dissolution de l&#8217;organisation \u00e0 la demande d&#8217;au moins trois de ses membres.<\/p>\n<p>Cette \u00e9volution soul\u00e8ve des questions sur l&#8217;avenir de la coop\u00e9ration r\u00e9gionale en mati\u00e8re de s\u00e9curit\u00e9 et de d\u00e9veloppement dans le Sahel. Elle met en lumi\u00e8re les d\u00e9fis auxquels sont confront\u00e9s ces pays dans leur lutte contre le terrorisme et leurs efforts pour un d\u00e9veloppement durable et inclusif.<\/p>\n<p>La dissolution potentielle du G5 Sahel repr\u00e9sente un moment critique pour l&#8217;Afrique de l&#8217;Ouest, t\u00e9moignant de la complexit\u00e9 des relations internationales et des dynamiques de s\u00e9curit\u00e9 dans la r\u00e9gion. Alors que les d\u00e9tails de cette transition restent \u00e0 pr\u00e9ciser, les implications pour la stabilit\u00e9 et la coop\u00e9ration r\u00e9gionale restent un sujet de pr\u00e9occupation majeur pour les observateurs et les parties prenantes.<\/p>\n","protected":false},"excerpt":{"rendered":"<p>[Nouakchott, Mauritanie]\u00a0\u2013 Dans un tournant historique pour la coop\u00e9ration r\u00e9gionale en Afrique de l&#8217;Ouest, la Mauritanie et le Tchad, derniers membres restants du G5 Sahel, ont \u00e9voqu\u00e9 la possibilit\u00e9 d&#8217;une dissolution de cette alliance apr\u00e8s le retrait r\u00e9cent du Burkina Faso et du Niger. L&#8217;annonce a \u00e9t\u00e9 faite suite \u00e0 un communiqu\u00e9 officiel relay\u00e9 par&#8230;..<\/p>\n","protected":false},"author":5,"featured_media":14282,"comment_status":"open","ping_status":"open","sticky":false,"template":"","format":"standard","meta":{"footnotes":""},"categories":[23,57],"tags":[],"class_list":["post-14281","post","type-post","status-publish","format-standard","has-post-thumbnail","hentry","category-actualite","category-couverture-specilale"],"yoast_head":"<!-- This site is optimized with the Yoast SEO plugin v27.5 - https:\/\/yoast.com\/product\/yoast-seo-wordpress\/ -->\n<title>Vers la Dissolution du G5 Sahel : Changements Significatifs Apr\u00e8s le Retrait du Burkina Faso et du Niger - Le Quotidien de Nouakchott<\/title>\n<meta name=\"robots\" content=\"index, follow, max-snippet:-1, max-image-preview:large, max-video-preview:-1\" \/>\n<link rel=\"canonical\" href=\"https:\/\/lequotidien.mr\/?p=14281&lang=fr\" \/>\n<meta property=\"og:locale\" content=\"ar_AR\" \/>\n<meta property=\"og:type\" content=\"article\" \/>\n<meta property=\"og:title\" content=\"Vers la Dissolution du G5 Sahel : Changements Significatifs Apr\u00e8s le Retrait du Burkina Faso et du Niger - Le Quotidien de Nouakchott\" \/>\n<meta property=\"og:description\" content=\"[Nouakchott, Mauritanie]\u00a0\u2013 Dans un tournant historique pour la coop\u00e9ration r\u00e9gionale en Afrique de l&#8217;Ouest, la Mauritanie et le Tchad, derniers membres restants du G5 Sahel, ont \u00e9voqu\u00e9 la possibilit\u00e9 d&#8217;une dissolution de cette alliance apr\u00e8s le retrait r\u00e9cent du Burkina Faso et du Niger. L&#8217;annonce a \u00e9t\u00e9 faite suite \u00e0 un communiqu\u00e9 officiel relay\u00e9 par.....\" \/>\n<meta property=\"og:url\" content=\"https:\/\/lequotidien.mr\/?p=14281&amp;lang=fr\" \/>\n<meta property=\"og:site_name\" content=\"Le Quotidien de Nouakchott\" \/>\n<meta property=\"article:publisher\" content=\"https:\/\/web.facebook.com\/lequotidienmr\" \/>\n<meta property=\"article:published_time\" content=\"2023-12-07T20:14:40+00:00\" \/>\n<meta property=\"og:image\" content=\"https:\/\/lequotidien.mr\/wp-content\/uploads\/2023\/12\/telechargement.png\" \/>\n\t<meta property=\"og:image:width\" content=\"186\" \/>\n\t<meta property=\"og:image:height\" content=\"186\" \/>\n\t<meta property=\"og:image:type\" content=\"image\/png\" \/>\n<meta name=\"author\" content=\"Gayi Diawara\" \/>\n<meta name=\"twitter:card\" content=\"summary_large_image\" \/>\n<meta name=\"twitter:creator\" content=\"@lequotidienmr\" \/>\n<meta name=\"twitter:site\" content=\"@lequotidienmr\" \/>\n<meta name=\"twitter:label1\" content=\"\u0643\u064f\u062a\u0628 \u0628\u0648\u0627\u0633\u0637\u0629\" \/>\n\t<meta name=\"twitter:data1\" content=\"Gayi Diawara\" \/>\n\t<meta name=\"twitter:label2\" content=\"\u0648\u0642\u062a \u0627\u0644\u0642\u0631\u0627\u0621\u0629 \u0627\u0644\u0645\u064f\u0642\u062f\u0651\u0631\" \/>\n\t<meta name=\"twitter:data2\" content=\"\u062f\u0642\u064a\u0642\u062a\u0627\u0646\" \/>\n<script type=\"application\/ld+json\" class=\"yoast-schema-graph\">{\"@context\":\"https:\\\/\\\/schema.org\",\"@graph\":[{\"@type\":\"Article\",\"@id\":\"https:\\\/\\\/lequotidien.mr\\\/?p=14281&lang=fr#article\",\"isPartOf\":{\"@id\":\"https:\\\/\\\/lequotidien.mr\\\/?p=14281&lang=fr\"},\"author\":{\"name\":\"Gayi Diawara\",\"@id\":\"https:\\\/\\\/lequotidien.mr\\\/#\\\/schema\\\/person\\\/1077c8abd5640a6514b909318d271dee\"},\"headline\":\"Vers la Dissolution du G5 Sahel : Changements Significatifs Apr\u00e8s le Retrait du Burkina Faso et du Niger\",\"datePublished\":\"2023-12-07T20:14:40+00:00\",\"mainEntityOfPage\":{\"@id\":\"https:\\\/\\\/lequotidien.mr\\\/?p=14281&lang=fr\"},\"wordCount\":450,\"commentCount\":0,\"publisher\":{\"@id\":\"https:\\\/\\\/lequotidien.mr\\\/#organization\"},\"image\":{\"@id\":\"https:\\\/\\\/lequotidien.mr\\\/?p=14281&lang=fr#primaryimage\"},\"thumbnailUrl\":\"https:\\\/\\\/lequotidien.mr\\\/wp-content\\\/uploads\\\/2023\\\/12\\\/telechargement.png\",\"articleSection\":[\"ACTUALIT\u00c9\",\"Couverture sp\u00e9cilale\"],\"inLanguage\":\"ar\",\"potentialAction\":[{\"@type\":\"CommentAction\",\"name\":\"Comment\",\"target\":[\"https:\\\/\\\/lequotidien.mr\\\/?p=14281&lang=fr#respond\"]}]},{\"@type\":\"WebPage\",\"@id\":\"https:\\\/\\\/lequotidien.mr\\\/?p=14281&lang=fr\",\"url\":\"https:\\\/\\\/lequotidien.mr\\\/?p=14281&lang=fr\",\"name\":\"Vers la Dissolution du G5 Sahel : Changements Significatifs Apr\u00e8s le Retrait du Burkina Faso et du Niger - Le Quotidien de Nouakchott\",\"isPartOf\":{\"@id\":\"https:\\\/\\\/lequotidien.mr\\\/#website\"},\"primaryImageOfPage\":{\"@id\":\"https:\\\/\\\/lequotidien.mr\\\/?p=14281&lang=fr#primaryimage\"},\"image\":{\"@id\":\"https:\\\/\\\/lequotidien.mr\\\/?p=14281&lang=fr#primaryimage\"},\"thumbnailUrl\":\"https:\\\/\\\/lequotidien.mr\\\/wp-content\\\/uploads\\\/2023\\\/12\\\/telechargement.png\",\"datePublished\":\"2023-12-07T20:14:40+00:00\",\"breadcrumb\":{\"@id\":\"https:\\\/\\\/lequotidien.mr\\\/?p=14281&lang=fr#breadcrumb\"},\"inLanguage\":\"ar\",\"potentialAction\":[{\"@type\":\"ReadAction\",\"target\":[\"https:\\\/\\\/lequotidien.mr\\\/?p=14281&lang=fr\"]}]},{\"@type\":\"ImageObject\",\"inLanguage\":\"ar\",\"@id\":\"https:\\\/\\\/lequotidien.mr\\\/?p=14281&lang=fr#primaryimage\",\"url\":\"https:\\\/\\\/lequotidien.mr\\\/wp-content\\\/uploads\\\/2023\\\/12\\\/telechargement.png\",\"contentUrl\":\"https:\\\/\\\/lequotidien.mr\\\/wp-content\\\/uploads\\\/2023\\\/12\\\/telechargement.png\",\"width\":186,\"height\":186},{\"@type\":\"BreadcrumbList\",\"@id\":\"https:\\\/\\\/lequotidien.mr\\\/?p=14281&lang=fr#breadcrumb\",\"itemListElement\":[{\"@type\":\"ListItem\",\"position\":1,\"name\":\"Home\",\"item\":\"https:\\\/\\\/lequotidien.mr\\\/\"},{\"@type\":\"ListItem\",\"position\":2,\"name\":\"Vers la Dissolution du G5 Sahel : Changements Significatifs Apr\u00e8s le Retrait du Burkina Faso et du Niger\"}]},{\"@type\":\"WebSite\",\"@id\":\"https:\\\/\\\/lequotidien.mr\\\/#website\",\"url\":\"https:\\\/\\\/lequotidien.mr\\\/\",\"name\":\"Le Quotidien de Nouakchott\",\"description\":\"\u0625\u062e\u0628\u0627\u0631\u064a\u0629 \u0645\u0633\u062a\u0642\u0644\u0629 \u0644\u0644\u0623\u0646\u0628\u0627\u0621 \u0627\u0644\u0639\u0627\u0645\u0629\",\"publisher\":{\"@id\":\"https:\\\/\\\/lequotidien.mr\\\/#organization\"},\"potentialAction\":[{\"@type\":\"SearchAction\",\"target\":{\"@type\":\"EntryPoint\",\"urlTemplate\":\"https:\\\/\\\/lequotidien.mr\\\/?s={search_term_string}\"},\"query-input\":{\"@type\":\"PropertyValueSpecification\",\"valueRequired\":true,\"valueName\":\"search_term_string\"}}],\"inLanguage\":\"ar\"},{\"@type\":\"Organization\",\"@id\":\"https:\\\/\\\/lequotidien.mr\\\/#organization\",\"name\":\"Le Quotidien de Nouakchott\",\"url\":\"https:\\\/\\\/lequotidien.mr\\\/\",\"logo\":{\"@type\":\"ImageObject\",\"inLanguage\":\"ar\",\"@id\":\"https:\\\/\\\/lequotidien.mr\\\/#\\\/schema\\\/logo\\\/image\\\/\",\"url\":\"https:\\\/\\\/lequotidien.mr\\\/wp-content\\\/uploads\\\/2022\\\/11\\\/logolequotidien.jpg\",\"contentUrl\":\"https:\\\/\\\/lequotidien.mr\\\/wp-content\\\/uploads\\\/2022\\\/11\\\/logolequotidien.jpg\",\"width\":290,\"height\":65,\"caption\":\"Le Quotidien de Nouakchott\"},\"image\":{\"@id\":\"https:\\\/\\\/lequotidien.mr\\\/#\\\/schema\\\/logo\\\/image\\\/\"},\"sameAs\":[\"https:\\\/\\\/web.facebook.com\\\/lequotidienmr\",\"https:\\\/\\\/x.com\\\/lequotidienmr\"]},{\"@type\":\"Person\",\"@id\":\"https:\\\/\\\/lequotidien.mr\\\/#\\\/schema\\\/person\\\/1077c8abd5640a6514b909318d271dee\",\"name\":\"Gayi Diawara\",\"image\":{\"@type\":\"ImageObject\",\"inLanguage\":\"ar\",\"@id\":\"https:\\\/\\\/secure.gravatar.com\\\/avatar\\\/63ea8db1e19a6d2d608b24c0f78b5f3a7d6e0bc11959fec273410af333e4d0ac?s=96&d=mm&r=g\",\"url\":\"https:\\\/\\\/secure.gravatar.com\\\/avatar\\\/63ea8db1e19a6d2d608b24c0f78b5f3a7d6e0bc11959fec273410af333e4d0ac?s=96&d=mm&r=g\",\"contentUrl\":\"https:\\\/\\\/secure.gravatar.com\\\/avatar\\\/63ea8db1e19a6d2d608b24c0f78b5f3a7d6e0bc11959fec273410af333e4d0ac?s=96&d=mm&r=g\",\"caption\":\"Gayi Diawara\"},\"sameAs\":[\"http:\\\/\\\/lequotidien.mr\"],\"url\":\"https:\\\/\\\/lequotidien.mr\\\/?author=5\"}]}<\/script>\n<!-- \/ Yoast SEO plugin. -->","yoast_head_json":{"title":"Vers la Dissolution du G5 Sahel : Changements Significatifs Apr\u00e8s le Retrait du Burkina Faso et du Niger - Le Quotidien de Nouakchott","robots":{"index":"index","follow":"follow","max-snippet":"max-snippet:-1","max-image-preview":"max-image-preview:large","max-video-preview":"max-video-preview:-1"},"canonical":"https:\/\/lequotidien.mr\/?p=14281&lang=fr","og_locale":"ar_AR","og_type":"article","og_title":"Vers la Dissolution du G5 Sahel : Changements Significatifs Apr\u00e8s le Retrait du Burkina Faso et du Niger - Le Quotidien de Nouakchott","og_description":"[Nouakchott, Mauritanie]\u00a0\u2013 Dans un tournant historique pour la coop\u00e9ration r\u00e9gionale en Afrique de l&#8217;Ouest, la Mauritanie et le Tchad, derniers membres restants du G5 Sahel, ont \u00e9voqu\u00e9 la possibilit\u00e9 d&#8217;une dissolution de cette alliance apr\u00e8s le retrait r\u00e9cent du Burkina Faso et du Niger. L&#8217;annonce a \u00e9t\u00e9 faite suite \u00e0 un communiqu\u00e9 officiel relay\u00e9 par.....","og_url":"https:\/\/lequotidien.mr\/?p=14281&lang=fr","og_site_name":"Le Quotidien de Nouakchott","article_publisher":"https:\/\/web.facebook.com\/lequotidienmr","article_published_time":"2023-12-07T20:14:40+00:00","og_image":[{"width":186,"height":186,"url":"https:\/\/lequotidien.mr\/wp-content\/uploads\/2023\/12\/telechargement.png","type":"image\/png"}],"author":"Gayi Diawara","twitter_card":"summary_large_image","twitter_creator":"@lequotidienmr","twitter_site":"@lequotidienmr","twitter_misc":{"\u0643\u064f\u062a\u0628 \u0628\u0648\u0627\u0633\u0637\u0629":"Gayi Diawara","\u0648\u0642\u062a \u0627\u0644\u0642\u0631\u0627\u0621\u0629 \u0627\u0644\u0645\u064f\u0642\u062f\u0651\u0631":"\u062f\u0642\u064a\u0642\u062a\u0627\u0646"},"schema":{"@context":"https:\/\/schema.org","@graph":[{"@type":"Article","@id":"https:\/\/lequotidien.mr\/?p=14281&lang=fr#article","isPartOf":{"@id":"https:\/\/lequotidien.mr\/?p=14281&lang=fr"},"author":{"name":"Gayi Diawara","@id":"https:\/\/lequotidien.mr\/#\/schema\/person\/1077c8abd5640a6514b909318d271dee"},"headline":"Vers la Dissolution du G5 Sahel : Changements Significatifs Apr\u00e8s le Retrait du Burkina Faso et du Niger","datePublished":"2023-12-07T20:14:40+00:00","mainEntityOfPage":{"@id":"https:\/\/lequotidien.mr\/?p=14281&lang=fr"},"wordCount":450,"commentCount":0,"publisher":{"@id":"https:\/\/lequotidien.mr\/#organization"},"image":{"@id":"https:\/\/lequotidien.mr\/?p=14281&lang=fr#primaryimage"},"thumbnailUrl":"https:\/\/lequotidien.mr\/wp-content\/uploads\/2023\/12\/telechargement.png","articleSection":["ACTUALIT\u00c9","Couverture sp\u00e9cilale"],"inLanguage":"ar","potentialAction":[{"@type":"CommentAction","name":"Comment","target":["https:\/\/lequotidien.mr\/?p=14281&lang=fr#respond"]}]},{"@type":"WebPage","@id":"https:\/\/lequotidien.mr\/?p=14281&lang=fr","url":"https:\/\/lequotidien.mr\/?p=14281&lang=fr","name":"Vers la Dissolution du G5 Sahel : Changements Significatifs Apr\u00e8s le Retrait du Burkina Faso et du Niger - Le Quotidien de Nouakchott","isPartOf":{"@id":"https:\/\/lequotidien.mr\/#website"},"primaryImageOfPage":{"@id":"https:\/\/lequotidien.mr\/?p=14281&lang=fr#primaryimage"},"image":{"@id":"https:\/\/lequotidien.mr\/?p=14281&lang=fr#primaryimage"},"thumbnailUrl":"https:\/\/lequotidien.mr\/wp-content\/uploads\/2023\/12\/telechargement.png","datePublished":"2023-12-07T20:14:40+00:00","breadcrumb":{"@id":"https:\/\/lequotidien.mr\/?p=14281&lang=fr#breadcrumb"},"inLanguage":"ar","potentialAction":[{"@type":"ReadAction","target":["https:\/\/lequotidien.mr\/?p=14281&lang=fr"]}]},{"@type":"ImageObject","inLanguage":"ar","@id":"https:\/\/lequotidien.mr\/?p=14281&lang=fr#primaryimage","url":"https:\/\/lequotidien.mr\/wp-content\/uploads\/2023\/12\/telechargement.png","contentUrl":"https:\/\/lequotidien.mr\/wp-content\/uploads\/2023\/12\/telechargement.png","width":186,"height":186},{"@type":"BreadcrumbList","@id":"https:\/\/lequotidien.mr\/?p=14281&lang=fr#breadcrumb","itemListElement":[{"@type":"ListItem","position":1,"name":"Home","item":"https:\/\/lequotidien.mr\/"},{"@type":"ListItem","position":2,"name":"Vers la Dissolution du G5 Sahel : Changements Significatifs Apr\u00e8s le Retrait du Burkina Faso et du Niger"}]},{"@type":"WebSite","@id":"https:\/\/lequotidien.mr\/#website","url":"https:\/\/lequotidien.mr\/","name":"Le Quotidien de Nouakchott","description":"\u0625\u062e\u0628\u0627\u0631\u064a\u0629 \u0645\u0633\u062a\u0642\u0644\u0629 \u0644\u0644\u0623\u0646\u0628\u0627\u0621 \u0627\u0644\u0639\u0627\u0645\u0629","publisher":{"@id":"https:\/\/lequotidien.mr\/#organization"},"potentialAction":[{"@type":"SearchAction","target":{"@type":"EntryPoint","urlTemplate":"https:\/\/lequotidien.mr\/?s={search_term_string}"},"query-input":{"@type":"PropertyValueSpecification","valueRequired":true,"valueName":"search_term_string"}}],"inLanguage":"ar"},{"@type":"Organization","@id":"https:\/\/lequotidien.mr\/#organization","name":"Le Quotidien de Nouakchott","url":"https:\/\/lequotidien.mr\/","logo":{"@type":"ImageObject","inLanguage":"ar","@id":"https:\/\/lequotidien.mr\/#\/schema\/logo\/image\/","url":"https:\/\/lequotidien.mr\/wp-content\/uploads\/2022\/11\/logolequotidien.jpg","contentUrl":"https:\/\/lequotidien.mr\/wp-content\/uploads\/2022\/11\/logolequotidien.jpg","width":290,"height":65,"caption":"Le Quotidien de Nouakchott"},"image":{"@id":"https:\/\/lequotidien.mr\/#\/schema\/logo\/image\/"},"sameAs":["https:\/\/web.facebook.com\/lequotidienmr","https:\/\/x.com\/lequotidienmr"]},{"@type":"Person","@id":"https:\/\/lequotidien.mr\/#\/schema\/person\/1077c8abd5640a6514b909318d271dee","name":"Gayi Diawara","image":{"@type":"ImageObject","inLanguage":"ar","@id":"https:\/\/secure.gravatar.com\/avatar\/63ea8db1e19a6d2d608b24c0f78b5f3a7d6e0bc11959fec273410af333e4d0ac?s=96&d=mm&r=g","url":"https:\/\/secure.gravatar.com\/avatar\/63ea8db1e19a6d2d608b24c0f78b5f3a7d6e0bc11959fec273410af333e4d0ac?s=96&d=mm&r=g","contentUrl":"https:\/\/secure.gravatar.com\/avatar\/63ea8db1e19a6d2d608b24c0f78b5f3a7d6e0bc11959fec273410af333e4d0ac?s=96&d=mm&r=g","caption":"Gayi Diawara"},"sameAs":["http:\/\/lequotidien.mr"],"url":"https:\/\/lequotidien.mr\/?author=5"}]}},"_links":{"self":[{"href":"https:\/\/lequotidien.mr\/index.php?rest_route=\/wp\/v2\/posts\/14281","targetHints":{"allow":["GET"]}}],"collection":[{"href":"https:\/\/lequotidien.mr\/index.php?rest_route=\/wp\/v2\/posts"}],"about":[{"href":"https:\/\/lequotidien.mr\/index.php?rest_route=\/wp\/v2\/types\/post"}],"author":[{"embeddable":true,"href":"https:\/\/lequotidien.mr\/index.php?rest_route=\/wp\/v2\/users\/5"}],"replies":[{"embeddable":true,"href":"https:\/\/lequotidien.mr\/index.php?rest_route=%2Fwp%2Fv2%2Fcomments&post=14281"}],"version-history":[{"count":2,"href":"https:\/\/lequotidien.mr\/index.php?rest_route=\/wp\/v2\/posts\/14281\/revisions"}],"predecessor-version":[{"id":14284,"href":"https:\/\/lequotidien.mr\/index.php?rest_route=\/wp\/v2\/posts\/14281\/revisions\/14284"}],"wp:featuredmedia":[{"embeddable":true,"href":"https:\/\/lequotidien.mr\/index.php?rest_route=\/wp\/v2\/media\/14282"}],"wp:attachment":[{"href":"https:\/\/lequotidien.mr\/index.php?rest_route=%2Fwp%2Fv2%2Fmedia&parent=14281"}],"wp:term":[{"taxonomy":"category","embeddable":true,"href":"https:\/\/lequotidien.mr\/index.php?rest_route=%2Fwp%2Fv2%2Fcategories&post=14281"},{"taxonomy":"post_tag","embeddable":true,"href":"https:\/\/lequotidien.mr\/index.php?rest_route=%2Fwp%2Fv2%2Ftags&post=14281"}],"curies":[{"name":"wp","href":"https:\/\/api.w.org\/{rel}","templated":true}]}}