{"id":14266,"date":"2023-12-07T12:42:53","date_gmt":"2023-12-07T12:42:53","guid":{"rendered":"https:\/\/lequotidien.mr\/?p=14266"},"modified":"2023-12-07T12:42:53","modified_gmt":"2023-12-07T12:42:53","slug":"le-groupe-marocain-akwa-afrique-envisage-t-il-de-vendre-ses-succursales-en-mauritanie","status":"publish","type":"post","link":"https:\/\/lequotidien.mr\/?p=14266&lang=fr","title":{"rendered":"Le groupe marocain (AKWA &#8211; Afrique) envisage-t-il de vendre ses succursales en Mauritanie ?!!"},"content":{"rendered":"<p>Adrar.Info\u00a0&#8211; Des sources bien inform\u00e9es ont indiqu\u00e9 \u00e0 &#8220;Mourassiloun&#8221; que l&#8217;AKWA, qui a h\u00e9rit\u00e9 les int\u00e9r\u00eats de Total- Hydrocarbures et ses stations en Mauritanie, re\u00e7oit ces jours-ci des missions techniques, l&#8217;une sp\u00e9cialis\u00e9e dans l&#8217;\u00e9valuation financi\u00e8re et l&#8217;autre dans les ressources humaines de diff\u00e9rents niveaux.<\/p>\n<p>Selon des sources priv\u00e9es, le dossier pourrait \u00eatre li\u00e9 aux pr\u00e9paratifs de cession par la soci\u00e9t\u00e9 de ses deux succursales en Mauritanie (MAURICRAB et MOURIGAZ) \u00e0 un autre investisseur dont l&#8217;identit\u00e9 n&#8217;a pas \u00e9t\u00e9 r\u00e9v\u00e9l\u00e9e.<\/p>\n<p>La seconde est d\u00e9tenue depuis dix ans, alors que la derni\u00e8re n&#8217;a \u00e9t\u00e9 rachet\u00e9e qu&#8217;en f\u00e9vrier dernier. Seulement, il semble, selon les connaisseurs du terrain, que les deux soci\u00e9t\u00e9s n&#8217;ont pas r\u00e9ussi en Mauritanie, surtout la derni\u00e8re. Selon nos sources, ce probl\u00e8me s&#8217;explique principalement par le manque d&#8217;exp\u00e9rience du groupe propri\u00e9taire dans la gestion des investissements hors du Maroc.<\/p>\n<p>On ne sait pas ce que pensent les autorit\u00e9s mauritaniennes de la man\u0153uvre de cet investisseur \u00e9tranger sur un march\u00e9 sensible et important.<\/p>\n<p>Et quel pourrait \u00eatre son impact sur les partenaires nationaux : propri\u00e9taires de stations, fournisseurs, gros clients &#8211; Kinros,Taziast par exemple, et m\u00eame les travailleurs mauritaniens. en plus d&#8217;autres cons\u00e9quences?<\/p>\n<p>Depuis une trentaine d&#8217;ann\u00e9es, la Mauritanie m\u00e8ne une politique lib\u00e9rale bas\u00e9e sur la privatisation des services et la libert\u00e9 de le faire, mais les changements constants de propri\u00e9taires des grandes entreprises peuvent provoquer des chocs sur l&#8217;\u00e9conomie nationale.<\/p>\n<p>Traduit par\u00a0Adrar.info<\/p>\n<p>Source :\u00a0Mourassiloun.com<\/p>\n","protected":false},"excerpt":{"rendered":"<p>Adrar.Info\u00a0&#8211; Des sources bien inform\u00e9es ont indiqu\u00e9 \u00e0 &#8220;Mourassiloun&#8221; que l&#8217;AKWA, qui a h\u00e9rit\u00e9 les int\u00e9r\u00eats de Total- Hydrocarbures et ses stations en Mauritanie, re\u00e7oit ces jours-ci des missions techniques, l&#8217;une sp\u00e9cialis\u00e9e dans l&#8217;\u00e9valuation financi\u00e8re et l&#8217;autre dans les ressources humaines de diff\u00e9rents niveaux. Selon des sources priv\u00e9es, le dossier pourrait \u00eatre li\u00e9 aux pr\u00e9paratifs&#8230;..<\/p>\n","protected":false},"author":5,"featured_media":14267,"comment_status":"open","ping_status":"open","sticky":false,"template":"","format":"standard","meta":{"footnotes":""},"categories":[23,49,57],"tags":[],"class_list":["post-14266","post","type-post","status-publish","format-standard","has-post-thumbnail","hentry","category-actualite","category-economie","category-couverture-specilale"],"yoast_head":"<!-- This site is optimized with the Yoast SEO plugin v27.5 - https:\/\/yoast.com\/product\/yoast-seo-wordpress\/ -->\n<title>Le groupe marocain (AKWA - Afrique) envisage-t-il de vendre ses succursales en Mauritanie ?!! - Le Quotidien de Nouakchott<\/title>\n<meta name=\"robots\" content=\"index, follow, max-snippet:-1, max-image-preview:large, max-video-preview:-1\" \/>\n<link rel=\"canonical\" href=\"https:\/\/lequotidien.mr\/?p=14266&lang=fr\" \/>\n<meta property=\"og:locale\" content=\"ar_AR\" \/>\n<meta property=\"og:type\" content=\"article\" \/>\n<meta property=\"og:title\" content=\"Le groupe marocain (AKWA - Afrique) envisage-t-il de vendre ses succursales en Mauritanie ?!! - Le Quotidien de Nouakchott\" \/>\n<meta property=\"og:description\" content=\"Adrar.Info\u00a0&#8211; Des sources bien inform\u00e9es ont indiqu\u00e9 \u00e0 &#8220;Mourassiloun&#8221; que l&#8217;AKWA, qui a h\u00e9rit\u00e9 les int\u00e9r\u00eats de Total- Hydrocarbures et ses stations en Mauritanie, re\u00e7oit ces jours-ci des missions techniques, l&#8217;une sp\u00e9cialis\u00e9e dans l&#8217;\u00e9valuation financi\u00e8re et l&#8217;autre dans les ressources humaines de diff\u00e9rents niveaux. Selon des sources priv\u00e9es, le dossier pourrait \u00eatre li\u00e9 aux pr\u00e9paratifs.....\" \/>\n<meta property=\"og:url\" content=\"https:\/\/lequotidien.mr\/?p=14266&amp;lang=fr\" \/>\n<meta property=\"og:site_name\" content=\"Le Quotidien de Nouakchott\" \/>\n<meta property=\"article:publisher\" content=\"https:\/\/web.facebook.com\/lequotidienmr\" \/>\n<meta property=\"article:published_time\" content=\"2023-12-07T12:42:53+00:00\" \/>\n<meta property=\"og:image\" content=\"https:\/\/lequotidien.mr\/wp-content\/uploads\/2023\/12\/akwa_0000000000000.jpg\" \/>\n\t<meta property=\"og:image:width\" content=\"1000\" \/>\n\t<meta property=\"og:image:height\" content=\"500\" \/>\n\t<meta property=\"og:image:type\" content=\"image\/jpeg\" \/>\n<meta name=\"author\" content=\"Gayi Diawara\" \/>\n<meta name=\"twitter:card\" content=\"summary_large_image\" \/>\n<meta name=\"twitter:creator\" content=\"@lequotidienmr\" \/>\n<meta name=\"twitter:site\" content=\"@lequotidienmr\" \/>\n<meta name=\"twitter:label1\" content=\"\u0643\u064f\u062a\u0628 \u0628\u0648\u0627\u0633\u0637\u0629\" \/>\n\t<meta name=\"twitter:data1\" content=\"Gayi Diawara\" \/>\n\t<meta name=\"twitter:label2\" content=\"\u0648\u0642\u062a \u0627\u0644\u0642\u0631\u0627\u0621\u0629 \u0627\u0644\u0645\u064f\u0642\u062f\u0651\u0631\" \/>\n\t<meta name=\"twitter:data2\" content=\"\u062f\u0642\u064a\u0642\u0629 \u0648\u0627\u062d\u062f\u0629\" \/>\n<script type=\"application\/ld+json\" class=\"yoast-schema-graph\">{\"@context\":\"https:\\\/\\\/schema.org\",\"@graph\":[{\"@type\":\"Article\",\"@id\":\"https:\\\/\\\/lequotidien.mr\\\/?p=14266&lang=fr#article\",\"isPartOf\":{\"@id\":\"https:\\\/\\\/lequotidien.mr\\\/?p=14266&lang=fr\"},\"author\":{\"name\":\"Gayi Diawara\",\"@id\":\"https:\\\/\\\/lequotidien.mr\\\/#\\\/schema\\\/person\\\/1077c8abd5640a6514b909318d271dee\"},\"headline\":\"Le groupe marocain (AKWA &#8211; Afrique) envisage-t-il de vendre ses succursales en Mauritanie ?!!\",\"datePublished\":\"2023-12-07T12:42:53+00:00\",\"mainEntityOfPage\":{\"@id\":\"https:\\\/\\\/lequotidien.mr\\\/?p=14266&lang=fr\"},\"wordCount\":299,\"commentCount\":0,\"publisher\":{\"@id\":\"https:\\\/\\\/lequotidien.mr\\\/#organization\"},\"image\":{\"@id\":\"https:\\\/\\\/lequotidien.mr\\\/?p=14266&lang=fr#primaryimage\"},\"thumbnailUrl\":\"https:\\\/\\\/lequotidien.mr\\\/wp-content\\\/uploads\\\/2023\\\/12\\\/akwa_0000000000000.jpg\",\"articleSection\":[\"ACTUALIT\u00c9\",\"Economie\",\"Couverture sp\u00e9cilale\"],\"inLanguage\":\"ar\",\"potentialAction\":[{\"@type\":\"CommentAction\",\"name\":\"Comment\",\"target\":[\"https:\\\/\\\/lequotidien.mr\\\/?p=14266&lang=fr#respond\"]}]},{\"@type\":\"WebPage\",\"@id\":\"https:\\\/\\\/lequotidien.mr\\\/?p=14266&lang=fr\",\"url\":\"https:\\\/\\\/lequotidien.mr\\\/?p=14266&lang=fr\",\"name\":\"Le groupe marocain (AKWA - Afrique) envisage-t-il de vendre ses succursales en Mauritanie ?!! - Le Quotidien de Nouakchott\",\"isPartOf\":{\"@id\":\"https:\\\/\\\/lequotidien.mr\\\/#website\"},\"primaryImageOfPage\":{\"@id\":\"https:\\\/\\\/lequotidien.mr\\\/?p=14266&lang=fr#primaryimage\"},\"image\":{\"@id\":\"https:\\\/\\\/lequotidien.mr\\\/?p=14266&lang=fr#primaryimage\"},\"thumbnailUrl\":\"https:\\\/\\\/lequotidien.mr\\\/wp-content\\\/uploads\\\/2023\\\/12\\\/akwa_0000000000000.jpg\",\"datePublished\":\"2023-12-07T12:42:53+00:00\",\"breadcrumb\":{\"@id\":\"https:\\\/\\\/lequotidien.mr\\\/?p=14266&lang=fr#breadcrumb\"},\"inLanguage\":\"ar\",\"potentialAction\":[{\"@type\":\"ReadAction\",\"target\":[\"https:\\\/\\\/lequotidien.mr\\\/?p=14266&lang=fr\"]}]},{\"@type\":\"ImageObject\",\"inLanguage\":\"ar\",\"@id\":\"https:\\\/\\\/lequotidien.mr\\\/?p=14266&lang=fr#primaryimage\",\"url\":\"https:\\\/\\\/lequotidien.mr\\\/wp-content\\\/uploads\\\/2023\\\/12\\\/akwa_0000000000000.jpg\",\"contentUrl\":\"https:\\\/\\\/lequotidien.mr\\\/wp-content\\\/uploads\\\/2023\\\/12\\\/akwa_0000000000000.jpg\",\"width\":1000,\"height\":500},{\"@type\":\"BreadcrumbList\",\"@id\":\"https:\\\/\\\/lequotidien.mr\\\/?p=14266&lang=fr#breadcrumb\",\"itemListElement\":[{\"@type\":\"ListItem\",\"position\":1,\"name\":\"Home\",\"item\":\"https:\\\/\\\/lequotidien.mr\\\/\"},{\"@type\":\"ListItem\",\"position\":2,\"name\":\"Le groupe marocain (AKWA &#8211; Afrique) envisage-t-il de vendre ses succursales en Mauritanie ?!!\"}]},{\"@type\":\"WebSite\",\"@id\":\"https:\\\/\\\/lequotidien.mr\\\/#website\",\"url\":\"https:\\\/\\\/lequotidien.mr\\\/\",\"name\":\"Le Quotidien de Nouakchott\",\"description\":\"\u0625\u062e\u0628\u0627\u0631\u064a\u0629 \u0645\u0633\u062a\u0642\u0644\u0629 \u0644\u0644\u0623\u0646\u0628\u0627\u0621 \u0627\u0644\u0639\u0627\u0645\u0629\",\"publisher\":{\"@id\":\"https:\\\/\\\/lequotidien.mr\\\/#organization\"},\"potentialAction\":[{\"@type\":\"SearchAction\",\"target\":{\"@type\":\"EntryPoint\",\"urlTemplate\":\"https:\\\/\\\/lequotidien.mr\\\/?s={search_term_string}\"},\"query-input\":{\"@type\":\"PropertyValueSpecification\",\"valueRequired\":true,\"valueName\":\"search_term_string\"}}],\"inLanguage\":\"ar\"},{\"@type\":\"Organization\",\"@id\":\"https:\\\/\\\/lequotidien.mr\\\/#organization\",\"name\":\"Le Quotidien de Nouakchott\",\"url\":\"https:\\\/\\\/lequotidien.mr\\\/\",\"logo\":{\"@type\":\"ImageObject\",\"inLanguage\":\"ar\",\"@id\":\"https:\\\/\\\/lequotidien.mr\\\/#\\\/schema\\\/logo\\\/image\\\/\",\"url\":\"https:\\\/\\\/lequotidien.mr\\\/wp-content\\\/uploads\\\/2022\\\/11\\\/logolequotidien.jpg\",\"contentUrl\":\"https:\\\/\\\/lequotidien.mr\\\/wp-content\\\/uploads\\\/2022\\\/11\\\/logolequotidien.jpg\",\"width\":290,\"height\":65,\"caption\":\"Le Quotidien de Nouakchott\"},\"image\":{\"@id\":\"https:\\\/\\\/lequotidien.mr\\\/#\\\/schema\\\/logo\\\/image\\\/\"},\"sameAs\":[\"https:\\\/\\\/web.facebook.com\\\/lequotidienmr\",\"https:\\\/\\\/x.com\\\/lequotidienmr\"]},{\"@type\":\"Person\",\"@id\":\"https:\\\/\\\/lequotidien.mr\\\/#\\\/schema\\\/person\\\/1077c8abd5640a6514b909318d271dee\",\"name\":\"Gayi Diawara\",\"image\":{\"@type\":\"ImageObject\",\"inLanguage\":\"ar\",\"@id\":\"https:\\\/\\\/secure.gravatar.com\\\/avatar\\\/63ea8db1e19a6d2d608b24c0f78b5f3a7d6e0bc11959fec273410af333e4d0ac?s=96&d=mm&r=g\",\"url\":\"https:\\\/\\\/secure.gravatar.com\\\/avatar\\\/63ea8db1e19a6d2d608b24c0f78b5f3a7d6e0bc11959fec273410af333e4d0ac?s=96&d=mm&r=g\",\"contentUrl\":\"https:\\\/\\\/secure.gravatar.com\\\/avatar\\\/63ea8db1e19a6d2d608b24c0f78b5f3a7d6e0bc11959fec273410af333e4d0ac?s=96&d=mm&r=g\",\"caption\":\"Gayi Diawara\"},\"sameAs\":[\"http:\\\/\\\/lequotidien.mr\"],\"url\":\"https:\\\/\\\/lequotidien.mr\\\/?author=5\"}]}<\/script>\n<!-- \/ Yoast SEO plugin. -->","yoast_head_json":{"title":"Le groupe marocain (AKWA - Afrique) envisage-t-il de vendre ses succursales en Mauritanie ?!! - Le Quotidien de Nouakchott","robots":{"index":"index","follow":"follow","max-snippet":"max-snippet:-1","max-image-preview":"max-image-preview:large","max-video-preview":"max-video-preview:-1"},"canonical":"https:\/\/lequotidien.mr\/?p=14266&lang=fr","og_locale":"ar_AR","og_type":"article","og_title":"Le groupe marocain (AKWA - Afrique) envisage-t-il de vendre ses succursales en Mauritanie ?!! - Le Quotidien de Nouakchott","og_description":"Adrar.Info\u00a0&#8211; Des sources bien inform\u00e9es ont indiqu\u00e9 \u00e0 &#8220;Mourassiloun&#8221; que l&#8217;AKWA, qui a h\u00e9rit\u00e9 les int\u00e9r\u00eats de Total- Hydrocarbures et ses stations en Mauritanie, re\u00e7oit ces jours-ci des missions techniques, l&#8217;une sp\u00e9cialis\u00e9e dans l&#8217;\u00e9valuation financi\u00e8re et l&#8217;autre dans les ressources humaines de diff\u00e9rents niveaux. Selon des sources priv\u00e9es, le dossier pourrait \u00eatre li\u00e9 aux pr\u00e9paratifs.....","og_url":"https:\/\/lequotidien.mr\/?p=14266&lang=fr","og_site_name":"Le Quotidien de Nouakchott","article_publisher":"https:\/\/web.facebook.com\/lequotidienmr","article_published_time":"2023-12-07T12:42:53+00:00","og_image":[{"width":1000,"height":500,"url":"https:\/\/lequotidien.mr\/wp-content\/uploads\/2023\/12\/akwa_0000000000000.jpg","type":"image\/jpeg"}],"author":"Gayi Diawara","twitter_card":"summary_large_image","twitter_creator":"@lequotidienmr","twitter_site":"@lequotidienmr","twitter_misc":{"\u0643\u064f\u062a\u0628 \u0628\u0648\u0627\u0633\u0637\u0629":"Gayi Diawara","\u0648\u0642\u062a \u0627\u0644\u0642\u0631\u0627\u0621\u0629 \u0627\u0644\u0645\u064f\u0642\u062f\u0651\u0631":"\u062f\u0642\u064a\u0642\u0629 \u0648\u0627\u062d\u062f\u0629"},"schema":{"@context":"https:\/\/schema.org","@graph":[{"@type":"Article","@id":"https:\/\/lequotidien.mr\/?p=14266&lang=fr#article","isPartOf":{"@id":"https:\/\/lequotidien.mr\/?p=14266&lang=fr"},"author":{"name":"Gayi Diawara","@id":"https:\/\/lequotidien.mr\/#\/schema\/person\/1077c8abd5640a6514b909318d271dee"},"headline":"Le groupe marocain (AKWA &#8211; Afrique) envisage-t-il de vendre ses succursales en Mauritanie ?!!","datePublished":"2023-12-07T12:42:53+00:00","mainEntityOfPage":{"@id":"https:\/\/lequotidien.mr\/?p=14266&lang=fr"},"wordCount":299,"commentCount":0,"publisher":{"@id":"https:\/\/lequotidien.mr\/#organization"},"image":{"@id":"https:\/\/lequotidien.mr\/?p=14266&lang=fr#primaryimage"},"thumbnailUrl":"https:\/\/lequotidien.mr\/wp-content\/uploads\/2023\/12\/akwa_0000000000000.jpg","articleSection":["ACTUALIT\u00c9","Economie","Couverture sp\u00e9cilale"],"inLanguage":"ar","potentialAction":[{"@type":"CommentAction","name":"Comment","target":["https:\/\/lequotidien.mr\/?p=14266&lang=fr#respond"]}]},{"@type":"WebPage","@id":"https:\/\/lequotidien.mr\/?p=14266&lang=fr","url":"https:\/\/lequotidien.mr\/?p=14266&lang=fr","name":"Le groupe marocain (AKWA - Afrique) envisage-t-il de vendre ses succursales en Mauritanie ?!! - Le Quotidien de Nouakchott","isPartOf":{"@id":"https:\/\/lequotidien.mr\/#website"},"primaryImageOfPage":{"@id":"https:\/\/lequotidien.mr\/?p=14266&lang=fr#primaryimage"},"image":{"@id":"https:\/\/lequotidien.mr\/?p=14266&lang=fr#primaryimage"},"thumbnailUrl":"https:\/\/lequotidien.mr\/wp-content\/uploads\/2023\/12\/akwa_0000000000000.jpg","datePublished":"2023-12-07T12:42:53+00:00","breadcrumb":{"@id":"https:\/\/lequotidien.mr\/?p=14266&lang=fr#breadcrumb"},"inLanguage":"ar","potentialAction":[{"@type":"ReadAction","target":["https:\/\/lequotidien.mr\/?p=14266&lang=fr"]}]},{"@type":"ImageObject","inLanguage":"ar","@id":"https:\/\/lequotidien.mr\/?p=14266&lang=fr#primaryimage","url":"https:\/\/lequotidien.mr\/wp-content\/uploads\/2023\/12\/akwa_0000000000000.jpg","contentUrl":"https:\/\/lequotidien.mr\/wp-content\/uploads\/2023\/12\/akwa_0000000000000.jpg","width":1000,"height":500},{"@type":"BreadcrumbList","@id":"https:\/\/lequotidien.mr\/?p=14266&lang=fr#breadcrumb","itemListElement":[{"@type":"ListItem","position":1,"name":"Home","item":"https:\/\/lequotidien.mr\/"},{"@type":"ListItem","position":2,"name":"Le groupe marocain (AKWA &#8211; Afrique) envisage-t-il de vendre ses succursales en Mauritanie ?!!"}]},{"@type":"WebSite","@id":"https:\/\/lequotidien.mr\/#website","url":"https:\/\/lequotidien.mr\/","name":"Le Quotidien de Nouakchott","description":"\u0625\u062e\u0628\u0627\u0631\u064a\u0629 \u0645\u0633\u062a\u0642\u0644\u0629 \u0644\u0644\u0623\u0646\u0628\u0627\u0621 \u0627\u0644\u0639\u0627\u0645\u0629","publisher":{"@id":"https:\/\/lequotidien.mr\/#organization"},"potentialAction":[{"@type":"SearchAction","target":{"@type":"EntryPoint","urlTemplate":"https:\/\/lequotidien.mr\/?s={search_term_string}"},"query-input":{"@type":"PropertyValueSpecification","valueRequired":true,"valueName":"search_term_string"}}],"inLanguage":"ar"},{"@type":"Organization","@id":"https:\/\/lequotidien.mr\/#organization","name":"Le Quotidien de Nouakchott","url":"https:\/\/lequotidien.mr\/","logo":{"@type":"ImageObject","inLanguage":"ar","@id":"https:\/\/lequotidien.mr\/#\/schema\/logo\/image\/","url":"https:\/\/lequotidien.mr\/wp-content\/uploads\/2022\/11\/logolequotidien.jpg","contentUrl":"https:\/\/lequotidien.mr\/wp-content\/uploads\/2022\/11\/logolequotidien.jpg","width":290,"height":65,"caption":"Le Quotidien de Nouakchott"},"image":{"@id":"https:\/\/lequotidien.mr\/#\/schema\/logo\/image\/"},"sameAs":["https:\/\/web.facebook.com\/lequotidienmr","https:\/\/x.com\/lequotidienmr"]},{"@type":"Person","@id":"https:\/\/lequotidien.mr\/#\/schema\/person\/1077c8abd5640a6514b909318d271dee","name":"Gayi Diawara","image":{"@type":"ImageObject","inLanguage":"ar","@id":"https:\/\/secure.gravatar.com\/avatar\/63ea8db1e19a6d2d608b24c0f78b5f3a7d6e0bc11959fec273410af333e4d0ac?s=96&d=mm&r=g","url":"https:\/\/secure.gravatar.com\/avatar\/63ea8db1e19a6d2d608b24c0f78b5f3a7d6e0bc11959fec273410af333e4d0ac?s=96&d=mm&r=g","contentUrl":"https:\/\/secure.gravatar.com\/avatar\/63ea8db1e19a6d2d608b24c0f78b5f3a7d6e0bc11959fec273410af333e4d0ac?s=96&d=mm&r=g","caption":"Gayi Diawara"},"sameAs":["http:\/\/lequotidien.mr"],"url":"https:\/\/lequotidien.mr\/?author=5"}]}},"_links":{"self":[{"href":"https:\/\/lequotidien.mr\/index.php?rest_route=\/wp\/v2\/posts\/14266","targetHints":{"allow":["GET"]}}],"collection":[{"href":"https:\/\/lequotidien.mr\/index.php?rest_route=\/wp\/v2\/posts"}],"about":[{"href":"https:\/\/lequotidien.mr\/index.php?rest_route=\/wp\/v2\/types\/post"}],"author":[{"embeddable":true,"href":"https:\/\/lequotidien.mr\/index.php?rest_route=\/wp\/v2\/users\/5"}],"replies":[{"embeddable":true,"href":"https:\/\/lequotidien.mr\/index.php?rest_route=%2Fwp%2Fv2%2Fcomments&post=14266"}],"version-history":[{"count":1,"href":"https:\/\/lequotidien.mr\/index.php?rest_route=\/wp\/v2\/posts\/14266\/revisions"}],"predecessor-version":[{"id":14268,"href":"https:\/\/lequotidien.mr\/index.php?rest_route=\/wp\/v2\/posts\/14266\/revisions\/14268"}],"wp:featuredmedia":[{"embeddable":true,"href":"https:\/\/lequotidien.mr\/index.php?rest_route=\/wp\/v2\/media\/14267"}],"wp:attachment":[{"href":"https:\/\/lequotidien.mr\/index.php?rest_route=%2Fwp%2Fv2%2Fmedia&parent=14266"}],"wp:term":[{"taxonomy":"category","embeddable":true,"href":"https:\/\/lequotidien.mr\/index.php?rest_route=%2Fwp%2Fv2%2Fcategories&post=14266"},{"taxonomy":"post_tag","embeddable":true,"href":"https:\/\/lequotidien.mr\/index.php?rest_route=%2Fwp%2Fv2%2Ftags&post=14266"}],"curies":[{"name":"wp","href":"https:\/\/api.w.org\/{rel}","templated":true}]}}