{"id":14264,"date":"2023-12-06T22:51:13","date_gmt":"2023-12-06T22:51:13","guid":{"rendered":"https:\/\/lequotidien.mr\/?p=14264"},"modified":"2023-12-06T22:51:13","modified_gmt":"2023-12-06T22:51:13","slug":"communique-du-conseil-des-ministres-du-mercredi-6-decembre-2023","status":"publish","type":"post","link":"https:\/\/lequotidien.mr\/?p=14264&lang=fr","title":{"rendered":"Communiqu\u00e9 du Conseil des Ministres du mercredi 6 d\u00e9cembre 2023"},"content":{"rendered":"<p>AMI &#8211; Le Conseil des ministres s\u2019est r\u00e9uni le mercredi 06 d\u00e9cembre 2023 sous la pr\u00e9sidence de Son Excellence Monsieur le Pr\u00e9sident de la R\u00e9publique, Mohamed Ould Cheikh El Ghazouani. Le Conseil a examin\u00e9 et approuv\u00e9 le projet de loi portant r\u00e8glement d\u00e9finitif du budget pour 2022.<\/p>\n<p>Conform\u00e9ment aux dispositions de l\u2019article 44 de la Loi Organique relative aux Lois de Finances (LOLF), la loi de r\u00e8glement arr\u00eate les r\u00e9sultats de la comptabilit\u00e9 budg\u00e9taire et de la comptabilit\u00e9 g\u00e9n\u00e9rale de l\u2019exercice consid\u00e9r\u00e9, et proc\u00e8de aux modifications de cr\u00e9dits n\u00e9cessaires, apr\u00e8s avis de la Cour des Comptes sur la qualit\u00e9 et la sinc\u00e9rit\u00e9 des comptes ainsi que sur la conformit\u00e9 du budget ex\u00e9cut\u00e9 au budget vot\u00e9.<\/p>\n<p>Le pr\u00e9sent projet de Loi portant r\u00e8glement d\u00e9finitif du budget de l\u2019Etat vient ainsi pr\u00e9senter l\u2019ex\u00e9cution budg\u00e9taire de l\u2019ann\u00e9e 2022, qui s\u2019est sold\u00e9e par un d\u00e9ficit de 12,27 Milliards MRU pour une pr\u00e9vision de 17,7 Milliards MRU, refl\u00e9tant les bonnes performances r\u00e9alis\u00e9es au niveau des recettes de l\u2019Etat et une meilleure maitrise des d\u00e9penses publiques.<\/p>\n<p>Le Conseil a \u00e9galement examin\u00e9 et adopt\u00e9 les projets de d\u00e9crets suivants :<\/p>\n<p>\u2010 Projet de d\u00e9cret portant mise en place d\u2019un cadre institutionnel de Gouvernance de la Strat\u00e9gie Nationale de l\u2019Inclusion Financi\u00e8re (SNIF).<\/p>\n<p>Le pr\u00e9sent projet de d\u00e9cret fixe les attributions, la composition, l\u2019organisation et le fonctionnement d\u2019un m\u00e9canisme charg\u00e9 de la Gouvernance de la Strat\u00e9gie Nationale de l\u2019Inclusion Financi\u00e8re d\u00e9nomm\u00e9e \u00abStructure de Gouvernance de la Strat\u00e9gie Nationale de l\u2019Inclusion Financi\u00e8re\u00bb.<\/p>\n<p>La structure de Gouvernance de la SNIF a pour mission d\u2019assurer la promotion de l\u2019Inclusion Financi\u00e8re en Mauritanie. A ce titre, elle a pour attributions de :<\/p>\n<p>\u2010 Piloter la Strat\u00e9gie Nationale de l\u2019Inclusion Financi\u00e8re en cadrant les orientations strat\u00e9giques et en suivant l\u2019ex\u00e9cution des feuilles de routes ;<\/p>\n<p>\u2010 Organiser l\u2019ex\u00e9cution des projets de la strat\u00e9gie et s\u2019assurer de l\u2019ad\u00e9quation des moyens mis en \u0153uvre ;<\/p>\n<p>\u2010 Coordonner et suivre l\u2019avancement et les indicateurs des diff\u00e9rents chantiers ;<\/p>\n<p>\u2010 Communiquer sur les orientations et les r\u00e9alisations ; et assurer la mobilisation continue des parties prenantes.<\/p>\n<p>\u2010 Projet de d\u00e9cret portant nomination des membres du Conseil d\u2019Administration du Centre National des Op\u00e9rations d\u2019Urgences en Sant\u00e9 Publique \u00abMELADH\u00bb.<\/p>\n<p>\u2010 Projet de d\u00e9cret portant approbation du plan de lotissement de l\u2019extension de la ville de Oualata, la Moughataa de Oualata \/ Wilaya du Hodh El Chargui).<\/p>\n<p>Ce plan prend en compte les crit\u00e8res indispensables pour un cadre de vie ad\u00e9quat garantissant la s\u00e9curit\u00e9 et la qui\u00e9tude pour l\u2019ensemble des populations. Il couvre une superficie globale de 85 hectares et comprend :<\/p>\n<p>\u2010 Une superficie habitable estim\u00e9e \u00e0 37 hectares ;<\/p>\n<p>\u2010 826 parcelles \u00e0 usages d\u2019habitation d\u2019une superficie de 400 m2 dans la zone d\u2019extension ;<\/p>\n<p>\u2010 Des parcelles r\u00e9serv\u00e9es \u00e0 des \u00e9quipements publics, qui couvrent une superficie de 16 hectares ;<\/p>\n<p>\u2010 Une voirie couvrant une superficie 32 hectares.<\/p>\n<p>Suite \u00e0 la pr\u00e9sentation de la situation des indicateurs socio\u00e9conomiques de la wilaya du Hodh Echargui, Son Excellence Monsieur le Pr\u00e9sident de la R\u00e9publique a engag\u00e9 le Gouvernement pour d\u2019une part, acc\u00e9l\u00e9rer la mise en \u0153uvre des programmes et projets en cours, et d\u2019autres part, prendre les dispositions idoines pour le renforcement de la r\u00e9silience des populations de cette wilaya et de leurs capacit\u00e9s \u00e0 att\u00e9nuer les chocs climatiques.<\/p>\n<p>A cet \u00e9gard, une enveloppe additionnelle de 100 Millions MRU sera mobilis\u00e9e sur une p\u00e9riode d\u2019une ann\u00e9e, en vue de renforcer les moyens de production agropastorales, la pr\u00e9servation du cheptel, les infrastructures scolaires et de sant\u00e9, l\u2019am\u00e9lioration de l\u2019approvisionnement en eau potable et le financement des activit\u00e9s g\u00e9n\u00e9ratrices de revenus.<\/p>\n<p>Le ministre des Affaires Etrang\u00e8res, de la Coop\u00e9ration et des Mauritaniens de l\u2019Ext\u00e9rieur, a pr\u00e9sent\u00e9 une communication relative \u00e0 la situation internationale.<\/p>\n<p>Le ministre de la D\u00e9fense Nationale, ministre de l\u2019Int\u00e9rieur et de la D\u00e9centralisation par Int\u00e9rim, a pr\u00e9sent\u00e9 une communication relative \u00e0 la situation int\u00e9rieure.<\/p>\n","protected":false},"excerpt":{"rendered":"<p>AMI &#8211; Le Conseil des ministres s\u2019est r\u00e9uni le mercredi 06 d\u00e9cembre 2023 sous la pr\u00e9sidence de Son Excellence Monsieur le Pr\u00e9sident de la R\u00e9publique, Mohamed Ould Cheikh El Ghazouani. Le Conseil a examin\u00e9 et approuv\u00e9 le projet de loi portant r\u00e8glement d\u00e9finitif du budget pour 2022. Conform\u00e9ment aux dispositions de l\u2019article 44 de la&#8230;..<\/p>\n","protected":false},"author":5,"featured_media":13858,"comment_status":"open","ping_status":"open","sticky":false,"template":"","format":"standard","meta":{"footnotes":""},"categories":[23,49,57],"tags":[],"class_list":["post-14264","post","type-post","status-publish","format-standard","has-post-thumbnail","hentry","category-actualite","category-economie","category-couverture-specilale"],"yoast_head":"<!-- This site is optimized with the Yoast SEO plugin v27.5 - https:\/\/yoast.com\/product\/yoast-seo-wordpress\/ -->\n<title>Communiqu\u00e9 du Conseil des Ministres du mercredi 6 d\u00e9cembre 2023 - Le Quotidien de Nouakchott<\/title>\n<meta name=\"robots\" content=\"index, follow, max-snippet:-1, max-image-preview:large, max-video-preview:-1\" \/>\n<link rel=\"canonical\" href=\"https:\/\/lequotidien.mr\/?p=14264&lang=fr\" \/>\n<meta property=\"og:locale\" content=\"ar_AR\" \/>\n<meta property=\"og:type\" content=\"article\" \/>\n<meta property=\"og:title\" content=\"Communiqu\u00e9 du Conseil des Ministres du mercredi 6 d\u00e9cembre 2023 - Le Quotidien de Nouakchott\" \/>\n<meta property=\"og:description\" content=\"AMI &#8211; Le Conseil des ministres s\u2019est r\u00e9uni le mercredi 06 d\u00e9cembre 2023 sous la pr\u00e9sidence de Son Excellence Monsieur le Pr\u00e9sident de la R\u00e9publique, Mohamed Ould Cheikh El Ghazouani. Le Conseil a examin\u00e9 et approuv\u00e9 le projet de loi portant r\u00e8glement d\u00e9finitif du budget pour 2022. Conform\u00e9ment aux dispositions de l\u2019article 44 de la.....\" \/>\n<meta property=\"og:url\" content=\"https:\/\/lequotidien.mr\/?p=14264&amp;lang=fr\" \/>\n<meta property=\"og:site_name\" content=\"Le Quotidien de Nouakchott\" \/>\n<meta property=\"article:publisher\" content=\"https:\/\/web.facebook.com\/lequotidienmr\" \/>\n<meta property=\"article:published_time\" content=\"2023-12-06T22:51:13+00:00\" \/>\n<meta property=\"og:image\" content=\"https:\/\/lequotidien.mr\/wp-content\/uploads\/2023\/11\/conseil_des_minitres_co_d_m_pr_001_750x430-2.jpg\" \/>\n\t<meta property=\"og:image:width\" content=\"639\" \/>\n\t<meta property=\"og:image:height\" content=\"410\" \/>\n\t<meta property=\"og:image:type\" content=\"image\/jpeg\" \/>\n<meta name=\"author\" content=\"Gayi Diawara\" \/>\n<meta name=\"twitter:card\" content=\"summary_large_image\" \/>\n<meta name=\"twitter:creator\" content=\"@lequotidienmr\" \/>\n<meta name=\"twitter:site\" content=\"@lequotidienmr\" \/>\n<meta name=\"twitter:label1\" content=\"\u0643\u064f\u062a\u0628 \u0628\u0648\u0627\u0633\u0637\u0629\" \/>\n\t<meta name=\"twitter:data1\" content=\"Gayi Diawara\" \/>\n\t<meta name=\"twitter:label2\" content=\"\u0648\u0642\u062a \u0627\u0644\u0642\u0631\u0627\u0621\u0629 \u0627\u0644\u0645\u064f\u0642\u062f\u0651\u0631\" \/>\n\t<meta name=\"twitter:data2\" content=\"4 \u062f\u0642\u0627\u0626\u0642\" \/>\n<script type=\"application\/ld+json\" class=\"yoast-schema-graph\">{\"@context\":\"https:\\\/\\\/schema.org\",\"@graph\":[{\"@type\":\"Article\",\"@id\":\"https:\\\/\\\/lequotidien.mr\\\/?p=14264&lang=fr#article\",\"isPartOf\":{\"@id\":\"https:\\\/\\\/lequotidien.mr\\\/?p=14264&lang=fr\"},\"author\":{\"name\":\"Gayi Diawara\",\"@id\":\"https:\\\/\\\/lequotidien.mr\\\/#\\\/schema\\\/person\\\/1077c8abd5640a6514b909318d271dee\"},\"headline\":\"Communiqu\u00e9 du Conseil des Ministres du mercredi 6 d\u00e9cembre 2023\",\"datePublished\":\"2023-12-06T22:51:13+00:00\",\"mainEntityOfPage\":{\"@id\":\"https:\\\/\\\/lequotidien.mr\\\/?p=14264&lang=fr\"},\"wordCount\":732,\"commentCount\":0,\"publisher\":{\"@id\":\"https:\\\/\\\/lequotidien.mr\\\/#organization\"},\"image\":{\"@id\":\"https:\\\/\\\/lequotidien.mr\\\/?p=14264&lang=fr#primaryimage\"},\"thumbnailUrl\":\"https:\\\/\\\/lequotidien.mr\\\/wp-content\\\/uploads\\\/2023\\\/11\\\/conseil_des_minitres_co_d_m_pr_001_750x430-2.jpg\",\"articleSection\":[\"ACTUALIT\u00c9\",\"Economie\",\"Couverture sp\u00e9cilale\"],\"inLanguage\":\"ar\",\"potentialAction\":[{\"@type\":\"CommentAction\",\"name\":\"Comment\",\"target\":[\"https:\\\/\\\/lequotidien.mr\\\/?p=14264&lang=fr#respond\"]}]},{\"@type\":\"WebPage\",\"@id\":\"https:\\\/\\\/lequotidien.mr\\\/?p=14264&lang=fr\",\"url\":\"https:\\\/\\\/lequotidien.mr\\\/?p=14264&lang=fr\",\"name\":\"Communiqu\u00e9 du Conseil des Ministres du mercredi 6 d\u00e9cembre 2023 - Le Quotidien de Nouakchott\",\"isPartOf\":{\"@id\":\"https:\\\/\\\/lequotidien.mr\\\/#website\"},\"primaryImageOfPage\":{\"@id\":\"https:\\\/\\\/lequotidien.mr\\\/?p=14264&lang=fr#primaryimage\"},\"image\":{\"@id\":\"https:\\\/\\\/lequotidien.mr\\\/?p=14264&lang=fr#primaryimage\"},\"thumbnailUrl\":\"https:\\\/\\\/lequotidien.mr\\\/wp-content\\\/uploads\\\/2023\\\/11\\\/conseil_des_minitres_co_d_m_pr_001_750x430-2.jpg\",\"datePublished\":\"2023-12-06T22:51:13+00:00\",\"breadcrumb\":{\"@id\":\"https:\\\/\\\/lequotidien.mr\\\/?p=14264&lang=fr#breadcrumb\"},\"inLanguage\":\"ar\",\"potentialAction\":[{\"@type\":\"ReadAction\",\"target\":[\"https:\\\/\\\/lequotidien.mr\\\/?p=14264&lang=fr\"]}]},{\"@type\":\"ImageObject\",\"inLanguage\":\"ar\",\"@id\":\"https:\\\/\\\/lequotidien.mr\\\/?p=14264&lang=fr#primaryimage\",\"url\":\"https:\\\/\\\/lequotidien.mr\\\/wp-content\\\/uploads\\\/2023\\\/11\\\/conseil_des_minitres_co_d_m_pr_001_750x430-2.jpg\",\"contentUrl\":\"https:\\\/\\\/lequotidien.mr\\\/wp-content\\\/uploads\\\/2023\\\/11\\\/conseil_des_minitres_co_d_m_pr_001_750x430-2.jpg\",\"width\":639,\"height\":410},{\"@type\":\"BreadcrumbList\",\"@id\":\"https:\\\/\\\/lequotidien.mr\\\/?p=14264&lang=fr#breadcrumb\",\"itemListElement\":[{\"@type\":\"ListItem\",\"position\":1,\"name\":\"Home\",\"item\":\"https:\\\/\\\/lequotidien.mr\\\/\"},{\"@type\":\"ListItem\",\"position\":2,\"name\":\"Communiqu\u00e9 du Conseil des Ministres du mercredi 6 d\u00e9cembre 2023\"}]},{\"@type\":\"WebSite\",\"@id\":\"https:\\\/\\\/lequotidien.mr\\\/#website\",\"url\":\"https:\\\/\\\/lequotidien.mr\\\/\",\"name\":\"Le Quotidien de Nouakchott\",\"description\":\"\u0625\u062e\u0628\u0627\u0631\u064a\u0629 \u0645\u0633\u062a\u0642\u0644\u0629 \u0644\u0644\u0623\u0646\u0628\u0627\u0621 \u0627\u0644\u0639\u0627\u0645\u0629\",\"publisher\":{\"@id\":\"https:\\\/\\\/lequotidien.mr\\\/#organization\"},\"potentialAction\":[{\"@type\":\"SearchAction\",\"target\":{\"@type\":\"EntryPoint\",\"urlTemplate\":\"https:\\\/\\\/lequotidien.mr\\\/?s={search_term_string}\"},\"query-input\":{\"@type\":\"PropertyValueSpecification\",\"valueRequired\":true,\"valueName\":\"search_term_string\"}}],\"inLanguage\":\"ar\"},{\"@type\":\"Organization\",\"@id\":\"https:\\\/\\\/lequotidien.mr\\\/#organization\",\"name\":\"Le Quotidien de Nouakchott\",\"url\":\"https:\\\/\\\/lequotidien.mr\\\/\",\"logo\":{\"@type\":\"ImageObject\",\"inLanguage\":\"ar\",\"@id\":\"https:\\\/\\\/lequotidien.mr\\\/#\\\/schema\\\/logo\\\/image\\\/\",\"url\":\"https:\\\/\\\/lequotidien.mr\\\/wp-content\\\/uploads\\\/2022\\\/11\\\/logolequotidien.jpg\",\"contentUrl\":\"https:\\\/\\\/lequotidien.mr\\\/wp-content\\\/uploads\\\/2022\\\/11\\\/logolequotidien.jpg\",\"width\":290,\"height\":65,\"caption\":\"Le Quotidien de Nouakchott\"},\"image\":{\"@id\":\"https:\\\/\\\/lequotidien.mr\\\/#\\\/schema\\\/logo\\\/image\\\/\"},\"sameAs\":[\"https:\\\/\\\/web.facebook.com\\\/lequotidienmr\",\"https:\\\/\\\/x.com\\\/lequotidienmr\"]},{\"@type\":\"Person\",\"@id\":\"https:\\\/\\\/lequotidien.mr\\\/#\\\/schema\\\/person\\\/1077c8abd5640a6514b909318d271dee\",\"name\":\"Gayi Diawara\",\"image\":{\"@type\":\"ImageObject\",\"inLanguage\":\"ar\",\"@id\":\"https:\\\/\\\/secure.gravatar.com\\\/avatar\\\/63ea8db1e19a6d2d608b24c0f78b5f3a7d6e0bc11959fec273410af333e4d0ac?s=96&d=mm&r=g\",\"url\":\"https:\\\/\\\/secure.gravatar.com\\\/avatar\\\/63ea8db1e19a6d2d608b24c0f78b5f3a7d6e0bc11959fec273410af333e4d0ac?s=96&d=mm&r=g\",\"contentUrl\":\"https:\\\/\\\/secure.gravatar.com\\\/avatar\\\/63ea8db1e19a6d2d608b24c0f78b5f3a7d6e0bc11959fec273410af333e4d0ac?s=96&d=mm&r=g\",\"caption\":\"Gayi Diawara\"},\"sameAs\":[\"http:\\\/\\\/lequotidien.mr\"],\"url\":\"https:\\\/\\\/lequotidien.mr\\\/?author=5\"}]}<\/script>\n<!-- \/ Yoast SEO plugin. -->","yoast_head_json":{"title":"Communiqu\u00e9 du Conseil des Ministres du mercredi 6 d\u00e9cembre 2023 - Le Quotidien de Nouakchott","robots":{"index":"index","follow":"follow","max-snippet":"max-snippet:-1","max-image-preview":"max-image-preview:large","max-video-preview":"max-video-preview:-1"},"canonical":"https:\/\/lequotidien.mr\/?p=14264&lang=fr","og_locale":"ar_AR","og_type":"article","og_title":"Communiqu\u00e9 du Conseil des Ministres du mercredi 6 d\u00e9cembre 2023 - Le Quotidien de Nouakchott","og_description":"AMI &#8211; Le Conseil des ministres s\u2019est r\u00e9uni le mercredi 06 d\u00e9cembre 2023 sous la pr\u00e9sidence de Son Excellence Monsieur le Pr\u00e9sident de la R\u00e9publique, Mohamed Ould Cheikh El Ghazouani. Le Conseil a examin\u00e9 et approuv\u00e9 le projet de loi portant r\u00e8glement d\u00e9finitif du budget pour 2022. Conform\u00e9ment aux dispositions de l\u2019article 44 de la.....","og_url":"https:\/\/lequotidien.mr\/?p=14264&lang=fr","og_site_name":"Le Quotidien de Nouakchott","article_publisher":"https:\/\/web.facebook.com\/lequotidienmr","article_published_time":"2023-12-06T22:51:13+00:00","og_image":[{"width":639,"height":410,"url":"https:\/\/lequotidien.mr\/wp-content\/uploads\/2023\/11\/conseil_des_minitres_co_d_m_pr_001_750x430-2.jpg","type":"image\/jpeg"}],"author":"Gayi Diawara","twitter_card":"summary_large_image","twitter_creator":"@lequotidienmr","twitter_site":"@lequotidienmr","twitter_misc":{"\u0643\u064f\u062a\u0628 \u0628\u0648\u0627\u0633\u0637\u0629":"Gayi Diawara","\u0648\u0642\u062a \u0627\u0644\u0642\u0631\u0627\u0621\u0629 \u0627\u0644\u0645\u064f\u0642\u062f\u0651\u0631":"4 \u062f\u0642\u0627\u0626\u0642"},"schema":{"@context":"https:\/\/schema.org","@graph":[{"@type":"Article","@id":"https:\/\/lequotidien.mr\/?p=14264&lang=fr#article","isPartOf":{"@id":"https:\/\/lequotidien.mr\/?p=14264&lang=fr"},"author":{"name":"Gayi Diawara","@id":"https:\/\/lequotidien.mr\/#\/schema\/person\/1077c8abd5640a6514b909318d271dee"},"headline":"Communiqu\u00e9 du Conseil des Ministres du mercredi 6 d\u00e9cembre 2023","datePublished":"2023-12-06T22:51:13+00:00","mainEntityOfPage":{"@id":"https:\/\/lequotidien.mr\/?p=14264&lang=fr"},"wordCount":732,"commentCount":0,"publisher":{"@id":"https:\/\/lequotidien.mr\/#organization"},"image":{"@id":"https:\/\/lequotidien.mr\/?p=14264&lang=fr#primaryimage"},"thumbnailUrl":"https:\/\/lequotidien.mr\/wp-content\/uploads\/2023\/11\/conseil_des_minitres_co_d_m_pr_001_750x430-2.jpg","articleSection":["ACTUALIT\u00c9","Economie","Couverture sp\u00e9cilale"],"inLanguage":"ar","potentialAction":[{"@type":"CommentAction","name":"Comment","target":["https:\/\/lequotidien.mr\/?p=14264&lang=fr#respond"]}]},{"@type":"WebPage","@id":"https:\/\/lequotidien.mr\/?p=14264&lang=fr","url":"https:\/\/lequotidien.mr\/?p=14264&lang=fr","name":"Communiqu\u00e9 du Conseil des Ministres du mercredi 6 d\u00e9cembre 2023 - Le Quotidien de Nouakchott","isPartOf":{"@id":"https:\/\/lequotidien.mr\/#website"},"primaryImageOfPage":{"@id":"https:\/\/lequotidien.mr\/?p=14264&lang=fr#primaryimage"},"image":{"@id":"https:\/\/lequotidien.mr\/?p=14264&lang=fr#primaryimage"},"thumbnailUrl":"https:\/\/lequotidien.mr\/wp-content\/uploads\/2023\/11\/conseil_des_minitres_co_d_m_pr_001_750x430-2.jpg","datePublished":"2023-12-06T22:51:13+00:00","breadcrumb":{"@id":"https:\/\/lequotidien.mr\/?p=14264&lang=fr#breadcrumb"},"inLanguage":"ar","potentialAction":[{"@type":"ReadAction","target":["https:\/\/lequotidien.mr\/?p=14264&lang=fr"]}]},{"@type":"ImageObject","inLanguage":"ar","@id":"https:\/\/lequotidien.mr\/?p=14264&lang=fr#primaryimage","url":"https:\/\/lequotidien.mr\/wp-content\/uploads\/2023\/11\/conseil_des_minitres_co_d_m_pr_001_750x430-2.jpg","contentUrl":"https:\/\/lequotidien.mr\/wp-content\/uploads\/2023\/11\/conseil_des_minitres_co_d_m_pr_001_750x430-2.jpg","width":639,"height":410},{"@type":"BreadcrumbList","@id":"https:\/\/lequotidien.mr\/?p=14264&lang=fr#breadcrumb","itemListElement":[{"@type":"ListItem","position":1,"name":"Home","item":"https:\/\/lequotidien.mr\/"},{"@type":"ListItem","position":2,"name":"Communiqu\u00e9 du Conseil des Ministres du mercredi 6 d\u00e9cembre 2023"}]},{"@type":"WebSite","@id":"https:\/\/lequotidien.mr\/#website","url":"https:\/\/lequotidien.mr\/","name":"Le Quotidien de Nouakchott","description":"\u0625\u062e\u0628\u0627\u0631\u064a\u0629 \u0645\u0633\u062a\u0642\u0644\u0629 \u0644\u0644\u0623\u0646\u0628\u0627\u0621 \u0627\u0644\u0639\u0627\u0645\u0629","publisher":{"@id":"https:\/\/lequotidien.mr\/#organization"},"potentialAction":[{"@type":"SearchAction","target":{"@type":"EntryPoint","urlTemplate":"https:\/\/lequotidien.mr\/?s={search_term_string}"},"query-input":{"@type":"PropertyValueSpecification","valueRequired":true,"valueName":"search_term_string"}}],"inLanguage":"ar"},{"@type":"Organization","@id":"https:\/\/lequotidien.mr\/#organization","name":"Le Quotidien de Nouakchott","url":"https:\/\/lequotidien.mr\/","logo":{"@type":"ImageObject","inLanguage":"ar","@id":"https:\/\/lequotidien.mr\/#\/schema\/logo\/image\/","url":"https:\/\/lequotidien.mr\/wp-content\/uploads\/2022\/11\/logolequotidien.jpg","contentUrl":"https:\/\/lequotidien.mr\/wp-content\/uploads\/2022\/11\/logolequotidien.jpg","width":290,"height":65,"caption":"Le Quotidien de Nouakchott"},"image":{"@id":"https:\/\/lequotidien.mr\/#\/schema\/logo\/image\/"},"sameAs":["https:\/\/web.facebook.com\/lequotidienmr","https:\/\/x.com\/lequotidienmr"]},{"@type":"Person","@id":"https:\/\/lequotidien.mr\/#\/schema\/person\/1077c8abd5640a6514b909318d271dee","name":"Gayi Diawara","image":{"@type":"ImageObject","inLanguage":"ar","@id":"https:\/\/secure.gravatar.com\/avatar\/63ea8db1e19a6d2d608b24c0f78b5f3a7d6e0bc11959fec273410af333e4d0ac?s=96&d=mm&r=g","url":"https:\/\/secure.gravatar.com\/avatar\/63ea8db1e19a6d2d608b24c0f78b5f3a7d6e0bc11959fec273410af333e4d0ac?s=96&d=mm&r=g","contentUrl":"https:\/\/secure.gravatar.com\/avatar\/63ea8db1e19a6d2d608b24c0f78b5f3a7d6e0bc11959fec273410af333e4d0ac?s=96&d=mm&r=g","caption":"Gayi Diawara"},"sameAs":["http:\/\/lequotidien.mr"],"url":"https:\/\/lequotidien.mr\/?author=5"}]}},"_links":{"self":[{"href":"https:\/\/lequotidien.mr\/index.php?rest_route=\/wp\/v2\/posts\/14264","targetHints":{"allow":["GET"]}}],"collection":[{"href":"https:\/\/lequotidien.mr\/index.php?rest_route=\/wp\/v2\/posts"}],"about":[{"href":"https:\/\/lequotidien.mr\/index.php?rest_route=\/wp\/v2\/types\/post"}],"author":[{"embeddable":true,"href":"https:\/\/lequotidien.mr\/index.php?rest_route=\/wp\/v2\/users\/5"}],"replies":[{"embeddable":true,"href":"https:\/\/lequotidien.mr\/index.php?rest_route=%2Fwp%2Fv2%2Fcomments&post=14264"}],"version-history":[{"count":1,"href":"https:\/\/lequotidien.mr\/index.php?rest_route=\/wp\/v2\/posts\/14264\/revisions"}],"predecessor-version":[{"id":14265,"href":"https:\/\/lequotidien.mr\/index.php?rest_route=\/wp\/v2\/posts\/14264\/revisions\/14265"}],"wp:featuredmedia":[{"embeddable":true,"href":"https:\/\/lequotidien.mr\/index.php?rest_route=\/wp\/v2\/media\/13858"}],"wp:attachment":[{"href":"https:\/\/lequotidien.mr\/index.php?rest_route=%2Fwp%2Fv2%2Fmedia&parent=14264"}],"wp:term":[{"taxonomy":"category","embeddable":true,"href":"https:\/\/lequotidien.mr\/index.php?rest_route=%2Fwp%2Fv2%2Fcategories&post=14264"},{"taxonomy":"post_tag","embeddable":true,"href":"https:\/\/lequotidien.mr\/index.php?rest_route=%2Fwp%2Fv2%2Ftags&post=14264"}],"curies":[{"name":"wp","href":"https:\/\/api.w.org\/{rel}","templated":true}]}}