{"id":14203,"date":"2023-12-06T01:08:14","date_gmt":"2023-12-06T01:08:14","guid":{"rendered":"https:\/\/lequotidien.mr\/?p=14203"},"modified":"2023-12-06T01:08:14","modified_gmt":"2023-12-06T01:08:14","slug":"rencontre-entre-le-directeur-general-du-port-de-tanit-et-lambassadeur-marocain-a-nouakchott-pour-discuter-de-la-cooperation-dans-le-domaine-de-la-peche","status":"publish","type":"post","link":"https:\/\/lequotidien.mr\/?p=14203&lang=fr","title":{"rendered":"&#8220;Rencontre entre le directeur g\u00e9n\u00e9ral du port de Tanit et l&#8217;ambassadeur marocain \u00e0 Nouakchott pour discuter de la coop\u00e9ration dans le domaine de la p\u00eache&#8221;"},"content":{"rendered":"<p>Le directeur g\u00e9n\u00e9ral du port de Tanger Med, Ahmed Ould Khatri, a rencontr\u00e9 cet apr\u00e8s-midi le mardi, l&#8217;ambassadeur du Maroc \u00e0 Nouakchott, Hamid Chabar, o\u00f9 ils ont discut\u00e9 des perspectives de coop\u00e9ration entre les ports de p\u00eache marocains et le port de &#8220;Tanit&#8221; en Mauritanie.<\/p>\n<p>Ould Khattri a pr\u00e9sent\u00e9 au diplomate marocain, lors de la r\u00e9union, les avantages d&#8217;investissement offerts par le p\u00f4le de d\u00e9veloppement du port de &#8220;Tanit&#8221;.<\/p>\n<p>De son c\u00f4t\u00e9, l&#8217;ambassadeur marocain a confirm\u00e9 sa volont\u00e9 de travailler avec Ould Khatri pour que le port de &#8220;Tanit&#8221; puisse b\u00e9n\u00e9ficier de l&#8217;exp\u00e9rience marocaine dans la gestion des ports de p\u00eache et des march\u00e9s du poisson.<\/p>\n<p><img loading=\"lazy\" decoding=\"async\" class=\"alignnone size-full wp-image-37302 jetpack-lazy-image jetpack-lazy-image--handled\" src=\"https:\/\/i0.wp.com\/ar.taqadoumy.mr\/wp-content\/uploads\/2023\/12\/IMG-20231205-WA0182.jpg?resize=1000%2C467&amp;ssl=1\" alt=\"\" width=\"1000\" height=\"467\" data-recalc-dims=\"1\" data-lazy-loaded=\"1\" \/><\/p>\n<p><img loading=\"lazy\" decoding=\"async\" class=\"alignnone size-full wp-image-37301 jetpack-lazy-image jetpack-lazy-image--handled\" src=\"https:\/\/i0.wp.com\/ar.taqadoumy.mr\/wp-content\/uploads\/2023\/12\/IMG-20231205-WA0183.jpg?resize=1000%2C467&amp;ssl=1\" alt=\"\" width=\"1000\" height=\"467\" data-recalc-dims=\"1\" data-lazy-loaded=\"1\" \/><\/p>\n<p>&nbsp;<\/p>\n","protected":false},"excerpt":{"rendered":"<p>Le directeur g\u00e9n\u00e9ral du port de Tanger Med, Ahmed Ould Khatri, a rencontr\u00e9 cet apr\u00e8s-midi le mardi, l&#8217;ambassadeur du Maroc \u00e0 Nouakchott, Hamid Chabar, o\u00f9 ils ont discut\u00e9 des perspectives de coop\u00e9ration entre les ports de p\u00eache marocains et le port de &#8220;Tanit&#8221; en Mauritanie. Ould Khattri a pr\u00e9sent\u00e9 au diplomate marocain, lors de la&#8230;..<\/p>\n","protected":false},"author":3,"featured_media":14206,"comment_status":"open","ping_status":"open","sticky":false,"template":"","format":"standard","meta":{"footnotes":""},"categories":[23,49],"tags":[],"class_list":["post-14203","post","type-post","status-publish","format-standard","has-post-thumbnail","hentry","category-actualite","category-economie"],"yoast_head":"<!-- This site is optimized with the Yoast SEO plugin v27.5 - https:\/\/yoast.com\/product\/yoast-seo-wordpress\/ -->\n<title>&quot;Rencontre entre le directeur g\u00e9n\u00e9ral du port de Tanit et l&#039;ambassadeur marocain \u00e0 Nouakchott pour discuter de la coop\u00e9ration dans le domaine de la p\u00eache&quot; - Le Quotidien de Nouakchott<\/title>\n<meta name=\"robots\" content=\"index, follow, max-snippet:-1, max-image-preview:large, max-video-preview:-1\" \/>\n<link rel=\"canonical\" href=\"https:\/\/lequotidien.mr\/?p=14203&lang=fr\" \/>\n<meta property=\"og:locale\" content=\"ar_AR\" \/>\n<meta property=\"og:type\" content=\"article\" \/>\n<meta property=\"og:title\" content=\"&quot;Rencontre entre le directeur g\u00e9n\u00e9ral du port de Tanit et l&#039;ambassadeur marocain \u00e0 Nouakchott pour discuter de la coop\u00e9ration dans le domaine de la p\u00eache&quot; - Le Quotidien de Nouakchott\" \/>\n<meta property=\"og:description\" content=\"Le directeur g\u00e9n\u00e9ral du port de Tanger Med, Ahmed Ould Khatri, a rencontr\u00e9 cet apr\u00e8s-midi le mardi, l&#8217;ambassadeur du Maroc \u00e0 Nouakchott, Hamid Chabar, o\u00f9 ils ont discut\u00e9 des perspectives de coop\u00e9ration entre les ports de p\u00eache marocains et le port de &#8220;Tanit&#8221; en Mauritanie. Ould Khattri a pr\u00e9sent\u00e9 au diplomate marocain, lors de la.....\" \/>\n<meta property=\"og:url\" content=\"https:\/\/lequotidien.mr\/?p=14203&amp;lang=fr\" \/>\n<meta property=\"og:site_name\" content=\"Le Quotidien de Nouakchott\" \/>\n<meta property=\"article:publisher\" content=\"https:\/\/web.facebook.com\/lequotidienmr\" \/>\n<meta property=\"article:author\" content=\"https:\/\/web.facebook.com\/a.mleiwih\" \/>\n<meta property=\"article:published_time\" content=\"2023-12-06T01:08:14+00:00\" \/>\n<meta property=\"og:image\" content=\"https:\/\/lequotidien.mr\/wp-content\/uploads\/2023\/12\/IMG-20231205-WA0188.webp\" \/>\n\t<meta property=\"og:image:width\" content=\"1280\" \/>\n\t<meta property=\"og:image:height\" content=\"960\" \/>\n\t<meta property=\"og:image:type\" content=\"image\/webp\" \/>\n<meta name=\"author\" content=\"Alioun M&#039;leiwih\" \/>\n<meta name=\"twitter:card\" content=\"summary_large_image\" \/>\n<meta name=\"twitter:creator\" content=\"@lequotidienmr\" \/>\n<meta name=\"twitter:site\" content=\"@lequotidienmr\" \/>\n<meta name=\"twitter:label1\" content=\"\u0643\u064f\u062a\u0628 \u0628\u0648\u0627\u0633\u0637\u0629\" \/>\n\t<meta name=\"twitter:data1\" content=\"Alioun M&#039;leiwih\" \/>\n\t<meta name=\"twitter:label2\" content=\"\u0648\u0642\u062a \u0627\u0644\u0642\u0631\u0627\u0621\u0629 \u0627\u0644\u0645\u064f\u0642\u062f\u0651\u0631\" \/>\n\t<meta name=\"twitter:data2\" content=\"\u062f\u0642\u064a\u0642\u0629 \u0648\u0627\u062d\u062f\u0629\" \/>\n<script type=\"application\/ld+json\" class=\"yoast-schema-graph\">{\"@context\":\"https:\\\/\\\/schema.org\",\"@graph\":[{\"@type\":\"Article\",\"@id\":\"https:\\\/\\\/lequotidien.mr\\\/?p=14203&lang=fr#article\",\"isPartOf\":{\"@id\":\"https:\\\/\\\/lequotidien.mr\\\/?p=14203&lang=fr\"},\"author\":{\"name\":\"Alioun M'leiwih\",\"@id\":\"https:\\\/\\\/lequotidien.mr\\\/#\\\/schema\\\/person\\\/69d1518c74c9137087929a20b1272cb0\"},\"headline\":\"&#8220;Rencontre entre le directeur g\u00e9n\u00e9ral du port de Tanit et l&#8217;ambassadeur marocain \u00e0 Nouakchott pour discuter de la coop\u00e9ration dans le domaine de la p\u00eache&#8221;\",\"datePublished\":\"2023-12-06T01:08:14+00:00\",\"mainEntityOfPage\":{\"@id\":\"https:\\\/\\\/lequotidien.mr\\\/?p=14203&lang=fr\"},\"wordCount\":154,\"commentCount\":0,\"publisher\":{\"@id\":\"https:\\\/\\\/lequotidien.mr\\\/#organization\"},\"image\":{\"@id\":\"https:\\\/\\\/lequotidien.mr\\\/?p=14203&lang=fr#primaryimage\"},\"thumbnailUrl\":\"https:\\\/\\\/lequotidien.mr\\\/wp-content\\\/uploads\\\/2023\\\/12\\\/IMG-20231205-WA0188.webp\",\"articleSection\":[\"ACTUALIT\u00c9\",\"Economie\"],\"inLanguage\":\"ar\",\"potentialAction\":[{\"@type\":\"CommentAction\",\"name\":\"Comment\",\"target\":[\"https:\\\/\\\/lequotidien.mr\\\/?p=14203&lang=fr#respond\"]}]},{\"@type\":\"WebPage\",\"@id\":\"https:\\\/\\\/lequotidien.mr\\\/?p=14203&lang=fr\",\"url\":\"https:\\\/\\\/lequotidien.mr\\\/?p=14203&lang=fr\",\"name\":\"\\\"Rencontre entre le directeur g\u00e9n\u00e9ral du port de Tanit et l'ambassadeur marocain \u00e0 Nouakchott pour discuter de la coop\u00e9ration dans le domaine de la p\u00eache\\\" - Le Quotidien de Nouakchott\",\"isPartOf\":{\"@id\":\"https:\\\/\\\/lequotidien.mr\\\/#website\"},\"primaryImageOfPage\":{\"@id\":\"https:\\\/\\\/lequotidien.mr\\\/?p=14203&lang=fr#primaryimage\"},\"image\":{\"@id\":\"https:\\\/\\\/lequotidien.mr\\\/?p=14203&lang=fr#primaryimage\"},\"thumbnailUrl\":\"https:\\\/\\\/lequotidien.mr\\\/wp-content\\\/uploads\\\/2023\\\/12\\\/IMG-20231205-WA0188.webp\",\"datePublished\":\"2023-12-06T01:08:14+00:00\",\"breadcrumb\":{\"@id\":\"https:\\\/\\\/lequotidien.mr\\\/?p=14203&lang=fr#breadcrumb\"},\"inLanguage\":\"ar\",\"potentialAction\":[{\"@type\":\"ReadAction\",\"target\":[\"https:\\\/\\\/lequotidien.mr\\\/?p=14203&lang=fr\"]}]},{\"@type\":\"ImageObject\",\"inLanguage\":\"ar\",\"@id\":\"https:\\\/\\\/lequotidien.mr\\\/?p=14203&lang=fr#primaryimage\",\"url\":\"https:\\\/\\\/lequotidien.mr\\\/wp-content\\\/uploads\\\/2023\\\/12\\\/IMG-20231205-WA0188.webp\",\"contentUrl\":\"https:\\\/\\\/lequotidien.mr\\\/wp-content\\\/uploads\\\/2023\\\/12\\\/IMG-20231205-WA0188.webp\",\"width\":1280,\"height\":960},{\"@type\":\"BreadcrumbList\",\"@id\":\"https:\\\/\\\/lequotidien.mr\\\/?p=14203&lang=fr#breadcrumb\",\"itemListElement\":[{\"@type\":\"ListItem\",\"position\":1,\"name\":\"Home\",\"item\":\"https:\\\/\\\/lequotidien.mr\\\/\"},{\"@type\":\"ListItem\",\"position\":2,\"name\":\"&#8220;Rencontre entre le directeur g\u00e9n\u00e9ral du port de Tanit et l&#8217;ambassadeur marocain \u00e0 Nouakchott pour discuter de la coop\u00e9ration dans le domaine de la p\u00eache&#8221;\"}]},{\"@type\":\"WebSite\",\"@id\":\"https:\\\/\\\/lequotidien.mr\\\/#website\",\"url\":\"https:\\\/\\\/lequotidien.mr\\\/\",\"name\":\"Le Quotidien de Nouakchott\",\"description\":\"\u0625\u062e\u0628\u0627\u0631\u064a\u0629 \u0645\u0633\u062a\u0642\u0644\u0629 \u0644\u0644\u0623\u0646\u0628\u0627\u0621 \u0627\u0644\u0639\u0627\u0645\u0629\",\"publisher\":{\"@id\":\"https:\\\/\\\/lequotidien.mr\\\/#organization\"},\"potentialAction\":[{\"@type\":\"SearchAction\",\"target\":{\"@type\":\"EntryPoint\",\"urlTemplate\":\"https:\\\/\\\/lequotidien.mr\\\/?s={search_term_string}\"},\"query-input\":{\"@type\":\"PropertyValueSpecification\",\"valueRequired\":true,\"valueName\":\"search_term_string\"}}],\"inLanguage\":\"ar\"},{\"@type\":\"Organization\",\"@id\":\"https:\\\/\\\/lequotidien.mr\\\/#organization\",\"name\":\"Le Quotidien de Nouakchott\",\"url\":\"https:\\\/\\\/lequotidien.mr\\\/\",\"logo\":{\"@type\":\"ImageObject\",\"inLanguage\":\"ar\",\"@id\":\"https:\\\/\\\/lequotidien.mr\\\/#\\\/schema\\\/logo\\\/image\\\/\",\"url\":\"https:\\\/\\\/lequotidien.mr\\\/wp-content\\\/uploads\\\/2022\\\/11\\\/logolequotidien.jpg\",\"contentUrl\":\"https:\\\/\\\/lequotidien.mr\\\/wp-content\\\/uploads\\\/2022\\\/11\\\/logolequotidien.jpg\",\"width\":290,\"height\":65,\"caption\":\"Le Quotidien de Nouakchott\"},\"image\":{\"@id\":\"https:\\\/\\\/lequotidien.mr\\\/#\\\/schema\\\/logo\\\/image\\\/\"},\"sameAs\":[\"https:\\\/\\\/web.facebook.com\\\/lequotidienmr\",\"https:\\\/\\\/x.com\\\/lequotidienmr\"]},{\"@type\":\"Person\",\"@id\":\"https:\\\/\\\/lequotidien.mr\\\/#\\\/schema\\\/person\\\/69d1518c74c9137087929a20b1272cb0\",\"name\":\"Alioun M'leiwih\",\"image\":{\"@type\":\"ImageObject\",\"inLanguage\":\"ar\",\"@id\":\"https:\\\/\\\/secure.gravatar.com\\\/avatar\\\/01f9d357222d7d4ca8f71662f4b081718f06d25b11fc45662ecca0622d507e51?s=96&d=mm&r=g\",\"url\":\"https:\\\/\\\/secure.gravatar.com\\\/avatar\\\/01f9d357222d7d4ca8f71662f4b081718f06d25b11fc45662ecca0622d507e51?s=96&d=mm&r=g\",\"contentUrl\":\"https:\\\/\\\/secure.gravatar.com\\\/avatar\\\/01f9d357222d7d4ca8f71662f4b081718f06d25b11fc45662ecca0622d507e51?s=96&d=mm&r=g\",\"caption\":\"Alioun M'leiwih\"},\"sameAs\":[\"https:\\\/\\\/lequotidien.mr\\\/\",\"https:\\\/\\\/web.facebook.com\\\/a.mleiwih\",\"https:\\\/\\\/www.linkedin.com\\\/in\\\/alimlewih\\\/\"],\"url\":\"https:\\\/\\\/lequotidien.mr\\\/?author=3\"}]}<\/script>\n<!-- \/ Yoast SEO plugin. -->","yoast_head_json":{"title":"\"Rencontre entre le directeur g\u00e9n\u00e9ral du port de Tanit et l'ambassadeur marocain \u00e0 Nouakchott pour discuter de la coop\u00e9ration dans le domaine de la p\u00eache\" - Le Quotidien de Nouakchott","robots":{"index":"index","follow":"follow","max-snippet":"max-snippet:-1","max-image-preview":"max-image-preview:large","max-video-preview":"max-video-preview:-1"},"canonical":"https:\/\/lequotidien.mr\/?p=14203&lang=fr","og_locale":"ar_AR","og_type":"article","og_title":"\"Rencontre entre le directeur g\u00e9n\u00e9ral du port de Tanit et l'ambassadeur marocain \u00e0 Nouakchott pour discuter de la coop\u00e9ration dans le domaine de la p\u00eache\" - Le Quotidien de Nouakchott","og_description":"Le directeur g\u00e9n\u00e9ral du port de Tanger Med, Ahmed Ould Khatri, a rencontr\u00e9 cet apr\u00e8s-midi le mardi, l&#8217;ambassadeur du Maroc \u00e0 Nouakchott, Hamid Chabar, o\u00f9 ils ont discut\u00e9 des perspectives de coop\u00e9ration entre les ports de p\u00eache marocains et le port de &#8220;Tanit&#8221; en Mauritanie. Ould Khattri a pr\u00e9sent\u00e9 au diplomate marocain, lors de la.....","og_url":"https:\/\/lequotidien.mr\/?p=14203&lang=fr","og_site_name":"Le Quotidien de Nouakchott","article_publisher":"https:\/\/web.facebook.com\/lequotidienmr","article_author":"https:\/\/web.facebook.com\/a.mleiwih","article_published_time":"2023-12-06T01:08:14+00:00","og_image":[{"width":1280,"height":960,"url":"https:\/\/lequotidien.mr\/wp-content\/uploads\/2023\/12\/IMG-20231205-WA0188.webp","type":"image\/webp"}],"author":"Alioun M'leiwih","twitter_card":"summary_large_image","twitter_creator":"@lequotidienmr","twitter_site":"@lequotidienmr","twitter_misc":{"\u0643\u064f\u062a\u0628 \u0628\u0648\u0627\u0633\u0637\u0629":"Alioun M'leiwih","\u0648\u0642\u062a \u0627\u0644\u0642\u0631\u0627\u0621\u0629 \u0627\u0644\u0645\u064f\u0642\u062f\u0651\u0631":"\u062f\u0642\u064a\u0642\u0629 \u0648\u0627\u062d\u062f\u0629"},"schema":{"@context":"https:\/\/schema.org","@graph":[{"@type":"Article","@id":"https:\/\/lequotidien.mr\/?p=14203&lang=fr#article","isPartOf":{"@id":"https:\/\/lequotidien.mr\/?p=14203&lang=fr"},"author":{"name":"Alioun M'leiwih","@id":"https:\/\/lequotidien.mr\/#\/schema\/person\/69d1518c74c9137087929a20b1272cb0"},"headline":"&#8220;Rencontre entre le directeur g\u00e9n\u00e9ral du port de Tanit et l&#8217;ambassadeur marocain \u00e0 Nouakchott pour discuter de la coop\u00e9ration dans le domaine de la p\u00eache&#8221;","datePublished":"2023-12-06T01:08:14+00:00","mainEntityOfPage":{"@id":"https:\/\/lequotidien.mr\/?p=14203&lang=fr"},"wordCount":154,"commentCount":0,"publisher":{"@id":"https:\/\/lequotidien.mr\/#organization"},"image":{"@id":"https:\/\/lequotidien.mr\/?p=14203&lang=fr#primaryimage"},"thumbnailUrl":"https:\/\/lequotidien.mr\/wp-content\/uploads\/2023\/12\/IMG-20231205-WA0188.webp","articleSection":["ACTUALIT\u00c9","Economie"],"inLanguage":"ar","potentialAction":[{"@type":"CommentAction","name":"Comment","target":["https:\/\/lequotidien.mr\/?p=14203&lang=fr#respond"]}]},{"@type":"WebPage","@id":"https:\/\/lequotidien.mr\/?p=14203&lang=fr","url":"https:\/\/lequotidien.mr\/?p=14203&lang=fr","name":"\"Rencontre entre le directeur g\u00e9n\u00e9ral du port de Tanit et l'ambassadeur marocain \u00e0 Nouakchott pour discuter de la coop\u00e9ration dans le domaine de la p\u00eache\" - Le Quotidien de Nouakchott","isPartOf":{"@id":"https:\/\/lequotidien.mr\/#website"},"primaryImageOfPage":{"@id":"https:\/\/lequotidien.mr\/?p=14203&lang=fr#primaryimage"},"image":{"@id":"https:\/\/lequotidien.mr\/?p=14203&lang=fr#primaryimage"},"thumbnailUrl":"https:\/\/lequotidien.mr\/wp-content\/uploads\/2023\/12\/IMG-20231205-WA0188.webp","datePublished":"2023-12-06T01:08:14+00:00","breadcrumb":{"@id":"https:\/\/lequotidien.mr\/?p=14203&lang=fr#breadcrumb"},"inLanguage":"ar","potentialAction":[{"@type":"ReadAction","target":["https:\/\/lequotidien.mr\/?p=14203&lang=fr"]}]},{"@type":"ImageObject","inLanguage":"ar","@id":"https:\/\/lequotidien.mr\/?p=14203&lang=fr#primaryimage","url":"https:\/\/lequotidien.mr\/wp-content\/uploads\/2023\/12\/IMG-20231205-WA0188.webp","contentUrl":"https:\/\/lequotidien.mr\/wp-content\/uploads\/2023\/12\/IMG-20231205-WA0188.webp","width":1280,"height":960},{"@type":"BreadcrumbList","@id":"https:\/\/lequotidien.mr\/?p=14203&lang=fr#breadcrumb","itemListElement":[{"@type":"ListItem","position":1,"name":"Home","item":"https:\/\/lequotidien.mr\/"},{"@type":"ListItem","position":2,"name":"&#8220;Rencontre entre le directeur g\u00e9n\u00e9ral du port de Tanit et l&#8217;ambassadeur marocain \u00e0 Nouakchott pour discuter de la coop\u00e9ration dans le domaine de la p\u00eache&#8221;"}]},{"@type":"WebSite","@id":"https:\/\/lequotidien.mr\/#website","url":"https:\/\/lequotidien.mr\/","name":"Le Quotidien de Nouakchott","description":"\u0625\u062e\u0628\u0627\u0631\u064a\u0629 \u0645\u0633\u062a\u0642\u0644\u0629 \u0644\u0644\u0623\u0646\u0628\u0627\u0621 \u0627\u0644\u0639\u0627\u0645\u0629","publisher":{"@id":"https:\/\/lequotidien.mr\/#organization"},"potentialAction":[{"@type":"SearchAction","target":{"@type":"EntryPoint","urlTemplate":"https:\/\/lequotidien.mr\/?s={search_term_string}"},"query-input":{"@type":"PropertyValueSpecification","valueRequired":true,"valueName":"search_term_string"}}],"inLanguage":"ar"},{"@type":"Organization","@id":"https:\/\/lequotidien.mr\/#organization","name":"Le Quotidien de Nouakchott","url":"https:\/\/lequotidien.mr\/","logo":{"@type":"ImageObject","inLanguage":"ar","@id":"https:\/\/lequotidien.mr\/#\/schema\/logo\/image\/","url":"https:\/\/lequotidien.mr\/wp-content\/uploads\/2022\/11\/logolequotidien.jpg","contentUrl":"https:\/\/lequotidien.mr\/wp-content\/uploads\/2022\/11\/logolequotidien.jpg","width":290,"height":65,"caption":"Le Quotidien de Nouakchott"},"image":{"@id":"https:\/\/lequotidien.mr\/#\/schema\/logo\/image\/"},"sameAs":["https:\/\/web.facebook.com\/lequotidienmr","https:\/\/x.com\/lequotidienmr"]},{"@type":"Person","@id":"https:\/\/lequotidien.mr\/#\/schema\/person\/69d1518c74c9137087929a20b1272cb0","name":"Alioun M'leiwih","image":{"@type":"ImageObject","inLanguage":"ar","@id":"https:\/\/secure.gravatar.com\/avatar\/01f9d357222d7d4ca8f71662f4b081718f06d25b11fc45662ecca0622d507e51?s=96&d=mm&r=g","url":"https:\/\/secure.gravatar.com\/avatar\/01f9d357222d7d4ca8f71662f4b081718f06d25b11fc45662ecca0622d507e51?s=96&d=mm&r=g","contentUrl":"https:\/\/secure.gravatar.com\/avatar\/01f9d357222d7d4ca8f71662f4b081718f06d25b11fc45662ecca0622d507e51?s=96&d=mm&r=g","caption":"Alioun M'leiwih"},"sameAs":["https:\/\/lequotidien.mr\/","https:\/\/web.facebook.com\/a.mleiwih","https:\/\/www.linkedin.com\/in\/alimlewih\/"],"url":"https:\/\/lequotidien.mr\/?author=3"}]}},"_links":{"self":[{"href":"https:\/\/lequotidien.mr\/index.php?rest_route=\/wp\/v2\/posts\/14203","targetHints":{"allow":["GET"]}}],"collection":[{"href":"https:\/\/lequotidien.mr\/index.php?rest_route=\/wp\/v2\/posts"}],"about":[{"href":"https:\/\/lequotidien.mr\/index.php?rest_route=\/wp\/v2\/types\/post"}],"author":[{"embeddable":true,"href":"https:\/\/lequotidien.mr\/index.php?rest_route=\/wp\/v2\/users\/3"}],"replies":[{"embeddable":true,"href":"https:\/\/lequotidien.mr\/index.php?rest_route=%2Fwp%2Fv2%2Fcomments&post=14203"}],"version-history":[{"count":1,"href":"https:\/\/lequotidien.mr\/index.php?rest_route=\/wp\/v2\/posts\/14203\/revisions"}],"predecessor-version":[{"id":14207,"href":"https:\/\/lequotidien.mr\/index.php?rest_route=\/wp\/v2\/posts\/14203\/revisions\/14207"}],"wp:featuredmedia":[{"embeddable":true,"href":"https:\/\/lequotidien.mr\/index.php?rest_route=\/wp\/v2\/media\/14206"}],"wp:attachment":[{"href":"https:\/\/lequotidien.mr\/index.php?rest_route=%2Fwp%2Fv2%2Fmedia&parent=14203"}],"wp:term":[{"taxonomy":"category","embeddable":true,"href":"https:\/\/lequotidien.mr\/index.php?rest_route=%2Fwp%2Fv2%2Fcategories&post=14203"},{"taxonomy":"post_tag","embeddable":true,"href":"https:\/\/lequotidien.mr\/index.php?rest_route=%2Fwp%2Fv2%2Ftags&post=14203"}],"curies":[{"name":"wp","href":"https:\/\/api.w.org\/{rel}","templated":true}]}}