{"id":14058,"date":"2023-12-02T13:36:27","date_gmt":"2023-12-02T13:36:27","guid":{"rendered":"https:\/\/lequotidien.mr\/?p=14058"},"modified":"2023-12-02T13:47:47","modified_gmt":"2023-12-02T13:47:47","slug":"nouakchott-carrefour-didees-experts-marocains-et-mauritaniens-envisagent-la-ville-de-demain","status":"publish","type":"post","link":"https:\/\/lequotidien.mr\/?p=14058&lang=fr","title":{"rendered":"Nouakchott, Carrefour d&#8217;Id\u00e9es : Experts Marocains et Mauritaniens Envisagent &#8220;La Ville de Demain&#8221;"},"content":{"rendered":"<p>Le r\u00e9cent colloque international &#8220;Energie et Ville du Futur&#8221;, qui s&#8217;est tenu \u00e0 Nouakchott, a marqu\u00e9 une \u00e9tape cruciale dans la r\u00e9flexion collective sur la conception des villes du futur. Pendant trois jours, des experts marocains et mauritaniens ont partag\u00e9 leurs id\u00e9es, d\u00e9battu de concepts novateurs et pr\u00e9sent\u00e9 des expos\u00e9s scientifiques et techniques, offrant ainsi une vision \u00e9clairante sur l&#8217;avenir urbain.<\/p>\n<p>&nbsp;<\/p>\n<p>Le Professeur Mohammed El Ganaoui, pr\u00e9sident lorrain de la s\u00e9rie EVF, a exprim\u00e9 sa satisfaction quant \u00e0 la contribution mauritanienne \u00e0 cette r\u00e9flexion, soulignant que l&#8217;\u00e9dition de Nouakchott apporterait une perspective unique \u00e0 la vision globale de la &#8220;Ville de Demain&#8221;.<\/p>\n<p>&nbsp;<\/p>\n<p>Comme lors des \u00e9ditions pr\u00e9c\u00e9dentes, le colloque a tenu ses promesses en offrant un panorama \u00e9quilibr\u00e9 de la dynamique urbaine en expansion \u00e0 travers les acteurs de la cit\u00e9 et les scientifiques. Nouakchott, en tant que toile de fond, a ajout\u00e9 une dimension particuli\u00e8re, mettant en lumi\u00e8re les d\u00e9fis et opportunit\u00e9s sp\u00e9cifiques \u00e0 cette ville en plein essor horizontal.<\/p>\n<p>&nbsp;<\/p>\n<p>Les expos\u00e9s ont abord\u00e9 divers aspects, des aspects traditionnels tels que l&#8217;urbanisme, l&#8217;architecture et les parois des b\u00e2timents aux questions \u00e9nerg\u00e9tiques cruciales telles que le mix \u00e9nerg\u00e9tique, incluant des sources telles que le photovolta\u00efque, la g\u00e9othermie, la biomasse, et m\u00eame une exploration de l&#8217;hydrog\u00e8ne durable en Mauritanie. La conf\u00e9rence a \u00e9galement mis en avant des sujets \u00e9mergents tels que le stockage d&#8217;\u00e9nergie, la gestion num\u00e9rique, et l&#8217;intelligence artificielle.<\/p>\n<p>&nbsp;<\/p>\n<p>La participation active des conseillers de la pr\u00e9sidence de la r\u00e9publique et des minist\u00e8res cl\u00e9s, y compris ceux de l&#8217;habitat et de l&#8217;\u00e9nergie, a ajout\u00e9 une dimension pratique en fournissant un \u00e9tat des lieux, des \u00e9l\u00e9ments de programmation et une vision pour le futur de Nouakchott et de la Mauritanie.<\/p>\n<p>&nbsp;<\/p>\n<p>Les travaux pratiques pr\u00e9sent\u00e9s par de jeunes chercheurs ont enrichi la discussion en abordant des cas concrets, tels que l&#8217;audit \u00e9nerg\u00e9tique local, la d\u00e9pollution de l&#8217;eau par nano-particules, la production photovolta\u00efque et les r\u00e9seaux \u00e9lectriques. Ces exemples ont illustr\u00e9 l&#8217;application concr\u00e8te de la physique dans le contexte de la transition \u00e9nerg\u00e9tique et du r\u00e9chauffement climatique.<\/p>\n<p>&nbsp;<\/p>\n<p>Les d\u00e9bats constructifs qui ont \u00e9merg\u00e9 tout au long du colloque ont soulign\u00e9 l&#8217;importance de ces \u00e9changes et la n\u00e9cessit\u00e9 de continuer \u00e0 explorer les solutions innovantes pour les villes du futur. La c\u00e9r\u00e9monie de cl\u00f4ture a mis en avant l&#8217;opportunit\u00e9 de comparer les perspectives offertes par cette \u00e9dition du sud avec celles d&#8217;une future \u00e9dition, suscitant l&#8217;espoir de voir ces discussions se poursuivre sur la sc\u00e8ne internationale.<\/p>\n<p>&nbsp;<\/p>\n<p>En r\u00e9trospective, le colloque Energie et Ville du Futur, cr\u00e9\u00e9 en partenariat entre l&#8217;Universit\u00e9 de Lorraine, l&#8217;ECAM \u2013 EPMI du Grand Paris, et l&#8217;Universit\u00e9 de Queens au Canada, a su, \u00e0 travers ses diff\u00e9rentes \u00e9ditions dans des contextes vari\u00e9s, enrichir la r\u00e9flexion mondiale sur la ville en constante mutation.<\/p>\n<p>&nbsp;<\/p>\n<p>&nbsp;<\/p>\n","protected":false},"excerpt":{"rendered":"<p>Le r\u00e9cent colloque international &#8220;Energie et Ville du Futur&#8221;, qui s&#8217;est tenu \u00e0 Nouakchott, a marqu\u00e9 une \u00e9tape cruciale dans la r\u00e9flexion collective sur la conception des villes du futur. Pendant trois jours, des experts marocains et mauritaniens ont partag\u00e9 leurs id\u00e9es, d\u00e9battu de concepts novateurs et pr\u00e9sent\u00e9 des expos\u00e9s scientifiques et techniques, offrant ainsi&#8230;..<\/p>\n","protected":false},"author":4,"featured_media":14059,"comment_status":"open","ping_status":"open","sticky":false,"template":"","format":"standard","meta":{"footnotes":""},"categories":[23,49],"tags":[],"class_list":["post-14058","post","type-post","status-publish","format-standard","has-post-thumbnail","hentry","category-actualite","category-economie"],"yoast_head":"<!-- This site is optimized with the Yoast SEO plugin v27.5 - https:\/\/yoast.com\/product\/yoast-seo-wordpress\/ -->\n<title>Nouakchott, Carrefour d&#039;Id\u00e9es : Experts Marocains et Mauritaniens Envisagent &quot;La Ville de Demain&quot; - Le Quotidien de Nouakchott<\/title>\n<meta name=\"robots\" content=\"index, follow, max-snippet:-1, max-image-preview:large, max-video-preview:-1\" \/>\n<link rel=\"canonical\" href=\"https:\/\/lequotidien.mr\/?p=14058&lang=fr\" \/>\n<meta property=\"og:locale\" content=\"ar_AR\" \/>\n<meta property=\"og:type\" content=\"article\" \/>\n<meta property=\"og:title\" content=\"Nouakchott, Carrefour d&#039;Id\u00e9es : Experts Marocains et Mauritaniens Envisagent &quot;La Ville de Demain&quot; - Le Quotidien de Nouakchott\" \/>\n<meta property=\"og:description\" content=\"Le r\u00e9cent colloque international &#8220;Energie et Ville du Futur&#8221;, qui s&#8217;est tenu \u00e0 Nouakchott, a marqu\u00e9 une \u00e9tape cruciale dans la r\u00e9flexion collective sur la conception des villes du futur. Pendant trois jours, des experts marocains et mauritaniens ont partag\u00e9 leurs id\u00e9es, d\u00e9battu de concepts novateurs et pr\u00e9sent\u00e9 des expos\u00e9s scientifiques et techniques, offrant ainsi.....\" \/>\n<meta property=\"og:url\" content=\"https:\/\/lequotidien.mr\/?p=14058&amp;lang=fr\" \/>\n<meta property=\"og:site_name\" content=\"Le Quotidien de Nouakchott\" \/>\n<meta property=\"article:publisher\" content=\"https:\/\/web.facebook.com\/lequotidienmr\" \/>\n<meta property=\"article:published_time\" content=\"2023-12-02T13:36:27+00:00\" \/>\n<meta property=\"article:modified_time\" content=\"2023-12-02T13:47:47+00:00\" \/>\n<meta property=\"og:image\" content=\"https:\/\/lequotidien.mr\/wp-content\/uploads\/2023\/12\/77071903-55911225.jpg\" \/>\n\t<meta property=\"og:image:width\" content=\"700\" \/>\n\t<meta property=\"og:image:height\" content=\"525\" \/>\n\t<meta property=\"og:image:type\" content=\"image\/jpeg\" \/>\n<meta name=\"author\" content=\"Le Quotidien\" \/>\n<meta name=\"twitter:card\" content=\"summary_large_image\" \/>\n<meta name=\"twitter:creator\" content=\"@lequotidienmr\" \/>\n<meta name=\"twitter:site\" content=\"@lequotidienmr\" \/>\n<meta name=\"twitter:label1\" content=\"\u0643\u064f\u062a\u0628 \u0628\u0648\u0627\u0633\u0637\u0629\" \/>\n\t<meta name=\"twitter:data1\" content=\"Le Quotidien\" \/>\n\t<meta name=\"twitter:label2\" content=\"\u0648\u0642\u062a \u0627\u0644\u0642\u0631\u0627\u0621\u0629 \u0627\u0644\u0645\u064f\u0642\u062f\u0651\u0631\" \/>\n\t<meta name=\"twitter:data2\" content=\"3 \u062f\u0642\u0627\u0626\u0642\" \/>\n<script type=\"application\/ld+json\" class=\"yoast-schema-graph\">{\"@context\":\"https:\\\/\\\/schema.org\",\"@graph\":[{\"@type\":\"Article\",\"@id\":\"https:\\\/\\\/lequotidien.mr\\\/?p=14058&lang=fr#article\",\"isPartOf\":{\"@id\":\"https:\\\/\\\/lequotidien.mr\\\/?p=14058&lang=fr\"},\"author\":{\"name\":\"Le Quotidien\",\"@id\":\"https:\\\/\\\/lequotidien.mr\\\/#\\\/schema\\\/person\\\/f90fcdaa970c60288de4ed2e64a56472\"},\"headline\":\"Nouakchott, Carrefour d&#8217;Id\u00e9es : Experts Marocains et Mauritaniens Envisagent &#8220;La Ville de Demain&#8221;\",\"datePublished\":\"2023-12-02T13:36:27+00:00\",\"dateModified\":\"2023-12-02T13:47:47+00:00\",\"mainEntityOfPage\":{\"@id\":\"https:\\\/\\\/lequotidien.mr\\\/?p=14058&lang=fr\"},\"wordCount\":535,\"commentCount\":0,\"publisher\":{\"@id\":\"https:\\\/\\\/lequotidien.mr\\\/#organization\"},\"image\":{\"@id\":\"https:\\\/\\\/lequotidien.mr\\\/?p=14058&lang=fr#primaryimage\"},\"thumbnailUrl\":\"https:\\\/\\\/lequotidien.mr\\\/wp-content\\\/uploads\\\/2023\\\/12\\\/77071903-55911225.jpg\",\"articleSection\":[\"ACTUALIT\u00c9\",\"Economie\"],\"inLanguage\":\"ar\",\"potentialAction\":[{\"@type\":\"CommentAction\",\"name\":\"Comment\",\"target\":[\"https:\\\/\\\/lequotidien.mr\\\/?p=14058&lang=fr#respond\"]}]},{\"@type\":\"WebPage\",\"@id\":\"https:\\\/\\\/lequotidien.mr\\\/?p=14058&lang=fr\",\"url\":\"https:\\\/\\\/lequotidien.mr\\\/?p=14058&lang=fr\",\"name\":\"Nouakchott, Carrefour d'Id\u00e9es : Experts Marocains et Mauritaniens Envisagent \\\"La Ville de Demain\\\" - Le Quotidien de Nouakchott\",\"isPartOf\":{\"@id\":\"https:\\\/\\\/lequotidien.mr\\\/#website\"},\"primaryImageOfPage\":{\"@id\":\"https:\\\/\\\/lequotidien.mr\\\/?p=14058&lang=fr#primaryimage\"},\"image\":{\"@id\":\"https:\\\/\\\/lequotidien.mr\\\/?p=14058&lang=fr#primaryimage\"},\"thumbnailUrl\":\"https:\\\/\\\/lequotidien.mr\\\/wp-content\\\/uploads\\\/2023\\\/12\\\/77071903-55911225.jpg\",\"datePublished\":\"2023-12-02T13:36:27+00:00\",\"dateModified\":\"2023-12-02T13:47:47+00:00\",\"breadcrumb\":{\"@id\":\"https:\\\/\\\/lequotidien.mr\\\/?p=14058&lang=fr#breadcrumb\"},\"inLanguage\":\"ar\",\"potentialAction\":[{\"@type\":\"ReadAction\",\"target\":[\"https:\\\/\\\/lequotidien.mr\\\/?p=14058&lang=fr\"]}]},{\"@type\":\"ImageObject\",\"inLanguage\":\"ar\",\"@id\":\"https:\\\/\\\/lequotidien.mr\\\/?p=14058&lang=fr#primaryimage\",\"url\":\"https:\\\/\\\/lequotidien.mr\\\/wp-content\\\/uploads\\\/2023\\\/12\\\/77071903-55911225.jpg\",\"contentUrl\":\"https:\\\/\\\/lequotidien.mr\\\/wp-content\\\/uploads\\\/2023\\\/12\\\/77071903-55911225.jpg\",\"width\":700,\"height\":525},{\"@type\":\"BreadcrumbList\",\"@id\":\"https:\\\/\\\/lequotidien.mr\\\/?p=14058&lang=fr#breadcrumb\",\"itemListElement\":[{\"@type\":\"ListItem\",\"position\":1,\"name\":\"Home\",\"item\":\"https:\\\/\\\/lequotidien.mr\\\/\"},{\"@type\":\"ListItem\",\"position\":2,\"name\":\"Nouakchott, Carrefour d&#8217;Id\u00e9es : Experts Marocains et Mauritaniens Envisagent &#8220;La Ville de Demain&#8221;\"}]},{\"@type\":\"WebSite\",\"@id\":\"https:\\\/\\\/lequotidien.mr\\\/#website\",\"url\":\"https:\\\/\\\/lequotidien.mr\\\/\",\"name\":\"Le Quotidien de Nouakchott\",\"description\":\"\u0625\u062e\u0628\u0627\u0631\u064a\u0629 \u0645\u0633\u062a\u0642\u0644\u0629 \u0644\u0644\u0623\u0646\u0628\u0627\u0621 \u0627\u0644\u0639\u0627\u0645\u0629\",\"publisher\":{\"@id\":\"https:\\\/\\\/lequotidien.mr\\\/#organization\"},\"potentialAction\":[{\"@type\":\"SearchAction\",\"target\":{\"@type\":\"EntryPoint\",\"urlTemplate\":\"https:\\\/\\\/lequotidien.mr\\\/?s={search_term_string}\"},\"query-input\":{\"@type\":\"PropertyValueSpecification\",\"valueRequired\":true,\"valueName\":\"search_term_string\"}}],\"inLanguage\":\"ar\"},{\"@type\":\"Organization\",\"@id\":\"https:\\\/\\\/lequotidien.mr\\\/#organization\",\"name\":\"Le Quotidien de Nouakchott\",\"url\":\"https:\\\/\\\/lequotidien.mr\\\/\",\"logo\":{\"@type\":\"ImageObject\",\"inLanguage\":\"ar\",\"@id\":\"https:\\\/\\\/lequotidien.mr\\\/#\\\/schema\\\/logo\\\/image\\\/\",\"url\":\"https:\\\/\\\/lequotidien.mr\\\/wp-content\\\/uploads\\\/2022\\\/11\\\/logolequotidien.jpg\",\"contentUrl\":\"https:\\\/\\\/lequotidien.mr\\\/wp-content\\\/uploads\\\/2022\\\/11\\\/logolequotidien.jpg\",\"width\":290,\"height\":65,\"caption\":\"Le Quotidien de Nouakchott\"},\"image\":{\"@id\":\"https:\\\/\\\/lequotidien.mr\\\/#\\\/schema\\\/logo\\\/image\\\/\"},\"sameAs\":[\"https:\\\/\\\/web.facebook.com\\\/lequotidienmr\",\"https:\\\/\\\/x.com\\\/lequotidienmr\"]},{\"@type\":\"Person\",\"@id\":\"https:\\\/\\\/lequotidien.mr\\\/#\\\/schema\\\/person\\\/f90fcdaa970c60288de4ed2e64a56472\",\"name\":\"Le Quotidien\",\"image\":{\"@type\":\"ImageObject\",\"inLanguage\":\"ar\",\"@id\":\"https:\\\/\\\/secure.gravatar.com\\\/avatar\\\/374cb39a1a458a912465a93e5a3ce6546886fc3da809a1f10c63e4e8fcbca30f?s=96&d=mm&r=g\",\"url\":\"https:\\\/\\\/secure.gravatar.com\\\/avatar\\\/374cb39a1a458a912465a93e5a3ce6546886fc3da809a1f10c63e4e8fcbca30f?s=96&d=mm&r=g\",\"contentUrl\":\"https:\\\/\\\/secure.gravatar.com\\\/avatar\\\/374cb39a1a458a912465a93e5a3ce6546886fc3da809a1f10c63e4e8fcbca30f?s=96&d=mm&r=g\",\"caption\":\"Le Quotidien\"},\"sameAs\":[\"https:\\\/\\\/lequotidien.mr\\\/\"],\"url\":\"https:\\\/\\\/lequotidien.mr\\\/?author=4\"}]}<\/script>\n<!-- \/ Yoast SEO plugin. -->","yoast_head_json":{"title":"Nouakchott, Carrefour d'Id\u00e9es : Experts Marocains et Mauritaniens Envisagent \"La Ville de Demain\" - Le Quotidien de Nouakchott","robots":{"index":"index","follow":"follow","max-snippet":"max-snippet:-1","max-image-preview":"max-image-preview:large","max-video-preview":"max-video-preview:-1"},"canonical":"https:\/\/lequotidien.mr\/?p=14058&lang=fr","og_locale":"ar_AR","og_type":"article","og_title":"Nouakchott, Carrefour d'Id\u00e9es : Experts Marocains et Mauritaniens Envisagent \"La Ville de Demain\" - Le Quotidien de Nouakchott","og_description":"Le r\u00e9cent colloque international &#8220;Energie et Ville du Futur&#8221;, qui s&#8217;est tenu \u00e0 Nouakchott, a marqu\u00e9 une \u00e9tape cruciale dans la r\u00e9flexion collective sur la conception des villes du futur. Pendant trois jours, des experts marocains et mauritaniens ont partag\u00e9 leurs id\u00e9es, d\u00e9battu de concepts novateurs et pr\u00e9sent\u00e9 des expos\u00e9s scientifiques et techniques, offrant ainsi.....","og_url":"https:\/\/lequotidien.mr\/?p=14058&lang=fr","og_site_name":"Le Quotidien de Nouakchott","article_publisher":"https:\/\/web.facebook.com\/lequotidienmr","article_published_time":"2023-12-02T13:36:27+00:00","article_modified_time":"2023-12-02T13:47:47+00:00","og_image":[{"width":700,"height":525,"url":"https:\/\/lequotidien.mr\/wp-content\/uploads\/2023\/12\/77071903-55911225.jpg","type":"image\/jpeg"}],"author":"Le Quotidien","twitter_card":"summary_large_image","twitter_creator":"@lequotidienmr","twitter_site":"@lequotidienmr","twitter_misc":{"\u0643\u064f\u062a\u0628 \u0628\u0648\u0627\u0633\u0637\u0629":"Le Quotidien","\u0648\u0642\u062a \u0627\u0644\u0642\u0631\u0627\u0621\u0629 \u0627\u0644\u0645\u064f\u0642\u062f\u0651\u0631":"3 \u062f\u0642\u0627\u0626\u0642"},"schema":{"@context":"https:\/\/schema.org","@graph":[{"@type":"Article","@id":"https:\/\/lequotidien.mr\/?p=14058&lang=fr#article","isPartOf":{"@id":"https:\/\/lequotidien.mr\/?p=14058&lang=fr"},"author":{"name":"Le Quotidien","@id":"https:\/\/lequotidien.mr\/#\/schema\/person\/f90fcdaa970c60288de4ed2e64a56472"},"headline":"Nouakchott, Carrefour d&#8217;Id\u00e9es : Experts Marocains et Mauritaniens Envisagent &#8220;La Ville de Demain&#8221;","datePublished":"2023-12-02T13:36:27+00:00","dateModified":"2023-12-02T13:47:47+00:00","mainEntityOfPage":{"@id":"https:\/\/lequotidien.mr\/?p=14058&lang=fr"},"wordCount":535,"commentCount":0,"publisher":{"@id":"https:\/\/lequotidien.mr\/#organization"},"image":{"@id":"https:\/\/lequotidien.mr\/?p=14058&lang=fr#primaryimage"},"thumbnailUrl":"https:\/\/lequotidien.mr\/wp-content\/uploads\/2023\/12\/77071903-55911225.jpg","articleSection":["ACTUALIT\u00c9","Economie"],"inLanguage":"ar","potentialAction":[{"@type":"CommentAction","name":"Comment","target":["https:\/\/lequotidien.mr\/?p=14058&lang=fr#respond"]}]},{"@type":"WebPage","@id":"https:\/\/lequotidien.mr\/?p=14058&lang=fr","url":"https:\/\/lequotidien.mr\/?p=14058&lang=fr","name":"Nouakchott, Carrefour d'Id\u00e9es : Experts Marocains et Mauritaniens Envisagent \"La Ville de Demain\" - Le Quotidien de Nouakchott","isPartOf":{"@id":"https:\/\/lequotidien.mr\/#website"},"primaryImageOfPage":{"@id":"https:\/\/lequotidien.mr\/?p=14058&lang=fr#primaryimage"},"image":{"@id":"https:\/\/lequotidien.mr\/?p=14058&lang=fr#primaryimage"},"thumbnailUrl":"https:\/\/lequotidien.mr\/wp-content\/uploads\/2023\/12\/77071903-55911225.jpg","datePublished":"2023-12-02T13:36:27+00:00","dateModified":"2023-12-02T13:47:47+00:00","breadcrumb":{"@id":"https:\/\/lequotidien.mr\/?p=14058&lang=fr#breadcrumb"},"inLanguage":"ar","potentialAction":[{"@type":"ReadAction","target":["https:\/\/lequotidien.mr\/?p=14058&lang=fr"]}]},{"@type":"ImageObject","inLanguage":"ar","@id":"https:\/\/lequotidien.mr\/?p=14058&lang=fr#primaryimage","url":"https:\/\/lequotidien.mr\/wp-content\/uploads\/2023\/12\/77071903-55911225.jpg","contentUrl":"https:\/\/lequotidien.mr\/wp-content\/uploads\/2023\/12\/77071903-55911225.jpg","width":700,"height":525},{"@type":"BreadcrumbList","@id":"https:\/\/lequotidien.mr\/?p=14058&lang=fr#breadcrumb","itemListElement":[{"@type":"ListItem","position":1,"name":"Home","item":"https:\/\/lequotidien.mr\/"},{"@type":"ListItem","position":2,"name":"Nouakchott, Carrefour d&#8217;Id\u00e9es : Experts Marocains et Mauritaniens Envisagent &#8220;La Ville de Demain&#8221;"}]},{"@type":"WebSite","@id":"https:\/\/lequotidien.mr\/#website","url":"https:\/\/lequotidien.mr\/","name":"Le Quotidien de Nouakchott","description":"\u0625\u062e\u0628\u0627\u0631\u064a\u0629 \u0645\u0633\u062a\u0642\u0644\u0629 \u0644\u0644\u0623\u0646\u0628\u0627\u0621 \u0627\u0644\u0639\u0627\u0645\u0629","publisher":{"@id":"https:\/\/lequotidien.mr\/#organization"},"potentialAction":[{"@type":"SearchAction","target":{"@type":"EntryPoint","urlTemplate":"https:\/\/lequotidien.mr\/?s={search_term_string}"},"query-input":{"@type":"PropertyValueSpecification","valueRequired":true,"valueName":"search_term_string"}}],"inLanguage":"ar"},{"@type":"Organization","@id":"https:\/\/lequotidien.mr\/#organization","name":"Le Quotidien de Nouakchott","url":"https:\/\/lequotidien.mr\/","logo":{"@type":"ImageObject","inLanguage":"ar","@id":"https:\/\/lequotidien.mr\/#\/schema\/logo\/image\/","url":"https:\/\/lequotidien.mr\/wp-content\/uploads\/2022\/11\/logolequotidien.jpg","contentUrl":"https:\/\/lequotidien.mr\/wp-content\/uploads\/2022\/11\/logolequotidien.jpg","width":290,"height":65,"caption":"Le Quotidien de Nouakchott"},"image":{"@id":"https:\/\/lequotidien.mr\/#\/schema\/logo\/image\/"},"sameAs":["https:\/\/web.facebook.com\/lequotidienmr","https:\/\/x.com\/lequotidienmr"]},{"@type":"Person","@id":"https:\/\/lequotidien.mr\/#\/schema\/person\/f90fcdaa970c60288de4ed2e64a56472","name":"Le Quotidien","image":{"@type":"ImageObject","inLanguage":"ar","@id":"https:\/\/secure.gravatar.com\/avatar\/374cb39a1a458a912465a93e5a3ce6546886fc3da809a1f10c63e4e8fcbca30f?s=96&d=mm&r=g","url":"https:\/\/secure.gravatar.com\/avatar\/374cb39a1a458a912465a93e5a3ce6546886fc3da809a1f10c63e4e8fcbca30f?s=96&d=mm&r=g","contentUrl":"https:\/\/secure.gravatar.com\/avatar\/374cb39a1a458a912465a93e5a3ce6546886fc3da809a1f10c63e4e8fcbca30f?s=96&d=mm&r=g","caption":"Le Quotidien"},"sameAs":["https:\/\/lequotidien.mr\/"],"url":"https:\/\/lequotidien.mr\/?author=4"}]}},"_links":{"self":[{"href":"https:\/\/lequotidien.mr\/index.php?rest_route=\/wp\/v2\/posts\/14058","targetHints":{"allow":["GET"]}}],"collection":[{"href":"https:\/\/lequotidien.mr\/index.php?rest_route=\/wp\/v2\/posts"}],"about":[{"href":"https:\/\/lequotidien.mr\/index.php?rest_route=\/wp\/v2\/types\/post"}],"author":[{"embeddable":true,"href":"https:\/\/lequotidien.mr\/index.php?rest_route=\/wp\/v2\/users\/4"}],"replies":[{"embeddable":true,"href":"https:\/\/lequotidien.mr\/index.php?rest_route=%2Fwp%2Fv2%2Fcomments&post=14058"}],"version-history":[{"count":2,"href":"https:\/\/lequotidien.mr\/index.php?rest_route=\/wp\/v2\/posts\/14058\/revisions"}],"predecessor-version":[{"id":14063,"href":"https:\/\/lequotidien.mr\/index.php?rest_route=\/wp\/v2\/posts\/14058\/revisions\/14063"}],"wp:featuredmedia":[{"embeddable":true,"href":"https:\/\/lequotidien.mr\/index.php?rest_route=\/wp\/v2\/media\/14059"}],"wp:attachment":[{"href":"https:\/\/lequotidien.mr\/index.php?rest_route=%2Fwp%2Fv2%2Fmedia&parent=14058"}],"wp:term":[{"taxonomy":"category","embeddable":true,"href":"https:\/\/lequotidien.mr\/index.php?rest_route=%2Fwp%2Fv2%2Fcategories&post=14058"},{"taxonomy":"post_tag","embeddable":true,"href":"https:\/\/lequotidien.mr\/index.php?rest_route=%2Fwp%2Fv2%2Ftags&post=14058"}],"curies":[{"name":"wp","href":"https:\/\/api.w.org\/{rel}","templated":true}]}}