{"id":13742,"date":"2023-11-16T21:15:18","date_gmt":"2023-11-16T21:15:18","guid":{"rendered":"https:\/\/lequotidien.mr\/?p=13742"},"modified":"2023-11-16T21:15:18","modified_gmt":"2023-11-16T21:15:18","slug":"sur-leffondrement-du-toit-de-laeroport","status":"publish","type":"post","link":"https:\/\/lequotidien.mr\/?p=13742&lang=fr","title":{"rendered":"Sur l\u2019effondrement du toit de l\u2019a\u00e9roport"},"content":{"rendered":"<p>L\u2019effondrement d\u2019une partie du plafond de l\u2019a\u00e9roport de Nouakchott survenu le 12 novembre dernier\u00a0 ajoute une preuve\u00a0 \u00e0 la mal gouvernance d\u00e9lictuelle qui a caract\u00e9ris\u00e9 ce que quelqu\u2019un a qualifi\u00e9 de D\u00e9cennie perdue.<\/p>\n<p>Voil\u00e0 un march\u00e9 dont on ne connait pas le co\u00fbt dix ans apr\u00e8s son ach\u00e8vement, et encore moins le cahier de charges qui devait pourtant servir de base \u00e0 l\u2019ex\u00e9cution des travaux, et l\u2019on est en droit de se demander comment le bureau de contr\u00f4le a pu faire son travail en l\u2019absence de cet indispensable document de r\u00e9f\u00e9rence.<\/p>\n<p>Le plafond a d\u2019ailleurs d\u00e9j\u00e0 connu un incident similaire peu de temps apr\u00e8s l\u2019inauguration en juin 2016 de l\u2019a\u00e9roport, incident qui avait caus\u00e9 l\u2019inondation d\u2019une partie de la salle d\u2019enregistrement.<\/p>\n<p>AFROPORT, charg\u00e9 de la gestion de l\u2019a\u00e9roport, a d\u00e9clar\u00e9 \u00e0 l\u2019occasion du dernier incident que la soci\u00e9t\u00e9 a remarqu\u00e9 plusieurs d\u00e9fauts d\u2019ex\u00e9cution des travaux.<\/p>\n<p>L\u2019utilit\u00e9 ind\u00e9niable de cette infrastructure, qui est la r\u00e9alisation phare de la d\u00e9cennie, brandie syst\u00e9matiquement par les soutiens de l\u2019ancien Pr\u00e9sident, \u00a0doit toutefois \u00eatre rapport\u00e9e \u00e0 son co\u00fbt, dont l\u2019\u00e9valuation requiert la mobilisation\u00a0 d\u2019experts de diff\u00e9rentes sp\u00e9cialit\u00e9s\u00a0: ing\u00e9nieurs, experts fonciers, experts comptables\u2026<\/p>\n<p>Cependant, des \u00e9l\u00e9ments du co\u00fbt sont connus\u00a0: les 50 millions de dollars \u2018pr\u00eat\u00e9s\u2019 par la SNIM, le pr\u00eat de 32 millions de dollars accord\u00e9 \u00e0 l\u2019Etat par le FADES pour l\u2019acquisition des \u00e9quipements a\u00e9roportuaires (alors que le projet \u00e9tait cens\u00e9 \u00eatre cl\u00e9 en main), sans compter les avenants et autres travaux connexes, attribu\u00e9s \u00e0 l\u2019entreprise charg\u00e9e de l\u2019ex\u00e9cution des travaux. En plus, plusieurs modifications ont \u00e9t\u00e9 apport\u00e9es \u00e0 l\u2019infrastructure pour accommoder l\u2019entreprise\u00a0: r\u00e9duction de la hauteur de la tour de contr\u00f4le, r\u00e9duction de l\u2019espace parking\u2026<\/p>\n<p>Par ailleurs, l\u2019entreprise n\u2019a pas \u00e9t\u00e9 p\u00e9nalis\u00e9e pour le retard de livraison de pr\u00e8s de 4 ans, le prix du march\u00e9, base de calcul des p\u00e9nalit\u00e9s, n\u2019\u00e9tant pas connu, puisque l\u2019entreprise est r\u00e9mun\u00e9r\u00e9e en nature, des terrains en l\u2019occurrence,<\/p>\n<p>&nbsp;<\/p>\n<p>&nbsp;<\/p>\n<p>&nbsp;<\/p>\n<p>Selon les experts dans le domaine, le projet aurait co\u00fbt\u00e9 pr\u00e8s de 250 millions de dollars, hors du prix des terrains accord\u00e9s en contrepartie \u00e0 l\u2019entreprise, alors que l\u2019a\u00e9roport de Marrakech, qui traite 4 millions de passagers par an, \u00a0a co\u00fbt\u00e9 150 millions de dollars (y compris la base a\u00e9rienne).<\/p>\n<p>&nbsp;<\/p>\n<p>Et ce n\u2019est pas fini\u00a0: le co\u00fbt sera encore aggrav\u00e9 significativement par les charges de gestion et de maintenance en raison du dimensionnement du projet pour accueillir 2 millions de passagers, alors que ce nombre ne sera atteint qu\u2019apr\u00e8s plusieurs ann\u00e9es. En plus, si on pousse l\u2019analyse, en estimant les pertes d\u2019opportunit\u00e9s que ces ressources surfactur\u00e9es auraient permis de r\u00e9aliser, le co\u00fbt se chiffrerait \u00e0 des centaines de millions de dollars.<\/p>\n<p>Plus fondamentalement, le probl\u00e8me originel de ce projet est qu\u2019on n\u2019a pas eu recours \u00e0 la concurrence pour son ex\u00e9cution, alors que cette proc\u00e9dure est adopt\u00e9e par la quasi-totalit\u00e9 des \u00e9tats, pour l\u2019acquisition des biens et services. Cette proc\u00e9dure permet en effet non seulement d\u2019obtenir le juste prix, mais n\u00e9cessite l\u2019\u00e9laboration des documents de support d\u00e9finissent la nature exacte des travaux. L\u2019absence de ce recours ouvre la voie \u00e0 tous les d\u00e9boires et permet tous les abus.<\/p>\n<p>M\u00eame pour le choix du nom, celui du premier pr\u00e9sident du pays,\u00a0 feu Moktar Ould Daddah, n\u2019ayant pas \u00e9t\u00e9 retenu contre toute attente, le recours au public pour la soumission de propositions aurait \u00e9vit\u00e9 d\u2019affubler l\u2019a\u00e9roport du nom du lieu de l\u2019escarmouche entre tribus.<\/p>\n<p>D\u2019aucuns ne pourront s\u2019emp\u00eacher de voir dans cet incident dans le contexte du proc\u00e8s en cours de la D\u00e9cennie, l\u2019intervention de la Justice immanente pour d\u00e9masquer un des exemples les plus criants des pr\u00e9judices caus\u00e9s au pays lors de ce sombre chapitre de l\u2019histoire de notre pays.<\/p>\n<p>Malheureusement, il faudra s\u2019attendre \u00e0 la tomb\u00e9e d\u2019autres masques et \u00e0 l\u2019effondrement d\u2019autres mensonges.<\/p>\n<p>Abou Abdellah,<\/p>\n<p>Le 16 novembre 2023<\/p>\n<p>&nbsp;<\/p>\n","protected":false},"excerpt":{"rendered":"<p>L\u2019effondrement d\u2019une partie du plafond de l\u2019a\u00e9roport de Nouakchott survenu le 12 novembre dernier\u00a0 ajoute une preuve\u00a0 \u00e0 la mal gouvernance d\u00e9lictuelle qui a caract\u00e9ris\u00e9 ce que quelqu\u2019un a qualifi\u00e9 de D\u00e9cennie perdue. Voil\u00e0 un march\u00e9 dont on ne connait pas le co\u00fbt dix ans apr\u00e8s son ach\u00e8vement, et encore moins le cahier de charges&#8230;..<\/p>\n","protected":false},"author":5,"featured_media":13743,"comment_status":"open","ping_status":"open","sticky":false,"template":"","format":"standard","meta":{"footnotes":""},"categories":[23,49,59],"tags":[],"class_list":["post-13742","post","type-post","status-publish","format-standard","has-post-thumbnail","hentry","category-actualite","category-economie","category-opinion"],"yoast_head":"<!-- This site is optimized with the Yoast SEO plugin v27.5 - https:\/\/yoast.com\/product\/yoast-seo-wordpress\/ -->\n<title>Sur l\u2019effondrement du toit de l\u2019a\u00e9roport - Le Quotidien de Nouakchott<\/title>\n<meta name=\"robots\" content=\"index, follow, max-snippet:-1, max-image-preview:large, max-video-preview:-1\" \/>\n<link rel=\"canonical\" href=\"https:\/\/lequotidien.mr\/?p=13742&lang=fr\" \/>\n<meta property=\"og:locale\" content=\"ar_AR\" \/>\n<meta property=\"og:type\" content=\"article\" \/>\n<meta property=\"og:title\" content=\"Sur l\u2019effondrement du toit de l\u2019a\u00e9roport - Le Quotidien de Nouakchott\" \/>\n<meta property=\"og:description\" content=\"L\u2019effondrement d\u2019une partie du plafond de l\u2019a\u00e9roport de Nouakchott survenu le 12 novembre dernier\u00a0 ajoute une preuve\u00a0 \u00e0 la mal gouvernance d\u00e9lictuelle qui a caract\u00e9ris\u00e9 ce que quelqu\u2019un a qualifi\u00e9 de D\u00e9cennie perdue. Voil\u00e0 un march\u00e9 dont on ne connait pas le co\u00fbt dix ans apr\u00e8s son ach\u00e8vement, et encore moins le cahier de charges.....\" \/>\n<meta property=\"og:url\" content=\"https:\/\/lequotidien.mr\/?p=13742&amp;lang=fr\" \/>\n<meta property=\"og:site_name\" content=\"Le Quotidien de Nouakchott\" \/>\n<meta property=\"article:publisher\" content=\"https:\/\/web.facebook.com\/lequotidienmr\" \/>\n<meta property=\"article:published_time\" content=\"2023-11-16T21:15:18+00:00\" \/>\n<meta property=\"og:image\" content=\"https:\/\/lequotidien.mr\/wp-content\/uploads\/2023\/11\/telechargement-2.jpg\" \/>\n\t<meta property=\"og:image:width\" content=\"259\" \/>\n\t<meta property=\"og:image:height\" content=\"194\" \/>\n\t<meta property=\"og:image:type\" content=\"image\/jpeg\" \/>\n<meta name=\"author\" content=\"Gayi Diawara\" \/>\n<meta name=\"twitter:card\" content=\"summary_large_image\" \/>\n<meta name=\"twitter:creator\" content=\"@lequotidienmr\" \/>\n<meta name=\"twitter:site\" content=\"@lequotidienmr\" \/>\n<meta name=\"twitter:label1\" content=\"\u0643\u064f\u062a\u0628 \u0628\u0648\u0627\u0633\u0637\u0629\" \/>\n\t<meta name=\"twitter:data1\" content=\"Gayi Diawara\" \/>\n\t<meta name=\"twitter:label2\" content=\"\u0648\u0642\u062a \u0627\u0644\u0642\u0631\u0627\u0621\u0629 \u0627\u0644\u0645\u064f\u0642\u062f\u0651\u0631\" \/>\n\t<meta name=\"twitter:data2\" content=\"4 \u062f\u0642\u0627\u0626\u0642\" \/>\n<script type=\"application\/ld+json\" class=\"yoast-schema-graph\">{\"@context\":\"https:\\\/\\\/schema.org\",\"@graph\":[{\"@type\":\"Article\",\"@id\":\"https:\\\/\\\/lequotidien.mr\\\/?p=13742&lang=fr#article\",\"isPartOf\":{\"@id\":\"https:\\\/\\\/lequotidien.mr\\\/?p=13742&lang=fr\"},\"author\":{\"name\":\"Gayi Diawara\",\"@id\":\"https:\\\/\\\/lequotidien.mr\\\/#\\\/schema\\\/person\\\/1077c8abd5640a6514b909318d271dee\"},\"headline\":\"Sur l\u2019effondrement du toit de l\u2019a\u00e9roport\",\"datePublished\":\"2023-11-16T21:15:18+00:00\",\"mainEntityOfPage\":{\"@id\":\"https:\\\/\\\/lequotidien.mr\\\/?p=13742&lang=fr\"},\"wordCount\":748,\"commentCount\":0,\"publisher\":{\"@id\":\"https:\\\/\\\/lequotidien.mr\\\/#organization\"},\"image\":{\"@id\":\"https:\\\/\\\/lequotidien.mr\\\/?p=13742&lang=fr#primaryimage\"},\"thumbnailUrl\":\"https:\\\/\\\/lequotidien.mr\\\/wp-content\\\/uploads\\\/2023\\\/11\\\/telechargement-2.jpg\",\"articleSection\":[\"ACTUALIT\u00c9\",\"Economie\",\"Opinion\"],\"inLanguage\":\"ar\",\"potentialAction\":[{\"@type\":\"CommentAction\",\"name\":\"Comment\",\"target\":[\"https:\\\/\\\/lequotidien.mr\\\/?p=13742&lang=fr#respond\"]}]},{\"@type\":\"WebPage\",\"@id\":\"https:\\\/\\\/lequotidien.mr\\\/?p=13742&lang=fr\",\"url\":\"https:\\\/\\\/lequotidien.mr\\\/?p=13742&lang=fr\",\"name\":\"Sur l\u2019effondrement du toit de l\u2019a\u00e9roport - Le Quotidien de Nouakchott\",\"isPartOf\":{\"@id\":\"https:\\\/\\\/lequotidien.mr\\\/#website\"},\"primaryImageOfPage\":{\"@id\":\"https:\\\/\\\/lequotidien.mr\\\/?p=13742&lang=fr#primaryimage\"},\"image\":{\"@id\":\"https:\\\/\\\/lequotidien.mr\\\/?p=13742&lang=fr#primaryimage\"},\"thumbnailUrl\":\"https:\\\/\\\/lequotidien.mr\\\/wp-content\\\/uploads\\\/2023\\\/11\\\/telechargement-2.jpg\",\"datePublished\":\"2023-11-16T21:15:18+00:00\",\"breadcrumb\":{\"@id\":\"https:\\\/\\\/lequotidien.mr\\\/?p=13742&lang=fr#breadcrumb\"},\"inLanguage\":\"ar\",\"potentialAction\":[{\"@type\":\"ReadAction\",\"target\":[\"https:\\\/\\\/lequotidien.mr\\\/?p=13742&lang=fr\"]}]},{\"@type\":\"ImageObject\",\"inLanguage\":\"ar\",\"@id\":\"https:\\\/\\\/lequotidien.mr\\\/?p=13742&lang=fr#primaryimage\",\"url\":\"https:\\\/\\\/lequotidien.mr\\\/wp-content\\\/uploads\\\/2023\\\/11\\\/telechargement-2.jpg\",\"contentUrl\":\"https:\\\/\\\/lequotidien.mr\\\/wp-content\\\/uploads\\\/2023\\\/11\\\/telechargement-2.jpg\",\"width\":259,\"height\":194},{\"@type\":\"BreadcrumbList\",\"@id\":\"https:\\\/\\\/lequotidien.mr\\\/?p=13742&lang=fr#breadcrumb\",\"itemListElement\":[{\"@type\":\"ListItem\",\"position\":1,\"name\":\"Home\",\"item\":\"https:\\\/\\\/lequotidien.mr\\\/\"},{\"@type\":\"ListItem\",\"position\":2,\"name\":\"Sur l\u2019effondrement du toit de l\u2019a\u00e9roport\"}]},{\"@type\":\"WebSite\",\"@id\":\"https:\\\/\\\/lequotidien.mr\\\/#website\",\"url\":\"https:\\\/\\\/lequotidien.mr\\\/\",\"name\":\"Le Quotidien de Nouakchott\",\"description\":\"\u0625\u062e\u0628\u0627\u0631\u064a\u0629 \u0645\u0633\u062a\u0642\u0644\u0629 \u0644\u0644\u0623\u0646\u0628\u0627\u0621 \u0627\u0644\u0639\u0627\u0645\u0629\",\"publisher\":{\"@id\":\"https:\\\/\\\/lequotidien.mr\\\/#organization\"},\"potentialAction\":[{\"@type\":\"SearchAction\",\"target\":{\"@type\":\"EntryPoint\",\"urlTemplate\":\"https:\\\/\\\/lequotidien.mr\\\/?s={search_term_string}\"},\"query-input\":{\"@type\":\"PropertyValueSpecification\",\"valueRequired\":true,\"valueName\":\"search_term_string\"}}],\"inLanguage\":\"ar\"},{\"@type\":\"Organization\",\"@id\":\"https:\\\/\\\/lequotidien.mr\\\/#organization\",\"name\":\"Le Quotidien de Nouakchott\",\"url\":\"https:\\\/\\\/lequotidien.mr\\\/\",\"logo\":{\"@type\":\"ImageObject\",\"inLanguage\":\"ar\",\"@id\":\"https:\\\/\\\/lequotidien.mr\\\/#\\\/schema\\\/logo\\\/image\\\/\",\"url\":\"https:\\\/\\\/lequotidien.mr\\\/wp-content\\\/uploads\\\/2022\\\/11\\\/logolequotidien.jpg\",\"contentUrl\":\"https:\\\/\\\/lequotidien.mr\\\/wp-content\\\/uploads\\\/2022\\\/11\\\/logolequotidien.jpg\",\"width\":290,\"height\":65,\"caption\":\"Le Quotidien de Nouakchott\"},\"image\":{\"@id\":\"https:\\\/\\\/lequotidien.mr\\\/#\\\/schema\\\/logo\\\/image\\\/\"},\"sameAs\":[\"https:\\\/\\\/web.facebook.com\\\/lequotidienmr\",\"https:\\\/\\\/x.com\\\/lequotidienmr\"]},{\"@type\":\"Person\",\"@id\":\"https:\\\/\\\/lequotidien.mr\\\/#\\\/schema\\\/person\\\/1077c8abd5640a6514b909318d271dee\",\"name\":\"Gayi Diawara\",\"image\":{\"@type\":\"ImageObject\",\"inLanguage\":\"ar\",\"@id\":\"https:\\\/\\\/secure.gravatar.com\\\/avatar\\\/63ea8db1e19a6d2d608b24c0f78b5f3a7d6e0bc11959fec273410af333e4d0ac?s=96&d=mm&r=g\",\"url\":\"https:\\\/\\\/secure.gravatar.com\\\/avatar\\\/63ea8db1e19a6d2d608b24c0f78b5f3a7d6e0bc11959fec273410af333e4d0ac?s=96&d=mm&r=g\",\"contentUrl\":\"https:\\\/\\\/secure.gravatar.com\\\/avatar\\\/63ea8db1e19a6d2d608b24c0f78b5f3a7d6e0bc11959fec273410af333e4d0ac?s=96&d=mm&r=g\",\"caption\":\"Gayi Diawara\"},\"sameAs\":[\"http:\\\/\\\/lequotidien.mr\"],\"url\":\"https:\\\/\\\/lequotidien.mr\\\/?author=5\"}]}<\/script>\n<!-- \/ Yoast SEO plugin. -->","yoast_head_json":{"title":"Sur l\u2019effondrement du toit de l\u2019a\u00e9roport - Le Quotidien de Nouakchott","robots":{"index":"index","follow":"follow","max-snippet":"max-snippet:-1","max-image-preview":"max-image-preview:large","max-video-preview":"max-video-preview:-1"},"canonical":"https:\/\/lequotidien.mr\/?p=13742&lang=fr","og_locale":"ar_AR","og_type":"article","og_title":"Sur l\u2019effondrement du toit de l\u2019a\u00e9roport - Le Quotidien de Nouakchott","og_description":"L\u2019effondrement d\u2019une partie du plafond de l\u2019a\u00e9roport de Nouakchott survenu le 12 novembre dernier\u00a0 ajoute une preuve\u00a0 \u00e0 la mal gouvernance d\u00e9lictuelle qui a caract\u00e9ris\u00e9 ce que quelqu\u2019un a qualifi\u00e9 de D\u00e9cennie perdue. Voil\u00e0 un march\u00e9 dont on ne connait pas le co\u00fbt dix ans apr\u00e8s son ach\u00e8vement, et encore moins le cahier de charges.....","og_url":"https:\/\/lequotidien.mr\/?p=13742&lang=fr","og_site_name":"Le Quotidien de Nouakchott","article_publisher":"https:\/\/web.facebook.com\/lequotidienmr","article_published_time":"2023-11-16T21:15:18+00:00","og_image":[{"width":259,"height":194,"url":"https:\/\/lequotidien.mr\/wp-content\/uploads\/2023\/11\/telechargement-2.jpg","type":"image\/jpeg"}],"author":"Gayi Diawara","twitter_card":"summary_large_image","twitter_creator":"@lequotidienmr","twitter_site":"@lequotidienmr","twitter_misc":{"\u0643\u064f\u062a\u0628 \u0628\u0648\u0627\u0633\u0637\u0629":"Gayi Diawara","\u0648\u0642\u062a \u0627\u0644\u0642\u0631\u0627\u0621\u0629 \u0627\u0644\u0645\u064f\u0642\u062f\u0651\u0631":"4 \u062f\u0642\u0627\u0626\u0642"},"schema":{"@context":"https:\/\/schema.org","@graph":[{"@type":"Article","@id":"https:\/\/lequotidien.mr\/?p=13742&lang=fr#article","isPartOf":{"@id":"https:\/\/lequotidien.mr\/?p=13742&lang=fr"},"author":{"name":"Gayi Diawara","@id":"https:\/\/lequotidien.mr\/#\/schema\/person\/1077c8abd5640a6514b909318d271dee"},"headline":"Sur l\u2019effondrement du toit de l\u2019a\u00e9roport","datePublished":"2023-11-16T21:15:18+00:00","mainEntityOfPage":{"@id":"https:\/\/lequotidien.mr\/?p=13742&lang=fr"},"wordCount":748,"commentCount":0,"publisher":{"@id":"https:\/\/lequotidien.mr\/#organization"},"image":{"@id":"https:\/\/lequotidien.mr\/?p=13742&lang=fr#primaryimage"},"thumbnailUrl":"https:\/\/lequotidien.mr\/wp-content\/uploads\/2023\/11\/telechargement-2.jpg","articleSection":["ACTUALIT\u00c9","Economie","Opinion"],"inLanguage":"ar","potentialAction":[{"@type":"CommentAction","name":"Comment","target":["https:\/\/lequotidien.mr\/?p=13742&lang=fr#respond"]}]},{"@type":"WebPage","@id":"https:\/\/lequotidien.mr\/?p=13742&lang=fr","url":"https:\/\/lequotidien.mr\/?p=13742&lang=fr","name":"Sur l\u2019effondrement du toit de l\u2019a\u00e9roport - Le Quotidien de Nouakchott","isPartOf":{"@id":"https:\/\/lequotidien.mr\/#website"},"primaryImageOfPage":{"@id":"https:\/\/lequotidien.mr\/?p=13742&lang=fr#primaryimage"},"image":{"@id":"https:\/\/lequotidien.mr\/?p=13742&lang=fr#primaryimage"},"thumbnailUrl":"https:\/\/lequotidien.mr\/wp-content\/uploads\/2023\/11\/telechargement-2.jpg","datePublished":"2023-11-16T21:15:18+00:00","breadcrumb":{"@id":"https:\/\/lequotidien.mr\/?p=13742&lang=fr#breadcrumb"},"inLanguage":"ar","potentialAction":[{"@type":"ReadAction","target":["https:\/\/lequotidien.mr\/?p=13742&lang=fr"]}]},{"@type":"ImageObject","inLanguage":"ar","@id":"https:\/\/lequotidien.mr\/?p=13742&lang=fr#primaryimage","url":"https:\/\/lequotidien.mr\/wp-content\/uploads\/2023\/11\/telechargement-2.jpg","contentUrl":"https:\/\/lequotidien.mr\/wp-content\/uploads\/2023\/11\/telechargement-2.jpg","width":259,"height":194},{"@type":"BreadcrumbList","@id":"https:\/\/lequotidien.mr\/?p=13742&lang=fr#breadcrumb","itemListElement":[{"@type":"ListItem","position":1,"name":"Home","item":"https:\/\/lequotidien.mr\/"},{"@type":"ListItem","position":2,"name":"Sur l\u2019effondrement du toit de l\u2019a\u00e9roport"}]},{"@type":"WebSite","@id":"https:\/\/lequotidien.mr\/#website","url":"https:\/\/lequotidien.mr\/","name":"Le Quotidien de Nouakchott","description":"\u0625\u062e\u0628\u0627\u0631\u064a\u0629 \u0645\u0633\u062a\u0642\u0644\u0629 \u0644\u0644\u0623\u0646\u0628\u0627\u0621 \u0627\u0644\u0639\u0627\u0645\u0629","publisher":{"@id":"https:\/\/lequotidien.mr\/#organization"},"potentialAction":[{"@type":"SearchAction","target":{"@type":"EntryPoint","urlTemplate":"https:\/\/lequotidien.mr\/?s={search_term_string}"},"query-input":{"@type":"PropertyValueSpecification","valueRequired":true,"valueName":"search_term_string"}}],"inLanguage":"ar"},{"@type":"Organization","@id":"https:\/\/lequotidien.mr\/#organization","name":"Le Quotidien de Nouakchott","url":"https:\/\/lequotidien.mr\/","logo":{"@type":"ImageObject","inLanguage":"ar","@id":"https:\/\/lequotidien.mr\/#\/schema\/logo\/image\/","url":"https:\/\/lequotidien.mr\/wp-content\/uploads\/2022\/11\/logolequotidien.jpg","contentUrl":"https:\/\/lequotidien.mr\/wp-content\/uploads\/2022\/11\/logolequotidien.jpg","width":290,"height":65,"caption":"Le Quotidien de Nouakchott"},"image":{"@id":"https:\/\/lequotidien.mr\/#\/schema\/logo\/image\/"},"sameAs":["https:\/\/web.facebook.com\/lequotidienmr","https:\/\/x.com\/lequotidienmr"]},{"@type":"Person","@id":"https:\/\/lequotidien.mr\/#\/schema\/person\/1077c8abd5640a6514b909318d271dee","name":"Gayi Diawara","image":{"@type":"ImageObject","inLanguage":"ar","@id":"https:\/\/secure.gravatar.com\/avatar\/63ea8db1e19a6d2d608b24c0f78b5f3a7d6e0bc11959fec273410af333e4d0ac?s=96&d=mm&r=g","url":"https:\/\/secure.gravatar.com\/avatar\/63ea8db1e19a6d2d608b24c0f78b5f3a7d6e0bc11959fec273410af333e4d0ac?s=96&d=mm&r=g","contentUrl":"https:\/\/secure.gravatar.com\/avatar\/63ea8db1e19a6d2d608b24c0f78b5f3a7d6e0bc11959fec273410af333e4d0ac?s=96&d=mm&r=g","caption":"Gayi Diawara"},"sameAs":["http:\/\/lequotidien.mr"],"url":"https:\/\/lequotidien.mr\/?author=5"}]}},"_links":{"self":[{"href":"https:\/\/lequotidien.mr\/index.php?rest_route=\/wp\/v2\/posts\/13742","targetHints":{"allow":["GET"]}}],"collection":[{"href":"https:\/\/lequotidien.mr\/index.php?rest_route=\/wp\/v2\/posts"}],"about":[{"href":"https:\/\/lequotidien.mr\/index.php?rest_route=\/wp\/v2\/types\/post"}],"author":[{"embeddable":true,"href":"https:\/\/lequotidien.mr\/index.php?rest_route=\/wp\/v2\/users\/5"}],"replies":[{"embeddable":true,"href":"https:\/\/lequotidien.mr\/index.php?rest_route=%2Fwp%2Fv2%2Fcomments&post=13742"}],"version-history":[{"count":1,"href":"https:\/\/lequotidien.mr\/index.php?rest_route=\/wp\/v2\/posts\/13742\/revisions"}],"predecessor-version":[{"id":13744,"href":"https:\/\/lequotidien.mr\/index.php?rest_route=\/wp\/v2\/posts\/13742\/revisions\/13744"}],"wp:featuredmedia":[{"embeddable":true,"href":"https:\/\/lequotidien.mr\/index.php?rest_route=\/wp\/v2\/media\/13743"}],"wp:attachment":[{"href":"https:\/\/lequotidien.mr\/index.php?rest_route=%2Fwp%2Fv2%2Fmedia&parent=13742"}],"wp:term":[{"taxonomy":"category","embeddable":true,"href":"https:\/\/lequotidien.mr\/index.php?rest_route=%2Fwp%2Fv2%2Fcategories&post=13742"},{"taxonomy":"post_tag","embeddable":true,"href":"https:\/\/lequotidien.mr\/index.php?rest_route=%2Fwp%2Fv2%2Ftags&post=13742"}],"curies":[{"name":"wp","href":"https:\/\/api.w.org\/{rel}","templated":true}]}}