{"id":13232,"date":"2023-10-25T12:22:36","date_gmt":"2023-10-25T12:22:36","guid":{"rendered":"https:\/\/lequotidien.mr\/?p=13232"},"modified":"2023-10-25T12:22:36","modified_gmt":"2023-10-25T12:22:36","slug":"20-ans-de-prison-ferme-requis-contre-lex-president-mohamed-ould-abdelaziz","status":"publish","type":"post","link":"https:\/\/lequotidien.mr\/?p=13232&lang=fr","title":{"rendered":"20 ans de prison ferme requis contre l\u2019ex-pr\u00e9sident Mohamed Ould Abdelaziz"},"content":{"rendered":"<p>Le proc\u00e8s qui secoue la Mauritanie a atteint son apog\u00e9e le 24 octobre, lorsque le procureur de la R\u00e9publique \u00e0 l\u2019issue de son r\u00e9quisitoire, a r\u00e9clam\u00e9 20 ans de prison ferme contre l&#8217;ancien pr\u00e9sident Mohamed Ould Abdel Aziz. \u00a0Accus\u00e9 entre autres d&#8217;avoir abus\u00e9 de sa position pour amasser une fortune colossale, d\u2019avoir octroy\u00e9 des avantages indus en mati\u00e8re de march\u00e9s publics et d\u2019avoir abus\u00e9 de sa fonction pour obtenir des avantages. Ces all\u00e9gations, soutenues par une enqu\u00eate minutieuse, mettent en lumi\u00e8re la concussion pr\u00e9sum\u00e9e au plus haut niveau du pouvoir.<\/p>\n<p>&nbsp;<\/p>\n<p>Apr\u00e8s un r\u00e9quisitoire de pr\u00e8s de trois heures, le magistrat Ahmed Ould Moustapha a d\u00e9clar\u00e9 que tous les \u00e9l\u00e9ments disponibles pour la justice d\u00e9montrent &#8220;la constitution d&#8217;un crime&#8221;. Il a ajout\u00e9 que les preuves rassembl\u00e9es \u00e9taient accablantes. Pour appuyer ses propos l\u2019avocat g\u00e9n\u00e9ral a cit\u00e9 notamment l\u2019utilisation de fonds publics pour effectuer de travaux dans une propri\u00e9t\u00e9 priv\u00e9e, D\u2019avoir ordonn\u00e9 la vente de\u00a0 terrains publics qui ont fini dans son entourage familial, l\u2019initiative pour octroyer un march\u00e9 public dans des conditions opaques \u00e0 l\u2019entreprise chinoise Joysolar dont le repr\u00e9sentant est un membre du cercle familial, les avantages indus et le march\u00e9 octroy\u00e9 \u00e0 la soci\u00e9t\u00e9 indienne Kalpataru et dont le repr\u00e9sentant est le beau fils du pr\u00e9sident, la d\u00e9couverte de nombreux biens appartenant \u00e0 l\u2019ancien pr\u00e9sident et qui ne figurent pas sur sa d\u00e9claration de patrimoine qui ne comporte par exemple que quatre v\u00e9hicules alors que centaines ont \u00e9t\u00e9 saisis.<\/p>\n<p>C\u2019est pourquoi le procureur a requis en sus de la peine de prison ferme, une amende de cents millions d\u2019ouguiya et la saisie de tous les biens issus des actes incrimin\u00e9s.<\/p>\n<p>&nbsp;<\/p>\n<p>Mohamed Ould Abdel Aziz, a assist\u00e9 \u00e0 l&#8217;audience en montrant parfois des signes d\u2019\u00e9nervement. \u00a0Le magistrat n&#8217;a pas \u00e9pargn\u00e9 les autres pr\u00e9venus. Outre la peine de 20 ans demand\u00e9e pour l&#8217;ex-pr\u00e9sident, le procureur a \u00e9galement requis 10 ans de prison ferme pour les deux anciens Premiers ministres, les deux ex ministres, l\u2019ancien Dg de la Somelec ainsi que l\u2019ancien pr\u00e9sident de la zone Franche de Nouadhibou avec confiscation de leurs biens. Pour les autres accus\u00e9s, la peine demand\u00e9e est de cinq ans de prison pour \u00a0&#8220;enrichissement illicite&#8221;, &#8220;abus de fonctions&#8221;, &#8220;trafic d&#8217;influence&#8221; et &#8220;blanchiment&#8221; et dissimulation de revenus provenant d\u2019activit\u00e9 criminelle.<\/p>\n<p>&nbsp;<\/p>\n<p>L&#8217;ex-chef d&#8217;\u00c9tat, qui rejette en bloc ces accusations, soutient qu&#8217;il est victime d&#8217;une vendetta politique. Toutefois, sa d\u00e9fense a du mal \u00e0 contrer le poids des preuves pr\u00e9sent\u00e9es par l&#8217;accusation. Pour ce fait et suite \u00e0 leur derni\u00e8re protestation le pr\u00e9sident du tribunal a accept\u00e9 d\u2019entendre leur requ\u00eate en vue de pr\u00e9senter des t\u00e9moins \u00e0 d\u00e9charge. Me Ichiddou demanda le t\u00e9moignage des anciens ministres Sidi Ould Salem, Haimoud Ould Ramdane et Mohamed Ould Jibril ainsi que le d\u00e9put\u00e9 Biram Dah Abeid. Le tribunal accepta le t\u00e9moignage des deux premier et r\u00e9cusa le troisi\u00e8me car selon le pr\u00e9sident le t\u00e9moignage qu\u2019il se proposait de faire n\u2019a rien \u00e0 voir avec les faits reproch\u00e9s \u00e0 l\u2019accus\u00e9.<\/p>\n<p>Apr\u00e8s avoir pr\u00eat\u00e9 serment l\u2019ancien ministre de la justice a affirm\u00e9 qu\u2019il a accept\u00e9 de t\u00e9moigner \u00e0 la demande de la d\u00e9fense pour parler de ce dossier qu\u2019il avait \u00e9t\u00e9 le premier \u00e0 recevoir du Parlement.<\/p>\n<p>L\u2019ancien Ministre a d\u00e9clar\u00e9 qu\u2019apr\u00e8s avoir re\u00e7u le dossier, il avait r\u00e9uni son staff et l\u2019ont \u00e9tudi\u00e9 pendant deux semaines et que l\u2019avis dominant \u00e9tait que le dossier \u00e9tait construit \u00e0 charge seulement et que les parties incrimin\u00e9es n\u2019avaient pas pu pr\u00e9senter leur version. Et que lui, par ailleurs en tant que juriste il estimait que l\u2019article 93 de la constitution prot\u00e9geait l\u2019ancien pr\u00e9sident de toute poursuite judiciaire devant la justice ordinaire. Toutefois a t il conclut j\u2019ai transmis le dossier au procureur g\u00e9n\u00e9ral pour \u00ab\u00a0pour prendre les mesures ad\u00e9quates\u00a0\u00bb tout en informant le pr\u00e9sident et le premier ministre.<\/p>\n<p>En r\u00e9ponse le procureur a produit la transmission originale sign\u00e9e de la main du Ministre Haimoud Ramdane et dans laquelle il demande au parquet \u00ab\u00a0d\u2019engager des poursuites\u00a0\u00bb soulignant qu\u2019habituellement les ministres \u00e9crivait \u00ab\u00a0pour mesures \u00e0 prendre\u00a0\u00bb alors que cette fois ci le ministre avait demand\u00e9 d\u2019engager des poursuites contre les auteurs des infractions constat\u00e9es.<\/p>\n<p>Pour le deuxi\u00e8me t\u00e9moins Sidi Ould Salem, \u00a0Ould Abdel Aziz n\u2019est jamais intervenu dans le d\u00e9partement qu\u2019il dirigeait et jamais il n\u2019a constat\u00e9 un quelconque comportement ill\u00e9gal de sa part. et que pour lui c\u2019est un patriote qui ne veut que le bien du pays. Soumis au contre interrogatoire du parquet et de la partie civile, Sidi Ould Salem affirma qu\u2019il avait effectivement dirig\u00e9 la campagne du candidat Mohamed Abdel Aziz de 2014. Interrog\u00e9 sur les fonds de campagne, il affirma avoir tout d\u00e9pens\u00e9 \u00e0 travers le compte ouvert \u00e0 cet effet. Le procureur demanda l\u2019inscription de ce t\u00e9moignage car l\u2019un des accus\u00e9s avait justifi\u00e9 sa fortune par le reliquat de campagnes \u00e9lectorales. De leur c\u00f4t\u00e9 les avocats de la partie civile ont produit une licence de p\u00eache accord\u00e9e par l\u2019ancien pr\u00e9sident au t\u00e9moin 7 jours avant son d\u00e9part de la pr\u00e9sidence. En r\u00e9ponse Sidi Ould Salem reconnut avoir obtenu la licence et que beaucoup d\u2019autres mauritaniens ont obtenus des licences de p\u00eache depuis l\u2019ind\u00e9pendance et concluant que c\u2019est le minist\u00e8re des p\u00eaches qui lui avait donn\u00e9 cette licence.<\/p>\n<p>&nbsp;<\/p>\n<p>La d\u00e9cision du tribunal est attendue avec impatience par les Mauritaniens, nombreux \u00e0 esp\u00e9rer que ce proc\u00e8s marque un tournant dans la lutte contre la corruption dans le pays. Il reste \u00e0 voir si la justice suivra les r\u00e9quisitions du procureur ou si elle optera pour des peines plus cl\u00e9mentes.<\/p>\n<p>&nbsp;<\/p>\n<p>&nbsp;<\/p>\n","protected":false},"excerpt":{"rendered":"<p>Le proc\u00e8s qui secoue la Mauritanie a atteint son apog\u00e9e le 24 octobre, lorsque le procureur de la R\u00e9publique \u00e0 l\u2019issue de son r\u00e9quisitoire, a r\u00e9clam\u00e9 20 ans de prison ferme contre l&#8217;ancien pr\u00e9sident Mohamed Ould Abdel Aziz. \u00a0Accus\u00e9 entre autres d&#8217;avoir abus\u00e9 de sa position pour amasser une fortune colossale, d\u2019avoir octroy\u00e9 des avantages&#8230;..<\/p>\n","protected":false},"author":4,"featured_media":13229,"comment_status":"open","ping_status":"open","sticky":false,"template":"","format":"standard","meta":{"footnotes":""},"categories":[23,57,53],"tags":[],"class_list":["post-13232","post","type-post","status-publish","format-standard","has-post-thumbnail","hentry","category-actualite","category-couverture-specilale","category-faits-divers"],"yoast_head":"<!-- This site is optimized with the Yoast SEO plugin v27.5 - https:\/\/yoast.com\/product\/yoast-seo-wordpress\/ -->\n<title>20 ans de prison ferme requis contre l\u2019ex-pr\u00e9sident Mohamed Ould Abdelaziz - Le Quotidien de Nouakchott<\/title>\n<meta name=\"robots\" content=\"index, follow, max-snippet:-1, max-image-preview:large, max-video-preview:-1\" \/>\n<link rel=\"canonical\" href=\"https:\/\/lequotidien.mr\/?p=13232&lang=fr\" \/>\n<meta property=\"og:locale\" content=\"ar_AR\" \/>\n<meta property=\"og:type\" content=\"article\" \/>\n<meta property=\"og:title\" content=\"20 ans de prison ferme requis contre l\u2019ex-pr\u00e9sident Mohamed Ould Abdelaziz - Le Quotidien de Nouakchott\" \/>\n<meta property=\"og:description\" content=\"Le proc\u00e8s qui secoue la Mauritanie a atteint son apog\u00e9e le 24 octobre, lorsque le procureur de la R\u00e9publique \u00e0 l\u2019issue de son r\u00e9quisitoire, a r\u00e9clam\u00e9 20 ans de prison ferme contre l&#8217;ancien pr\u00e9sident Mohamed Ould Abdel Aziz. \u00a0Accus\u00e9 entre autres d&#8217;avoir abus\u00e9 de sa position pour amasser une fortune colossale, d\u2019avoir octroy\u00e9 des avantages.....\" \/>\n<meta property=\"og:url\" content=\"https:\/\/lequotidien.mr\/?p=13232&amp;lang=fr\" \/>\n<meta property=\"og:site_name\" content=\"Le Quotidien de Nouakchott\" \/>\n<meta property=\"article:publisher\" content=\"https:\/\/web.facebook.com\/lequotidienmr\" \/>\n<meta property=\"article:published_time\" content=\"2023-10-25T12:22:36+00:00\" \/>\n<meta property=\"og:image\" content=\"https:\/\/lequotidien.mr\/wp-content\/uploads\/2023\/10\/IMG-20231009-WA0091-1.webp\" \/>\n\t<meta property=\"og:image:width\" content=\"592\" \/>\n\t<meta property=\"og:image:height\" content=\"296\" \/>\n\t<meta property=\"og:image:type\" content=\"image\/webp\" \/>\n<meta name=\"author\" content=\"Le Quotidien\" \/>\n<meta name=\"twitter:card\" content=\"summary_large_image\" \/>\n<meta name=\"twitter:creator\" content=\"@lequotidienmr\" \/>\n<meta name=\"twitter:site\" content=\"@lequotidienmr\" \/>\n<meta name=\"twitter:label1\" content=\"\u0643\u064f\u062a\u0628 \u0628\u0648\u0627\u0633\u0637\u0629\" \/>\n\t<meta name=\"twitter:data1\" content=\"Le Quotidien\" \/>\n\t<meta name=\"twitter:label2\" content=\"\u0648\u0642\u062a \u0627\u0644\u0642\u0631\u0627\u0621\u0629 \u0627\u0644\u0645\u064f\u0642\u062f\u0651\u0631\" \/>\n\t<meta name=\"twitter:data2\" content=\"5 \u062f\u0642\u0627\u0626\u0642\" \/>\n<script type=\"application\/ld+json\" class=\"yoast-schema-graph\">{\"@context\":\"https:\\\/\\\/schema.org\",\"@graph\":[{\"@type\":\"Article\",\"@id\":\"https:\\\/\\\/lequotidien.mr\\\/?p=13232&lang=fr#article\",\"isPartOf\":{\"@id\":\"https:\\\/\\\/lequotidien.mr\\\/?p=13232&lang=fr\"},\"author\":{\"name\":\"Le Quotidien\",\"@id\":\"https:\\\/\\\/lequotidien.mr\\\/#\\\/schema\\\/person\\\/f90fcdaa970c60288de4ed2e64a56472\"},\"headline\":\"20 ans de prison ferme requis contre l\u2019ex-pr\u00e9sident Mohamed Ould Abdelaziz\",\"datePublished\":\"2023-10-25T12:22:36+00:00\",\"mainEntityOfPage\":{\"@id\":\"https:\\\/\\\/lequotidien.mr\\\/?p=13232&lang=fr\"},\"wordCount\":1052,\"commentCount\":0,\"publisher\":{\"@id\":\"https:\\\/\\\/lequotidien.mr\\\/#organization\"},\"image\":{\"@id\":\"https:\\\/\\\/lequotidien.mr\\\/?p=13232&lang=fr#primaryimage\"},\"thumbnailUrl\":\"https:\\\/\\\/lequotidien.mr\\\/wp-content\\\/uploads\\\/2023\\\/10\\\/IMG-20231009-WA0091-1.webp\",\"articleSection\":[\"ACTUALIT\u00c9\",\"Couverture sp\u00e9cilale\",\"FAITS DIVERS\"],\"inLanguage\":\"ar\",\"potentialAction\":[{\"@type\":\"CommentAction\",\"name\":\"Comment\",\"target\":[\"https:\\\/\\\/lequotidien.mr\\\/?p=13232&lang=fr#respond\"]}]},{\"@type\":\"WebPage\",\"@id\":\"https:\\\/\\\/lequotidien.mr\\\/?p=13232&lang=fr\",\"url\":\"https:\\\/\\\/lequotidien.mr\\\/?p=13232&lang=fr\",\"name\":\"20 ans de prison ferme requis contre l\u2019ex-pr\u00e9sident Mohamed Ould Abdelaziz - Le Quotidien de Nouakchott\",\"isPartOf\":{\"@id\":\"https:\\\/\\\/lequotidien.mr\\\/#website\"},\"primaryImageOfPage\":{\"@id\":\"https:\\\/\\\/lequotidien.mr\\\/?p=13232&lang=fr#primaryimage\"},\"image\":{\"@id\":\"https:\\\/\\\/lequotidien.mr\\\/?p=13232&lang=fr#primaryimage\"},\"thumbnailUrl\":\"https:\\\/\\\/lequotidien.mr\\\/wp-content\\\/uploads\\\/2023\\\/10\\\/IMG-20231009-WA0091-1.webp\",\"datePublished\":\"2023-10-25T12:22:36+00:00\",\"breadcrumb\":{\"@id\":\"https:\\\/\\\/lequotidien.mr\\\/?p=13232&lang=fr#breadcrumb\"},\"inLanguage\":\"ar\",\"potentialAction\":[{\"@type\":\"ReadAction\",\"target\":[\"https:\\\/\\\/lequotidien.mr\\\/?p=13232&lang=fr\"]}]},{\"@type\":\"ImageObject\",\"inLanguage\":\"ar\",\"@id\":\"https:\\\/\\\/lequotidien.mr\\\/?p=13232&lang=fr#primaryimage\",\"url\":\"https:\\\/\\\/lequotidien.mr\\\/wp-content\\\/uploads\\\/2023\\\/10\\\/IMG-20231009-WA0091-1.webp\",\"contentUrl\":\"https:\\\/\\\/lequotidien.mr\\\/wp-content\\\/uploads\\\/2023\\\/10\\\/IMG-20231009-WA0091-1.webp\",\"width\":592,\"height\":296,\"caption\":\"ancien pr\u00e9sident Mohamed Ould Abdel Aziz\"},{\"@type\":\"BreadcrumbList\",\"@id\":\"https:\\\/\\\/lequotidien.mr\\\/?p=13232&lang=fr#breadcrumb\",\"itemListElement\":[{\"@type\":\"ListItem\",\"position\":1,\"name\":\"Home\",\"item\":\"https:\\\/\\\/lequotidien.mr\\\/\"},{\"@type\":\"ListItem\",\"position\":2,\"name\":\"20 ans de prison ferme requis contre l\u2019ex-pr\u00e9sident Mohamed Ould Abdelaziz\"}]},{\"@type\":\"WebSite\",\"@id\":\"https:\\\/\\\/lequotidien.mr\\\/#website\",\"url\":\"https:\\\/\\\/lequotidien.mr\\\/\",\"name\":\"Le Quotidien de Nouakchott\",\"description\":\"\u0625\u062e\u0628\u0627\u0631\u064a\u0629 \u0645\u0633\u062a\u0642\u0644\u0629 \u0644\u0644\u0623\u0646\u0628\u0627\u0621 \u0627\u0644\u0639\u0627\u0645\u0629\",\"publisher\":{\"@id\":\"https:\\\/\\\/lequotidien.mr\\\/#organization\"},\"potentialAction\":[{\"@type\":\"SearchAction\",\"target\":{\"@type\":\"EntryPoint\",\"urlTemplate\":\"https:\\\/\\\/lequotidien.mr\\\/?s={search_term_string}\"},\"query-input\":{\"@type\":\"PropertyValueSpecification\",\"valueRequired\":true,\"valueName\":\"search_term_string\"}}],\"inLanguage\":\"ar\"},{\"@type\":\"Organization\",\"@id\":\"https:\\\/\\\/lequotidien.mr\\\/#organization\",\"name\":\"Le Quotidien de Nouakchott\",\"url\":\"https:\\\/\\\/lequotidien.mr\\\/\",\"logo\":{\"@type\":\"ImageObject\",\"inLanguage\":\"ar\",\"@id\":\"https:\\\/\\\/lequotidien.mr\\\/#\\\/schema\\\/logo\\\/image\\\/\",\"url\":\"https:\\\/\\\/lequotidien.mr\\\/wp-content\\\/uploads\\\/2022\\\/11\\\/logolequotidien.jpg\",\"contentUrl\":\"https:\\\/\\\/lequotidien.mr\\\/wp-content\\\/uploads\\\/2022\\\/11\\\/logolequotidien.jpg\",\"width\":290,\"height\":65,\"caption\":\"Le Quotidien de Nouakchott\"},\"image\":{\"@id\":\"https:\\\/\\\/lequotidien.mr\\\/#\\\/schema\\\/logo\\\/image\\\/\"},\"sameAs\":[\"https:\\\/\\\/web.facebook.com\\\/lequotidienmr\",\"https:\\\/\\\/x.com\\\/lequotidienmr\"]},{\"@type\":\"Person\",\"@id\":\"https:\\\/\\\/lequotidien.mr\\\/#\\\/schema\\\/person\\\/f90fcdaa970c60288de4ed2e64a56472\",\"name\":\"Le Quotidien\",\"image\":{\"@type\":\"ImageObject\",\"inLanguage\":\"ar\",\"@id\":\"https:\\\/\\\/secure.gravatar.com\\\/avatar\\\/374cb39a1a458a912465a93e5a3ce6546886fc3da809a1f10c63e4e8fcbca30f?s=96&d=mm&r=g\",\"url\":\"https:\\\/\\\/secure.gravatar.com\\\/avatar\\\/374cb39a1a458a912465a93e5a3ce6546886fc3da809a1f10c63e4e8fcbca30f?s=96&d=mm&r=g\",\"contentUrl\":\"https:\\\/\\\/secure.gravatar.com\\\/avatar\\\/374cb39a1a458a912465a93e5a3ce6546886fc3da809a1f10c63e4e8fcbca30f?s=96&d=mm&r=g\",\"caption\":\"Le Quotidien\"},\"sameAs\":[\"https:\\\/\\\/lequotidien.mr\\\/\"],\"url\":\"https:\\\/\\\/lequotidien.mr\\\/?author=4\"}]}<\/script>\n<!-- \/ Yoast SEO plugin. -->","yoast_head_json":{"title":"20 ans de prison ferme requis contre l\u2019ex-pr\u00e9sident Mohamed Ould Abdelaziz - Le Quotidien de Nouakchott","robots":{"index":"index","follow":"follow","max-snippet":"max-snippet:-1","max-image-preview":"max-image-preview:large","max-video-preview":"max-video-preview:-1"},"canonical":"https:\/\/lequotidien.mr\/?p=13232&lang=fr","og_locale":"ar_AR","og_type":"article","og_title":"20 ans de prison ferme requis contre l\u2019ex-pr\u00e9sident Mohamed Ould Abdelaziz - Le Quotidien de Nouakchott","og_description":"Le proc\u00e8s qui secoue la Mauritanie a atteint son apog\u00e9e le 24 octobre, lorsque le procureur de la R\u00e9publique \u00e0 l\u2019issue de son r\u00e9quisitoire, a r\u00e9clam\u00e9 20 ans de prison ferme contre l&#8217;ancien pr\u00e9sident Mohamed Ould Abdel Aziz. \u00a0Accus\u00e9 entre autres d&#8217;avoir abus\u00e9 de sa position pour amasser une fortune colossale, d\u2019avoir octroy\u00e9 des avantages.....","og_url":"https:\/\/lequotidien.mr\/?p=13232&lang=fr","og_site_name":"Le Quotidien de Nouakchott","article_publisher":"https:\/\/web.facebook.com\/lequotidienmr","article_published_time":"2023-10-25T12:22:36+00:00","og_image":[{"width":592,"height":296,"url":"https:\/\/lequotidien.mr\/wp-content\/uploads\/2023\/10\/IMG-20231009-WA0091-1.webp","type":"image\/webp"}],"author":"Le Quotidien","twitter_card":"summary_large_image","twitter_creator":"@lequotidienmr","twitter_site":"@lequotidienmr","twitter_misc":{"\u0643\u064f\u062a\u0628 \u0628\u0648\u0627\u0633\u0637\u0629":"Le Quotidien","\u0648\u0642\u062a \u0627\u0644\u0642\u0631\u0627\u0621\u0629 \u0627\u0644\u0645\u064f\u0642\u062f\u0651\u0631":"5 \u062f\u0642\u0627\u0626\u0642"},"schema":{"@context":"https:\/\/schema.org","@graph":[{"@type":"Article","@id":"https:\/\/lequotidien.mr\/?p=13232&lang=fr#article","isPartOf":{"@id":"https:\/\/lequotidien.mr\/?p=13232&lang=fr"},"author":{"name":"Le Quotidien","@id":"https:\/\/lequotidien.mr\/#\/schema\/person\/f90fcdaa970c60288de4ed2e64a56472"},"headline":"20 ans de prison ferme requis contre l\u2019ex-pr\u00e9sident Mohamed Ould Abdelaziz","datePublished":"2023-10-25T12:22:36+00:00","mainEntityOfPage":{"@id":"https:\/\/lequotidien.mr\/?p=13232&lang=fr"},"wordCount":1052,"commentCount":0,"publisher":{"@id":"https:\/\/lequotidien.mr\/#organization"},"image":{"@id":"https:\/\/lequotidien.mr\/?p=13232&lang=fr#primaryimage"},"thumbnailUrl":"https:\/\/lequotidien.mr\/wp-content\/uploads\/2023\/10\/IMG-20231009-WA0091-1.webp","articleSection":["ACTUALIT\u00c9","Couverture sp\u00e9cilale","FAITS DIVERS"],"inLanguage":"ar","potentialAction":[{"@type":"CommentAction","name":"Comment","target":["https:\/\/lequotidien.mr\/?p=13232&lang=fr#respond"]}]},{"@type":"WebPage","@id":"https:\/\/lequotidien.mr\/?p=13232&lang=fr","url":"https:\/\/lequotidien.mr\/?p=13232&lang=fr","name":"20 ans de prison ferme requis contre l\u2019ex-pr\u00e9sident Mohamed Ould Abdelaziz - Le Quotidien de Nouakchott","isPartOf":{"@id":"https:\/\/lequotidien.mr\/#website"},"primaryImageOfPage":{"@id":"https:\/\/lequotidien.mr\/?p=13232&lang=fr#primaryimage"},"image":{"@id":"https:\/\/lequotidien.mr\/?p=13232&lang=fr#primaryimage"},"thumbnailUrl":"https:\/\/lequotidien.mr\/wp-content\/uploads\/2023\/10\/IMG-20231009-WA0091-1.webp","datePublished":"2023-10-25T12:22:36+00:00","breadcrumb":{"@id":"https:\/\/lequotidien.mr\/?p=13232&lang=fr#breadcrumb"},"inLanguage":"ar","potentialAction":[{"@type":"ReadAction","target":["https:\/\/lequotidien.mr\/?p=13232&lang=fr"]}]},{"@type":"ImageObject","inLanguage":"ar","@id":"https:\/\/lequotidien.mr\/?p=13232&lang=fr#primaryimage","url":"https:\/\/lequotidien.mr\/wp-content\/uploads\/2023\/10\/IMG-20231009-WA0091-1.webp","contentUrl":"https:\/\/lequotidien.mr\/wp-content\/uploads\/2023\/10\/IMG-20231009-WA0091-1.webp","width":592,"height":296,"caption":"ancien pr\u00e9sident Mohamed Ould Abdel Aziz"},{"@type":"BreadcrumbList","@id":"https:\/\/lequotidien.mr\/?p=13232&lang=fr#breadcrumb","itemListElement":[{"@type":"ListItem","position":1,"name":"Home","item":"https:\/\/lequotidien.mr\/"},{"@type":"ListItem","position":2,"name":"20 ans de prison ferme requis contre l\u2019ex-pr\u00e9sident Mohamed Ould Abdelaziz"}]},{"@type":"WebSite","@id":"https:\/\/lequotidien.mr\/#website","url":"https:\/\/lequotidien.mr\/","name":"Le Quotidien de Nouakchott","description":"\u0625\u062e\u0628\u0627\u0631\u064a\u0629 \u0645\u0633\u062a\u0642\u0644\u0629 \u0644\u0644\u0623\u0646\u0628\u0627\u0621 \u0627\u0644\u0639\u0627\u0645\u0629","publisher":{"@id":"https:\/\/lequotidien.mr\/#organization"},"potentialAction":[{"@type":"SearchAction","target":{"@type":"EntryPoint","urlTemplate":"https:\/\/lequotidien.mr\/?s={search_term_string}"},"query-input":{"@type":"PropertyValueSpecification","valueRequired":true,"valueName":"search_term_string"}}],"inLanguage":"ar"},{"@type":"Organization","@id":"https:\/\/lequotidien.mr\/#organization","name":"Le Quotidien de Nouakchott","url":"https:\/\/lequotidien.mr\/","logo":{"@type":"ImageObject","inLanguage":"ar","@id":"https:\/\/lequotidien.mr\/#\/schema\/logo\/image\/","url":"https:\/\/lequotidien.mr\/wp-content\/uploads\/2022\/11\/logolequotidien.jpg","contentUrl":"https:\/\/lequotidien.mr\/wp-content\/uploads\/2022\/11\/logolequotidien.jpg","width":290,"height":65,"caption":"Le Quotidien de Nouakchott"},"image":{"@id":"https:\/\/lequotidien.mr\/#\/schema\/logo\/image\/"},"sameAs":["https:\/\/web.facebook.com\/lequotidienmr","https:\/\/x.com\/lequotidienmr"]},{"@type":"Person","@id":"https:\/\/lequotidien.mr\/#\/schema\/person\/f90fcdaa970c60288de4ed2e64a56472","name":"Le Quotidien","image":{"@type":"ImageObject","inLanguage":"ar","@id":"https:\/\/secure.gravatar.com\/avatar\/374cb39a1a458a912465a93e5a3ce6546886fc3da809a1f10c63e4e8fcbca30f?s=96&d=mm&r=g","url":"https:\/\/secure.gravatar.com\/avatar\/374cb39a1a458a912465a93e5a3ce6546886fc3da809a1f10c63e4e8fcbca30f?s=96&d=mm&r=g","contentUrl":"https:\/\/secure.gravatar.com\/avatar\/374cb39a1a458a912465a93e5a3ce6546886fc3da809a1f10c63e4e8fcbca30f?s=96&d=mm&r=g","caption":"Le Quotidien"},"sameAs":["https:\/\/lequotidien.mr\/"],"url":"https:\/\/lequotidien.mr\/?author=4"}]}},"_links":{"self":[{"href":"https:\/\/lequotidien.mr\/index.php?rest_route=\/wp\/v2\/posts\/13232","targetHints":{"allow":["GET"]}}],"collection":[{"href":"https:\/\/lequotidien.mr\/index.php?rest_route=\/wp\/v2\/posts"}],"about":[{"href":"https:\/\/lequotidien.mr\/index.php?rest_route=\/wp\/v2\/types\/post"}],"author":[{"embeddable":true,"href":"https:\/\/lequotidien.mr\/index.php?rest_route=\/wp\/v2\/users\/4"}],"replies":[{"embeddable":true,"href":"https:\/\/lequotidien.mr\/index.php?rest_route=%2Fwp%2Fv2%2Fcomments&post=13232"}],"version-history":[{"count":1,"href":"https:\/\/lequotidien.mr\/index.php?rest_route=\/wp\/v2\/posts\/13232\/revisions"}],"predecessor-version":[{"id":13233,"href":"https:\/\/lequotidien.mr\/index.php?rest_route=\/wp\/v2\/posts\/13232\/revisions\/13233"}],"wp:featuredmedia":[{"embeddable":true,"href":"https:\/\/lequotidien.mr\/index.php?rest_route=\/wp\/v2\/media\/13229"}],"wp:attachment":[{"href":"https:\/\/lequotidien.mr\/index.php?rest_route=%2Fwp%2Fv2%2Fmedia&parent=13232"}],"wp:term":[{"taxonomy":"category","embeddable":true,"href":"https:\/\/lequotidien.mr\/index.php?rest_route=%2Fwp%2Fv2%2Fcategories&post=13232"},{"taxonomy":"post_tag","embeddable":true,"href":"https:\/\/lequotidien.mr\/index.php?rest_route=%2Fwp%2Fv2%2Ftags&post=13232"}],"curies":[{"name":"wp","href":"https:\/\/api.w.org\/{rel}","templated":true}]}}