{"id":13203,"date":"2023-10-23T19:17:08","date_gmt":"2023-10-23T19:17:08","guid":{"rendered":"https:\/\/lequotidien.mr\/?p=13203"},"modified":"2023-10-23T19:17:08","modified_gmt":"2023-10-23T19:17:08","slug":"proces-de-mohamed-ould-abdel-aziz-retour-des-avocats-de-la-defense-et-demandes-de-la-partie-civile","status":"publish","type":"post","link":"https:\/\/lequotidien.mr\/?p=13203&lang=fr","title":{"rendered":"Proc\u00e8s de Mohamed Ould Abdel Aziz : Retour des avocats de la d\u00e9fense et demandes de la partie civile"},"content":{"rendered":"<p>La poursuite du proc\u00e8s de l\u2019ancien pr\u00e9sident, Mohamed Ould Abdel Aziz, accus\u00e9 entre autres d&#8217;enrichissement illicite, a \u00e9t\u00e9 marqu\u00e9e ce lundi par le retour des avocats de la d\u00e9fense. Ces derniers s&#8217;\u00e9taient retir\u00e9s il y a deux semaines, suite au refus du tribunal de convoquer de nouveaux t\u00e9moins et de redonner la parole \u00e0 leur client. Face \u00e0 cette absence, le pr\u00e9sident du tribunal avait d\u00e9sign\u00e9 d\u2019office Me Sall et Me Bezeid pour assurer la continuation des proc\u00e9dures.<\/p>\n<p>&nbsp;<\/p>\n<p>Interventions marquantes de l&#8217;audience\u00a0:<\/p>\n<p>&nbsp;<\/p>\n<p>&#8211; \u00a0Me Ichiddou, prenant la parole, a pr\u00e9cis\u00e9 que le retrait \u00e9tait \u00e0 la demande de leur client, souhaitant des conditions \u00e9quitables et parfois la \u00ab\u00a0susceptibilit\u00e9\u00a0\u00bb du tribunal \u00e0 leur \u00e9gard.<\/p>\n<p>&#8211; \u00a0Le Procureur R\u00e9publique Ahmed Moustapha a dit qu\u2019il ne voyait aucune objection au retour des avocats de Ould Abdel Aziz toutefois il tenu \u00e0 nier l\u2019all\u00e9gation de la d\u00e9fense qui se plaignait de ne pas avoir les conditions pour s\u2019entretenir avec leurs clients \u00e0 cause des \u00e9coutes et des cam\u00e9ras soulignant qu\u2019il n\u2019y a aucun dispositif d\u2019\u00e9coute et que les cam\u00e9ras sont sur les voies d\u2019acc\u00e8s et pas dans les chambres.<\/p>\n<p>&#8211; Me Mohamed Mahmoud Mohamed Salah a mis en lumi\u00e8re l&#8217;incoh\u00e9rence de la d\u00e9fense qui, tout en s&#8217;appuyant sur l\u2019article 93 de la Constitution, conteste certaines dispositions de la loi sur la corruption devant le Conseil Constitutionnel. Il a fait \u00e9tat<\/p>\n<p>&nbsp;<\/p>\n<p>&nbsp;<\/p>\n<p>&nbsp;<\/p>\n<p>Concluant les plaidoiries de la partie civile, Me Brahim Ebetty apr\u00e8s \u00eatre revenu longuement sur les affaires \u00e9voqu\u00e9es lors des phases pr\u00e9c\u00e9dentes du proc\u00e8s il a au nom du collectif pr\u00e9sent\u00e9 les demandes de la partie civile qui sont\u00a0:<\/p>\n<p>&nbsp;<\/p>\n<ol>\n<li>Le rejet de toutes les requ\u00eates remettant en question la comp\u00e9tence du tribunal.<\/li>\n<li>la saisie de tous les biens de l\u2019accus\u00e9 principal, biens qui ne figuraient pas sur la d\u00e9claration de biens qu\u2019il a faite devant la commission de la transparence de la vie \u00e9conomique le 7 Octobre 2010 et la saisie des biens gel\u00e9s des autres accus\u00e9s.<\/li>\n<li>La condamnation de l\u2019accus\u00e9 principal solidairement avec les autres accus\u00e9s chacun en ce qui le concerne \u00e0 payer la somme de 30 milliards de MRU au profit du Tr\u00e9sor public mauritanien.<\/li>\n<li>la condamnation de l\u2019accus\u00e9 principal et de ses coaccus\u00e9s chacun en ce qui le concerne \u00e0 payer la somme de 247114035 MRU au profit de la SOMELEC repr\u00e9sentant les paiements indus effectu\u00e9s au profit de la soci\u00e9t\u00e9 chinoise Joysolar et la r\u00e9fection du r\u00e9seau d\u2019\u00e9clairage public. Et de payer la somme de 43500000 USD repr\u00e9sentant le diff\u00e9rentiel de l\u2019application du taux d\u2019int\u00e9r\u00eat appliqu\u00e9 par Exhimbank India et le taux d\u2019int\u00e9r\u00eat que devait pratiquer le fonds Saoudien de d\u00e9veloppement pour compenser les dommages directs. En plus de 145 millions de USD de compensation pour l\u2019occasion rat\u00e9e d\u2019obtenir un pr\u00eat concessionnel qui aurait \u00e9t\u00e9 effac\u00e9 par les saoudiens ainsi que la somme de 600 millions de MRU pour les autres dommages moraux.<\/li>\n<li>Une amende de 2049000000 MRU en faveur de la SNIM pour les dommages sp\u00e9cifi\u00e9s.<\/li>\n<li>Une compensation de 179790690 MRU pour la Zone Franche de Nouadhibou pour des dommages directs et 100 millions de MRU pour dommages moraux.<\/li>\n<li>Enfin, l&#8217;annulation des transactions fonci\u00e8res \u00e0 Nouakchott et Nouadhibou, ainsi que le maintien du gel de certains biens.<\/li>\n<\/ol>\n<p>&nbsp;<\/p>\n<p>Ce proc\u00e8s, aux multiples rebondissements, continue de capter l&#8217;attention nationale et promet d&#8217;autres d\u00e9veloppements dans les jours \u00e0 venir.<\/p>\n<p>&nbsp;<\/p>\n<p>&nbsp;<\/p>\n<p>&nbsp;<\/p>\n","protected":false},"excerpt":{"rendered":"<p>La poursuite du proc\u00e8s de l\u2019ancien pr\u00e9sident, Mohamed Ould Abdel Aziz, accus\u00e9 entre autres d&#8217;enrichissement illicite, a \u00e9t\u00e9 marqu\u00e9e ce lundi par le retour des avocats de la d\u00e9fense. Ces derniers s&#8217;\u00e9taient retir\u00e9s il y a deux semaines, suite au refus du tribunal de convoquer de nouveaux t\u00e9moins et de redonner la parole \u00e0 leur&#8230;..<\/p>\n","protected":false},"author":4,"featured_media":13024,"comment_status":"open","ping_status":"open","sticky":false,"template":"","format":"standard","meta":{"footnotes":""},"categories":[23,57],"tags":[],"class_list":["post-13203","post","type-post","status-publish","format-standard","has-post-thumbnail","hentry","category-actualite","category-couverture-specilale"],"yoast_head":"<!-- This site is optimized with the Yoast SEO plugin v27.5 - https:\/\/yoast.com\/product\/yoast-seo-wordpress\/ -->\n<title>Proc\u00e8s de Mohamed Ould Abdel Aziz : Retour des avocats de la d\u00e9fense et demandes de la partie civile - Le Quotidien de Nouakchott<\/title>\n<meta name=\"robots\" content=\"index, follow, max-snippet:-1, max-image-preview:large, max-video-preview:-1\" \/>\n<link rel=\"canonical\" href=\"https:\/\/lequotidien.mr\/?p=13203&lang=fr\" \/>\n<meta property=\"og:locale\" content=\"ar_AR\" \/>\n<meta property=\"og:type\" content=\"article\" \/>\n<meta property=\"og:title\" content=\"Proc\u00e8s de Mohamed Ould Abdel Aziz : Retour des avocats de la d\u00e9fense et demandes de la partie civile - Le Quotidien de Nouakchott\" \/>\n<meta property=\"og:description\" content=\"La poursuite du proc\u00e8s de l\u2019ancien pr\u00e9sident, Mohamed Ould Abdel Aziz, accus\u00e9 entre autres d&#8217;enrichissement illicite, a \u00e9t\u00e9 marqu\u00e9e ce lundi par le retour des avocats de la d\u00e9fense. Ces derniers s&#8217;\u00e9taient retir\u00e9s il y a deux semaines, suite au refus du tribunal de convoquer de nouveaux t\u00e9moins et de redonner la parole \u00e0 leur.....\" \/>\n<meta property=\"og:url\" content=\"https:\/\/lequotidien.mr\/?p=13203&amp;lang=fr\" \/>\n<meta property=\"og:site_name\" content=\"Le Quotidien de Nouakchott\" \/>\n<meta property=\"article:publisher\" content=\"https:\/\/web.facebook.com\/lequotidienmr\" \/>\n<meta property=\"article:published_time\" content=\"2023-10-23T19:17:08+00:00\" \/>\n<meta property=\"og:image\" content=\"https:\/\/lequotidien.mr\/wp-content\/uploads\/2023\/10\/Palais-de-justice-scaled.jpg\" \/>\n\t<meta property=\"og:image:width\" content=\"2560\" \/>\n\t<meta property=\"og:image:height\" content=\"1920\" \/>\n\t<meta property=\"og:image:type\" content=\"image\/jpeg\" \/>\n<meta name=\"author\" content=\"Le Quotidien\" \/>\n<meta name=\"twitter:card\" content=\"summary_large_image\" \/>\n<meta name=\"twitter:creator\" content=\"@lequotidienmr\" \/>\n<meta name=\"twitter:site\" content=\"@lequotidienmr\" \/>\n<meta name=\"twitter:label1\" content=\"\u0643\u064f\u062a\u0628 \u0628\u0648\u0627\u0633\u0637\u0629\" \/>\n\t<meta name=\"twitter:data1\" content=\"Le Quotidien\" \/>\n\t<meta name=\"twitter:label2\" content=\"\u0648\u0642\u062a \u0627\u0644\u0642\u0631\u0627\u0621\u0629 \u0627\u0644\u0645\u064f\u0642\u062f\u0651\u0631\" \/>\n\t<meta name=\"twitter:data2\" content=\"3 \u062f\u0642\u0627\u0626\u0642\" \/>\n<script type=\"application\/ld+json\" class=\"yoast-schema-graph\">{\"@context\":\"https:\\\/\\\/schema.org\",\"@graph\":[{\"@type\":\"Article\",\"@id\":\"https:\\\/\\\/lequotidien.mr\\\/?p=13203&lang=fr#article\",\"isPartOf\":{\"@id\":\"https:\\\/\\\/lequotidien.mr\\\/?p=13203&lang=fr\"},\"author\":{\"name\":\"Le Quotidien\",\"@id\":\"https:\\\/\\\/lequotidien.mr\\\/#\\\/schema\\\/person\\\/f90fcdaa970c60288de4ed2e64a56472\"},\"headline\":\"Proc\u00e8s de Mohamed Ould Abdel Aziz : Retour des avocats de la d\u00e9fense et demandes de la partie civile\",\"datePublished\":\"2023-10-23T19:17:08+00:00\",\"mainEntityOfPage\":{\"@id\":\"https:\\\/\\\/lequotidien.mr\\\/?p=13203&lang=fr\"},\"wordCount\":637,\"commentCount\":0,\"publisher\":{\"@id\":\"https:\\\/\\\/lequotidien.mr\\\/#organization\"},\"image\":{\"@id\":\"https:\\\/\\\/lequotidien.mr\\\/?p=13203&lang=fr#primaryimage\"},\"thumbnailUrl\":\"https:\\\/\\\/lequotidien.mr\\\/wp-content\\\/uploads\\\/2023\\\/10\\\/Palais-de-justice-scaled.jpg\",\"articleSection\":[\"ACTUALIT\u00c9\",\"Couverture sp\u00e9cilale\"],\"inLanguage\":\"ar\",\"potentialAction\":[{\"@type\":\"CommentAction\",\"name\":\"Comment\",\"target\":[\"https:\\\/\\\/lequotidien.mr\\\/?p=13203&lang=fr#respond\"]}]},{\"@type\":\"WebPage\",\"@id\":\"https:\\\/\\\/lequotidien.mr\\\/?p=13203&lang=fr\",\"url\":\"https:\\\/\\\/lequotidien.mr\\\/?p=13203&lang=fr\",\"name\":\"Proc\u00e8s de Mohamed Ould Abdel Aziz : Retour des avocats de la d\u00e9fense et demandes de la partie civile - Le Quotidien de Nouakchott\",\"isPartOf\":{\"@id\":\"https:\\\/\\\/lequotidien.mr\\\/#website\"},\"primaryImageOfPage\":{\"@id\":\"https:\\\/\\\/lequotidien.mr\\\/?p=13203&lang=fr#primaryimage\"},\"image\":{\"@id\":\"https:\\\/\\\/lequotidien.mr\\\/?p=13203&lang=fr#primaryimage\"},\"thumbnailUrl\":\"https:\\\/\\\/lequotidien.mr\\\/wp-content\\\/uploads\\\/2023\\\/10\\\/Palais-de-justice-scaled.jpg\",\"datePublished\":\"2023-10-23T19:17:08+00:00\",\"breadcrumb\":{\"@id\":\"https:\\\/\\\/lequotidien.mr\\\/?p=13203&lang=fr#breadcrumb\"},\"inLanguage\":\"ar\",\"potentialAction\":[{\"@type\":\"ReadAction\",\"target\":[\"https:\\\/\\\/lequotidien.mr\\\/?p=13203&lang=fr\"]}]},{\"@type\":\"ImageObject\",\"inLanguage\":\"ar\",\"@id\":\"https:\\\/\\\/lequotidien.mr\\\/?p=13203&lang=fr#primaryimage\",\"url\":\"https:\\\/\\\/lequotidien.mr\\\/wp-content\\\/uploads\\\/2023\\\/10\\\/Palais-de-justice-scaled.jpg\",\"contentUrl\":\"https:\\\/\\\/lequotidien.mr\\\/wp-content\\\/uploads\\\/2023\\\/10\\\/Palais-de-justice-scaled.jpg\",\"width\":2560,\"height\":1920},{\"@type\":\"BreadcrumbList\",\"@id\":\"https:\\\/\\\/lequotidien.mr\\\/?p=13203&lang=fr#breadcrumb\",\"itemListElement\":[{\"@type\":\"ListItem\",\"position\":1,\"name\":\"Home\",\"item\":\"https:\\\/\\\/lequotidien.mr\\\/\"},{\"@type\":\"ListItem\",\"position\":2,\"name\":\"Proc\u00e8s de Mohamed Ould Abdel Aziz : Retour des avocats de la d\u00e9fense et demandes de la partie civile\"}]},{\"@type\":\"WebSite\",\"@id\":\"https:\\\/\\\/lequotidien.mr\\\/#website\",\"url\":\"https:\\\/\\\/lequotidien.mr\\\/\",\"name\":\"Le Quotidien de Nouakchott\",\"description\":\"\u0625\u062e\u0628\u0627\u0631\u064a\u0629 \u0645\u0633\u062a\u0642\u0644\u0629 \u0644\u0644\u0623\u0646\u0628\u0627\u0621 \u0627\u0644\u0639\u0627\u0645\u0629\",\"publisher\":{\"@id\":\"https:\\\/\\\/lequotidien.mr\\\/#organization\"},\"potentialAction\":[{\"@type\":\"SearchAction\",\"target\":{\"@type\":\"EntryPoint\",\"urlTemplate\":\"https:\\\/\\\/lequotidien.mr\\\/?s={search_term_string}\"},\"query-input\":{\"@type\":\"PropertyValueSpecification\",\"valueRequired\":true,\"valueName\":\"search_term_string\"}}],\"inLanguage\":\"ar\"},{\"@type\":\"Organization\",\"@id\":\"https:\\\/\\\/lequotidien.mr\\\/#organization\",\"name\":\"Le Quotidien de Nouakchott\",\"url\":\"https:\\\/\\\/lequotidien.mr\\\/\",\"logo\":{\"@type\":\"ImageObject\",\"inLanguage\":\"ar\",\"@id\":\"https:\\\/\\\/lequotidien.mr\\\/#\\\/schema\\\/logo\\\/image\\\/\",\"url\":\"https:\\\/\\\/lequotidien.mr\\\/wp-content\\\/uploads\\\/2022\\\/11\\\/logolequotidien.jpg\",\"contentUrl\":\"https:\\\/\\\/lequotidien.mr\\\/wp-content\\\/uploads\\\/2022\\\/11\\\/logolequotidien.jpg\",\"width\":290,\"height\":65,\"caption\":\"Le Quotidien de Nouakchott\"},\"image\":{\"@id\":\"https:\\\/\\\/lequotidien.mr\\\/#\\\/schema\\\/logo\\\/image\\\/\"},\"sameAs\":[\"https:\\\/\\\/web.facebook.com\\\/lequotidienmr\",\"https:\\\/\\\/x.com\\\/lequotidienmr\"]},{\"@type\":\"Person\",\"@id\":\"https:\\\/\\\/lequotidien.mr\\\/#\\\/schema\\\/person\\\/f90fcdaa970c60288de4ed2e64a56472\",\"name\":\"Le Quotidien\",\"image\":{\"@type\":\"ImageObject\",\"inLanguage\":\"ar\",\"@id\":\"https:\\\/\\\/secure.gravatar.com\\\/avatar\\\/374cb39a1a458a912465a93e5a3ce6546886fc3da809a1f10c63e4e8fcbca30f?s=96&d=mm&r=g\",\"url\":\"https:\\\/\\\/secure.gravatar.com\\\/avatar\\\/374cb39a1a458a912465a93e5a3ce6546886fc3da809a1f10c63e4e8fcbca30f?s=96&d=mm&r=g\",\"contentUrl\":\"https:\\\/\\\/secure.gravatar.com\\\/avatar\\\/374cb39a1a458a912465a93e5a3ce6546886fc3da809a1f10c63e4e8fcbca30f?s=96&d=mm&r=g\",\"caption\":\"Le Quotidien\"},\"sameAs\":[\"https:\\\/\\\/lequotidien.mr\\\/\"],\"url\":\"https:\\\/\\\/lequotidien.mr\\\/?author=4\"}]}<\/script>\n<!-- \/ Yoast SEO plugin. -->","yoast_head_json":{"title":"Proc\u00e8s de Mohamed Ould Abdel Aziz : Retour des avocats de la d\u00e9fense et demandes de la partie civile - Le Quotidien de Nouakchott","robots":{"index":"index","follow":"follow","max-snippet":"max-snippet:-1","max-image-preview":"max-image-preview:large","max-video-preview":"max-video-preview:-1"},"canonical":"https:\/\/lequotidien.mr\/?p=13203&lang=fr","og_locale":"ar_AR","og_type":"article","og_title":"Proc\u00e8s de Mohamed Ould Abdel Aziz : Retour des avocats de la d\u00e9fense et demandes de la partie civile - Le Quotidien de Nouakchott","og_description":"La poursuite du proc\u00e8s de l\u2019ancien pr\u00e9sident, Mohamed Ould Abdel Aziz, accus\u00e9 entre autres d&#8217;enrichissement illicite, a \u00e9t\u00e9 marqu\u00e9e ce lundi par le retour des avocats de la d\u00e9fense. Ces derniers s&#8217;\u00e9taient retir\u00e9s il y a deux semaines, suite au refus du tribunal de convoquer de nouveaux t\u00e9moins et de redonner la parole \u00e0 leur.....","og_url":"https:\/\/lequotidien.mr\/?p=13203&lang=fr","og_site_name":"Le Quotidien de Nouakchott","article_publisher":"https:\/\/web.facebook.com\/lequotidienmr","article_published_time":"2023-10-23T19:17:08+00:00","og_image":[{"width":2560,"height":1920,"url":"https:\/\/lequotidien.mr\/wp-content\/uploads\/2023\/10\/Palais-de-justice-scaled.jpg","type":"image\/jpeg"}],"author":"Le Quotidien","twitter_card":"summary_large_image","twitter_creator":"@lequotidienmr","twitter_site":"@lequotidienmr","twitter_misc":{"\u0643\u064f\u062a\u0628 \u0628\u0648\u0627\u0633\u0637\u0629":"Le Quotidien","\u0648\u0642\u062a \u0627\u0644\u0642\u0631\u0627\u0621\u0629 \u0627\u0644\u0645\u064f\u0642\u062f\u0651\u0631":"3 \u062f\u0642\u0627\u0626\u0642"},"schema":{"@context":"https:\/\/schema.org","@graph":[{"@type":"Article","@id":"https:\/\/lequotidien.mr\/?p=13203&lang=fr#article","isPartOf":{"@id":"https:\/\/lequotidien.mr\/?p=13203&lang=fr"},"author":{"name":"Le Quotidien","@id":"https:\/\/lequotidien.mr\/#\/schema\/person\/f90fcdaa970c60288de4ed2e64a56472"},"headline":"Proc\u00e8s de Mohamed Ould Abdel Aziz : Retour des avocats de la d\u00e9fense et demandes de la partie civile","datePublished":"2023-10-23T19:17:08+00:00","mainEntityOfPage":{"@id":"https:\/\/lequotidien.mr\/?p=13203&lang=fr"},"wordCount":637,"commentCount":0,"publisher":{"@id":"https:\/\/lequotidien.mr\/#organization"},"image":{"@id":"https:\/\/lequotidien.mr\/?p=13203&lang=fr#primaryimage"},"thumbnailUrl":"https:\/\/lequotidien.mr\/wp-content\/uploads\/2023\/10\/Palais-de-justice-scaled.jpg","articleSection":["ACTUALIT\u00c9","Couverture sp\u00e9cilale"],"inLanguage":"ar","potentialAction":[{"@type":"CommentAction","name":"Comment","target":["https:\/\/lequotidien.mr\/?p=13203&lang=fr#respond"]}]},{"@type":"WebPage","@id":"https:\/\/lequotidien.mr\/?p=13203&lang=fr","url":"https:\/\/lequotidien.mr\/?p=13203&lang=fr","name":"Proc\u00e8s de Mohamed Ould Abdel Aziz : Retour des avocats de la d\u00e9fense et demandes de la partie civile - Le Quotidien de Nouakchott","isPartOf":{"@id":"https:\/\/lequotidien.mr\/#website"},"primaryImageOfPage":{"@id":"https:\/\/lequotidien.mr\/?p=13203&lang=fr#primaryimage"},"image":{"@id":"https:\/\/lequotidien.mr\/?p=13203&lang=fr#primaryimage"},"thumbnailUrl":"https:\/\/lequotidien.mr\/wp-content\/uploads\/2023\/10\/Palais-de-justice-scaled.jpg","datePublished":"2023-10-23T19:17:08+00:00","breadcrumb":{"@id":"https:\/\/lequotidien.mr\/?p=13203&lang=fr#breadcrumb"},"inLanguage":"ar","potentialAction":[{"@type":"ReadAction","target":["https:\/\/lequotidien.mr\/?p=13203&lang=fr"]}]},{"@type":"ImageObject","inLanguage":"ar","@id":"https:\/\/lequotidien.mr\/?p=13203&lang=fr#primaryimage","url":"https:\/\/lequotidien.mr\/wp-content\/uploads\/2023\/10\/Palais-de-justice-scaled.jpg","contentUrl":"https:\/\/lequotidien.mr\/wp-content\/uploads\/2023\/10\/Palais-de-justice-scaled.jpg","width":2560,"height":1920},{"@type":"BreadcrumbList","@id":"https:\/\/lequotidien.mr\/?p=13203&lang=fr#breadcrumb","itemListElement":[{"@type":"ListItem","position":1,"name":"Home","item":"https:\/\/lequotidien.mr\/"},{"@type":"ListItem","position":2,"name":"Proc\u00e8s de Mohamed Ould Abdel Aziz : Retour des avocats de la d\u00e9fense et demandes de la partie civile"}]},{"@type":"WebSite","@id":"https:\/\/lequotidien.mr\/#website","url":"https:\/\/lequotidien.mr\/","name":"Le Quotidien de Nouakchott","description":"\u0625\u062e\u0628\u0627\u0631\u064a\u0629 \u0645\u0633\u062a\u0642\u0644\u0629 \u0644\u0644\u0623\u0646\u0628\u0627\u0621 \u0627\u0644\u0639\u0627\u0645\u0629","publisher":{"@id":"https:\/\/lequotidien.mr\/#organization"},"potentialAction":[{"@type":"SearchAction","target":{"@type":"EntryPoint","urlTemplate":"https:\/\/lequotidien.mr\/?s={search_term_string}"},"query-input":{"@type":"PropertyValueSpecification","valueRequired":true,"valueName":"search_term_string"}}],"inLanguage":"ar"},{"@type":"Organization","@id":"https:\/\/lequotidien.mr\/#organization","name":"Le Quotidien de Nouakchott","url":"https:\/\/lequotidien.mr\/","logo":{"@type":"ImageObject","inLanguage":"ar","@id":"https:\/\/lequotidien.mr\/#\/schema\/logo\/image\/","url":"https:\/\/lequotidien.mr\/wp-content\/uploads\/2022\/11\/logolequotidien.jpg","contentUrl":"https:\/\/lequotidien.mr\/wp-content\/uploads\/2022\/11\/logolequotidien.jpg","width":290,"height":65,"caption":"Le Quotidien de Nouakchott"},"image":{"@id":"https:\/\/lequotidien.mr\/#\/schema\/logo\/image\/"},"sameAs":["https:\/\/web.facebook.com\/lequotidienmr","https:\/\/x.com\/lequotidienmr"]},{"@type":"Person","@id":"https:\/\/lequotidien.mr\/#\/schema\/person\/f90fcdaa970c60288de4ed2e64a56472","name":"Le Quotidien","image":{"@type":"ImageObject","inLanguage":"ar","@id":"https:\/\/secure.gravatar.com\/avatar\/374cb39a1a458a912465a93e5a3ce6546886fc3da809a1f10c63e4e8fcbca30f?s=96&d=mm&r=g","url":"https:\/\/secure.gravatar.com\/avatar\/374cb39a1a458a912465a93e5a3ce6546886fc3da809a1f10c63e4e8fcbca30f?s=96&d=mm&r=g","contentUrl":"https:\/\/secure.gravatar.com\/avatar\/374cb39a1a458a912465a93e5a3ce6546886fc3da809a1f10c63e4e8fcbca30f?s=96&d=mm&r=g","caption":"Le Quotidien"},"sameAs":["https:\/\/lequotidien.mr\/"],"url":"https:\/\/lequotidien.mr\/?author=4"}]}},"_links":{"self":[{"href":"https:\/\/lequotidien.mr\/index.php?rest_route=\/wp\/v2\/posts\/13203","targetHints":{"allow":["GET"]}}],"collection":[{"href":"https:\/\/lequotidien.mr\/index.php?rest_route=\/wp\/v2\/posts"}],"about":[{"href":"https:\/\/lequotidien.mr\/index.php?rest_route=\/wp\/v2\/types\/post"}],"author":[{"embeddable":true,"href":"https:\/\/lequotidien.mr\/index.php?rest_route=\/wp\/v2\/users\/4"}],"replies":[{"embeddable":true,"href":"https:\/\/lequotidien.mr\/index.php?rest_route=%2Fwp%2Fv2%2Fcomments&post=13203"}],"version-history":[{"count":1,"href":"https:\/\/lequotidien.mr\/index.php?rest_route=\/wp\/v2\/posts\/13203\/revisions"}],"predecessor-version":[{"id":13204,"href":"https:\/\/lequotidien.mr\/index.php?rest_route=\/wp\/v2\/posts\/13203\/revisions\/13204"}],"wp:featuredmedia":[{"embeddable":true,"href":"https:\/\/lequotidien.mr\/index.php?rest_route=\/wp\/v2\/media\/13024"}],"wp:attachment":[{"href":"https:\/\/lequotidien.mr\/index.php?rest_route=%2Fwp%2Fv2%2Fmedia&parent=13203"}],"wp:term":[{"taxonomy":"category","embeddable":true,"href":"https:\/\/lequotidien.mr\/index.php?rest_route=%2Fwp%2Fv2%2Fcategories&post=13203"},{"taxonomy":"post_tag","embeddable":true,"href":"https:\/\/lequotidien.mr\/index.php?rest_route=%2Fwp%2Fv2%2Ftags&post=13203"}],"curies":[{"name":"wp","href":"https:\/\/api.w.org\/{rel}","templated":true}]}}