{"id":13023,"date":"2023-10-18T09:52:37","date_gmt":"2023-10-18T09:52:37","guid":{"rendered":"https:\/\/lequotidien.mr\/?p=13023"},"modified":"2023-10-18T12:16:42","modified_gmt":"2023-10-18T12:16:42","slug":"la-cacophonie-des-avocats-de-la-partie-civile-une-concert-desaccordee-a-la-cour-criminelle","status":"publish","type":"post","link":"https:\/\/lequotidien.mr\/?p=13023&lang=fr","title":{"rendered":"La cacophonie des avocats de la partie civile : Un  concert d\u00e9saccord\u00e9  \u00e0 la Cour Criminelle"},"content":{"rendered":"<p>Ce mardi au cours de la s\u00e9ance de la Cour criminelle charg\u00e9e des crimes \u00e9conomiques le public a assist\u00e9 m\u00e9dus\u00e9 \u00e0 un spectacle inattendu lors des plaidoiries de la partie civile du proc\u00e8s de la d\u00e9cennie impliquant l&#8217;ancien pr\u00e9sident Aziz. Au lieu d&#8217;une coordination soign\u00e9e et d&#8217;une plaidoirie coh\u00e9rente, le pool d&#8217;avocats de la partie civile a offert un tableau chaotique et discordant, provoquant des \u00e9mois et de la surprise dans l&#8217;assistance.<\/p>\n<p>&nbsp;<\/p>\n<p>Ces avocats \u00e9taient cens\u00e9s repr\u00e9senter l&#8217;\u00c9tat mauritanien et leur r\u00f4le consistait \u00e0 montrer l&#8217;ampleur du pr\u00e9judice, tant moral que mat\u00e9riel, subi par le client pour lequel ils se sont constitu\u00e9. La communaut\u00e9 attendait d&#8217;eux qu&#8217;ils demandent une compensation proportionnelle aux dommages inflig\u00e9s. Cependant, de fa\u00e7on surprenante, certains avocats ont emprunt\u00e9 une voie tout \u00e0 fait inattendue, confondant leur r\u00f4le avec celui du Procureur de la R\u00e9publique. Au lieu de plaider pour les droits de l&#8217;\u00c9tat, ils ont demand\u00e9 la relaxe pour certains accus\u00e9s et tent\u00e9 de disculper d&#8217;autres, avan\u00e7ant qu&#8217;ils n&#8217;avaient fait qu&#8217;ex\u00e9cuter des ordres.<\/p>\n<p>&nbsp;<\/p>\n<p>Le manque de coordination et d&#8217;harmonie au sein du pool \u00e9tait \u00e9vident. Cette dissonance a finalement contraint l&#8217;avocat Yarba Mohamed Salah \u00e0 intervenir pour remettre les choses en ordre. Il a soulign\u00e9 que les demandes formul\u00e9es verbalement n&#8217;engageaient que leurs auteurs et que les demandes officielles du pool seraient remises par \u00e9crit par l&#8217;avocat Brahim Ebetty.<\/p>\n<p>&nbsp;<\/p>\n<p>La phase des plaidoiries des avocats de la partie civile a \u00e9t\u00e9 marqu\u00e9e par ces p\u00e9rip\u00e9ties. Quatre avocats se sont n\u00e9anmoins distingu\u00e9s par la pertinence et la rigueur de leurs arguments : Me Abdallahi Ould Gah, Me Abderrahmane Ould Abdi, Me Mohamed Yahya Ould Kharchi et, bien entendu, Me Yarba Mohamed Salah. Pour les autres, l&#8217;engagement semblait minimal, voire absent. Certains auraient gagn\u00e9 en cr\u00e9dibilit\u00e9 s&#8217;ils avaient tout simplement d\u00e9missionn\u00e9 de leur poste, tant ils semblaient d\u00e9connect\u00e9s et peu conscients de la gravit\u00e9 de la mission qui leur \u00e9tait confi\u00e9e.<\/p>\n<p>&nbsp;<\/p>\n<p>Ce proc\u00e8s, qui a d\u00e9j\u00e0 r\u00e9v\u00e9l\u00e9 l&#8217;ampleur des malversations et du pillage syst\u00e9matique durant le mandat du pr\u00e9sident Aziz, n\u00e9cessitait une d\u00e9fense solide et coh\u00e9rente. La communaut\u00e9 m\u00e9rite mieux que ce spectacle d\u00e9sordonn\u00e9. Les jours \u00e0 venir d\u00e9termineront si cette \u00e9quipe d&#8217;avocats saura surmonter ses diff\u00e9rences et offrir une repr\u00e9sentation digne des enjeux.<\/p>\n<p>Vers une red\u00e9finition des r\u00f4les ?<\/p>\n<p>&nbsp;<\/p>\n<p>La situation d&#8217;hier a suscit\u00e9 de nombreuses interrogations, tant parmi les observateurs que les citoyens mauritaniens. Comment est-il possible que des avocats de renom, choisis pour repr\u00e9senter l&#8217;\u00c9tat dans une affaire aussi grave, puissent pr\u00e9senter un front aussi d\u00e9suni ? La confusion au sein du pool d&#8217;avocats pourrait-elle \u00eatre le reflet d&#8217;enjeux cach\u00e9s ou de pressions externes ? Ou est-ce simplement le r\u00e9sultat d&#8217;une pr\u00e9paration insuffisante ?<\/p>\n<p>&nbsp;<\/p>\n<p>Les r\u00e9percussions de ce d\u00e9sordre pourraient s&#8217;\u00e9tendre bien au-del\u00e0 de la simple perception de l&#8217;incomp\u00e9tence. En effet, en ne pr\u00e9sentant pas un front uni, la partie civile risque de compromettre sa cr\u00e9dibilit\u00e9 et, par cons\u00e9quent, la qu\u00eate de justice pour le peuple mauritanien. Ce proc\u00e8s est l&#8217;occasion pour le pays de solder les comptes du pass\u00e9, de red\u00e9finir son avenir sur des bases saines et transparentes. Tout manquement \u00e0 cette mission serait une trahison du mandat confi\u00e9 \u00e0 ces avocats.<\/p>\n<p>&nbsp;<\/p>\n<p>Certains sugg\u00e8rent que des r\u00e9unions d&#8217;urgence soient organis\u00e9es suite \u00e0 la s\u00e9ance d&#8217;hier pour tenter de r\u00e9soudre ces divergences et red\u00e9finir la strat\u00e9gie de la partie civile. La pression est d\u00e9sormais \u00e0 son comble, car chaque prochaine apparition devant le tribunal sera scrut\u00e9e avec attention.<\/p>\n<p>&nbsp;<\/p>\n<p>Il est imp\u00e9ratif que les avocats se ressaisissent et fassent preuve de professionnalisme. La Mauritanie m\u00e9rite une repr\u00e9sentation judiciaire digne de son histoire, de ses aspirations et de la gravit\u00e9 des accusations port\u00e9es dans ce proc\u00e8s.<\/p>\n<p>&nbsp;<\/p>\n<p>Si certains avocats estiment ne pas pouvoir assumer pleinement leur r\u00f4le, il serait honorable de leur part de se retirer et de laisser la place \u00e0 ceux pr\u00eats \u00e0 d\u00e9fendre avec ferveur et int\u00e9grit\u00e9 les int\u00e9r\u00eats de l&#8217;\u00c9tat. Les enjeux sont trop \u00e9lev\u00e9s pour se permettre d&#8217;autres errements.<\/p>\n<p>&nbsp;<\/p>\n<p>Ce proc\u00e8s est, sans aucun doute, un tournant dans l&#8217;histoire r\u00e9cente de la Mauritanie. Il symbolise la lutte contre la corruption et l&#8217;impunit\u00e9. Esp\u00e9rons que, malgr\u00e9 les faux pas initiaux, la justice triomphera, apportant ainsi un nouvel \u00e9lan de confiance et de fiert\u00e9 au peuple mauritanien.<\/p>\n<p>&nbsp;<\/p>\n<p>&nbsp;<\/p>\n<p>&nbsp;<\/p>\n","protected":false},"excerpt":{"rendered":"<p>Ce mardi au cours de la s\u00e9ance de la Cour criminelle charg\u00e9e des crimes \u00e9conomiques le public a assist\u00e9 m\u00e9dus\u00e9 \u00e0 un spectacle inattendu lors des plaidoiries de la partie civile du proc\u00e8s de la d\u00e9cennie impliquant l&#8217;ancien pr\u00e9sident Aziz. Au lieu d&#8217;une coordination soign\u00e9e et d&#8217;une plaidoirie coh\u00e9rente, le pool d&#8217;avocats de la partie&#8230;..<\/p>\n","protected":false},"author":4,"featured_media":13024,"comment_status":"open","ping_status":"open","sticky":false,"template":"","format":"standard","meta":{"footnotes":""},"categories":[23,59,57],"tags":[],"class_list":["post-13023","post","type-post","status-publish","format-standard","has-post-thumbnail","hentry","category-actualite","category-opinion","category-couverture-specilale"],"yoast_head":"<!-- This site is optimized with the Yoast SEO plugin v27.5 - https:\/\/yoast.com\/product\/yoast-seo-wordpress\/ -->\n<title>La cacophonie des avocats de la partie civile : Un concert d\u00e9saccord\u00e9 \u00e0 la Cour Criminelle - Le Quotidien de Nouakchott<\/title>\n<meta name=\"robots\" content=\"index, follow, max-snippet:-1, max-image-preview:large, max-video-preview:-1\" \/>\n<link rel=\"canonical\" href=\"https:\/\/lequotidien.mr\/?p=13023&lang=fr\" \/>\n<meta property=\"og:locale\" content=\"ar_AR\" \/>\n<meta property=\"og:type\" content=\"article\" \/>\n<meta property=\"og:title\" content=\"La cacophonie des avocats de la partie civile : Un concert d\u00e9saccord\u00e9 \u00e0 la Cour Criminelle - Le Quotidien de Nouakchott\" \/>\n<meta property=\"og:description\" content=\"Ce mardi au cours de la s\u00e9ance de la Cour criminelle charg\u00e9e des crimes \u00e9conomiques le public a assist\u00e9 m\u00e9dus\u00e9 \u00e0 un spectacle inattendu lors des plaidoiries de la partie civile du proc\u00e8s de la d\u00e9cennie impliquant l&#8217;ancien pr\u00e9sident Aziz. Au lieu d&#8217;une coordination soign\u00e9e et d&#8217;une plaidoirie coh\u00e9rente, le pool d&#8217;avocats de la partie.....\" \/>\n<meta property=\"og:url\" content=\"https:\/\/lequotidien.mr\/?p=13023&amp;lang=fr\" \/>\n<meta property=\"og:site_name\" content=\"Le Quotidien de Nouakchott\" \/>\n<meta property=\"article:publisher\" content=\"https:\/\/web.facebook.com\/lequotidienmr\" \/>\n<meta property=\"article:published_time\" content=\"2023-10-18T09:52:37+00:00\" \/>\n<meta property=\"article:modified_time\" content=\"2023-10-18T12:16:42+00:00\" \/>\n<meta property=\"og:image\" content=\"https:\/\/lequotidien.mr\/wp-content\/uploads\/2023\/10\/Palais-de-justice-scaled.jpg\" \/>\n\t<meta property=\"og:image:width\" content=\"2560\" \/>\n\t<meta property=\"og:image:height\" content=\"1920\" \/>\n\t<meta property=\"og:image:type\" content=\"image\/jpeg\" \/>\n<meta name=\"author\" content=\"Le Quotidien\" \/>\n<meta name=\"twitter:card\" content=\"summary_large_image\" \/>\n<meta name=\"twitter:creator\" content=\"@lequotidienmr\" \/>\n<meta name=\"twitter:site\" content=\"@lequotidienmr\" \/>\n<meta name=\"twitter:label1\" content=\"\u0643\u064f\u062a\u0628 \u0628\u0648\u0627\u0633\u0637\u0629\" \/>\n\t<meta name=\"twitter:data1\" content=\"Le Quotidien\" \/>\n\t<meta name=\"twitter:label2\" content=\"\u0648\u0642\u062a \u0627\u0644\u0642\u0631\u0627\u0621\u0629 \u0627\u0644\u0645\u064f\u0642\u062f\u0651\u0631\" \/>\n\t<meta name=\"twitter:data2\" content=\"4 \u062f\u0642\u0627\u0626\u0642\" \/>\n<script type=\"application\/ld+json\" class=\"yoast-schema-graph\">{\"@context\":\"https:\\\/\\\/schema.org\",\"@graph\":[{\"@type\":\"Article\",\"@id\":\"https:\\\/\\\/lequotidien.mr\\\/?p=13023&lang=fr#article\",\"isPartOf\":{\"@id\":\"https:\\\/\\\/lequotidien.mr\\\/?p=13023&lang=fr\"},\"author\":{\"name\":\"Le Quotidien\",\"@id\":\"https:\\\/\\\/lequotidien.mr\\\/#\\\/schema\\\/person\\\/f90fcdaa970c60288de4ed2e64a56472\"},\"headline\":\"La cacophonie des avocats de la partie civile : Un concert d\u00e9saccord\u00e9 \u00e0 la Cour Criminelle\",\"datePublished\":\"2023-10-18T09:52:37+00:00\",\"dateModified\":\"2023-10-18T12:16:42+00:00\",\"mainEntityOfPage\":{\"@id\":\"https:\\\/\\\/lequotidien.mr\\\/?p=13023&lang=fr\"},\"wordCount\":828,\"commentCount\":0,\"publisher\":{\"@id\":\"https:\\\/\\\/lequotidien.mr\\\/#organization\"},\"image\":{\"@id\":\"https:\\\/\\\/lequotidien.mr\\\/?p=13023&lang=fr#primaryimage\"},\"thumbnailUrl\":\"https:\\\/\\\/lequotidien.mr\\\/wp-content\\\/uploads\\\/2023\\\/10\\\/Palais-de-justice-scaled.jpg\",\"articleSection\":[\"ACTUALIT\u00c9\",\"Opinion\",\"Couverture sp\u00e9cilale\"],\"inLanguage\":\"ar\",\"potentialAction\":[{\"@type\":\"CommentAction\",\"name\":\"Comment\",\"target\":[\"https:\\\/\\\/lequotidien.mr\\\/?p=13023&lang=fr#respond\"]}]},{\"@type\":\"WebPage\",\"@id\":\"https:\\\/\\\/lequotidien.mr\\\/?p=13023&lang=fr\",\"url\":\"https:\\\/\\\/lequotidien.mr\\\/?p=13023&lang=fr\",\"name\":\"La cacophonie des avocats de la partie civile : Un concert d\u00e9saccord\u00e9 \u00e0 la Cour Criminelle - Le Quotidien de Nouakchott\",\"isPartOf\":{\"@id\":\"https:\\\/\\\/lequotidien.mr\\\/#website\"},\"primaryImageOfPage\":{\"@id\":\"https:\\\/\\\/lequotidien.mr\\\/?p=13023&lang=fr#primaryimage\"},\"image\":{\"@id\":\"https:\\\/\\\/lequotidien.mr\\\/?p=13023&lang=fr#primaryimage\"},\"thumbnailUrl\":\"https:\\\/\\\/lequotidien.mr\\\/wp-content\\\/uploads\\\/2023\\\/10\\\/Palais-de-justice-scaled.jpg\",\"datePublished\":\"2023-10-18T09:52:37+00:00\",\"dateModified\":\"2023-10-18T12:16:42+00:00\",\"breadcrumb\":{\"@id\":\"https:\\\/\\\/lequotidien.mr\\\/?p=13023&lang=fr#breadcrumb\"},\"inLanguage\":\"ar\",\"potentialAction\":[{\"@type\":\"ReadAction\",\"target\":[\"https:\\\/\\\/lequotidien.mr\\\/?p=13023&lang=fr\"]}]},{\"@type\":\"ImageObject\",\"inLanguage\":\"ar\",\"@id\":\"https:\\\/\\\/lequotidien.mr\\\/?p=13023&lang=fr#primaryimage\",\"url\":\"https:\\\/\\\/lequotidien.mr\\\/wp-content\\\/uploads\\\/2023\\\/10\\\/Palais-de-justice-scaled.jpg\",\"contentUrl\":\"https:\\\/\\\/lequotidien.mr\\\/wp-content\\\/uploads\\\/2023\\\/10\\\/Palais-de-justice-scaled.jpg\",\"width\":2560,\"height\":1920},{\"@type\":\"BreadcrumbList\",\"@id\":\"https:\\\/\\\/lequotidien.mr\\\/?p=13023&lang=fr#breadcrumb\",\"itemListElement\":[{\"@type\":\"ListItem\",\"position\":1,\"name\":\"Home\",\"item\":\"https:\\\/\\\/lequotidien.mr\\\/\"},{\"@type\":\"ListItem\",\"position\":2,\"name\":\"La cacophonie des avocats de la partie civile : Un concert d\u00e9saccord\u00e9 \u00e0 la Cour Criminelle\"}]},{\"@type\":\"WebSite\",\"@id\":\"https:\\\/\\\/lequotidien.mr\\\/#website\",\"url\":\"https:\\\/\\\/lequotidien.mr\\\/\",\"name\":\"Le Quotidien de Nouakchott\",\"description\":\"\u0625\u062e\u0628\u0627\u0631\u064a\u0629 \u0645\u0633\u062a\u0642\u0644\u0629 \u0644\u0644\u0623\u0646\u0628\u0627\u0621 \u0627\u0644\u0639\u0627\u0645\u0629\",\"publisher\":{\"@id\":\"https:\\\/\\\/lequotidien.mr\\\/#organization\"},\"potentialAction\":[{\"@type\":\"SearchAction\",\"target\":{\"@type\":\"EntryPoint\",\"urlTemplate\":\"https:\\\/\\\/lequotidien.mr\\\/?s={search_term_string}\"},\"query-input\":{\"@type\":\"PropertyValueSpecification\",\"valueRequired\":true,\"valueName\":\"search_term_string\"}}],\"inLanguage\":\"ar\"},{\"@type\":\"Organization\",\"@id\":\"https:\\\/\\\/lequotidien.mr\\\/#organization\",\"name\":\"Le Quotidien de Nouakchott\",\"url\":\"https:\\\/\\\/lequotidien.mr\\\/\",\"logo\":{\"@type\":\"ImageObject\",\"inLanguage\":\"ar\",\"@id\":\"https:\\\/\\\/lequotidien.mr\\\/#\\\/schema\\\/logo\\\/image\\\/\",\"url\":\"https:\\\/\\\/lequotidien.mr\\\/wp-content\\\/uploads\\\/2022\\\/11\\\/logolequotidien.jpg\",\"contentUrl\":\"https:\\\/\\\/lequotidien.mr\\\/wp-content\\\/uploads\\\/2022\\\/11\\\/logolequotidien.jpg\",\"width\":290,\"height\":65,\"caption\":\"Le Quotidien de Nouakchott\"},\"image\":{\"@id\":\"https:\\\/\\\/lequotidien.mr\\\/#\\\/schema\\\/logo\\\/image\\\/\"},\"sameAs\":[\"https:\\\/\\\/web.facebook.com\\\/lequotidienmr\",\"https:\\\/\\\/x.com\\\/lequotidienmr\"]},{\"@type\":\"Person\",\"@id\":\"https:\\\/\\\/lequotidien.mr\\\/#\\\/schema\\\/person\\\/f90fcdaa970c60288de4ed2e64a56472\",\"name\":\"Le Quotidien\",\"image\":{\"@type\":\"ImageObject\",\"inLanguage\":\"ar\",\"@id\":\"https:\\\/\\\/secure.gravatar.com\\\/avatar\\\/374cb39a1a458a912465a93e5a3ce6546886fc3da809a1f10c63e4e8fcbca30f?s=96&d=mm&r=g\",\"url\":\"https:\\\/\\\/secure.gravatar.com\\\/avatar\\\/374cb39a1a458a912465a93e5a3ce6546886fc3da809a1f10c63e4e8fcbca30f?s=96&d=mm&r=g\",\"contentUrl\":\"https:\\\/\\\/secure.gravatar.com\\\/avatar\\\/374cb39a1a458a912465a93e5a3ce6546886fc3da809a1f10c63e4e8fcbca30f?s=96&d=mm&r=g\",\"caption\":\"Le Quotidien\"},\"sameAs\":[\"https:\\\/\\\/lequotidien.mr\\\/\"],\"url\":\"https:\\\/\\\/lequotidien.mr\\\/?author=4\"}]}<\/script>\n<!-- \/ Yoast SEO plugin. -->","yoast_head_json":{"title":"La cacophonie des avocats de la partie civile : Un concert d\u00e9saccord\u00e9 \u00e0 la Cour Criminelle - Le Quotidien de Nouakchott","robots":{"index":"index","follow":"follow","max-snippet":"max-snippet:-1","max-image-preview":"max-image-preview:large","max-video-preview":"max-video-preview:-1"},"canonical":"https:\/\/lequotidien.mr\/?p=13023&lang=fr","og_locale":"ar_AR","og_type":"article","og_title":"La cacophonie des avocats de la partie civile : Un concert d\u00e9saccord\u00e9 \u00e0 la Cour Criminelle - Le Quotidien de Nouakchott","og_description":"Ce mardi au cours de la s\u00e9ance de la Cour criminelle charg\u00e9e des crimes \u00e9conomiques le public a assist\u00e9 m\u00e9dus\u00e9 \u00e0 un spectacle inattendu lors des plaidoiries de la partie civile du proc\u00e8s de la d\u00e9cennie impliquant l&#8217;ancien pr\u00e9sident Aziz. Au lieu d&#8217;une coordination soign\u00e9e et d&#8217;une plaidoirie coh\u00e9rente, le pool d&#8217;avocats de la partie.....","og_url":"https:\/\/lequotidien.mr\/?p=13023&lang=fr","og_site_name":"Le Quotidien de Nouakchott","article_publisher":"https:\/\/web.facebook.com\/lequotidienmr","article_published_time":"2023-10-18T09:52:37+00:00","article_modified_time":"2023-10-18T12:16:42+00:00","og_image":[{"width":2560,"height":1920,"url":"https:\/\/lequotidien.mr\/wp-content\/uploads\/2023\/10\/Palais-de-justice-scaled.jpg","type":"image\/jpeg"}],"author":"Le Quotidien","twitter_card":"summary_large_image","twitter_creator":"@lequotidienmr","twitter_site":"@lequotidienmr","twitter_misc":{"\u0643\u064f\u062a\u0628 \u0628\u0648\u0627\u0633\u0637\u0629":"Le Quotidien","\u0648\u0642\u062a \u0627\u0644\u0642\u0631\u0627\u0621\u0629 \u0627\u0644\u0645\u064f\u0642\u062f\u0651\u0631":"4 \u062f\u0642\u0627\u0626\u0642"},"schema":{"@context":"https:\/\/schema.org","@graph":[{"@type":"Article","@id":"https:\/\/lequotidien.mr\/?p=13023&lang=fr#article","isPartOf":{"@id":"https:\/\/lequotidien.mr\/?p=13023&lang=fr"},"author":{"name":"Le Quotidien","@id":"https:\/\/lequotidien.mr\/#\/schema\/person\/f90fcdaa970c60288de4ed2e64a56472"},"headline":"La cacophonie des avocats de la partie civile : Un concert d\u00e9saccord\u00e9 \u00e0 la Cour Criminelle","datePublished":"2023-10-18T09:52:37+00:00","dateModified":"2023-10-18T12:16:42+00:00","mainEntityOfPage":{"@id":"https:\/\/lequotidien.mr\/?p=13023&lang=fr"},"wordCount":828,"commentCount":0,"publisher":{"@id":"https:\/\/lequotidien.mr\/#organization"},"image":{"@id":"https:\/\/lequotidien.mr\/?p=13023&lang=fr#primaryimage"},"thumbnailUrl":"https:\/\/lequotidien.mr\/wp-content\/uploads\/2023\/10\/Palais-de-justice-scaled.jpg","articleSection":["ACTUALIT\u00c9","Opinion","Couverture sp\u00e9cilale"],"inLanguage":"ar","potentialAction":[{"@type":"CommentAction","name":"Comment","target":["https:\/\/lequotidien.mr\/?p=13023&lang=fr#respond"]}]},{"@type":"WebPage","@id":"https:\/\/lequotidien.mr\/?p=13023&lang=fr","url":"https:\/\/lequotidien.mr\/?p=13023&lang=fr","name":"La cacophonie des avocats de la partie civile : Un concert d\u00e9saccord\u00e9 \u00e0 la Cour Criminelle - Le Quotidien de Nouakchott","isPartOf":{"@id":"https:\/\/lequotidien.mr\/#website"},"primaryImageOfPage":{"@id":"https:\/\/lequotidien.mr\/?p=13023&lang=fr#primaryimage"},"image":{"@id":"https:\/\/lequotidien.mr\/?p=13023&lang=fr#primaryimage"},"thumbnailUrl":"https:\/\/lequotidien.mr\/wp-content\/uploads\/2023\/10\/Palais-de-justice-scaled.jpg","datePublished":"2023-10-18T09:52:37+00:00","dateModified":"2023-10-18T12:16:42+00:00","breadcrumb":{"@id":"https:\/\/lequotidien.mr\/?p=13023&lang=fr#breadcrumb"},"inLanguage":"ar","potentialAction":[{"@type":"ReadAction","target":["https:\/\/lequotidien.mr\/?p=13023&lang=fr"]}]},{"@type":"ImageObject","inLanguage":"ar","@id":"https:\/\/lequotidien.mr\/?p=13023&lang=fr#primaryimage","url":"https:\/\/lequotidien.mr\/wp-content\/uploads\/2023\/10\/Palais-de-justice-scaled.jpg","contentUrl":"https:\/\/lequotidien.mr\/wp-content\/uploads\/2023\/10\/Palais-de-justice-scaled.jpg","width":2560,"height":1920},{"@type":"BreadcrumbList","@id":"https:\/\/lequotidien.mr\/?p=13023&lang=fr#breadcrumb","itemListElement":[{"@type":"ListItem","position":1,"name":"Home","item":"https:\/\/lequotidien.mr\/"},{"@type":"ListItem","position":2,"name":"La cacophonie des avocats de la partie civile : Un concert d\u00e9saccord\u00e9 \u00e0 la Cour Criminelle"}]},{"@type":"WebSite","@id":"https:\/\/lequotidien.mr\/#website","url":"https:\/\/lequotidien.mr\/","name":"Le Quotidien de Nouakchott","description":"\u0625\u062e\u0628\u0627\u0631\u064a\u0629 \u0645\u0633\u062a\u0642\u0644\u0629 \u0644\u0644\u0623\u0646\u0628\u0627\u0621 \u0627\u0644\u0639\u0627\u0645\u0629","publisher":{"@id":"https:\/\/lequotidien.mr\/#organization"},"potentialAction":[{"@type":"SearchAction","target":{"@type":"EntryPoint","urlTemplate":"https:\/\/lequotidien.mr\/?s={search_term_string}"},"query-input":{"@type":"PropertyValueSpecification","valueRequired":true,"valueName":"search_term_string"}}],"inLanguage":"ar"},{"@type":"Organization","@id":"https:\/\/lequotidien.mr\/#organization","name":"Le Quotidien de Nouakchott","url":"https:\/\/lequotidien.mr\/","logo":{"@type":"ImageObject","inLanguage":"ar","@id":"https:\/\/lequotidien.mr\/#\/schema\/logo\/image\/","url":"https:\/\/lequotidien.mr\/wp-content\/uploads\/2022\/11\/logolequotidien.jpg","contentUrl":"https:\/\/lequotidien.mr\/wp-content\/uploads\/2022\/11\/logolequotidien.jpg","width":290,"height":65,"caption":"Le Quotidien de Nouakchott"},"image":{"@id":"https:\/\/lequotidien.mr\/#\/schema\/logo\/image\/"},"sameAs":["https:\/\/web.facebook.com\/lequotidienmr","https:\/\/x.com\/lequotidienmr"]},{"@type":"Person","@id":"https:\/\/lequotidien.mr\/#\/schema\/person\/f90fcdaa970c60288de4ed2e64a56472","name":"Le Quotidien","image":{"@type":"ImageObject","inLanguage":"ar","@id":"https:\/\/secure.gravatar.com\/avatar\/374cb39a1a458a912465a93e5a3ce6546886fc3da809a1f10c63e4e8fcbca30f?s=96&d=mm&r=g","url":"https:\/\/secure.gravatar.com\/avatar\/374cb39a1a458a912465a93e5a3ce6546886fc3da809a1f10c63e4e8fcbca30f?s=96&d=mm&r=g","contentUrl":"https:\/\/secure.gravatar.com\/avatar\/374cb39a1a458a912465a93e5a3ce6546886fc3da809a1f10c63e4e8fcbca30f?s=96&d=mm&r=g","caption":"Le Quotidien"},"sameAs":["https:\/\/lequotidien.mr\/"],"url":"https:\/\/lequotidien.mr\/?author=4"}]}},"_links":{"self":[{"href":"https:\/\/lequotidien.mr\/index.php?rest_route=\/wp\/v2\/posts\/13023","targetHints":{"allow":["GET"]}}],"collection":[{"href":"https:\/\/lequotidien.mr\/index.php?rest_route=\/wp\/v2\/posts"}],"about":[{"href":"https:\/\/lequotidien.mr\/index.php?rest_route=\/wp\/v2\/types\/post"}],"author":[{"embeddable":true,"href":"https:\/\/lequotidien.mr\/index.php?rest_route=\/wp\/v2\/users\/4"}],"replies":[{"embeddable":true,"href":"https:\/\/lequotidien.mr\/index.php?rest_route=%2Fwp%2Fv2%2Fcomments&post=13023"}],"version-history":[{"count":2,"href":"https:\/\/lequotidien.mr\/index.php?rest_route=\/wp\/v2\/posts\/13023\/revisions"}],"predecessor-version":[{"id":13034,"href":"https:\/\/lequotidien.mr\/index.php?rest_route=\/wp\/v2\/posts\/13023\/revisions\/13034"}],"wp:featuredmedia":[{"embeddable":true,"href":"https:\/\/lequotidien.mr\/index.php?rest_route=\/wp\/v2\/media\/13024"}],"wp:attachment":[{"href":"https:\/\/lequotidien.mr\/index.php?rest_route=%2Fwp%2Fv2%2Fmedia&parent=13023"}],"wp:term":[{"taxonomy":"category","embeddable":true,"href":"https:\/\/lequotidien.mr\/index.php?rest_route=%2Fwp%2Fv2%2Fcategories&post=13023"},{"taxonomy":"post_tag","embeddable":true,"href":"https:\/\/lequotidien.mr\/index.php?rest_route=%2Fwp%2Fv2%2Ftags&post=13023"}],"curies":[{"name":"wp","href":"https:\/\/api.w.org\/{rel}","templated":true}]}}