{"id":1294,"date":"2022-12-10T21:04:14","date_gmt":"2022-12-10T21:04:14","guid":{"rendered":"https:\/\/lequotidien.mr\/?p=1294"},"modified":"2022-12-10T21:04:14","modified_gmt":"2022-12-10T21:04:14","slug":"le-ministere-de-lagriculture-prepare-son-plan-daction-et-evalue-son-action","status":"publish","type":"post","link":"https:\/\/lequotidien.mr\/?p=1294&lang=fr","title":{"rendered":"Le minist\u00e8re de l\u2019agriculture pr\u00e9pare son plan d\u2019action et \u00e9value son action"},"content":{"rendered":"<p>Sahara M\u00e9dias &#8211; Le minist\u00e8re mauritanien de l\u2019agriculture a lanc\u00e9 vendredi des ateliers techniques destin\u00e9s \u00e0 pr\u00e9parer le plan d\u2019action du minist\u00e8re pour 2023 et \u00e9valuer ses r\u00e9alisations.<\/p>\n<p>Le ministre de l\u2019agriculture, Yahya O. Ahmed El Waghef a dit que le secteur de l\u2019agriculture, malgr\u00e9 toutes les difficult\u00e9s est demeur\u00e9 le seul secteur \u00e0 toucher les pr\u00e9occupations et les soucis des citoyens puisqu\u2019il constitue un secteur de souverainet\u00e9 du pays.<\/p>\n<p>Cependant, il existe un st\u00e9r\u00e9otype qui rend ses interventions en dessous du niveau requis pour le destinataire, qui y voit une n\u00e9gligence et une kyrielle de chiffres utopiques destin\u00e9s \u00e0 combler le vide.<\/p>\n<p>Le ministre qui pr\u00e9sidait l\u2019ouverture de ces ateliers \u00e0 Tiguind a dit que pour corriger cette situation il est n\u00e9cessaire d\u2019adopter un comportement appropri\u00e9, r\u00e9aliser des r\u00e9sultats convaincants et concrets et appliquer l\u2019esprit de camaraderie, de solidarit\u00e9 et utiliser rationnellement le temps.<\/p>\n<p>Il a insist\u00e9 sur la n\u00e9cessit\u00e9 de mettre en place une vision claire et juste, suivre l\u2019ex\u00e9cution de pr\u00e8s la mise en \u0153uvre, faire preuve de tol\u00e9rance et de critiques constructives, soulignant que le travail du secteur est participatif et transparent.<\/p>\n<p>Ould Ahmed El Waghef a encore dit que ces ateliers sont destin\u00e9s \u00e0 d\u00e9terminer les \u00e9checs, \u00e9viter leur r\u00e9p\u00e9tition, \u00e9valuer le rendement de l\u2019administration afin de baliser la route vers un avenir saint, et de d\u00e9finir le plan d\u2019action du minist\u00e8re pour 2023, pour qu\u2019il constitue une preuve d\u2019une prise d\u2019int\u00e9r\u00eat pour les pr\u00e9visions en plus d\u2019une flexibilit\u00e9.<\/p>\n","protected":false},"excerpt":{"rendered":"<p>Sahara M\u00e9dias &#8211; Le minist\u00e8re mauritanien de l\u2019agriculture a lanc\u00e9 vendredi des ateliers techniques destin\u00e9s \u00e0 pr\u00e9parer le plan d\u2019action du minist\u00e8re pour 2023 et \u00e9valuer ses r\u00e9alisations. Le ministre de l\u2019agriculture, Yahya O. Ahmed El Waghef a dit que le secteur de l\u2019agriculture, malgr\u00e9 toutes les difficult\u00e9s est demeur\u00e9 le seul secteur \u00e0 toucher&#8230;..<\/p>\n","protected":false},"author":5,"featured_media":1295,"comment_status":"open","ping_status":"open","sticky":false,"template":"","format":"standard","meta":{"footnotes":""},"categories":[23,49],"tags":[],"class_list":["post-1294","post","type-post","status-publish","format-standard","has-post-thumbnail","hentry","category-actualite","category-economie"],"yoast_head":"<!-- This site is optimized with the Yoast SEO plugin v27.5 - https:\/\/yoast.com\/product\/yoast-seo-wordpress\/ -->\n<title>Le minist\u00e8re de l\u2019agriculture pr\u00e9pare son plan d\u2019action et \u00e9value son action - Le Quotidien de Nouakchott<\/title>\n<meta name=\"robots\" content=\"index, follow, max-snippet:-1, max-image-preview:large, max-video-preview:-1\" \/>\n<link rel=\"canonical\" href=\"https:\/\/lequotidien.mr\/?p=1294&lang=fr\" \/>\n<meta property=\"og:locale\" content=\"ar_AR\" \/>\n<meta property=\"og:type\" content=\"article\" \/>\n<meta property=\"og:title\" content=\"Le minist\u00e8re de l\u2019agriculture pr\u00e9pare son plan d\u2019action et \u00e9value son action - Le Quotidien de Nouakchott\" \/>\n<meta property=\"og:description\" content=\"Sahara M\u00e9dias &#8211; Le minist\u00e8re mauritanien de l\u2019agriculture a lanc\u00e9 vendredi des ateliers techniques destin\u00e9s \u00e0 pr\u00e9parer le plan d\u2019action du minist\u00e8re pour 2023 et \u00e9valuer ses r\u00e9alisations. Le ministre de l\u2019agriculture, Yahya O. Ahmed El Waghef a dit que le secteur de l\u2019agriculture, malgr\u00e9 toutes les difficult\u00e9s est demeur\u00e9 le seul secteur \u00e0 toucher.....\" \/>\n<meta property=\"og:url\" content=\"https:\/\/lequotidien.mr\/?p=1294&amp;lang=fr\" \/>\n<meta property=\"og:site_name\" content=\"Le Quotidien de Nouakchott\" \/>\n<meta property=\"article:publisher\" content=\"https:\/\/web.facebook.com\/lequotidienmr\" \/>\n<meta property=\"article:published_time\" content=\"2022-12-10T21:04:14+00:00\" \/>\n<meta property=\"og:image\" content=\"https:\/\/lequotidien.mr\/wp-content\/uploads\/2022\/12\/ould_waghfa_ao_691.jpg\" \/>\n\t<meta property=\"og:image:width\" content=\"300\" \/>\n\t<meta property=\"og:image:height\" content=\"200\" \/>\n\t<meta property=\"og:image:type\" content=\"image\/jpeg\" \/>\n<meta name=\"author\" content=\"Gayi Diawara\" \/>\n<meta name=\"twitter:card\" content=\"summary_large_image\" \/>\n<meta name=\"twitter:creator\" content=\"@lequotidienmr\" \/>\n<meta name=\"twitter:site\" content=\"@lequotidienmr\" \/>\n<meta name=\"twitter:label1\" content=\"\u0643\u064f\u062a\u0628 \u0628\u0648\u0627\u0633\u0637\u0629\" \/>\n\t<meta name=\"twitter:data1\" content=\"Gayi Diawara\" \/>\n\t<meta name=\"twitter:label2\" content=\"\u0648\u0642\u062a \u0627\u0644\u0642\u0631\u0627\u0621\u0629 \u0627\u0644\u0645\u064f\u0642\u062f\u0651\u0631\" \/>\n\t<meta name=\"twitter:data2\" content=\"\u062f\u0642\u064a\u0642\u062a\u0627\u0646\" \/>\n<script type=\"application\/ld+json\" class=\"yoast-schema-graph\">{\"@context\":\"https:\\\/\\\/schema.org\",\"@graph\":[{\"@type\":\"Article\",\"@id\":\"https:\\\/\\\/lequotidien.mr\\\/?p=1294&lang=fr#article\",\"isPartOf\":{\"@id\":\"https:\\\/\\\/lequotidien.mr\\\/?p=1294&lang=fr\"},\"author\":{\"name\":\"Gayi Diawara\",\"@id\":\"https:\\\/\\\/lequotidien.mr\\\/#\\\/schema\\\/person\\\/1077c8abd5640a6514b909318d271dee\"},\"headline\":\"Le minist\u00e8re de l\u2019agriculture pr\u00e9pare son plan d\u2019action et \u00e9value son action\",\"datePublished\":\"2022-12-10T21:04:14+00:00\",\"mainEntityOfPage\":{\"@id\":\"https:\\\/\\\/lequotidien.mr\\\/?p=1294&lang=fr\"},\"wordCount\":297,\"commentCount\":0,\"publisher\":{\"@id\":\"https:\\\/\\\/lequotidien.mr\\\/#organization\"},\"image\":{\"@id\":\"https:\\\/\\\/lequotidien.mr\\\/?p=1294&lang=fr#primaryimage\"},\"thumbnailUrl\":\"https:\\\/\\\/lequotidien.mr\\\/wp-content\\\/uploads\\\/2022\\\/12\\\/ould_waghfa_ao_691.jpg\",\"articleSection\":[\"ACTUALIT\u00c9\",\"Economie\"],\"inLanguage\":\"ar\",\"potentialAction\":[{\"@type\":\"CommentAction\",\"name\":\"Comment\",\"target\":[\"https:\\\/\\\/lequotidien.mr\\\/?p=1294&lang=fr#respond\"]}]},{\"@type\":\"WebPage\",\"@id\":\"https:\\\/\\\/lequotidien.mr\\\/?p=1294&lang=fr\",\"url\":\"https:\\\/\\\/lequotidien.mr\\\/?p=1294&lang=fr\",\"name\":\"Le minist\u00e8re de l\u2019agriculture pr\u00e9pare son plan d\u2019action et \u00e9value son action - Le Quotidien de Nouakchott\",\"isPartOf\":{\"@id\":\"https:\\\/\\\/lequotidien.mr\\\/#website\"},\"primaryImageOfPage\":{\"@id\":\"https:\\\/\\\/lequotidien.mr\\\/?p=1294&lang=fr#primaryimage\"},\"image\":{\"@id\":\"https:\\\/\\\/lequotidien.mr\\\/?p=1294&lang=fr#primaryimage\"},\"thumbnailUrl\":\"https:\\\/\\\/lequotidien.mr\\\/wp-content\\\/uploads\\\/2022\\\/12\\\/ould_waghfa_ao_691.jpg\",\"datePublished\":\"2022-12-10T21:04:14+00:00\",\"breadcrumb\":{\"@id\":\"https:\\\/\\\/lequotidien.mr\\\/?p=1294&lang=fr#breadcrumb\"},\"inLanguage\":\"ar\",\"potentialAction\":[{\"@type\":\"ReadAction\",\"target\":[\"https:\\\/\\\/lequotidien.mr\\\/?p=1294&lang=fr\"]}]},{\"@type\":\"ImageObject\",\"inLanguage\":\"ar\",\"@id\":\"https:\\\/\\\/lequotidien.mr\\\/?p=1294&lang=fr#primaryimage\",\"url\":\"https:\\\/\\\/lequotidien.mr\\\/wp-content\\\/uploads\\\/2022\\\/12\\\/ould_waghfa_ao_691.jpg\",\"contentUrl\":\"https:\\\/\\\/lequotidien.mr\\\/wp-content\\\/uploads\\\/2022\\\/12\\\/ould_waghfa_ao_691.jpg\",\"width\":300,\"height\":200},{\"@type\":\"BreadcrumbList\",\"@id\":\"https:\\\/\\\/lequotidien.mr\\\/?p=1294&lang=fr#breadcrumb\",\"itemListElement\":[{\"@type\":\"ListItem\",\"position\":1,\"name\":\"Home\",\"item\":\"https:\\\/\\\/lequotidien.mr\\\/\"},{\"@type\":\"ListItem\",\"position\":2,\"name\":\"Le minist\u00e8re de l\u2019agriculture pr\u00e9pare son plan d\u2019action et \u00e9value son action\"}]},{\"@type\":\"WebSite\",\"@id\":\"https:\\\/\\\/lequotidien.mr\\\/#website\",\"url\":\"https:\\\/\\\/lequotidien.mr\\\/\",\"name\":\"Le Quotidien de Nouakchott\",\"description\":\"\u0625\u062e\u0628\u0627\u0631\u064a\u0629 \u0645\u0633\u062a\u0642\u0644\u0629 \u0644\u0644\u0623\u0646\u0628\u0627\u0621 \u0627\u0644\u0639\u0627\u0645\u0629\",\"publisher\":{\"@id\":\"https:\\\/\\\/lequotidien.mr\\\/#organization\"},\"potentialAction\":[{\"@type\":\"SearchAction\",\"target\":{\"@type\":\"EntryPoint\",\"urlTemplate\":\"https:\\\/\\\/lequotidien.mr\\\/?s={search_term_string}\"},\"query-input\":{\"@type\":\"PropertyValueSpecification\",\"valueRequired\":true,\"valueName\":\"search_term_string\"}}],\"inLanguage\":\"ar\"},{\"@type\":\"Organization\",\"@id\":\"https:\\\/\\\/lequotidien.mr\\\/#organization\",\"name\":\"Le Quotidien de Nouakchott\",\"url\":\"https:\\\/\\\/lequotidien.mr\\\/\",\"logo\":{\"@type\":\"ImageObject\",\"inLanguage\":\"ar\",\"@id\":\"https:\\\/\\\/lequotidien.mr\\\/#\\\/schema\\\/logo\\\/image\\\/\",\"url\":\"https:\\\/\\\/lequotidien.mr\\\/wp-content\\\/uploads\\\/2022\\\/11\\\/logolequotidien.jpg\",\"contentUrl\":\"https:\\\/\\\/lequotidien.mr\\\/wp-content\\\/uploads\\\/2022\\\/11\\\/logolequotidien.jpg\",\"width\":290,\"height\":65,\"caption\":\"Le Quotidien de Nouakchott\"},\"image\":{\"@id\":\"https:\\\/\\\/lequotidien.mr\\\/#\\\/schema\\\/logo\\\/image\\\/\"},\"sameAs\":[\"https:\\\/\\\/web.facebook.com\\\/lequotidienmr\",\"https:\\\/\\\/x.com\\\/lequotidienmr\"]},{\"@type\":\"Person\",\"@id\":\"https:\\\/\\\/lequotidien.mr\\\/#\\\/schema\\\/person\\\/1077c8abd5640a6514b909318d271dee\",\"name\":\"Gayi Diawara\",\"image\":{\"@type\":\"ImageObject\",\"inLanguage\":\"ar\",\"@id\":\"https:\\\/\\\/secure.gravatar.com\\\/avatar\\\/63ea8db1e19a6d2d608b24c0f78b5f3a7d6e0bc11959fec273410af333e4d0ac?s=96&d=mm&r=g\",\"url\":\"https:\\\/\\\/secure.gravatar.com\\\/avatar\\\/63ea8db1e19a6d2d608b24c0f78b5f3a7d6e0bc11959fec273410af333e4d0ac?s=96&d=mm&r=g\",\"contentUrl\":\"https:\\\/\\\/secure.gravatar.com\\\/avatar\\\/63ea8db1e19a6d2d608b24c0f78b5f3a7d6e0bc11959fec273410af333e4d0ac?s=96&d=mm&r=g\",\"caption\":\"Gayi Diawara\"},\"sameAs\":[\"http:\\\/\\\/lequotidien.mr\"],\"url\":\"https:\\\/\\\/lequotidien.mr\\\/?author=5\"}]}<\/script>\n<!-- \/ Yoast SEO plugin. -->","yoast_head_json":{"title":"Le minist\u00e8re de l\u2019agriculture pr\u00e9pare son plan d\u2019action et \u00e9value son action - Le Quotidien de Nouakchott","robots":{"index":"index","follow":"follow","max-snippet":"max-snippet:-1","max-image-preview":"max-image-preview:large","max-video-preview":"max-video-preview:-1"},"canonical":"https:\/\/lequotidien.mr\/?p=1294&lang=fr","og_locale":"ar_AR","og_type":"article","og_title":"Le minist\u00e8re de l\u2019agriculture pr\u00e9pare son plan d\u2019action et \u00e9value son action - Le Quotidien de Nouakchott","og_description":"Sahara M\u00e9dias &#8211; Le minist\u00e8re mauritanien de l\u2019agriculture a lanc\u00e9 vendredi des ateliers techniques destin\u00e9s \u00e0 pr\u00e9parer le plan d\u2019action du minist\u00e8re pour 2023 et \u00e9valuer ses r\u00e9alisations. Le ministre de l\u2019agriculture, Yahya O. Ahmed El Waghef a dit que le secteur de l\u2019agriculture, malgr\u00e9 toutes les difficult\u00e9s est demeur\u00e9 le seul secteur \u00e0 toucher.....","og_url":"https:\/\/lequotidien.mr\/?p=1294&lang=fr","og_site_name":"Le Quotidien de Nouakchott","article_publisher":"https:\/\/web.facebook.com\/lequotidienmr","article_published_time":"2022-12-10T21:04:14+00:00","og_image":[{"width":300,"height":200,"url":"https:\/\/lequotidien.mr\/wp-content\/uploads\/2022\/12\/ould_waghfa_ao_691.jpg","type":"image\/jpeg"}],"author":"Gayi Diawara","twitter_card":"summary_large_image","twitter_creator":"@lequotidienmr","twitter_site":"@lequotidienmr","twitter_misc":{"\u0643\u064f\u062a\u0628 \u0628\u0648\u0627\u0633\u0637\u0629":"Gayi Diawara","\u0648\u0642\u062a \u0627\u0644\u0642\u0631\u0627\u0621\u0629 \u0627\u0644\u0645\u064f\u0642\u062f\u0651\u0631":"\u062f\u0642\u064a\u0642\u062a\u0627\u0646"},"schema":{"@context":"https:\/\/schema.org","@graph":[{"@type":"Article","@id":"https:\/\/lequotidien.mr\/?p=1294&lang=fr#article","isPartOf":{"@id":"https:\/\/lequotidien.mr\/?p=1294&lang=fr"},"author":{"name":"Gayi Diawara","@id":"https:\/\/lequotidien.mr\/#\/schema\/person\/1077c8abd5640a6514b909318d271dee"},"headline":"Le minist\u00e8re de l\u2019agriculture pr\u00e9pare son plan d\u2019action et \u00e9value son action","datePublished":"2022-12-10T21:04:14+00:00","mainEntityOfPage":{"@id":"https:\/\/lequotidien.mr\/?p=1294&lang=fr"},"wordCount":297,"commentCount":0,"publisher":{"@id":"https:\/\/lequotidien.mr\/#organization"},"image":{"@id":"https:\/\/lequotidien.mr\/?p=1294&lang=fr#primaryimage"},"thumbnailUrl":"https:\/\/lequotidien.mr\/wp-content\/uploads\/2022\/12\/ould_waghfa_ao_691.jpg","articleSection":["ACTUALIT\u00c9","Economie"],"inLanguage":"ar","potentialAction":[{"@type":"CommentAction","name":"Comment","target":["https:\/\/lequotidien.mr\/?p=1294&lang=fr#respond"]}]},{"@type":"WebPage","@id":"https:\/\/lequotidien.mr\/?p=1294&lang=fr","url":"https:\/\/lequotidien.mr\/?p=1294&lang=fr","name":"Le minist\u00e8re de l\u2019agriculture pr\u00e9pare son plan d\u2019action et \u00e9value son action - Le Quotidien de Nouakchott","isPartOf":{"@id":"https:\/\/lequotidien.mr\/#website"},"primaryImageOfPage":{"@id":"https:\/\/lequotidien.mr\/?p=1294&lang=fr#primaryimage"},"image":{"@id":"https:\/\/lequotidien.mr\/?p=1294&lang=fr#primaryimage"},"thumbnailUrl":"https:\/\/lequotidien.mr\/wp-content\/uploads\/2022\/12\/ould_waghfa_ao_691.jpg","datePublished":"2022-12-10T21:04:14+00:00","breadcrumb":{"@id":"https:\/\/lequotidien.mr\/?p=1294&lang=fr#breadcrumb"},"inLanguage":"ar","potentialAction":[{"@type":"ReadAction","target":["https:\/\/lequotidien.mr\/?p=1294&lang=fr"]}]},{"@type":"ImageObject","inLanguage":"ar","@id":"https:\/\/lequotidien.mr\/?p=1294&lang=fr#primaryimage","url":"https:\/\/lequotidien.mr\/wp-content\/uploads\/2022\/12\/ould_waghfa_ao_691.jpg","contentUrl":"https:\/\/lequotidien.mr\/wp-content\/uploads\/2022\/12\/ould_waghfa_ao_691.jpg","width":300,"height":200},{"@type":"BreadcrumbList","@id":"https:\/\/lequotidien.mr\/?p=1294&lang=fr#breadcrumb","itemListElement":[{"@type":"ListItem","position":1,"name":"Home","item":"https:\/\/lequotidien.mr\/"},{"@type":"ListItem","position":2,"name":"Le minist\u00e8re de l\u2019agriculture pr\u00e9pare son plan d\u2019action et \u00e9value son action"}]},{"@type":"WebSite","@id":"https:\/\/lequotidien.mr\/#website","url":"https:\/\/lequotidien.mr\/","name":"Le Quotidien de Nouakchott","description":"\u0625\u062e\u0628\u0627\u0631\u064a\u0629 \u0645\u0633\u062a\u0642\u0644\u0629 \u0644\u0644\u0623\u0646\u0628\u0627\u0621 \u0627\u0644\u0639\u0627\u0645\u0629","publisher":{"@id":"https:\/\/lequotidien.mr\/#organization"},"potentialAction":[{"@type":"SearchAction","target":{"@type":"EntryPoint","urlTemplate":"https:\/\/lequotidien.mr\/?s={search_term_string}"},"query-input":{"@type":"PropertyValueSpecification","valueRequired":true,"valueName":"search_term_string"}}],"inLanguage":"ar"},{"@type":"Organization","@id":"https:\/\/lequotidien.mr\/#organization","name":"Le Quotidien de Nouakchott","url":"https:\/\/lequotidien.mr\/","logo":{"@type":"ImageObject","inLanguage":"ar","@id":"https:\/\/lequotidien.mr\/#\/schema\/logo\/image\/","url":"https:\/\/lequotidien.mr\/wp-content\/uploads\/2022\/11\/logolequotidien.jpg","contentUrl":"https:\/\/lequotidien.mr\/wp-content\/uploads\/2022\/11\/logolequotidien.jpg","width":290,"height":65,"caption":"Le Quotidien de Nouakchott"},"image":{"@id":"https:\/\/lequotidien.mr\/#\/schema\/logo\/image\/"},"sameAs":["https:\/\/web.facebook.com\/lequotidienmr","https:\/\/x.com\/lequotidienmr"]},{"@type":"Person","@id":"https:\/\/lequotidien.mr\/#\/schema\/person\/1077c8abd5640a6514b909318d271dee","name":"Gayi Diawara","image":{"@type":"ImageObject","inLanguage":"ar","@id":"https:\/\/secure.gravatar.com\/avatar\/63ea8db1e19a6d2d608b24c0f78b5f3a7d6e0bc11959fec273410af333e4d0ac?s=96&d=mm&r=g","url":"https:\/\/secure.gravatar.com\/avatar\/63ea8db1e19a6d2d608b24c0f78b5f3a7d6e0bc11959fec273410af333e4d0ac?s=96&d=mm&r=g","contentUrl":"https:\/\/secure.gravatar.com\/avatar\/63ea8db1e19a6d2d608b24c0f78b5f3a7d6e0bc11959fec273410af333e4d0ac?s=96&d=mm&r=g","caption":"Gayi Diawara"},"sameAs":["http:\/\/lequotidien.mr"],"url":"https:\/\/lequotidien.mr\/?author=5"}]}},"_links":{"self":[{"href":"https:\/\/lequotidien.mr\/index.php?rest_route=\/wp\/v2\/posts\/1294","targetHints":{"allow":["GET"]}}],"collection":[{"href":"https:\/\/lequotidien.mr\/index.php?rest_route=\/wp\/v2\/posts"}],"about":[{"href":"https:\/\/lequotidien.mr\/index.php?rest_route=\/wp\/v2\/types\/post"}],"author":[{"embeddable":true,"href":"https:\/\/lequotidien.mr\/index.php?rest_route=\/wp\/v2\/users\/5"}],"replies":[{"embeddable":true,"href":"https:\/\/lequotidien.mr\/index.php?rest_route=%2Fwp%2Fv2%2Fcomments&post=1294"}],"version-history":[{"count":1,"href":"https:\/\/lequotidien.mr\/index.php?rest_route=\/wp\/v2\/posts\/1294\/revisions"}],"predecessor-version":[{"id":1296,"href":"https:\/\/lequotidien.mr\/index.php?rest_route=\/wp\/v2\/posts\/1294\/revisions\/1296"}],"wp:featuredmedia":[{"embeddable":true,"href":"https:\/\/lequotidien.mr\/index.php?rest_route=\/wp\/v2\/media\/1295"}],"wp:attachment":[{"href":"https:\/\/lequotidien.mr\/index.php?rest_route=%2Fwp%2Fv2%2Fmedia&parent=1294"}],"wp:term":[{"taxonomy":"category","embeddable":true,"href":"https:\/\/lequotidien.mr\/index.php?rest_route=%2Fwp%2Fv2%2Fcategories&post=1294"},{"taxonomy":"post_tag","embeddable":true,"href":"https:\/\/lequotidien.mr\/index.php?rest_route=%2Fwp%2Fv2%2Ftags&post=1294"}],"curies":[{"name":"wp","href":"https:\/\/api.w.org\/{rel}","templated":true}]}}