{"id":12721,"date":"2023-10-05T21:06:05","date_gmt":"2023-10-05T21:06:05","guid":{"rendered":"https:\/\/lequotidien.mr\/?p=12721"},"modified":"2023-10-05T21:06:05","modified_gmt":"2023-10-05T21:06:05","slug":"signature-dun-accord-de-subvention-de-12-millions-de-dollars-entre-la-mauritanie-et-les-etats-unis","status":"publish","type":"post","link":"https:\/\/lequotidien.mr\/?p=12721&lang=fr","title":{"rendered":"Signature d&#8217;un accord de subvention de 12 millions de dollars entre la Mauritanie et les \u00c9tats-Unis"},"content":{"rendered":"<p>Le ministre de l&#8217;\u00c9conomie et du D\u00e9veloppement Durable, Abdel Salam Ould Mohamed Saleh, a sign\u00e9 jeudi soir, avec Cynthia Kirsch, l&#8217;ambassadrice des \u00c9tats-Unis en Mauritanie, accompagn\u00e9e de la directrice de l&#8217;Agence am\u00e9ricaine pour le d\u00e9veloppement international \u00e0 Nouakchott, le treizi\u00e8me amendement \u00e0 l&#8217;accord d&#8217;assistance sign\u00e9 le 6 septembre 2016.<\/p>\n<p>Ce financement accord\u00e9 par l&#8217;Agence am\u00e9ricaine pour la coop\u00e9ration internationale s&#8217;\u00e9l\u00e8ve \u00e0 douze millions cent cinquante-neuf mille six cent quatre-vingt-deux (12 159 682) dollars am\u00e9ricains, soit environ quatre cent soixante-deux millions (462 000 000) de nouvelles ouguiyas.<\/p>\n<p>Le ministre de l&#8217;\u00c9conomie et du D\u00e9veloppement Durable, Abdel Salam Ould Mohamed Saleh, a d\u00e9clar\u00e9 lors de la c\u00e9r\u00e9monie de signature que ce financement vise \u00e0 cr\u00e9er davantage d&#8217;opportunit\u00e9s \u00e9conomiques pour les jeunes et \u00e0 soutenir leurs capacit\u00e9s en mati\u00e8re d&#8217;engagement civique et de leadership. Il contribuera \u00e9galement \u00e0 am\u00e9liorer l&#8217;acc\u00e8s aux services de sant\u00e9 reproductive et \u00e0 soutenir le d\u00e9veloppement des secteurs de l&#8217;\u00e9levage et de l&#8217;agriculture.<\/p>\n<p>Le ministre mauritanien a pr\u00e9cis\u00e9 qu&#8217;une partie de ce soutien sera dirig\u00e9e vers diverses activit\u00e9s dans les secteurs agricole et pastoral, ainsi que la s\u00e9curit\u00e9 alimentaire, en soutenant le plan d&#8217;action pour le d\u00e9veloppement de l&#8217;\u00e9levage et de l&#8217;agriculture, et en multipliant la production animale de haute qualit\u00e9 pour contribuer \u00e0 r\u00e9duire l&#8217;ins\u00e9curit\u00e9 alimentaire, en plus de la lutte contre la traite des \u00eatres humains.<\/p>\n<p>Il a ajout\u00e9 que la cr\u00e9ation d&#8217;opportunit\u00e9s \u00e9conomiques pour les jeunes est une question urgente, compte tenu du contexte mondial et r\u00e9gional tr\u00e8s sensible, qui comporte d&#8217;\u00e9normes risques, notamment la tentation de la drogue et le terrorisme. Ces d\u00e9fis sont transcontinentaux et n\u00e9cessitent une collaboration \u00e9troite, ce qui est \u00abrefl\u00e9t\u00e9 aujourd&#8217;hui par cette signature\u00bb, a-t-il conclu.<\/p>\n<p>D&#8217;autre part, l&#8217;ambassadrice am\u00e9ricaine a pass\u00e9 en revue lors de la c\u00e9r\u00e9monie de signature les diff\u00e9rentes formes de soutien que l&#8217;Agence am\u00e9ricaine fournit \u00e0 la Mauritanie, soulignant l&#8217;importance de cette coop\u00e9ration pour renforcer les relations entre les deux pays.<\/p>\n","protected":false},"excerpt":{"rendered":"<p>Le ministre de l&#8217;\u00c9conomie et du D\u00e9veloppement Durable, Abdel Salam Ould Mohamed Saleh, a sign\u00e9 jeudi soir, avec Cynthia Kirsch, l&#8217;ambassadrice des \u00c9tats-Unis en Mauritanie, accompagn\u00e9e de la directrice de l&#8217;Agence am\u00e9ricaine pour le d\u00e9veloppement international \u00e0 Nouakchott, le treizi\u00e8me amendement \u00e0 l&#8217;accord d&#8217;assistance sign\u00e9 le 6 septembre 2016. Ce financement accord\u00e9 par l&#8217;Agence am\u00e9ricaine&#8230;..<\/p>\n","protected":false},"author":3,"featured_media":12722,"comment_status":"open","ping_status":"open","sticky":false,"template":"","format":"standard","meta":{"footnotes":""},"categories":[23,49],"tags":[],"class_list":["post-12721","post","type-post","status-publish","format-standard","has-post-thumbnail","hentry","category-actualite","category-economie"],"yoast_head":"<!-- This site is optimized with the Yoast SEO plugin v27.5 - https:\/\/yoast.com\/product\/yoast-seo-wordpress\/ -->\n<title>Signature d&#039;un accord de subvention de 12 millions de dollars entre la Mauritanie et les \u00c9tats-Unis - Le Quotidien de Nouakchott<\/title>\n<meta name=\"robots\" content=\"index, follow, max-snippet:-1, max-image-preview:large, max-video-preview:-1\" \/>\n<link rel=\"canonical\" href=\"https:\/\/lequotidien.mr\/?p=12721&lang=fr\" \/>\n<meta property=\"og:locale\" content=\"ar_AR\" \/>\n<meta property=\"og:type\" content=\"article\" \/>\n<meta property=\"og:title\" content=\"Signature d&#039;un accord de subvention de 12 millions de dollars entre la Mauritanie et les \u00c9tats-Unis - Le Quotidien de Nouakchott\" \/>\n<meta property=\"og:description\" content=\"Le ministre de l&#8217;\u00c9conomie et du D\u00e9veloppement Durable, Abdel Salam Ould Mohamed Saleh, a sign\u00e9 jeudi soir, avec Cynthia Kirsch, l&#8217;ambassadrice des \u00c9tats-Unis en Mauritanie, accompagn\u00e9e de la directrice de l&#8217;Agence am\u00e9ricaine pour le d\u00e9veloppement international \u00e0 Nouakchott, le treizi\u00e8me amendement \u00e0 l&#8217;accord d&#8217;assistance sign\u00e9 le 6 septembre 2016. Ce financement accord\u00e9 par l&#8217;Agence am\u00e9ricaine.....\" \/>\n<meta property=\"og:url\" content=\"https:\/\/lequotidien.mr\/?p=12721&amp;lang=fr\" \/>\n<meta property=\"og:site_name\" content=\"Le Quotidien de Nouakchott\" \/>\n<meta property=\"article:publisher\" content=\"https:\/\/web.facebook.com\/lequotidienmr\" \/>\n<meta property=\"article:author\" content=\"https:\/\/web.facebook.com\/a.mleiwih\" \/>\n<meta property=\"article:published_time\" content=\"2023-10-05T21:06:05+00:00\" \/>\n<meta property=\"og:image\" content=\"https:\/\/lequotidien.mr\/wp-content\/uploads\/2023\/10\/\u0645\u0646\u062d\u0629.jpeg\" \/>\n\t<meta property=\"og:image:width\" content=\"1000\" \/>\n\t<meta property=\"og:image:height\" content=\"750\" \/>\n\t<meta property=\"og:image:type\" content=\"image\/jpeg\" \/>\n<meta name=\"author\" content=\"Alioun M&#039;leiwih\" \/>\n<meta name=\"twitter:card\" content=\"summary_large_image\" \/>\n<meta name=\"twitter:creator\" content=\"@lequotidienmr\" \/>\n<meta name=\"twitter:site\" content=\"@lequotidienmr\" \/>\n<meta name=\"twitter:label1\" content=\"\u0643\u064f\u062a\u0628 \u0628\u0648\u0627\u0633\u0637\u0629\" \/>\n\t<meta name=\"twitter:data1\" content=\"Alioun M&#039;leiwih\" \/>\n\t<meta name=\"twitter:label2\" content=\"\u0648\u0642\u062a \u0627\u0644\u0642\u0631\u0627\u0621\u0629 \u0627\u0644\u0645\u064f\u0642\u062f\u0651\u0631\" \/>\n\t<meta name=\"twitter:data2\" content=\"\u062f\u0642\u064a\u0642\u062a\u0627\u0646\" \/>\n<script type=\"application\/ld+json\" class=\"yoast-schema-graph\">{\"@context\":\"https:\\\/\\\/schema.org\",\"@graph\":[{\"@type\":\"Article\",\"@id\":\"https:\\\/\\\/lequotidien.mr\\\/?p=12721&lang=fr#article\",\"isPartOf\":{\"@id\":\"https:\\\/\\\/lequotidien.mr\\\/?p=12721&lang=fr\"},\"author\":{\"name\":\"Alioun M'leiwih\",\"@id\":\"https:\\\/\\\/lequotidien.mr\\\/#\\\/schema\\\/person\\\/69d1518c74c9137087929a20b1272cb0\"},\"headline\":\"Signature d&#8217;un accord de subvention de 12 millions de dollars entre la Mauritanie et les \u00c9tats-Unis\",\"datePublished\":\"2023-10-05T21:06:05+00:00\",\"mainEntityOfPage\":{\"@id\":\"https:\\\/\\\/lequotidien.mr\\\/?p=12721&lang=fr\"},\"wordCount\":378,\"commentCount\":0,\"publisher\":{\"@id\":\"https:\\\/\\\/lequotidien.mr\\\/#organization\"},\"image\":{\"@id\":\"https:\\\/\\\/lequotidien.mr\\\/?p=12721&lang=fr#primaryimage\"},\"thumbnailUrl\":\"https:\\\/\\\/lequotidien.mr\\\/wp-content\\\/uploads\\\/2023\\\/10\\\/\u0645\u0646\u062d\u0629.jpeg\",\"articleSection\":[\"ACTUALIT\u00c9\",\"Economie\"],\"inLanguage\":\"ar\",\"potentialAction\":[{\"@type\":\"CommentAction\",\"name\":\"Comment\",\"target\":[\"https:\\\/\\\/lequotidien.mr\\\/?p=12721&lang=fr#respond\"]}]},{\"@type\":\"WebPage\",\"@id\":\"https:\\\/\\\/lequotidien.mr\\\/?p=12721&lang=fr\",\"url\":\"https:\\\/\\\/lequotidien.mr\\\/?p=12721&lang=fr\",\"name\":\"Signature d'un accord de subvention de 12 millions de dollars entre la Mauritanie et les \u00c9tats-Unis - Le Quotidien de Nouakchott\",\"isPartOf\":{\"@id\":\"https:\\\/\\\/lequotidien.mr\\\/#website\"},\"primaryImageOfPage\":{\"@id\":\"https:\\\/\\\/lequotidien.mr\\\/?p=12721&lang=fr#primaryimage\"},\"image\":{\"@id\":\"https:\\\/\\\/lequotidien.mr\\\/?p=12721&lang=fr#primaryimage\"},\"thumbnailUrl\":\"https:\\\/\\\/lequotidien.mr\\\/wp-content\\\/uploads\\\/2023\\\/10\\\/\u0645\u0646\u062d\u0629.jpeg\",\"datePublished\":\"2023-10-05T21:06:05+00:00\",\"breadcrumb\":{\"@id\":\"https:\\\/\\\/lequotidien.mr\\\/?p=12721&lang=fr#breadcrumb\"},\"inLanguage\":\"ar\",\"potentialAction\":[{\"@type\":\"ReadAction\",\"target\":[\"https:\\\/\\\/lequotidien.mr\\\/?p=12721&lang=fr\"]}]},{\"@type\":\"ImageObject\",\"inLanguage\":\"ar\",\"@id\":\"https:\\\/\\\/lequotidien.mr\\\/?p=12721&lang=fr#primaryimage\",\"url\":\"https:\\\/\\\/lequotidien.mr\\\/wp-content\\\/uploads\\\/2023\\\/10\\\/\u0645\u0646\u062d\u0629.jpeg\",\"contentUrl\":\"https:\\\/\\\/lequotidien.mr\\\/wp-content\\\/uploads\\\/2023\\\/10\\\/\u0645\u0646\u062d\u0629.jpeg\",\"width\":1000,\"height\":750},{\"@type\":\"BreadcrumbList\",\"@id\":\"https:\\\/\\\/lequotidien.mr\\\/?p=12721&lang=fr#breadcrumb\",\"itemListElement\":[{\"@type\":\"ListItem\",\"position\":1,\"name\":\"Home\",\"item\":\"https:\\\/\\\/lequotidien.mr\\\/\"},{\"@type\":\"ListItem\",\"position\":2,\"name\":\"Signature d&#8217;un accord de subvention de 12 millions de dollars entre la Mauritanie et les \u00c9tats-Unis\"}]},{\"@type\":\"WebSite\",\"@id\":\"https:\\\/\\\/lequotidien.mr\\\/#website\",\"url\":\"https:\\\/\\\/lequotidien.mr\\\/\",\"name\":\"Le Quotidien de Nouakchott\",\"description\":\"\u0625\u062e\u0628\u0627\u0631\u064a\u0629 \u0645\u0633\u062a\u0642\u0644\u0629 \u0644\u0644\u0623\u0646\u0628\u0627\u0621 \u0627\u0644\u0639\u0627\u0645\u0629\",\"publisher\":{\"@id\":\"https:\\\/\\\/lequotidien.mr\\\/#organization\"},\"potentialAction\":[{\"@type\":\"SearchAction\",\"target\":{\"@type\":\"EntryPoint\",\"urlTemplate\":\"https:\\\/\\\/lequotidien.mr\\\/?s={search_term_string}\"},\"query-input\":{\"@type\":\"PropertyValueSpecification\",\"valueRequired\":true,\"valueName\":\"search_term_string\"}}],\"inLanguage\":\"ar\"},{\"@type\":\"Organization\",\"@id\":\"https:\\\/\\\/lequotidien.mr\\\/#organization\",\"name\":\"Le Quotidien de Nouakchott\",\"url\":\"https:\\\/\\\/lequotidien.mr\\\/\",\"logo\":{\"@type\":\"ImageObject\",\"inLanguage\":\"ar\",\"@id\":\"https:\\\/\\\/lequotidien.mr\\\/#\\\/schema\\\/logo\\\/image\\\/\",\"url\":\"https:\\\/\\\/lequotidien.mr\\\/wp-content\\\/uploads\\\/2022\\\/11\\\/logolequotidien.jpg\",\"contentUrl\":\"https:\\\/\\\/lequotidien.mr\\\/wp-content\\\/uploads\\\/2022\\\/11\\\/logolequotidien.jpg\",\"width\":290,\"height\":65,\"caption\":\"Le Quotidien de Nouakchott\"},\"image\":{\"@id\":\"https:\\\/\\\/lequotidien.mr\\\/#\\\/schema\\\/logo\\\/image\\\/\"},\"sameAs\":[\"https:\\\/\\\/web.facebook.com\\\/lequotidienmr\",\"https:\\\/\\\/x.com\\\/lequotidienmr\"]},{\"@type\":\"Person\",\"@id\":\"https:\\\/\\\/lequotidien.mr\\\/#\\\/schema\\\/person\\\/69d1518c74c9137087929a20b1272cb0\",\"name\":\"Alioun M'leiwih\",\"image\":{\"@type\":\"ImageObject\",\"inLanguage\":\"ar\",\"@id\":\"https:\\\/\\\/secure.gravatar.com\\\/avatar\\\/01f9d357222d7d4ca8f71662f4b081718f06d25b11fc45662ecca0622d507e51?s=96&d=mm&r=g\",\"url\":\"https:\\\/\\\/secure.gravatar.com\\\/avatar\\\/01f9d357222d7d4ca8f71662f4b081718f06d25b11fc45662ecca0622d507e51?s=96&d=mm&r=g\",\"contentUrl\":\"https:\\\/\\\/secure.gravatar.com\\\/avatar\\\/01f9d357222d7d4ca8f71662f4b081718f06d25b11fc45662ecca0622d507e51?s=96&d=mm&r=g\",\"caption\":\"Alioun M'leiwih\"},\"sameAs\":[\"https:\\\/\\\/lequotidien.mr\\\/\",\"https:\\\/\\\/web.facebook.com\\\/a.mleiwih\",\"https:\\\/\\\/www.linkedin.com\\\/in\\\/alimlewih\\\/\"],\"url\":\"https:\\\/\\\/lequotidien.mr\\\/?author=3\"}]}<\/script>\n<!-- \/ Yoast SEO plugin. -->","yoast_head_json":{"title":"Signature d'un accord de subvention de 12 millions de dollars entre la Mauritanie et les \u00c9tats-Unis - Le Quotidien de Nouakchott","robots":{"index":"index","follow":"follow","max-snippet":"max-snippet:-1","max-image-preview":"max-image-preview:large","max-video-preview":"max-video-preview:-1"},"canonical":"https:\/\/lequotidien.mr\/?p=12721&lang=fr","og_locale":"ar_AR","og_type":"article","og_title":"Signature d'un accord de subvention de 12 millions de dollars entre la Mauritanie et les \u00c9tats-Unis - Le Quotidien de Nouakchott","og_description":"Le ministre de l&#8217;\u00c9conomie et du D\u00e9veloppement Durable, Abdel Salam Ould Mohamed Saleh, a sign\u00e9 jeudi soir, avec Cynthia Kirsch, l&#8217;ambassadrice des \u00c9tats-Unis en Mauritanie, accompagn\u00e9e de la directrice de l&#8217;Agence am\u00e9ricaine pour le d\u00e9veloppement international \u00e0 Nouakchott, le treizi\u00e8me amendement \u00e0 l&#8217;accord d&#8217;assistance sign\u00e9 le 6 septembre 2016. Ce financement accord\u00e9 par l&#8217;Agence am\u00e9ricaine.....","og_url":"https:\/\/lequotidien.mr\/?p=12721&lang=fr","og_site_name":"Le Quotidien de Nouakchott","article_publisher":"https:\/\/web.facebook.com\/lequotidienmr","article_author":"https:\/\/web.facebook.com\/a.mleiwih","article_published_time":"2023-10-05T21:06:05+00:00","og_image":[{"width":1000,"height":750,"url":"https:\/\/lequotidien.mr\/wp-content\/uploads\/2023\/10\/\u0645\u0646\u062d\u0629.jpeg","type":"image\/jpeg"}],"author":"Alioun M'leiwih","twitter_card":"summary_large_image","twitter_creator":"@lequotidienmr","twitter_site":"@lequotidienmr","twitter_misc":{"\u0643\u064f\u062a\u0628 \u0628\u0648\u0627\u0633\u0637\u0629":"Alioun M'leiwih","\u0648\u0642\u062a \u0627\u0644\u0642\u0631\u0627\u0621\u0629 \u0627\u0644\u0645\u064f\u0642\u062f\u0651\u0631":"\u062f\u0642\u064a\u0642\u062a\u0627\u0646"},"schema":{"@context":"https:\/\/schema.org","@graph":[{"@type":"Article","@id":"https:\/\/lequotidien.mr\/?p=12721&lang=fr#article","isPartOf":{"@id":"https:\/\/lequotidien.mr\/?p=12721&lang=fr"},"author":{"name":"Alioun M'leiwih","@id":"https:\/\/lequotidien.mr\/#\/schema\/person\/69d1518c74c9137087929a20b1272cb0"},"headline":"Signature d&#8217;un accord de subvention de 12 millions de dollars entre la Mauritanie et les \u00c9tats-Unis","datePublished":"2023-10-05T21:06:05+00:00","mainEntityOfPage":{"@id":"https:\/\/lequotidien.mr\/?p=12721&lang=fr"},"wordCount":378,"commentCount":0,"publisher":{"@id":"https:\/\/lequotidien.mr\/#organization"},"image":{"@id":"https:\/\/lequotidien.mr\/?p=12721&lang=fr#primaryimage"},"thumbnailUrl":"https:\/\/lequotidien.mr\/wp-content\/uploads\/2023\/10\/\u0645\u0646\u062d\u0629.jpeg","articleSection":["ACTUALIT\u00c9","Economie"],"inLanguage":"ar","potentialAction":[{"@type":"CommentAction","name":"Comment","target":["https:\/\/lequotidien.mr\/?p=12721&lang=fr#respond"]}]},{"@type":"WebPage","@id":"https:\/\/lequotidien.mr\/?p=12721&lang=fr","url":"https:\/\/lequotidien.mr\/?p=12721&lang=fr","name":"Signature d'un accord de subvention de 12 millions de dollars entre la Mauritanie et les \u00c9tats-Unis - Le Quotidien de Nouakchott","isPartOf":{"@id":"https:\/\/lequotidien.mr\/#website"},"primaryImageOfPage":{"@id":"https:\/\/lequotidien.mr\/?p=12721&lang=fr#primaryimage"},"image":{"@id":"https:\/\/lequotidien.mr\/?p=12721&lang=fr#primaryimage"},"thumbnailUrl":"https:\/\/lequotidien.mr\/wp-content\/uploads\/2023\/10\/\u0645\u0646\u062d\u0629.jpeg","datePublished":"2023-10-05T21:06:05+00:00","breadcrumb":{"@id":"https:\/\/lequotidien.mr\/?p=12721&lang=fr#breadcrumb"},"inLanguage":"ar","potentialAction":[{"@type":"ReadAction","target":["https:\/\/lequotidien.mr\/?p=12721&lang=fr"]}]},{"@type":"ImageObject","inLanguage":"ar","@id":"https:\/\/lequotidien.mr\/?p=12721&lang=fr#primaryimage","url":"https:\/\/lequotidien.mr\/wp-content\/uploads\/2023\/10\/\u0645\u0646\u062d\u0629.jpeg","contentUrl":"https:\/\/lequotidien.mr\/wp-content\/uploads\/2023\/10\/\u0645\u0646\u062d\u0629.jpeg","width":1000,"height":750},{"@type":"BreadcrumbList","@id":"https:\/\/lequotidien.mr\/?p=12721&lang=fr#breadcrumb","itemListElement":[{"@type":"ListItem","position":1,"name":"Home","item":"https:\/\/lequotidien.mr\/"},{"@type":"ListItem","position":2,"name":"Signature d&#8217;un accord de subvention de 12 millions de dollars entre la Mauritanie et les \u00c9tats-Unis"}]},{"@type":"WebSite","@id":"https:\/\/lequotidien.mr\/#website","url":"https:\/\/lequotidien.mr\/","name":"Le Quotidien de Nouakchott","description":"\u0625\u062e\u0628\u0627\u0631\u064a\u0629 \u0645\u0633\u062a\u0642\u0644\u0629 \u0644\u0644\u0623\u0646\u0628\u0627\u0621 \u0627\u0644\u0639\u0627\u0645\u0629","publisher":{"@id":"https:\/\/lequotidien.mr\/#organization"},"potentialAction":[{"@type":"SearchAction","target":{"@type":"EntryPoint","urlTemplate":"https:\/\/lequotidien.mr\/?s={search_term_string}"},"query-input":{"@type":"PropertyValueSpecification","valueRequired":true,"valueName":"search_term_string"}}],"inLanguage":"ar"},{"@type":"Organization","@id":"https:\/\/lequotidien.mr\/#organization","name":"Le Quotidien de Nouakchott","url":"https:\/\/lequotidien.mr\/","logo":{"@type":"ImageObject","inLanguage":"ar","@id":"https:\/\/lequotidien.mr\/#\/schema\/logo\/image\/","url":"https:\/\/lequotidien.mr\/wp-content\/uploads\/2022\/11\/logolequotidien.jpg","contentUrl":"https:\/\/lequotidien.mr\/wp-content\/uploads\/2022\/11\/logolequotidien.jpg","width":290,"height":65,"caption":"Le Quotidien de Nouakchott"},"image":{"@id":"https:\/\/lequotidien.mr\/#\/schema\/logo\/image\/"},"sameAs":["https:\/\/web.facebook.com\/lequotidienmr","https:\/\/x.com\/lequotidienmr"]},{"@type":"Person","@id":"https:\/\/lequotidien.mr\/#\/schema\/person\/69d1518c74c9137087929a20b1272cb0","name":"Alioun M'leiwih","image":{"@type":"ImageObject","inLanguage":"ar","@id":"https:\/\/secure.gravatar.com\/avatar\/01f9d357222d7d4ca8f71662f4b081718f06d25b11fc45662ecca0622d507e51?s=96&d=mm&r=g","url":"https:\/\/secure.gravatar.com\/avatar\/01f9d357222d7d4ca8f71662f4b081718f06d25b11fc45662ecca0622d507e51?s=96&d=mm&r=g","contentUrl":"https:\/\/secure.gravatar.com\/avatar\/01f9d357222d7d4ca8f71662f4b081718f06d25b11fc45662ecca0622d507e51?s=96&d=mm&r=g","caption":"Alioun M'leiwih"},"sameAs":["https:\/\/lequotidien.mr\/","https:\/\/web.facebook.com\/a.mleiwih","https:\/\/www.linkedin.com\/in\/alimlewih\/"],"url":"https:\/\/lequotidien.mr\/?author=3"}]}},"_links":{"self":[{"href":"https:\/\/lequotidien.mr\/index.php?rest_route=\/wp\/v2\/posts\/12721","targetHints":{"allow":["GET"]}}],"collection":[{"href":"https:\/\/lequotidien.mr\/index.php?rest_route=\/wp\/v2\/posts"}],"about":[{"href":"https:\/\/lequotidien.mr\/index.php?rest_route=\/wp\/v2\/types\/post"}],"author":[{"embeddable":true,"href":"https:\/\/lequotidien.mr\/index.php?rest_route=\/wp\/v2\/users\/3"}],"replies":[{"embeddable":true,"href":"https:\/\/lequotidien.mr\/index.php?rest_route=%2Fwp%2Fv2%2Fcomments&post=12721"}],"version-history":[{"count":1,"href":"https:\/\/lequotidien.mr\/index.php?rest_route=\/wp\/v2\/posts\/12721\/revisions"}],"predecessor-version":[{"id":12723,"href":"https:\/\/lequotidien.mr\/index.php?rest_route=\/wp\/v2\/posts\/12721\/revisions\/12723"}],"wp:featuredmedia":[{"embeddable":true,"href":"https:\/\/lequotidien.mr\/index.php?rest_route=\/wp\/v2\/media\/12722"}],"wp:attachment":[{"href":"https:\/\/lequotidien.mr\/index.php?rest_route=%2Fwp%2Fv2%2Fmedia&parent=12721"}],"wp:term":[{"taxonomy":"category","embeddable":true,"href":"https:\/\/lequotidien.mr\/index.php?rest_route=%2Fwp%2Fv2%2Fcategories&post=12721"},{"taxonomy":"post_tag","embeddable":true,"href":"https:\/\/lequotidien.mr\/index.php?rest_route=%2Fwp%2Fv2%2Ftags&post=12721"}],"curies":[{"name":"wp","href":"https:\/\/api.w.org\/{rel}","templated":true}]}}