{"id":1271,"date":"2022-12-09T11:28:25","date_gmt":"2022-12-09T11:28:25","guid":{"rendered":"https:\/\/lequotidien.mr\/?p=1271"},"modified":"2022-12-09T11:28:25","modified_gmt":"2022-12-09T11:28:25","slug":"fin-des-travaux-de-la-3eme-conference-ministerielle-de-linitiative-desert-to-power","status":"publish","type":"post","link":"https:\/\/lequotidien.mr\/?p=1271&lang=fr","title":{"rendered":"Fin des travaux de la 3\u00e8me conf\u00e9rence minist\u00e9rielle de l\u2019initiative \u00ab D\u00e9sert to Power \u00bb"},"content":{"rendered":"<p>Sahara M\u00e9dias &#8211; La troisi\u00e8me conf\u00e9rence minist\u00e9rielle de l\u2019initiative \u00ab\u00a0D\u00e9sert to Power\u00a0\u00bb qui s\u2019est ouverte ce jeudi au centre international des conf\u00e9rences de Nouakchott s\u2019est achev\u00e9e dans l\u2019apr\u00e8s-midi.<\/p>\n<p>Cette conf\u00e9rence est organis\u00e9e en collaboration avec la banque africaine de d\u00e9veloppement sous le th\u00e8me\u00a0: \u00ab\u00a0partenariat entre les secteurs public et priv\u00e9 pour d\u00e9velopper les projets \u00e9nerg\u00e9tiques\u00a0\u00bb.<\/p>\n<p>Le rapport adopt\u00e9 \u00e0 l\u2019issue des travaux note l\u2019urgence d\u2019inviter les autres partenaires techniques et financiers \u00e0 soutenir l\u2019Initiative \u00ab D\u00e9sert to power \u00bb \u00e0 encourager le renforcement des fonds climatiques soutenant l\u2019Afrique, et particuli\u00e8rement les pays du Sahel, tel que le Fonds pour l\u2019Energie Durable en Afrique (SEFA) qui finance d\u00e9j\u00e0 la pr\u00e9paration de plusieurs projets de l\u2019Initiative.<\/p>\n<p>Le rapport souligne \u00e9galement la n\u00e9cessit\u00e9 d\u2019inciter davantage les acteurs du secteur priv\u00e9 \u00e0 s\u2019engager, dans l\u2019investissement des mini-r\u00e9seaux verts pour contribuer \u00e0 l\u2019atteinte de l\u2019acc\u00e8s universel \u00e0 l\u2019\u00e9lectricit\u00e9 \u00e0 l\u2019horizon 2030.<\/p>\n<p>Le document adopt\u00e9 invite la \u00ab Taskforce\u00bb \u00e0 mettre en place un m\u00e9canisme simplifi\u00e9 et standardis\u00e9 pour aider ces pays \u00e0 construire des centrales solaires avec la participation du secteur priv\u00e9 local et international, et \u00e0 des co\u00fbts comp\u00e9titifs du kWh.<\/p>\n<p>Il appelle aussi \u00e0 la mise en place d\u2019un cadre r\u00e9gulier d\u2019\u00e9changes avec le secteur priv\u00e9 dans l\u2019objectif de promouvoir des partenariats publics priv\u00e9s mutuellement avantageux dans le sous-secteur de l\u2019\u00e9nergie \u00e9lectrique.<\/p>\n<p>Dans son discours d\u2019ouverture des travaux, le ministre du p\u00e9trole, de l\u2019\u00e9nergie et des mines, Abdessalam ould Mohamed Saleh avait dit que le d\u00e9veloppement du partenariat entre les secteurs public et priv\u00e9 \u00e9tait d\u00e9terminant pour atteindre les objectifs de ce projet.<\/p>\n<p>Il a ajout\u00e9 qu\u2019une crise \u00e9nerg\u00e9tique profonde est intervenue au lendemain de la r\u00e9cession \u00e9conomique qui a suivi la pand\u00e9mie du covid-19 et qui a fortement impact\u00e9 la situation \u00e9conomique et sociale dans la majorit\u00e9 des pays en d\u00e9veloppement.<\/p>\n<p>Il a enfin dit que les \u00e9tudes r\u00e9alis\u00e9es dans le cadre du projet ont r\u00e9v\u00e9l\u00e9 la n\u00e9cessit\u00e9 d\u2019offrir l\u2019\u00e9lectricit\u00e9 \u00e0 plus de 30 millions de personnes \u00e0 l\u2019horizon 2030.<\/p>\n<p>Pour sa part le vice-pr\u00e9sident de la BAD Kevin Kariuki, a indiqu\u00e9 que l\u2019objectif de cette initiative est de renforcer les capacit\u00e9s des cinq pays du Sahel en \u00e9tablissant la possibilit\u00e9 d\u2019une communication globale entre ces pays et en d\u00e9veloppant des solutions aux probl\u00e8mes \u00e9nerg\u00e9tiques.<\/p>\n<p>Il a ajout\u00e9 qu\u2019un milliard de dollars sera mobilis\u00e9, afin de r\u00e9duire les risques associ\u00e9s \u00e0 l\u2019investissement dans des projets \u00e9nerg\u00e9tiques dans les pays.<\/p>\n<p>Dans le cadre de la strat\u00e9gie de l\u2019initiative il a \u00e9t\u00e9 adopt\u00e9 une approche participative dans les pays du Sahel, ajoutant qu\u2019une plateforme sera cr\u00e9\u00e9e destin\u00e9e \u00e0 d\u00e9celer les opportunit\u00e9s de partenariat entre les secteurs public et priv\u00e9.<\/p>\n<p>Pour sa part, le pr\u00e9sident de la commission d\u2019orientation de l\u2019initiative, Moustapha Bakouri, a dit que cette initiative a enregistr\u00e9 un progr\u00e8s important sur la voie de la mise en place d\u2019un plan r\u00e9el pour le d\u00e9veloppement.<\/p>\n<p>Il a ajout\u00e9 que 200 millions de dollars ont \u00e9t\u00e9 mobilis\u00e9s aupr\u00e8s des diff\u00e9rents partenaires financiers, comme le fonds d\u2019investissement climatique, le gouvernement su\u00e9dois et notamment les ressources obtenues aupr\u00e8s de la banque africaine de d\u00e9veloppement.<\/p>\n<p>A cette session ont assist\u00e9 les ministres en charge du portefeuille de l\u2019\u00e9nergie du Burkina Faso, du Mali, du Niger et du Tchad en plus de cadres du minist\u00e8re de l\u2019\u00e9nergie, des repr\u00e9sentants des pays membres du groupe du G5 Sahel et des partenaires techniques et financiers.<\/p>\n<p>&nbsp;<\/p>\n","protected":false},"excerpt":{"rendered":"<p>Sahara M\u00e9dias &#8211; La troisi\u00e8me conf\u00e9rence minist\u00e9rielle de l\u2019initiative \u00ab\u00a0D\u00e9sert to Power\u00a0\u00bb qui s\u2019est ouverte ce jeudi au centre international des conf\u00e9rences de Nouakchott s\u2019est achev\u00e9e dans l\u2019apr\u00e8s-midi. Cette conf\u00e9rence est organis\u00e9e en collaboration avec la banque africaine de d\u00e9veloppement sous le th\u00e8me\u00a0: \u00ab\u00a0partenariat entre les secteurs public et priv\u00e9 pour d\u00e9velopper les projets \u00e9nerg\u00e9tiques\u00a0\u00bb&#8230;&#8230;<\/p>\n","protected":false},"author":5,"featured_media":1268,"comment_status":"open","ping_status":"open","sticky":false,"template":"","format":"standard","meta":{"footnotes":""},"categories":[23,49],"tags":[],"class_list":["post-1271","post","type-post","status-publish","format-standard","has-post-thumbnail","hentry","category-actualite","category-economie"],"yoast_head":"<!-- This site is optimized with the Yoast SEO plugin v27.5 - https:\/\/yoast.com\/product\/yoast-seo-wordpress\/ -->\n<title>Fin des travaux de la 3\u00e8me conf\u00e9rence minist\u00e9rielle de l\u2019initiative \u00ab D\u00e9sert to Power \u00bb - Le Quotidien de Nouakchott<\/title>\n<meta name=\"robots\" content=\"index, follow, max-snippet:-1, max-image-preview:large, max-video-preview:-1\" \/>\n<link rel=\"canonical\" href=\"https:\/\/lequotidien.mr\/?p=1271&lang=fr\" \/>\n<meta property=\"og:locale\" content=\"ar_AR\" \/>\n<meta property=\"og:type\" content=\"article\" \/>\n<meta property=\"og:title\" content=\"Fin des travaux de la 3\u00e8me conf\u00e9rence minist\u00e9rielle de l\u2019initiative \u00ab D\u00e9sert to Power \u00bb - Le Quotidien de Nouakchott\" \/>\n<meta property=\"og:description\" content=\"Sahara M\u00e9dias &#8211; La troisi\u00e8me conf\u00e9rence minist\u00e9rielle de l\u2019initiative \u00ab\u00a0D\u00e9sert to Power\u00a0\u00bb qui s\u2019est ouverte ce jeudi au centre international des conf\u00e9rences de Nouakchott s\u2019est achev\u00e9e dans l\u2019apr\u00e8s-midi. Cette conf\u00e9rence est organis\u00e9e en collaboration avec la banque africaine de d\u00e9veloppement sous le th\u00e8me\u00a0: \u00ab\u00a0partenariat entre les secteurs public et priv\u00e9 pour d\u00e9velopper les projets \u00e9nerg\u00e9tiques\u00a0\u00bb......\" \/>\n<meta property=\"og:url\" content=\"https:\/\/lequotidien.mr\/?p=1271&amp;lang=fr\" \/>\n<meta property=\"og:site_name\" content=\"Le Quotidien de Nouakchott\" \/>\n<meta property=\"article:publisher\" content=\"https:\/\/web.facebook.com\/lequotidienmr\" \/>\n<meta property=\"article:published_time\" content=\"2022-12-09T11:28:25+00:00\" \/>\n<meta property=\"og:image\" content=\"https:\/\/lequotidien.mr\/wp-content\/uploads\/2022\/12\/cloutur_08_12_750x430.jpg\" \/>\n\t<meta property=\"og:image:width\" content=\"640\" \/>\n\t<meta property=\"og:image:height\" content=\"430\" \/>\n\t<meta property=\"og:image:type\" content=\"image\/jpeg\" \/>\n<meta name=\"author\" content=\"Gayi Diawara\" \/>\n<meta name=\"twitter:card\" content=\"summary_large_image\" \/>\n<meta name=\"twitter:creator\" content=\"@lequotidienmr\" \/>\n<meta name=\"twitter:site\" content=\"@lequotidienmr\" \/>\n<meta name=\"twitter:label1\" content=\"\u0643\u064f\u062a\u0628 \u0628\u0648\u0627\u0633\u0637\u0629\" \/>\n\t<meta name=\"twitter:data1\" content=\"Gayi Diawara\" \/>\n\t<meta name=\"twitter:label2\" content=\"\u0648\u0642\u062a \u0627\u0644\u0642\u0631\u0627\u0621\u0629 \u0627\u0644\u0645\u064f\u0642\u062f\u0651\u0631\" \/>\n\t<meta name=\"twitter:data2\" content=\"3 \u062f\u0642\u0627\u0626\u0642\" \/>\n<script type=\"application\/ld+json\" class=\"yoast-schema-graph\">{\"@context\":\"https:\\\/\\\/schema.org\",\"@graph\":[{\"@type\":\"Article\",\"@id\":\"https:\\\/\\\/lequotidien.mr\\\/?p=1271&lang=fr#article\",\"isPartOf\":{\"@id\":\"https:\\\/\\\/lequotidien.mr\\\/?p=1271&lang=fr\"},\"author\":{\"name\":\"Gayi Diawara\",\"@id\":\"https:\\\/\\\/lequotidien.mr\\\/#\\\/schema\\\/person\\\/1077c8abd5640a6514b909318d271dee\"},\"headline\":\"Fin des travaux de la 3\u00e8me conf\u00e9rence minist\u00e9rielle de l\u2019initiative \u00ab D\u00e9sert to Power \u00bb\",\"datePublished\":\"2022-12-09T11:28:25+00:00\",\"mainEntityOfPage\":{\"@id\":\"https:\\\/\\\/lequotidien.mr\\\/?p=1271&lang=fr\"},\"wordCount\":654,\"commentCount\":0,\"publisher\":{\"@id\":\"https:\\\/\\\/lequotidien.mr\\\/#organization\"},\"image\":{\"@id\":\"https:\\\/\\\/lequotidien.mr\\\/?p=1271&lang=fr#primaryimage\"},\"thumbnailUrl\":\"https:\\\/\\\/lequotidien.mr\\\/wp-content\\\/uploads\\\/2022\\\/12\\\/cloutur_08_12_750x430.jpg\",\"articleSection\":[\"ACTUALIT\u00c9\",\"Economie\"],\"inLanguage\":\"ar\",\"potentialAction\":[{\"@type\":\"CommentAction\",\"name\":\"Comment\",\"target\":[\"https:\\\/\\\/lequotidien.mr\\\/?p=1271&lang=fr#respond\"]}]},{\"@type\":\"WebPage\",\"@id\":\"https:\\\/\\\/lequotidien.mr\\\/?p=1271&lang=fr\",\"url\":\"https:\\\/\\\/lequotidien.mr\\\/?p=1271&lang=fr\",\"name\":\"Fin des travaux de la 3\u00e8me conf\u00e9rence minist\u00e9rielle de l\u2019initiative \u00ab D\u00e9sert to Power \u00bb - Le Quotidien de Nouakchott\",\"isPartOf\":{\"@id\":\"https:\\\/\\\/lequotidien.mr\\\/#website\"},\"primaryImageOfPage\":{\"@id\":\"https:\\\/\\\/lequotidien.mr\\\/?p=1271&lang=fr#primaryimage\"},\"image\":{\"@id\":\"https:\\\/\\\/lequotidien.mr\\\/?p=1271&lang=fr#primaryimage\"},\"thumbnailUrl\":\"https:\\\/\\\/lequotidien.mr\\\/wp-content\\\/uploads\\\/2022\\\/12\\\/cloutur_08_12_750x430.jpg\",\"datePublished\":\"2022-12-09T11:28:25+00:00\",\"breadcrumb\":{\"@id\":\"https:\\\/\\\/lequotidien.mr\\\/?p=1271&lang=fr#breadcrumb\"},\"inLanguage\":\"ar\",\"potentialAction\":[{\"@type\":\"ReadAction\",\"target\":[\"https:\\\/\\\/lequotidien.mr\\\/?p=1271&lang=fr\"]}]},{\"@type\":\"ImageObject\",\"inLanguage\":\"ar\",\"@id\":\"https:\\\/\\\/lequotidien.mr\\\/?p=1271&lang=fr#primaryimage\",\"url\":\"https:\\\/\\\/lequotidien.mr\\\/wp-content\\\/uploads\\\/2022\\\/12\\\/cloutur_08_12_750x430.jpg\",\"contentUrl\":\"https:\\\/\\\/lequotidien.mr\\\/wp-content\\\/uploads\\\/2022\\\/12\\\/cloutur_08_12_750x430.jpg\",\"width\":640,\"height\":430},{\"@type\":\"BreadcrumbList\",\"@id\":\"https:\\\/\\\/lequotidien.mr\\\/?p=1271&lang=fr#breadcrumb\",\"itemListElement\":[{\"@type\":\"ListItem\",\"position\":1,\"name\":\"Home\",\"item\":\"https:\\\/\\\/lequotidien.mr\\\/\"},{\"@type\":\"ListItem\",\"position\":2,\"name\":\"Fin des travaux de la 3\u00e8me conf\u00e9rence minist\u00e9rielle de l\u2019initiative \u00ab D\u00e9sert to Power \u00bb\"}]},{\"@type\":\"WebSite\",\"@id\":\"https:\\\/\\\/lequotidien.mr\\\/#website\",\"url\":\"https:\\\/\\\/lequotidien.mr\\\/\",\"name\":\"Le Quotidien de Nouakchott\",\"description\":\"\u0625\u062e\u0628\u0627\u0631\u064a\u0629 \u0645\u0633\u062a\u0642\u0644\u0629 \u0644\u0644\u0623\u0646\u0628\u0627\u0621 \u0627\u0644\u0639\u0627\u0645\u0629\",\"publisher\":{\"@id\":\"https:\\\/\\\/lequotidien.mr\\\/#organization\"},\"potentialAction\":[{\"@type\":\"SearchAction\",\"target\":{\"@type\":\"EntryPoint\",\"urlTemplate\":\"https:\\\/\\\/lequotidien.mr\\\/?s={search_term_string}\"},\"query-input\":{\"@type\":\"PropertyValueSpecification\",\"valueRequired\":true,\"valueName\":\"search_term_string\"}}],\"inLanguage\":\"ar\"},{\"@type\":\"Organization\",\"@id\":\"https:\\\/\\\/lequotidien.mr\\\/#organization\",\"name\":\"Le Quotidien de Nouakchott\",\"url\":\"https:\\\/\\\/lequotidien.mr\\\/\",\"logo\":{\"@type\":\"ImageObject\",\"inLanguage\":\"ar\",\"@id\":\"https:\\\/\\\/lequotidien.mr\\\/#\\\/schema\\\/logo\\\/image\\\/\",\"url\":\"https:\\\/\\\/lequotidien.mr\\\/wp-content\\\/uploads\\\/2022\\\/11\\\/logolequotidien.jpg\",\"contentUrl\":\"https:\\\/\\\/lequotidien.mr\\\/wp-content\\\/uploads\\\/2022\\\/11\\\/logolequotidien.jpg\",\"width\":290,\"height\":65,\"caption\":\"Le Quotidien de Nouakchott\"},\"image\":{\"@id\":\"https:\\\/\\\/lequotidien.mr\\\/#\\\/schema\\\/logo\\\/image\\\/\"},\"sameAs\":[\"https:\\\/\\\/web.facebook.com\\\/lequotidienmr\",\"https:\\\/\\\/x.com\\\/lequotidienmr\"]},{\"@type\":\"Person\",\"@id\":\"https:\\\/\\\/lequotidien.mr\\\/#\\\/schema\\\/person\\\/1077c8abd5640a6514b909318d271dee\",\"name\":\"Gayi Diawara\",\"image\":{\"@type\":\"ImageObject\",\"inLanguage\":\"ar\",\"@id\":\"https:\\\/\\\/secure.gravatar.com\\\/avatar\\\/63ea8db1e19a6d2d608b24c0f78b5f3a7d6e0bc11959fec273410af333e4d0ac?s=96&d=mm&r=g\",\"url\":\"https:\\\/\\\/secure.gravatar.com\\\/avatar\\\/63ea8db1e19a6d2d608b24c0f78b5f3a7d6e0bc11959fec273410af333e4d0ac?s=96&d=mm&r=g\",\"contentUrl\":\"https:\\\/\\\/secure.gravatar.com\\\/avatar\\\/63ea8db1e19a6d2d608b24c0f78b5f3a7d6e0bc11959fec273410af333e4d0ac?s=96&d=mm&r=g\",\"caption\":\"Gayi Diawara\"},\"sameAs\":[\"http:\\\/\\\/lequotidien.mr\"],\"url\":\"https:\\\/\\\/lequotidien.mr\\\/?author=5\"}]}<\/script>\n<!-- \/ Yoast SEO plugin. -->","yoast_head_json":{"title":"Fin des travaux de la 3\u00e8me conf\u00e9rence minist\u00e9rielle de l\u2019initiative \u00ab D\u00e9sert to Power \u00bb - Le Quotidien de Nouakchott","robots":{"index":"index","follow":"follow","max-snippet":"max-snippet:-1","max-image-preview":"max-image-preview:large","max-video-preview":"max-video-preview:-1"},"canonical":"https:\/\/lequotidien.mr\/?p=1271&lang=fr","og_locale":"ar_AR","og_type":"article","og_title":"Fin des travaux de la 3\u00e8me conf\u00e9rence minist\u00e9rielle de l\u2019initiative \u00ab D\u00e9sert to Power \u00bb - Le Quotidien de Nouakchott","og_description":"Sahara M\u00e9dias &#8211; La troisi\u00e8me conf\u00e9rence minist\u00e9rielle de l\u2019initiative \u00ab\u00a0D\u00e9sert to Power\u00a0\u00bb qui s\u2019est ouverte ce jeudi au centre international des conf\u00e9rences de Nouakchott s\u2019est achev\u00e9e dans l\u2019apr\u00e8s-midi. Cette conf\u00e9rence est organis\u00e9e en collaboration avec la banque africaine de d\u00e9veloppement sous le th\u00e8me\u00a0: \u00ab\u00a0partenariat entre les secteurs public et priv\u00e9 pour d\u00e9velopper les projets \u00e9nerg\u00e9tiques\u00a0\u00bb......","og_url":"https:\/\/lequotidien.mr\/?p=1271&lang=fr","og_site_name":"Le Quotidien de Nouakchott","article_publisher":"https:\/\/web.facebook.com\/lequotidienmr","article_published_time":"2022-12-09T11:28:25+00:00","og_image":[{"width":640,"height":430,"url":"https:\/\/lequotidien.mr\/wp-content\/uploads\/2022\/12\/cloutur_08_12_750x430.jpg","type":"image\/jpeg"}],"author":"Gayi Diawara","twitter_card":"summary_large_image","twitter_creator":"@lequotidienmr","twitter_site":"@lequotidienmr","twitter_misc":{"\u0643\u064f\u062a\u0628 \u0628\u0648\u0627\u0633\u0637\u0629":"Gayi Diawara","\u0648\u0642\u062a \u0627\u0644\u0642\u0631\u0627\u0621\u0629 \u0627\u0644\u0645\u064f\u0642\u062f\u0651\u0631":"3 \u062f\u0642\u0627\u0626\u0642"},"schema":{"@context":"https:\/\/schema.org","@graph":[{"@type":"Article","@id":"https:\/\/lequotidien.mr\/?p=1271&lang=fr#article","isPartOf":{"@id":"https:\/\/lequotidien.mr\/?p=1271&lang=fr"},"author":{"name":"Gayi Diawara","@id":"https:\/\/lequotidien.mr\/#\/schema\/person\/1077c8abd5640a6514b909318d271dee"},"headline":"Fin des travaux de la 3\u00e8me conf\u00e9rence minist\u00e9rielle de l\u2019initiative \u00ab D\u00e9sert to Power \u00bb","datePublished":"2022-12-09T11:28:25+00:00","mainEntityOfPage":{"@id":"https:\/\/lequotidien.mr\/?p=1271&lang=fr"},"wordCount":654,"commentCount":0,"publisher":{"@id":"https:\/\/lequotidien.mr\/#organization"},"image":{"@id":"https:\/\/lequotidien.mr\/?p=1271&lang=fr#primaryimage"},"thumbnailUrl":"https:\/\/lequotidien.mr\/wp-content\/uploads\/2022\/12\/cloutur_08_12_750x430.jpg","articleSection":["ACTUALIT\u00c9","Economie"],"inLanguage":"ar","potentialAction":[{"@type":"CommentAction","name":"Comment","target":["https:\/\/lequotidien.mr\/?p=1271&lang=fr#respond"]}]},{"@type":"WebPage","@id":"https:\/\/lequotidien.mr\/?p=1271&lang=fr","url":"https:\/\/lequotidien.mr\/?p=1271&lang=fr","name":"Fin des travaux de la 3\u00e8me conf\u00e9rence minist\u00e9rielle de l\u2019initiative \u00ab D\u00e9sert to Power \u00bb - Le Quotidien de Nouakchott","isPartOf":{"@id":"https:\/\/lequotidien.mr\/#website"},"primaryImageOfPage":{"@id":"https:\/\/lequotidien.mr\/?p=1271&lang=fr#primaryimage"},"image":{"@id":"https:\/\/lequotidien.mr\/?p=1271&lang=fr#primaryimage"},"thumbnailUrl":"https:\/\/lequotidien.mr\/wp-content\/uploads\/2022\/12\/cloutur_08_12_750x430.jpg","datePublished":"2022-12-09T11:28:25+00:00","breadcrumb":{"@id":"https:\/\/lequotidien.mr\/?p=1271&lang=fr#breadcrumb"},"inLanguage":"ar","potentialAction":[{"@type":"ReadAction","target":["https:\/\/lequotidien.mr\/?p=1271&lang=fr"]}]},{"@type":"ImageObject","inLanguage":"ar","@id":"https:\/\/lequotidien.mr\/?p=1271&lang=fr#primaryimage","url":"https:\/\/lequotidien.mr\/wp-content\/uploads\/2022\/12\/cloutur_08_12_750x430.jpg","contentUrl":"https:\/\/lequotidien.mr\/wp-content\/uploads\/2022\/12\/cloutur_08_12_750x430.jpg","width":640,"height":430},{"@type":"BreadcrumbList","@id":"https:\/\/lequotidien.mr\/?p=1271&lang=fr#breadcrumb","itemListElement":[{"@type":"ListItem","position":1,"name":"Home","item":"https:\/\/lequotidien.mr\/"},{"@type":"ListItem","position":2,"name":"Fin des travaux de la 3\u00e8me conf\u00e9rence minist\u00e9rielle de l\u2019initiative \u00ab D\u00e9sert to Power \u00bb"}]},{"@type":"WebSite","@id":"https:\/\/lequotidien.mr\/#website","url":"https:\/\/lequotidien.mr\/","name":"Le Quotidien de Nouakchott","description":"\u0625\u062e\u0628\u0627\u0631\u064a\u0629 \u0645\u0633\u062a\u0642\u0644\u0629 \u0644\u0644\u0623\u0646\u0628\u0627\u0621 \u0627\u0644\u0639\u0627\u0645\u0629","publisher":{"@id":"https:\/\/lequotidien.mr\/#organization"},"potentialAction":[{"@type":"SearchAction","target":{"@type":"EntryPoint","urlTemplate":"https:\/\/lequotidien.mr\/?s={search_term_string}"},"query-input":{"@type":"PropertyValueSpecification","valueRequired":true,"valueName":"search_term_string"}}],"inLanguage":"ar"},{"@type":"Organization","@id":"https:\/\/lequotidien.mr\/#organization","name":"Le Quotidien de Nouakchott","url":"https:\/\/lequotidien.mr\/","logo":{"@type":"ImageObject","inLanguage":"ar","@id":"https:\/\/lequotidien.mr\/#\/schema\/logo\/image\/","url":"https:\/\/lequotidien.mr\/wp-content\/uploads\/2022\/11\/logolequotidien.jpg","contentUrl":"https:\/\/lequotidien.mr\/wp-content\/uploads\/2022\/11\/logolequotidien.jpg","width":290,"height":65,"caption":"Le Quotidien de Nouakchott"},"image":{"@id":"https:\/\/lequotidien.mr\/#\/schema\/logo\/image\/"},"sameAs":["https:\/\/web.facebook.com\/lequotidienmr","https:\/\/x.com\/lequotidienmr"]},{"@type":"Person","@id":"https:\/\/lequotidien.mr\/#\/schema\/person\/1077c8abd5640a6514b909318d271dee","name":"Gayi Diawara","image":{"@type":"ImageObject","inLanguage":"ar","@id":"https:\/\/secure.gravatar.com\/avatar\/63ea8db1e19a6d2d608b24c0f78b5f3a7d6e0bc11959fec273410af333e4d0ac?s=96&d=mm&r=g","url":"https:\/\/secure.gravatar.com\/avatar\/63ea8db1e19a6d2d608b24c0f78b5f3a7d6e0bc11959fec273410af333e4d0ac?s=96&d=mm&r=g","contentUrl":"https:\/\/secure.gravatar.com\/avatar\/63ea8db1e19a6d2d608b24c0f78b5f3a7d6e0bc11959fec273410af333e4d0ac?s=96&d=mm&r=g","caption":"Gayi Diawara"},"sameAs":["http:\/\/lequotidien.mr"],"url":"https:\/\/lequotidien.mr\/?author=5"}]}},"_links":{"self":[{"href":"https:\/\/lequotidien.mr\/index.php?rest_route=\/wp\/v2\/posts\/1271","targetHints":{"allow":["GET"]}}],"collection":[{"href":"https:\/\/lequotidien.mr\/index.php?rest_route=\/wp\/v2\/posts"}],"about":[{"href":"https:\/\/lequotidien.mr\/index.php?rest_route=\/wp\/v2\/types\/post"}],"author":[{"embeddable":true,"href":"https:\/\/lequotidien.mr\/index.php?rest_route=\/wp\/v2\/users\/5"}],"replies":[{"embeddable":true,"href":"https:\/\/lequotidien.mr\/index.php?rest_route=%2Fwp%2Fv2%2Fcomments&post=1271"}],"version-history":[{"count":1,"href":"https:\/\/lequotidien.mr\/index.php?rest_route=\/wp\/v2\/posts\/1271\/revisions"}],"predecessor-version":[{"id":1272,"href":"https:\/\/lequotidien.mr\/index.php?rest_route=\/wp\/v2\/posts\/1271\/revisions\/1272"}],"wp:featuredmedia":[{"embeddable":true,"href":"https:\/\/lequotidien.mr\/index.php?rest_route=\/wp\/v2\/media\/1268"}],"wp:attachment":[{"href":"https:\/\/lequotidien.mr\/index.php?rest_route=%2Fwp%2Fv2%2Fmedia&parent=1271"}],"wp:term":[{"taxonomy":"category","embeddable":true,"href":"https:\/\/lequotidien.mr\/index.php?rest_route=%2Fwp%2Fv2%2Fcategories&post=1271"},{"taxonomy":"post_tag","embeddable":true,"href":"https:\/\/lequotidien.mr\/index.php?rest_route=%2Fwp%2Fv2%2Ftags&post=1271"}],"curies":[{"name":"wp","href":"https:\/\/api.w.org\/{rel}","templated":true}]}}