{"id":12698,"date":"2023-10-04T22:06:38","date_gmt":"2023-10-04T22:06:38","guid":{"rendered":"https:\/\/lequotidien.mr\/?p=12698"},"modified":"2023-10-04T22:06:38","modified_gmt":"2023-10-04T22:06:38","slug":"communique-du-conseil-des-ministres-du-mercredi-04-octobre-2023","status":"publish","type":"post","link":"https:\/\/lequotidien.mr\/?p=12698&lang=fr","title":{"rendered":"Communiqu\u00e9 du Conseil des Ministres du mercredi 04 octobre 2023"},"content":{"rendered":"<p>AMI &#8211; Le Conseil des Ministres s\u2019est r\u00e9uni le mercredi 04 octobre 2023 sous la Pr\u00e9sidence de Son Excellence Monsieur Mohamed Ould Cheikh El-Ghazouani, Pr\u00e9sident de la R\u00e9publique.<\/p>\n<p>Le Conseil a examin\u00e9 et adopt\u00e9 les projets de d\u00e9crets suivants :<\/p>\n<p>\u2010 Projet de d\u00e9cret portant nomination du Pr\u00e9sident du Conseil d\u2019Administration de la Soci\u00e9t\u00e9 Nationale des Am\u00e9nagements Agricoles et des Travaux (SNATT).<\/p>\n<p>\u2010 Projet de d\u00e9cret portant nomination du Pr\u00e9sident et des membres du Conseil d\u2019Administration de l\u2019Agence Mauritanienne des Affaires Maritimes (AMAM)<\/p>\n<p>\u2010 Projet de d\u00e9cret portant nomination du Pr\u00e9sident et des membres du Conseil d\u2019Administration de l\u2019Agence pour le D\u00e9veloppement de la P\u00eache et de la Pisciculture Continentales (ADPPC).<\/p>\n<p>\u2010 Projet de d\u00e9cret relatif \u00e0 la structuration de la recherche scientifique en Mauritanie.<\/p>\n<p>Ce projet de d\u00e9cret s\u2019inscrit dans le cadre des efforts d\u00e9ploy\u00e9s par le gouvernement pour la mise en \u0153uvre du programme \u00ab Mes Engagements \u00bb de Son Excellence Monsieur le Pr\u00e9sident de la R\u00e9publique, relatif \u00e0 la promotion de la recherche scientifique. Il constitue l\u2019une des mesures propos\u00e9es pour concr\u00e9tiser les recommandations du Haut Conseil de la Recherche Scientifique et de l\u2019Innovation (HCRSI) dans sa session du 19 Janvier 2022, notamment celle relative \u00e0 l\u2019implication de tous les minist\u00e8res concern\u00e9s.<\/p>\n<p>Les nouvelles dispositions propos\u00e9es par ce projet de d\u00e9cret ont pour objectifs de :<\/p>\n<p>\u2010 Prendre en compte dans la composition des personnels de la recherche, outre les enseignants chercheurs universitaires, les chercheurs eux-m\u00eames pour lesquels un nouveau statut particulier a \u00e9t\u00e9 cr\u00e9\u00e9 en vertu du d\u00e9cret n\u00b0 2020-144 du 11 novembre 2020, les autres personnels impliqu\u00e9s dans les op\u00e9rations de la recherche scientifique comme les ing\u00e9nieurs et les techniciens de recherche.<\/p>\n<p>\u2010 Favoriser le d\u00e9cloisonnement de la communaut\u00e9 des chercheurs par la cr\u00e9ation d\u2019unit\u00e9s mixtes de recherche permettant de regrouper un ensemble de chercheurs mauritaniens ou \/et de ces derniers avec leurs homologues de l\u2019\u00e9tranger sur des th\u00e9matiques prioritaires pour le d\u00e9veloppement scientifique et socio-\u00e9conomique du pays ;<\/p>\n<p>\u2010 D\u00e9finir les modalit\u00e9s de financement des structures de la recherche scientifique en fonction des derni\u00e8res \u00e9volutions du Syst\u00e8me National de la Recherche et de l\u2019Innovation, suite \u00e0 la r\u00e9forme de l\u2019Agence Nationale de la Recherche Scientifique de l\u2019Innovation (ANRSI).<\/p>\n<p>\u2010 Projet de d\u00e9cret portant cr\u00e9ation d\u2019une r\u00e9serve naturelle de faune sauvage.<\/p>\n<p>Le pr\u00e9sent projet de d\u00e9cret vise \u00e0 cr\u00e9er une r\u00e9serve naturelle de faune sauvage dans les wilayas de l\u2019Inchiri, de l\u2019Adrar, du Tiris Zemmour et de Dakhlet Nouadhibou, dont le but est de r\u00e9introduire des esp\u00e8ces animales rares, notamment les outardes, et de permettre la restauration d\u2019esp\u00e8ces, d\u2019\u00e9cosyst\u00e8mes et leurs abris naturels, en application des dispositions de l\u2019article 17 de la loi n\u00b0 2018-041 du 5 d\u00e9cembre 2018 relative \u00e0 la chasse et \u00e0 la gestion de la faune sauvage.<\/p>\n<p>\u2010 Projet de d\u00e9cret portant protection du site de Guelb Richat.<\/p>\n<p>Appel\u00e9 \u2018\u2019\u0153il de l\u2019Afrique ou du Sahara\u2019\u2019, du fait de la beaut\u00e9 et de la valeur exceptionnelle de son patrimoine, Guelb Richat rev\u00eat une haute importance g\u00e9ologique et environnementale tant au niveau national que mondial. Il constitue un rep\u00e8re, depuis l\u2019espace, pour les astronautes qui ont largement contribu\u00e9 \u00e0 sa vulgarisation \u00e0 l\u2019\u00e9chelle internationale. Il est class\u00e9 parmi les 100 premiers sites du patrimoine g\u00e9ologique dans le monde et le seul en Afrique de l\u2019ouest.<\/p>\n<p>En effet, le site de Guelb Richat, est l\u2019objet des pressions multiples qui se manifestent par le pillage de son patrimoine arch\u00e9ologique et historique, la perturbation de l\u2019\u00e9quilibre \u00e9cologique et l\u2019acc\u00e9l\u00e9ration de la d\u00e9gradation des sols.<\/p>\n<p>Ainsi, le pr\u00e9sent projet de d\u00e9cret vise \u00e0 \u00e9tablir et d\u00e9finir un syst\u00e8me de protection appropri\u00e9, \u00e0 inventorier et \u00e0 pr\u00e9server le patrimoine g\u00e9ologique de Guelb Richat en identifiant les diff\u00e9rents \u00e9l\u00e9ments de ce patrimoine, en identifiant ses caract\u00e9ristiques, en le pr\u00e9servant dans des conditions permettant la p\u00e9rennit\u00e9 de sa gestion, et \u00e9tablir des mesures punitives en cas de violation des dispositions contenues dans le pr\u00e9sent d\u00e9cret et du plan d\u2019\u00e9laboration et de gestion.<\/p>\n<p>Le Ministre des Affaires Etrang\u00e8res, de la Coop\u00e9ration et des Mauritaniens de l\u2019Ext\u00e9rieur a pr\u00e9sent\u00e9 une communication relative \u00e0 la situation internationale.<\/p>\n<p>Le Ministre de l\u2019Int\u00e9rieur et de la D\u00e9centralisation a pr\u00e9sent\u00e9 une communication relative \u00e0 la situation int\u00e9rieure.<\/p>\n<p>La Ministre de l\u2019Emploi et de la Formation Professionnelle a pr\u00e9sent\u00e9 une communication relative \u00e0 la cr\u00e9ation de Halles d\u2019accompagnement des Micro, Petites et Moyennes Entreprises (MPME).<\/p>\n<p>L\u2019objet de la pr\u00e9sente communication est de pr\u00e9senter un dispositif d\u2019accompagnement des micros, petites et moyennes entreprises, allant de la conception d\u2019id\u00e9e de projet \u00e0 sa maturation, son incubation, son financement, sa mise en \u0153uvre et son suivi de proximit\u00e9 dans le cadre de HALLES d\u2019entreprises implant\u00e9es dans les diff\u00e9rentes wilayas du pays.<\/p>\n<p>Les HALLES d\u2019entreprises viennent combler le d\u00e9ficit r\u00e9el observ\u00e9 en mati\u00e8re d\u2019accompagnement des micros, petites et moyennes entreprises financ\u00e9es dans le cadre de projets et programmes d\u2019emploi qui demeurent largement tributaires de l\u2019absence d\u2019un dispositif d\u2019identification de cr\u00e9neaux-porteurs, d\u2019accompagnement \u00e0 la mise en \u0153uvre et de suivi de proximit\u00e9 de leurs r\u00e9alisations.<\/p>\n<p>La Ministre Secr\u00e9taire G\u00e9n\u00e9rale du Gouvernement a pr\u00e9sent\u00e9 une communication relative \u00e0 l\u2019\u00e9tat d\u2019avancement des grands projets \u00e0 fin septembre 2023.<\/p>\n<p>Cette communication a montr\u00e9 que durant ce mois, de nombreux efforts ont \u00e9t\u00e9 consentis \u00e0 tous les niveaux, en vue d\u2019identifier les contraintes rencontr\u00e9es, trouver les solutions appropri\u00e9es et acc\u00e9l\u00e9rer l\u2019ex\u00e9cution des projets tout en am\u00e9liorant leur qualit\u00e9.<\/p>\n<p>Enfin, le Conseil des Ministres a pris les mesures individuelles suivantes :<\/p>\n<p>1. Minist\u00e8re de l\u2019Education Nationale et de la R\u00e9forme du Syst\u00e8me Educatif<\/p>\n<p>Administration Centrale<\/p>\n<p>Direction de l\u2019Enseignement Priv\u00e9<\/p>\n<p>\u2010 Directeur : Ahmed Mahfoudh HASNI<\/p>\n<p>2. Minist\u00e8re de Sant\u00e9<\/p>\n<p>Administration centrale<\/p>\n<p>\u2010 Direction des Infrastructures et des Maintenances<\/p>\n<p>Directeur Adjoint : Bouna Abdellahi Ould SALEM AHMEDOU, Ing\u00e9nieur principal en g\u00e9nie m\u00e9dical, pr\u00e9c\u00e9demment Chef de Service des March\u00e9s.<\/p>\n<p>3. Minist\u00e8re de l\u2019Hydraulique et de l\u2019Assainissement<\/p>\n<p>Cabinet du Ministre<\/p>\n<p>\u2010 Conseiller Technique charg\u00e9 de de l\u2019Hydraulique rurale : Mohamedou Niang, Ing\u00e9nieur, pr\u00e9c\u00e9demment \u00e0 la Direction de l\u2019hydrologie et des barrages.<\/p>\n<p>Administration centrale<\/p>\n<p>\u2010 Direction de l\u2019Assainissement<\/p>\n<p>Directeur : Cheikh ZAMEL, pr\u00e9c\u00e9demment Directeur du Contr\u00f4le et du Suivi.<\/p>\n<p>\u2010 Direction de l\u2019hydrologie et des barrages<\/p>\n<p>Directeur : Mohamed Mohamed Dit Sidi OUDAA, Ing\u00e9nieur, pr\u00e9c\u00e9demment \u00e0 la m\u00eame Direction.<\/p>\n<p>Direction du Contr\u00f4le et du Suivi<\/p>\n<p>Directeur : Sidi Mohamed KEBD, Ing\u00e9nieur, pr\u00e9c\u00e9demment Chef de Service \u00e0 la m\u00eame Direction.<\/p>\n<p>Directrice Adjointe : Mina Abdellahi ELLA, Ing\u00e9nieure, pr\u00e9c\u00e9demment Cheffe de Service \u00e0 la Direction de l\u2019Hydraulique.<\/p>\n<p>4. Minist\u00e8re de l\u2019Enseignement Sup\u00e9rieur et de la Recherche Scientifique<\/p>\n<p>Administration Centrale<\/p>\n<p>\u2010 Direction des Ressources Financi\u00e8res et du Patrimoine<\/p>\n<p>Directeur : Sidi Mohamed Ould JEDDOU, pr\u00e9c\u00e9demment Directeur des Affaires Financi\u00e8res au Minist\u00e8re de la Culture, de la Jeunesse, des Sports et des Relations avec le Parlement.<\/p>\n<p>Etablissement Publics<\/p>\n<p>\u2010 Ecole Nationale Sup\u00e9rieure<\/p>\n<p>Directeur : Hamoudy Ould HAMADI, Professeur de l\u2019enseignement sup\u00e9rieur.<\/p>\n<p>5. Minist\u00e8re de la Culture, de la Jeunesse, des Sports et des Relations avec le Parlement<\/p>\n<p>Administration Centrale<\/p>\n<p>Direction des Affaires Financi\u00e8res<\/p>\n<p>\u2010 Directeur : Abdellahi Ould HAMOUDI, pr\u00e9c\u00e9demment Directeur des Affaires Financi\u00e8res au Minist\u00e8re de l\u2019Enseignement Sup\u00e9rieur et de la Recherche Scientifique.<\/p>\n<p>Etablissement Publics<\/p>\n<p>Agence Mauritanienne des Informations<\/p>\n<p>\u2010 Directeur G\u00e9n\u00e9ral : Dia Moctar MALAL, en remplacement de Mohamed Vall Ould Oumeir, admis \u00e0 faire valoir ses droits \u00e0 la retraite.<\/p>\n<p>Institut Sup\u00e9rieur de la Jeunesse et des Sports<\/p>\n<p>\u2010 Directeur : Saleck Ould Moctar Ould SALECK, pr\u00e9c\u00e9demment Conseiller au Port Artisanal de Nouadhibou, en remplacement de Sidi Mohamed Ould Taleb, admis \u00e0 faire valoir ses droits \u00e0 la retraite.<\/p>\n","protected":false},"excerpt":{"rendered":"<p>AMI &#8211; Le Conseil des Ministres s\u2019est r\u00e9uni le mercredi 04 octobre 2023 sous la Pr\u00e9sidence de Son Excellence Monsieur Mohamed Ould Cheikh El-Ghazouani, Pr\u00e9sident de la R\u00e9publique. Le Conseil a examin\u00e9 et adopt\u00e9 les projets de d\u00e9crets suivants : \u2010 Projet de d\u00e9cret portant nomination du Pr\u00e9sident du Conseil d\u2019Administration de la Soci\u00e9t\u00e9 Nationale&#8230;..<\/p>\n","protected":false},"author":5,"featured_media":12699,"comment_status":"open","ping_status":"open","sticky":false,"template":"","format":"standard","meta":{"footnotes":""},"categories":[23,49],"tags":[],"class_list":["post-12698","post","type-post","status-publish","format-standard","has-post-thumbnail","hentry","category-actualite","category-economie"],"yoast_head":"<!-- This site is optimized with the Yoast SEO plugin v27.5 - https:\/\/yoast.com\/product\/yoast-seo-wordpress\/ -->\n<title>Communiqu\u00e9 du Conseil des Ministres du mercredi 04 octobre 2023 - Le Quotidien de Nouakchott<\/title>\n<meta name=\"robots\" content=\"index, follow, max-snippet:-1, max-image-preview:large, max-video-preview:-1\" \/>\n<link rel=\"canonical\" href=\"https:\/\/lequotidien.mr\/?p=12698&lang=fr\" \/>\n<meta property=\"og:locale\" content=\"ar_AR\" \/>\n<meta property=\"og:type\" content=\"article\" \/>\n<meta property=\"og:title\" content=\"Communiqu\u00e9 du Conseil des Ministres du mercredi 04 octobre 2023 - Le Quotidien de Nouakchott\" \/>\n<meta property=\"og:description\" content=\"AMI &#8211; Le Conseil des Ministres s\u2019est r\u00e9uni le mercredi 04 octobre 2023 sous la Pr\u00e9sidence de Son Excellence Monsieur Mohamed Ould Cheikh El-Ghazouani, Pr\u00e9sident de la R\u00e9publique. Le Conseil a examin\u00e9 et adopt\u00e9 les projets de d\u00e9crets suivants : \u2010 Projet de d\u00e9cret portant nomination du Pr\u00e9sident du Conseil d\u2019Administration de la Soci\u00e9t\u00e9 Nationale.....\" \/>\n<meta property=\"og:url\" content=\"https:\/\/lequotidien.mr\/?p=12698&amp;lang=fr\" \/>\n<meta property=\"og:site_name\" content=\"Le Quotidien de Nouakchott\" \/>\n<meta property=\"article:publisher\" content=\"https:\/\/web.facebook.com\/lequotidienmr\" \/>\n<meta property=\"article:published_time\" content=\"2023-10-04T22:06:38+00:00\" \/>\n<meta property=\"og:image\" content=\"https:\/\/lequotidien.mr\/wp-content\/uploads\/2023\/10\/conseil_des_ministres_21_08_2023_52_750x430.jpg\" \/>\n\t<meta property=\"og:image:width\" content=\"654\" \/>\n\t<meta property=\"og:image:height\" content=\"430\" \/>\n\t<meta property=\"og:image:type\" content=\"image\/jpeg\" \/>\n<meta name=\"author\" content=\"Gayi Diawara\" \/>\n<meta name=\"twitter:card\" content=\"summary_large_image\" \/>\n<meta name=\"twitter:creator\" content=\"@lequotidienmr\" \/>\n<meta name=\"twitter:site\" content=\"@lequotidienmr\" \/>\n<meta name=\"twitter:label1\" content=\"\u0643\u064f\u062a\u0628 \u0628\u0648\u0627\u0633\u0637\u0629\" \/>\n\t<meta name=\"twitter:data1\" content=\"Gayi Diawara\" \/>\n\t<meta name=\"twitter:label2\" content=\"\u0648\u0642\u062a \u0627\u0644\u0642\u0631\u0627\u0621\u0629 \u0627\u0644\u0645\u064f\u0642\u062f\u0651\u0631\" \/>\n\t<meta name=\"twitter:data2\" content=\"7 \u062f\u0642\u0627\u0626\u0642\" \/>\n<script type=\"application\/ld+json\" class=\"yoast-schema-graph\">{\"@context\":\"https:\\\/\\\/schema.org\",\"@graph\":[{\"@type\":\"Article\",\"@id\":\"https:\\\/\\\/lequotidien.mr\\\/?p=12698&lang=fr#article\",\"isPartOf\":{\"@id\":\"https:\\\/\\\/lequotidien.mr\\\/?p=12698&lang=fr\"},\"author\":{\"name\":\"Gayi Diawara\",\"@id\":\"https:\\\/\\\/lequotidien.mr\\\/#\\\/schema\\\/person\\\/1077c8abd5640a6514b909318d271dee\"},\"headline\":\"Communiqu\u00e9 du Conseil des Ministres du mercredi 04 octobre 2023\",\"datePublished\":\"2023-10-04T22:06:38+00:00\",\"mainEntityOfPage\":{\"@id\":\"https:\\\/\\\/lequotidien.mr\\\/?p=12698&lang=fr\"},\"wordCount\":1372,\"commentCount\":0,\"publisher\":{\"@id\":\"https:\\\/\\\/lequotidien.mr\\\/#organization\"},\"image\":{\"@id\":\"https:\\\/\\\/lequotidien.mr\\\/?p=12698&lang=fr#primaryimage\"},\"thumbnailUrl\":\"https:\\\/\\\/lequotidien.mr\\\/wp-content\\\/uploads\\\/2023\\\/10\\\/conseil_des_ministres_21_08_2023_52_750x430.jpg\",\"articleSection\":[\"ACTUALIT\u00c9\",\"Economie\"],\"inLanguage\":\"ar\",\"potentialAction\":[{\"@type\":\"CommentAction\",\"name\":\"Comment\",\"target\":[\"https:\\\/\\\/lequotidien.mr\\\/?p=12698&lang=fr#respond\"]}]},{\"@type\":\"WebPage\",\"@id\":\"https:\\\/\\\/lequotidien.mr\\\/?p=12698&lang=fr\",\"url\":\"https:\\\/\\\/lequotidien.mr\\\/?p=12698&lang=fr\",\"name\":\"Communiqu\u00e9 du Conseil des Ministres du mercredi 04 octobre 2023 - Le Quotidien de Nouakchott\",\"isPartOf\":{\"@id\":\"https:\\\/\\\/lequotidien.mr\\\/#website\"},\"primaryImageOfPage\":{\"@id\":\"https:\\\/\\\/lequotidien.mr\\\/?p=12698&lang=fr#primaryimage\"},\"image\":{\"@id\":\"https:\\\/\\\/lequotidien.mr\\\/?p=12698&lang=fr#primaryimage\"},\"thumbnailUrl\":\"https:\\\/\\\/lequotidien.mr\\\/wp-content\\\/uploads\\\/2023\\\/10\\\/conseil_des_ministres_21_08_2023_52_750x430.jpg\",\"datePublished\":\"2023-10-04T22:06:38+00:00\",\"breadcrumb\":{\"@id\":\"https:\\\/\\\/lequotidien.mr\\\/?p=12698&lang=fr#breadcrumb\"},\"inLanguage\":\"ar\",\"potentialAction\":[{\"@type\":\"ReadAction\",\"target\":[\"https:\\\/\\\/lequotidien.mr\\\/?p=12698&lang=fr\"]}]},{\"@type\":\"ImageObject\",\"inLanguage\":\"ar\",\"@id\":\"https:\\\/\\\/lequotidien.mr\\\/?p=12698&lang=fr#primaryimage\",\"url\":\"https:\\\/\\\/lequotidien.mr\\\/wp-content\\\/uploads\\\/2023\\\/10\\\/conseil_des_ministres_21_08_2023_52_750x430.jpg\",\"contentUrl\":\"https:\\\/\\\/lequotidien.mr\\\/wp-content\\\/uploads\\\/2023\\\/10\\\/conseil_des_ministres_21_08_2023_52_750x430.jpg\",\"width\":654,\"height\":430},{\"@type\":\"BreadcrumbList\",\"@id\":\"https:\\\/\\\/lequotidien.mr\\\/?p=12698&lang=fr#breadcrumb\",\"itemListElement\":[{\"@type\":\"ListItem\",\"position\":1,\"name\":\"Home\",\"item\":\"https:\\\/\\\/lequotidien.mr\\\/\"},{\"@type\":\"ListItem\",\"position\":2,\"name\":\"Communiqu\u00e9 du Conseil des Ministres du mercredi 04 octobre 2023\"}]},{\"@type\":\"WebSite\",\"@id\":\"https:\\\/\\\/lequotidien.mr\\\/#website\",\"url\":\"https:\\\/\\\/lequotidien.mr\\\/\",\"name\":\"Le Quotidien de Nouakchott\",\"description\":\"\u0625\u062e\u0628\u0627\u0631\u064a\u0629 \u0645\u0633\u062a\u0642\u0644\u0629 \u0644\u0644\u0623\u0646\u0628\u0627\u0621 \u0627\u0644\u0639\u0627\u0645\u0629\",\"publisher\":{\"@id\":\"https:\\\/\\\/lequotidien.mr\\\/#organization\"},\"potentialAction\":[{\"@type\":\"SearchAction\",\"target\":{\"@type\":\"EntryPoint\",\"urlTemplate\":\"https:\\\/\\\/lequotidien.mr\\\/?s={search_term_string}\"},\"query-input\":{\"@type\":\"PropertyValueSpecification\",\"valueRequired\":true,\"valueName\":\"search_term_string\"}}],\"inLanguage\":\"ar\"},{\"@type\":\"Organization\",\"@id\":\"https:\\\/\\\/lequotidien.mr\\\/#organization\",\"name\":\"Le Quotidien de Nouakchott\",\"url\":\"https:\\\/\\\/lequotidien.mr\\\/\",\"logo\":{\"@type\":\"ImageObject\",\"inLanguage\":\"ar\",\"@id\":\"https:\\\/\\\/lequotidien.mr\\\/#\\\/schema\\\/logo\\\/image\\\/\",\"url\":\"https:\\\/\\\/lequotidien.mr\\\/wp-content\\\/uploads\\\/2022\\\/11\\\/logolequotidien.jpg\",\"contentUrl\":\"https:\\\/\\\/lequotidien.mr\\\/wp-content\\\/uploads\\\/2022\\\/11\\\/logolequotidien.jpg\",\"width\":290,\"height\":65,\"caption\":\"Le Quotidien de Nouakchott\"},\"image\":{\"@id\":\"https:\\\/\\\/lequotidien.mr\\\/#\\\/schema\\\/logo\\\/image\\\/\"},\"sameAs\":[\"https:\\\/\\\/web.facebook.com\\\/lequotidienmr\",\"https:\\\/\\\/x.com\\\/lequotidienmr\"]},{\"@type\":\"Person\",\"@id\":\"https:\\\/\\\/lequotidien.mr\\\/#\\\/schema\\\/person\\\/1077c8abd5640a6514b909318d271dee\",\"name\":\"Gayi Diawara\",\"image\":{\"@type\":\"ImageObject\",\"inLanguage\":\"ar\",\"@id\":\"https:\\\/\\\/secure.gravatar.com\\\/avatar\\\/63ea8db1e19a6d2d608b24c0f78b5f3a7d6e0bc11959fec273410af333e4d0ac?s=96&d=mm&r=g\",\"url\":\"https:\\\/\\\/secure.gravatar.com\\\/avatar\\\/63ea8db1e19a6d2d608b24c0f78b5f3a7d6e0bc11959fec273410af333e4d0ac?s=96&d=mm&r=g\",\"contentUrl\":\"https:\\\/\\\/secure.gravatar.com\\\/avatar\\\/63ea8db1e19a6d2d608b24c0f78b5f3a7d6e0bc11959fec273410af333e4d0ac?s=96&d=mm&r=g\",\"caption\":\"Gayi Diawara\"},\"sameAs\":[\"http:\\\/\\\/lequotidien.mr\"],\"url\":\"https:\\\/\\\/lequotidien.mr\\\/?author=5\"}]}<\/script>\n<!-- \/ Yoast SEO plugin. -->","yoast_head_json":{"title":"Communiqu\u00e9 du Conseil des Ministres du mercredi 04 octobre 2023 - Le Quotidien de Nouakchott","robots":{"index":"index","follow":"follow","max-snippet":"max-snippet:-1","max-image-preview":"max-image-preview:large","max-video-preview":"max-video-preview:-1"},"canonical":"https:\/\/lequotidien.mr\/?p=12698&lang=fr","og_locale":"ar_AR","og_type":"article","og_title":"Communiqu\u00e9 du Conseil des Ministres du mercredi 04 octobre 2023 - Le Quotidien de Nouakchott","og_description":"AMI &#8211; Le Conseil des Ministres s\u2019est r\u00e9uni le mercredi 04 octobre 2023 sous la Pr\u00e9sidence de Son Excellence Monsieur Mohamed Ould Cheikh El-Ghazouani, Pr\u00e9sident de la R\u00e9publique. Le Conseil a examin\u00e9 et adopt\u00e9 les projets de d\u00e9crets suivants : \u2010 Projet de d\u00e9cret portant nomination du Pr\u00e9sident du Conseil d\u2019Administration de la Soci\u00e9t\u00e9 Nationale.....","og_url":"https:\/\/lequotidien.mr\/?p=12698&lang=fr","og_site_name":"Le Quotidien de Nouakchott","article_publisher":"https:\/\/web.facebook.com\/lequotidienmr","article_published_time":"2023-10-04T22:06:38+00:00","og_image":[{"width":654,"height":430,"url":"https:\/\/lequotidien.mr\/wp-content\/uploads\/2023\/10\/conseil_des_ministres_21_08_2023_52_750x430.jpg","type":"image\/jpeg"}],"author":"Gayi Diawara","twitter_card":"summary_large_image","twitter_creator":"@lequotidienmr","twitter_site":"@lequotidienmr","twitter_misc":{"\u0643\u064f\u062a\u0628 \u0628\u0648\u0627\u0633\u0637\u0629":"Gayi Diawara","\u0648\u0642\u062a \u0627\u0644\u0642\u0631\u0627\u0621\u0629 \u0627\u0644\u0645\u064f\u0642\u062f\u0651\u0631":"7 \u062f\u0642\u0627\u0626\u0642"},"schema":{"@context":"https:\/\/schema.org","@graph":[{"@type":"Article","@id":"https:\/\/lequotidien.mr\/?p=12698&lang=fr#article","isPartOf":{"@id":"https:\/\/lequotidien.mr\/?p=12698&lang=fr"},"author":{"name":"Gayi Diawara","@id":"https:\/\/lequotidien.mr\/#\/schema\/person\/1077c8abd5640a6514b909318d271dee"},"headline":"Communiqu\u00e9 du Conseil des Ministres du mercredi 04 octobre 2023","datePublished":"2023-10-04T22:06:38+00:00","mainEntityOfPage":{"@id":"https:\/\/lequotidien.mr\/?p=12698&lang=fr"},"wordCount":1372,"commentCount":0,"publisher":{"@id":"https:\/\/lequotidien.mr\/#organization"},"image":{"@id":"https:\/\/lequotidien.mr\/?p=12698&lang=fr#primaryimage"},"thumbnailUrl":"https:\/\/lequotidien.mr\/wp-content\/uploads\/2023\/10\/conseil_des_ministres_21_08_2023_52_750x430.jpg","articleSection":["ACTUALIT\u00c9","Economie"],"inLanguage":"ar","potentialAction":[{"@type":"CommentAction","name":"Comment","target":["https:\/\/lequotidien.mr\/?p=12698&lang=fr#respond"]}]},{"@type":"WebPage","@id":"https:\/\/lequotidien.mr\/?p=12698&lang=fr","url":"https:\/\/lequotidien.mr\/?p=12698&lang=fr","name":"Communiqu\u00e9 du Conseil des Ministres du mercredi 04 octobre 2023 - Le Quotidien de Nouakchott","isPartOf":{"@id":"https:\/\/lequotidien.mr\/#website"},"primaryImageOfPage":{"@id":"https:\/\/lequotidien.mr\/?p=12698&lang=fr#primaryimage"},"image":{"@id":"https:\/\/lequotidien.mr\/?p=12698&lang=fr#primaryimage"},"thumbnailUrl":"https:\/\/lequotidien.mr\/wp-content\/uploads\/2023\/10\/conseil_des_ministres_21_08_2023_52_750x430.jpg","datePublished":"2023-10-04T22:06:38+00:00","breadcrumb":{"@id":"https:\/\/lequotidien.mr\/?p=12698&lang=fr#breadcrumb"},"inLanguage":"ar","potentialAction":[{"@type":"ReadAction","target":["https:\/\/lequotidien.mr\/?p=12698&lang=fr"]}]},{"@type":"ImageObject","inLanguage":"ar","@id":"https:\/\/lequotidien.mr\/?p=12698&lang=fr#primaryimage","url":"https:\/\/lequotidien.mr\/wp-content\/uploads\/2023\/10\/conseil_des_ministres_21_08_2023_52_750x430.jpg","contentUrl":"https:\/\/lequotidien.mr\/wp-content\/uploads\/2023\/10\/conseil_des_ministres_21_08_2023_52_750x430.jpg","width":654,"height":430},{"@type":"BreadcrumbList","@id":"https:\/\/lequotidien.mr\/?p=12698&lang=fr#breadcrumb","itemListElement":[{"@type":"ListItem","position":1,"name":"Home","item":"https:\/\/lequotidien.mr\/"},{"@type":"ListItem","position":2,"name":"Communiqu\u00e9 du Conseil des Ministres du mercredi 04 octobre 2023"}]},{"@type":"WebSite","@id":"https:\/\/lequotidien.mr\/#website","url":"https:\/\/lequotidien.mr\/","name":"Le Quotidien de Nouakchott","description":"\u0625\u062e\u0628\u0627\u0631\u064a\u0629 \u0645\u0633\u062a\u0642\u0644\u0629 \u0644\u0644\u0623\u0646\u0628\u0627\u0621 \u0627\u0644\u0639\u0627\u0645\u0629","publisher":{"@id":"https:\/\/lequotidien.mr\/#organization"},"potentialAction":[{"@type":"SearchAction","target":{"@type":"EntryPoint","urlTemplate":"https:\/\/lequotidien.mr\/?s={search_term_string}"},"query-input":{"@type":"PropertyValueSpecification","valueRequired":true,"valueName":"search_term_string"}}],"inLanguage":"ar"},{"@type":"Organization","@id":"https:\/\/lequotidien.mr\/#organization","name":"Le Quotidien de Nouakchott","url":"https:\/\/lequotidien.mr\/","logo":{"@type":"ImageObject","inLanguage":"ar","@id":"https:\/\/lequotidien.mr\/#\/schema\/logo\/image\/","url":"https:\/\/lequotidien.mr\/wp-content\/uploads\/2022\/11\/logolequotidien.jpg","contentUrl":"https:\/\/lequotidien.mr\/wp-content\/uploads\/2022\/11\/logolequotidien.jpg","width":290,"height":65,"caption":"Le Quotidien de Nouakchott"},"image":{"@id":"https:\/\/lequotidien.mr\/#\/schema\/logo\/image\/"},"sameAs":["https:\/\/web.facebook.com\/lequotidienmr","https:\/\/x.com\/lequotidienmr"]},{"@type":"Person","@id":"https:\/\/lequotidien.mr\/#\/schema\/person\/1077c8abd5640a6514b909318d271dee","name":"Gayi Diawara","image":{"@type":"ImageObject","inLanguage":"ar","@id":"https:\/\/secure.gravatar.com\/avatar\/63ea8db1e19a6d2d608b24c0f78b5f3a7d6e0bc11959fec273410af333e4d0ac?s=96&d=mm&r=g","url":"https:\/\/secure.gravatar.com\/avatar\/63ea8db1e19a6d2d608b24c0f78b5f3a7d6e0bc11959fec273410af333e4d0ac?s=96&d=mm&r=g","contentUrl":"https:\/\/secure.gravatar.com\/avatar\/63ea8db1e19a6d2d608b24c0f78b5f3a7d6e0bc11959fec273410af333e4d0ac?s=96&d=mm&r=g","caption":"Gayi Diawara"},"sameAs":["http:\/\/lequotidien.mr"],"url":"https:\/\/lequotidien.mr\/?author=5"}]}},"_links":{"self":[{"href":"https:\/\/lequotidien.mr\/index.php?rest_route=\/wp\/v2\/posts\/12698","targetHints":{"allow":["GET"]}}],"collection":[{"href":"https:\/\/lequotidien.mr\/index.php?rest_route=\/wp\/v2\/posts"}],"about":[{"href":"https:\/\/lequotidien.mr\/index.php?rest_route=\/wp\/v2\/types\/post"}],"author":[{"embeddable":true,"href":"https:\/\/lequotidien.mr\/index.php?rest_route=\/wp\/v2\/users\/5"}],"replies":[{"embeddable":true,"href":"https:\/\/lequotidien.mr\/index.php?rest_route=%2Fwp%2Fv2%2Fcomments&post=12698"}],"version-history":[{"count":1,"href":"https:\/\/lequotidien.mr\/index.php?rest_route=\/wp\/v2\/posts\/12698\/revisions"}],"predecessor-version":[{"id":12700,"href":"https:\/\/lequotidien.mr\/index.php?rest_route=\/wp\/v2\/posts\/12698\/revisions\/12700"}],"wp:featuredmedia":[{"embeddable":true,"href":"https:\/\/lequotidien.mr\/index.php?rest_route=\/wp\/v2\/media\/12699"}],"wp:attachment":[{"href":"https:\/\/lequotidien.mr\/index.php?rest_route=%2Fwp%2Fv2%2Fmedia&parent=12698"}],"wp:term":[{"taxonomy":"category","embeddable":true,"href":"https:\/\/lequotidien.mr\/index.php?rest_route=%2Fwp%2Fv2%2Fcategories&post=12698"},{"taxonomy":"post_tag","embeddable":true,"href":"https:\/\/lequotidien.mr\/index.php?rest_route=%2Fwp%2Fv2%2Ftags&post=12698"}],"curies":[{"name":"wp","href":"https:\/\/api.w.org\/{rel}","templated":true}]}}