{"id":12561,"date":"2023-10-01T12:30:15","date_gmt":"2023-10-01T12:30:15","guid":{"rendered":"https:\/\/lequotidien.mr\/?p=12561"},"modified":"2023-12-03T19:29:27","modified_gmt":"2023-12-03T19:29:27","slug":"league-africaine-des-clubs-la-caf-fixe-les-recompenses-de-la-premiere-edition","status":"publish","type":"post","link":"https:\/\/lequotidien.mr\/?p=12561&lang=fr","title":{"rendered":"League Africaine des Clubs : La CAF fixe les r\u00e9compenses de la premi\u00e8re \u00e9dition!"},"content":{"rendered":"<p>La\u00a0<strong>CAF <\/strong>a officialis\u00e9 hier samedi le bar\u00e8me de ses r\u00e9compenses financi\u00e8res pour sa nouvelle comp\u00e9tition interclubs dont le coup d\u2019envoi sera donn\u00e9 le vendredi 20 octobre 2023 \u00e0 Dar Es Salam, en Tanzanie avec l\u2019affiche\u00a0: Simba SC (Tanzanie)- Al Alhy (Egypte).<\/p>\n<p>Huit clubs (Esp\u00e9rance Sportive de Tunis (Tunisie), Al Ahly (Egypte), Wydad AC (Maroc), Enyimba FC (Nigeria), Mamelodi Sundowns (Afrique du Sud), TP Mazembe (RD Congo), Atl\u00e9tico Petroleos de Luanda (Angola) et Simba SC (Tanzanie).<\/p>\n<p>Cette League Africaine interclubs est une comp\u00e9tition cr\u00e9\u00e9e en partenariat avec la FIFA, dans le but de renforcer la qualit\u00e9 du football des clubs africains et de les rendre viables sur le plan commercial.<\/p>\n<p><strong>Voici, le montant des r\u00e9compenses\u00a0:<\/strong><\/p>\n<p>Vainqueur : 4 millions de dollars<br \/>\nFinaliste : 3 millions de dollars<br \/>\nDemi-finalistes : 1,7 million de dollars<br \/>\nQuart-finalistes : 1 million de dollars<\/p>\n<p>&nbsp;<\/p>\n<p>&nbsp;<\/p>\n<p>&nbsp;<\/p>\n","protected":false},"excerpt":{"rendered":"<p>La\u00a0CAF a officialis\u00e9 hier samedi le bar\u00e8me de ses r\u00e9compenses financi\u00e8res pour sa nouvelle comp\u00e9tition interclubs dont le coup d\u2019envoi sera donn\u00e9 le vendredi 20 octobre 2023 \u00e0 Dar Es Salam, en Tanzanie avec l\u2019affiche\u00a0: Simba SC (Tanzanie)- Al Alhy (Egypte). Huit clubs (Esp\u00e9rance Sportive de Tunis (Tunisie), Al Ahly (Egypte), Wydad AC (Maroc), Enyimba&#8230;..<\/p>\n","protected":false},"author":7,"featured_media":12562,"comment_status":"open","ping_status":"open","sticky":false,"template":"","format":"standard","meta":{"footnotes":""},"categories":[49,51],"tags":[],"class_list":["post-12561","post","type-post","status-publish","format-standard","has-post-thumbnail","hentry","category-economie","category-sport"],"yoast_head":"<!-- This site is optimized with the Yoast SEO plugin v27.5 - https:\/\/yoast.com\/product\/yoast-seo-wordpress\/ -->\n<title>League Africaine des Clubs : La CAF fixe les r\u00e9compenses de la premi\u00e8re \u00e9dition! - Le Quotidien de Nouakchott<\/title>\n<meta name=\"robots\" content=\"index, follow, max-snippet:-1, max-image-preview:large, max-video-preview:-1\" \/>\n<link rel=\"canonical\" href=\"https:\/\/lequotidien.mr\/?p=12561&lang=fr\" \/>\n<meta property=\"og:locale\" content=\"ar_AR\" \/>\n<meta property=\"og:type\" content=\"article\" \/>\n<meta property=\"og:title\" content=\"League Africaine des Clubs : La CAF fixe les r\u00e9compenses de la premi\u00e8re \u00e9dition! - Le Quotidien de Nouakchott\" \/>\n<meta property=\"og:description\" content=\"La\u00a0CAF a officialis\u00e9 hier samedi le bar\u00e8me de ses r\u00e9compenses financi\u00e8res pour sa nouvelle comp\u00e9tition interclubs dont le coup d\u2019envoi sera donn\u00e9 le vendredi 20 octobre 2023 \u00e0 Dar Es Salam, en Tanzanie avec l\u2019affiche\u00a0: Simba SC (Tanzanie)- Al Alhy (Egypte). Huit clubs (Esp\u00e9rance Sportive de Tunis (Tunisie), Al Ahly (Egypte), Wydad AC (Maroc), Enyimba.....\" \/>\n<meta property=\"og:url\" content=\"https:\/\/lequotidien.mr\/?p=12561&amp;lang=fr\" \/>\n<meta property=\"og:site_name\" content=\"Le Quotidien de Nouakchott\" \/>\n<meta property=\"article:publisher\" content=\"https:\/\/web.facebook.com\/lequotidienmr\" \/>\n<meta property=\"article:published_time\" content=\"2023-10-01T12:30:15+00:00\" \/>\n<meta property=\"article:modified_time\" content=\"2023-12-03T19:29:27+00:00\" \/>\n<meta property=\"og:image\" content=\"https:\/\/lequotidien.mr\/wp-content\/uploads\/2023\/10\/AFL.jpg\" \/>\n\t<meta property=\"og:image:width\" content=\"318\" \/>\n\t<meta property=\"og:image:height\" content=\"159\" \/>\n\t<meta property=\"og:image:type\" content=\"image\/jpeg\" \/>\n<meta name=\"author\" content=\"Hachim El Yemani\" \/>\n<meta name=\"twitter:card\" content=\"summary_large_image\" \/>\n<meta name=\"twitter:creator\" content=\"@lequotidienmr\" \/>\n<meta name=\"twitter:site\" content=\"@lequotidienmr\" \/>\n<meta name=\"twitter:label1\" content=\"\u0643\u064f\u062a\u0628 \u0628\u0648\u0627\u0633\u0637\u0629\" \/>\n\t<meta name=\"twitter:data1\" content=\"Hachim El Yemani\" \/>\n\t<meta name=\"twitter:label2\" content=\"\u0648\u0642\u062a \u0627\u0644\u0642\u0631\u0627\u0621\u0629 \u0627\u0644\u0645\u064f\u0642\u062f\u0651\u0631\" \/>\n\t<meta name=\"twitter:data2\" content=\"\u062f\u0642\u064a\u0642\u0629 \u0648\u0627\u062d\u062f\u0629\" \/>\n<script type=\"application\/ld+json\" class=\"yoast-schema-graph\">{\"@context\":\"https:\\\/\\\/schema.org\",\"@graph\":[{\"@type\":\"Article\",\"@id\":\"https:\\\/\\\/lequotidien.mr\\\/?p=12561&lang=fr#article\",\"isPartOf\":{\"@id\":\"https:\\\/\\\/lequotidien.mr\\\/?p=12561&lang=fr\"},\"author\":{\"name\":\"Hachim El Yemani\",\"@id\":\"https:\\\/\\\/lequotidien.mr\\\/#\\\/schema\\\/person\\\/084fc8a65780dd82fc2dc1b6606ccd93\"},\"headline\":\"League Africaine des Clubs : La CAF fixe les r\u00e9compenses de la premi\u00e8re \u00e9dition!\",\"datePublished\":\"2023-10-01T12:30:15+00:00\",\"dateModified\":\"2023-12-03T19:29:27+00:00\",\"mainEntityOfPage\":{\"@id\":\"https:\\\/\\\/lequotidien.mr\\\/?p=12561&lang=fr\"},\"wordCount\":158,\"commentCount\":0,\"publisher\":{\"@id\":\"https:\\\/\\\/lequotidien.mr\\\/#organization\"},\"image\":{\"@id\":\"https:\\\/\\\/lequotidien.mr\\\/?p=12561&lang=fr#primaryimage\"},\"thumbnailUrl\":\"https:\\\/\\\/lequotidien.mr\\\/wp-content\\\/uploads\\\/2023\\\/10\\\/AFL.jpg\",\"articleSection\":[\"Economie\",\"SPORT\"],\"inLanguage\":\"ar\",\"potentialAction\":[{\"@type\":\"CommentAction\",\"name\":\"Comment\",\"target\":[\"https:\\\/\\\/lequotidien.mr\\\/?p=12561&lang=fr#respond\"]}]},{\"@type\":\"WebPage\",\"@id\":\"https:\\\/\\\/lequotidien.mr\\\/?p=12561&lang=fr\",\"url\":\"https:\\\/\\\/lequotidien.mr\\\/?p=12561&lang=fr\",\"name\":\"League Africaine des Clubs : La CAF fixe les r\u00e9compenses de la premi\u00e8re \u00e9dition! - Le Quotidien de Nouakchott\",\"isPartOf\":{\"@id\":\"https:\\\/\\\/lequotidien.mr\\\/#website\"},\"primaryImageOfPage\":{\"@id\":\"https:\\\/\\\/lequotidien.mr\\\/?p=12561&lang=fr#primaryimage\"},\"image\":{\"@id\":\"https:\\\/\\\/lequotidien.mr\\\/?p=12561&lang=fr#primaryimage\"},\"thumbnailUrl\":\"https:\\\/\\\/lequotidien.mr\\\/wp-content\\\/uploads\\\/2023\\\/10\\\/AFL.jpg\",\"datePublished\":\"2023-10-01T12:30:15+00:00\",\"dateModified\":\"2023-12-03T19:29:27+00:00\",\"breadcrumb\":{\"@id\":\"https:\\\/\\\/lequotidien.mr\\\/?p=12561&lang=fr#breadcrumb\"},\"inLanguage\":\"ar\",\"potentialAction\":[{\"@type\":\"ReadAction\",\"target\":[\"https:\\\/\\\/lequotidien.mr\\\/?p=12561&lang=fr\"]}]},{\"@type\":\"ImageObject\",\"inLanguage\":\"ar\",\"@id\":\"https:\\\/\\\/lequotidien.mr\\\/?p=12561&lang=fr#primaryimage\",\"url\":\"https:\\\/\\\/lequotidien.mr\\\/wp-content\\\/uploads\\\/2023\\\/10\\\/AFL.jpg\",\"contentUrl\":\"https:\\\/\\\/lequotidien.mr\\\/wp-content\\\/uploads\\\/2023\\\/10\\\/AFL.jpg\",\"width\":318,\"height\":159},{\"@type\":\"BreadcrumbList\",\"@id\":\"https:\\\/\\\/lequotidien.mr\\\/?p=12561&lang=fr#breadcrumb\",\"itemListElement\":[{\"@type\":\"ListItem\",\"position\":1,\"name\":\"Home\",\"item\":\"https:\\\/\\\/lequotidien.mr\\\/\"},{\"@type\":\"ListItem\",\"position\":2,\"name\":\"League Africaine des Clubs : La CAF fixe les r\u00e9compenses de la premi\u00e8re \u00e9dition!\"}]},{\"@type\":\"WebSite\",\"@id\":\"https:\\\/\\\/lequotidien.mr\\\/#website\",\"url\":\"https:\\\/\\\/lequotidien.mr\\\/\",\"name\":\"Le Quotidien de Nouakchott\",\"description\":\"\u0625\u062e\u0628\u0627\u0631\u064a\u0629 \u0645\u0633\u062a\u0642\u0644\u0629 \u0644\u0644\u0623\u0646\u0628\u0627\u0621 \u0627\u0644\u0639\u0627\u0645\u0629\",\"publisher\":{\"@id\":\"https:\\\/\\\/lequotidien.mr\\\/#organization\"},\"potentialAction\":[{\"@type\":\"SearchAction\",\"target\":{\"@type\":\"EntryPoint\",\"urlTemplate\":\"https:\\\/\\\/lequotidien.mr\\\/?s={search_term_string}\"},\"query-input\":{\"@type\":\"PropertyValueSpecification\",\"valueRequired\":true,\"valueName\":\"search_term_string\"}}],\"inLanguage\":\"ar\"},{\"@type\":\"Organization\",\"@id\":\"https:\\\/\\\/lequotidien.mr\\\/#organization\",\"name\":\"Le Quotidien de Nouakchott\",\"url\":\"https:\\\/\\\/lequotidien.mr\\\/\",\"logo\":{\"@type\":\"ImageObject\",\"inLanguage\":\"ar\",\"@id\":\"https:\\\/\\\/lequotidien.mr\\\/#\\\/schema\\\/logo\\\/image\\\/\",\"url\":\"https:\\\/\\\/lequotidien.mr\\\/wp-content\\\/uploads\\\/2022\\\/11\\\/logolequotidien.jpg\",\"contentUrl\":\"https:\\\/\\\/lequotidien.mr\\\/wp-content\\\/uploads\\\/2022\\\/11\\\/logolequotidien.jpg\",\"width\":290,\"height\":65,\"caption\":\"Le Quotidien de Nouakchott\"},\"image\":{\"@id\":\"https:\\\/\\\/lequotidien.mr\\\/#\\\/schema\\\/logo\\\/image\\\/\"},\"sameAs\":[\"https:\\\/\\\/web.facebook.com\\\/lequotidienmr\",\"https:\\\/\\\/x.com\\\/lequotidienmr\"]},{\"@type\":\"Person\",\"@id\":\"https:\\\/\\\/lequotidien.mr\\\/#\\\/schema\\\/person\\\/084fc8a65780dd82fc2dc1b6606ccd93\",\"name\":\"Hachim El Yemani\",\"image\":{\"@type\":\"ImageObject\",\"inLanguage\":\"ar\",\"@id\":\"https:\\\/\\\/secure.gravatar.com\\\/avatar\\\/d26186aaa5bf4c9f95183e2f6e441600872253143ebb24ebf40607e5f0b7ced0?s=96&d=mm&r=g\",\"url\":\"https:\\\/\\\/secure.gravatar.com\\\/avatar\\\/d26186aaa5bf4c9f95183e2f6e441600872253143ebb24ebf40607e5f0b7ced0?s=96&d=mm&r=g\",\"contentUrl\":\"https:\\\/\\\/secure.gravatar.com\\\/avatar\\\/d26186aaa5bf4c9f95183e2f6e441600872253143ebb24ebf40607e5f0b7ced0?s=96&d=mm&r=g\",\"caption\":\"Hachim El Yemani\"},\"sameAs\":[\"https:\\\/\\\/lequotidien.mr\\\/\"],\"url\":\"https:\\\/\\\/lequotidien.mr\\\/?author=7\"}]}<\/script>\n<!-- \/ Yoast SEO plugin. -->","yoast_head_json":{"title":"League Africaine des Clubs : La CAF fixe les r\u00e9compenses de la premi\u00e8re \u00e9dition! - Le Quotidien de Nouakchott","robots":{"index":"index","follow":"follow","max-snippet":"max-snippet:-1","max-image-preview":"max-image-preview:large","max-video-preview":"max-video-preview:-1"},"canonical":"https:\/\/lequotidien.mr\/?p=12561&lang=fr","og_locale":"ar_AR","og_type":"article","og_title":"League Africaine des Clubs : La CAF fixe les r\u00e9compenses de la premi\u00e8re \u00e9dition! - Le Quotidien de Nouakchott","og_description":"La\u00a0CAF a officialis\u00e9 hier samedi le bar\u00e8me de ses r\u00e9compenses financi\u00e8res pour sa nouvelle comp\u00e9tition interclubs dont le coup d\u2019envoi sera donn\u00e9 le vendredi 20 octobre 2023 \u00e0 Dar Es Salam, en Tanzanie avec l\u2019affiche\u00a0: Simba SC (Tanzanie)- Al Alhy (Egypte). Huit clubs (Esp\u00e9rance Sportive de Tunis (Tunisie), Al Ahly (Egypte), Wydad AC (Maroc), Enyimba.....","og_url":"https:\/\/lequotidien.mr\/?p=12561&lang=fr","og_site_name":"Le Quotidien de Nouakchott","article_publisher":"https:\/\/web.facebook.com\/lequotidienmr","article_published_time":"2023-10-01T12:30:15+00:00","article_modified_time":"2023-12-03T19:29:27+00:00","og_image":[{"width":318,"height":159,"url":"https:\/\/lequotidien.mr\/wp-content\/uploads\/2023\/10\/AFL.jpg","type":"image\/jpeg"}],"author":"Hachim El Yemani","twitter_card":"summary_large_image","twitter_creator":"@lequotidienmr","twitter_site":"@lequotidienmr","twitter_misc":{"\u0643\u064f\u062a\u0628 \u0628\u0648\u0627\u0633\u0637\u0629":"Hachim El Yemani","\u0648\u0642\u062a \u0627\u0644\u0642\u0631\u0627\u0621\u0629 \u0627\u0644\u0645\u064f\u0642\u062f\u0651\u0631":"\u062f\u0642\u064a\u0642\u0629 \u0648\u0627\u062d\u062f\u0629"},"schema":{"@context":"https:\/\/schema.org","@graph":[{"@type":"Article","@id":"https:\/\/lequotidien.mr\/?p=12561&lang=fr#article","isPartOf":{"@id":"https:\/\/lequotidien.mr\/?p=12561&lang=fr"},"author":{"name":"Hachim El Yemani","@id":"https:\/\/lequotidien.mr\/#\/schema\/person\/084fc8a65780dd82fc2dc1b6606ccd93"},"headline":"League Africaine des Clubs : La CAF fixe les r\u00e9compenses de la premi\u00e8re \u00e9dition!","datePublished":"2023-10-01T12:30:15+00:00","dateModified":"2023-12-03T19:29:27+00:00","mainEntityOfPage":{"@id":"https:\/\/lequotidien.mr\/?p=12561&lang=fr"},"wordCount":158,"commentCount":0,"publisher":{"@id":"https:\/\/lequotidien.mr\/#organization"},"image":{"@id":"https:\/\/lequotidien.mr\/?p=12561&lang=fr#primaryimage"},"thumbnailUrl":"https:\/\/lequotidien.mr\/wp-content\/uploads\/2023\/10\/AFL.jpg","articleSection":["Economie","SPORT"],"inLanguage":"ar","potentialAction":[{"@type":"CommentAction","name":"Comment","target":["https:\/\/lequotidien.mr\/?p=12561&lang=fr#respond"]}]},{"@type":"WebPage","@id":"https:\/\/lequotidien.mr\/?p=12561&lang=fr","url":"https:\/\/lequotidien.mr\/?p=12561&lang=fr","name":"League Africaine des Clubs : La CAF fixe les r\u00e9compenses de la premi\u00e8re \u00e9dition! - Le Quotidien de Nouakchott","isPartOf":{"@id":"https:\/\/lequotidien.mr\/#website"},"primaryImageOfPage":{"@id":"https:\/\/lequotidien.mr\/?p=12561&lang=fr#primaryimage"},"image":{"@id":"https:\/\/lequotidien.mr\/?p=12561&lang=fr#primaryimage"},"thumbnailUrl":"https:\/\/lequotidien.mr\/wp-content\/uploads\/2023\/10\/AFL.jpg","datePublished":"2023-10-01T12:30:15+00:00","dateModified":"2023-12-03T19:29:27+00:00","breadcrumb":{"@id":"https:\/\/lequotidien.mr\/?p=12561&lang=fr#breadcrumb"},"inLanguage":"ar","potentialAction":[{"@type":"ReadAction","target":["https:\/\/lequotidien.mr\/?p=12561&lang=fr"]}]},{"@type":"ImageObject","inLanguage":"ar","@id":"https:\/\/lequotidien.mr\/?p=12561&lang=fr#primaryimage","url":"https:\/\/lequotidien.mr\/wp-content\/uploads\/2023\/10\/AFL.jpg","contentUrl":"https:\/\/lequotidien.mr\/wp-content\/uploads\/2023\/10\/AFL.jpg","width":318,"height":159},{"@type":"BreadcrumbList","@id":"https:\/\/lequotidien.mr\/?p=12561&lang=fr#breadcrumb","itemListElement":[{"@type":"ListItem","position":1,"name":"Home","item":"https:\/\/lequotidien.mr\/"},{"@type":"ListItem","position":2,"name":"League Africaine des Clubs : La CAF fixe les r\u00e9compenses de la premi\u00e8re \u00e9dition!"}]},{"@type":"WebSite","@id":"https:\/\/lequotidien.mr\/#website","url":"https:\/\/lequotidien.mr\/","name":"Le Quotidien de Nouakchott","description":"\u0625\u062e\u0628\u0627\u0631\u064a\u0629 \u0645\u0633\u062a\u0642\u0644\u0629 \u0644\u0644\u0623\u0646\u0628\u0627\u0621 \u0627\u0644\u0639\u0627\u0645\u0629","publisher":{"@id":"https:\/\/lequotidien.mr\/#organization"},"potentialAction":[{"@type":"SearchAction","target":{"@type":"EntryPoint","urlTemplate":"https:\/\/lequotidien.mr\/?s={search_term_string}"},"query-input":{"@type":"PropertyValueSpecification","valueRequired":true,"valueName":"search_term_string"}}],"inLanguage":"ar"},{"@type":"Organization","@id":"https:\/\/lequotidien.mr\/#organization","name":"Le Quotidien de Nouakchott","url":"https:\/\/lequotidien.mr\/","logo":{"@type":"ImageObject","inLanguage":"ar","@id":"https:\/\/lequotidien.mr\/#\/schema\/logo\/image\/","url":"https:\/\/lequotidien.mr\/wp-content\/uploads\/2022\/11\/logolequotidien.jpg","contentUrl":"https:\/\/lequotidien.mr\/wp-content\/uploads\/2022\/11\/logolequotidien.jpg","width":290,"height":65,"caption":"Le Quotidien de Nouakchott"},"image":{"@id":"https:\/\/lequotidien.mr\/#\/schema\/logo\/image\/"},"sameAs":["https:\/\/web.facebook.com\/lequotidienmr","https:\/\/x.com\/lequotidienmr"]},{"@type":"Person","@id":"https:\/\/lequotidien.mr\/#\/schema\/person\/084fc8a65780dd82fc2dc1b6606ccd93","name":"Hachim El Yemani","image":{"@type":"ImageObject","inLanguage":"ar","@id":"https:\/\/secure.gravatar.com\/avatar\/d26186aaa5bf4c9f95183e2f6e441600872253143ebb24ebf40607e5f0b7ced0?s=96&d=mm&r=g","url":"https:\/\/secure.gravatar.com\/avatar\/d26186aaa5bf4c9f95183e2f6e441600872253143ebb24ebf40607e5f0b7ced0?s=96&d=mm&r=g","contentUrl":"https:\/\/secure.gravatar.com\/avatar\/d26186aaa5bf4c9f95183e2f6e441600872253143ebb24ebf40607e5f0b7ced0?s=96&d=mm&r=g","caption":"Hachim El Yemani"},"sameAs":["https:\/\/lequotidien.mr\/"],"url":"https:\/\/lequotidien.mr\/?author=7"}]}},"_links":{"self":[{"href":"https:\/\/lequotidien.mr\/index.php?rest_route=\/wp\/v2\/posts\/12561","targetHints":{"allow":["GET"]}}],"collection":[{"href":"https:\/\/lequotidien.mr\/index.php?rest_route=\/wp\/v2\/posts"}],"about":[{"href":"https:\/\/lequotidien.mr\/index.php?rest_route=\/wp\/v2\/types\/post"}],"author":[{"embeddable":true,"href":"https:\/\/lequotidien.mr\/index.php?rest_route=\/wp\/v2\/users\/7"}],"replies":[{"embeddable":true,"href":"https:\/\/lequotidien.mr\/index.php?rest_route=%2Fwp%2Fv2%2Fcomments&post=12561"}],"version-history":[{"count":1,"href":"https:\/\/lequotidien.mr\/index.php?rest_route=\/wp\/v2\/posts\/12561\/revisions"}],"predecessor-version":[{"id":12563,"href":"https:\/\/lequotidien.mr\/index.php?rest_route=\/wp\/v2\/posts\/12561\/revisions\/12563"}],"wp:featuredmedia":[{"embeddable":true,"href":"https:\/\/lequotidien.mr\/index.php?rest_route=\/wp\/v2\/media\/12562"}],"wp:attachment":[{"href":"https:\/\/lequotidien.mr\/index.php?rest_route=%2Fwp%2Fv2%2Fmedia&parent=12561"}],"wp:term":[{"taxonomy":"category","embeddable":true,"href":"https:\/\/lequotidien.mr\/index.php?rest_route=%2Fwp%2Fv2%2Fcategories&post=12561"},{"taxonomy":"post_tag","embeddable":true,"href":"https:\/\/lequotidien.mr\/index.php?rest_route=%2Fwp%2Fv2%2Ftags&post=12561"}],"curies":[{"name":"wp","href":"https:\/\/api.w.org\/{rel}","templated":true}]}}