{"id":12490,"date":"2023-09-28T13:21:56","date_gmt":"2023-09-28T13:21:56","guid":{"rendered":"https:\/\/lequotidien.mr\/?p=12490"},"modified":"2023-09-28T13:21:56","modified_gmt":"2023-09-28T13:21:56","slug":"communique-du-conseil-des-ministres-du-mercredi-27-septembre-2023","status":"publish","type":"post","link":"https:\/\/lequotidien.mr\/?p=12490&lang=fr","title":{"rendered":"Communiqu\u00e9 du Conseil des Ministres du mercredi 27 septembre 2023"},"content":{"rendered":"<p>AMI &#8211; Le Conseil des ministres s\u2019est r\u00e9uni le mercredi 27 septembre 2023 sous la pr\u00e9sidence de Son Excellence Monsieur Mohamed Ould Cheikh El Ghazouani, Pr\u00e9sident de la R\u00e9publique.<\/p>\n<p>Le Conseil a examin\u00e9 et adopt\u00e9 les projets de d\u00e9crets suivants :<\/p>\n<p>\u2010 Projet de d\u00e9cret d\u00e9clarant la Fondation des Oulemas Mauritaniens \u00ab Association d\u2019Utilit\u00e9 Publique \u00bb.<\/p>\n<p>Le pr\u00e9sent projet de d\u00e9cret a pour objet de d\u00e9clarer la fondation des Oulemas mauritanien association d\u2019utilit\u00e9 publique.<\/p>\n<p>Ce statut permettra \u00e0 cette importante organisation non gouvernementale cr\u00e9\u00e9e en 2000 de b\u00e9n\u00e9ficier des pr\u00e9rogatives des associations d\u2019utilit\u00e9 publique conform\u00e9ment aux dispositions des articles de 30 \u00e0 40 de la loi 2021-004 du 10 f\u00e9vrier 2021 relative aux associations, aux fondations et aux r\u00e9seaux.<\/p>\n<p>\u2010 Projet de d\u00e9cret abrogeant et rempla\u00e7ant le d\u00e9cret 2018-044 du 1er mars 2018 modifiant certaines dispositions du d\u00e9cret 2015-159 du 1er octobre 2015 portant application de la loi n\u00b0 2015-017 du 29 juillet 2015 portant Code des P\u00eaches Maritimes.<\/p>\n<p>Le pr\u00e9sent projet de d\u00e9cret introduit la r\u00e9gularisation de la capacit\u00e9 de p\u00eache des flottes op\u00e9rant dans la zone de p\u00eache artisanale, pour ce faire, la p\u00eache artisanale est d\u00e9sormais subdivis\u00e9e en deux segments :<\/p>\n<p>-le segment 1 : qui conserve aux unit\u00e9s de p\u00eache artisanale les m\u00eames acquis accord\u00e9s par les textes r\u00e9glementaires actuellement en vigueur.<\/p>\n<p>-le segment 2 : qui int\u00e8gre ; au sein de la p\u00eache artisanale ; les navires c\u00f4tiers de longueur sup\u00e9rieure \u00e0 14 m\u00e8tres et inf\u00e9rieure ou \u00e9gale 15 m\u00e8tres pour ledit segment, un droit d\u2019acc\u00e8s direct diff\u00e9renci\u00e9 de celui du segment 1 est institu\u00e9.<\/p>\n<p>En raison de l\u2019absence de la maitrise des possibilit\u00e9s d\u2019acc\u00e8s \u00e0 la zone de p\u00eache artisanale, des dispositifs d\u2019identification, de suivi et de surveillance par satellite sont institu\u00e9s dans le but d\u2019assurer un contr\u00f4le de d\u2019activit\u00e9 dans ladite zone.<\/p>\n<p>Le projet de d\u00e9cret vise \u00e9galement \u00e0 r\u00e9duire la p\u00eache c\u00f4ti\u00e8re p\u00e9lagique, en la ramenant de 3 \u00e0 2 segments, conform\u00e9ment au plan d\u2019am\u00e9nagement de la p\u00eacherie des petits p\u00e9lagiques, approuv\u00e9 en novembre 2022 et qui constituait un engagement dans le cadre du protocole d\u2019application de l\u2019accord de p\u00eache RIM\/UE sign\u00e9 en 2021.<\/p>\n<p>Pour ce qui est de la p\u00eache hauturi\u00e8re, les m\u00eames dispositions sont reconduites.<\/p>\n<p>\u2010 Projet de d\u00e9cret portant approbation du plan de lotissement de la ville de Dj\u00e9ol, Moughataa de Ka\u00e9di, Wilaya du Gorgol.<\/p>\n<p>Ce plan couvre une superficie totale de 155 hectares et prend en compte les normes n\u00e9cessaires pour cr\u00e9er un cadre de vie appropri\u00e9 garantissant la s\u00e9curit\u00e9 et la tranquillit\u00e9 des citoyens.<\/p>\n<p>\u2013 La superficie habitable est de 64 hectares<\/p>\n<p>\u2013 1 310 parcelles de terrain d\u2019une superficie de 400 m\u00e8tres carr\u00e9s<\/p>\n<p>\u2013 28 parcelles de terrain \u00e0 usage commercial<\/p>\n<p>\u2013 Des parcelles r\u00e9serv\u00e9es \u00e0 des \u00e9quipements publics et b\u00e2timents administratifs<\/p>\n<p>\u2013 Un r\u00e9seau routier estim\u00e9 \u00e0 71 hectares<\/p>\n<p>Le ministre des Affaires \u00c9trang\u00e8res, de la Coop\u00e9ration et des Mauritaniens de l\u2019Ext\u00e9rieur a pr\u00e9sent\u00e9 une communication relative \u00e0 la situation internationale.<\/p>\n<p>Le ministre de la D\u00e9fense Nationale, ministre de l\u2019Int\u00e9rieur et de la D\u00e9centralisation par Int\u00e9rim a pr\u00e9sent\u00e9 une communication relative \u00e0 la situation int\u00e9rieure.<\/p>\n<p>Le ministre de l\u2019\u00c9conomie et du D\u00e9veloppement Durable a pr\u00e9sent\u00e9 une communication relative \u00e0 l\u2019ex\u00e9cution des projets sur financements ext\u00e9rieurs au cours du 2\u00e8me trimestre 2023.<\/p>\n<p>Cette communication concerne le rapport du deuxi\u00e8me trimestre 2023, qui passe en revue l\u2019\u00e9tat de mise en \u0153uvre des activit\u00e9s du portefeuille des projets au cours de ce trimestre.<\/p>\n<p>Les caract\u00e9ristiques globales du portefeuille ont peu \u00e9volu\u00e9 au cours du deuxi\u00e8me trimestre 2023. Au 30 juin 2023, le portefeuille des projets sur financement ext\u00e9rieur comprenait 115 projets pour un montant global de 148.81 milliards MRU, Six nouveaux projets ont \u00e9t\u00e9 approuv\u00e9s depuis janvier 2023, correspondant aux 11 conventions de financement pour un montant de 4.89 milliards MRU, et deux projets sont achev\u00e9s.<\/p>\n<p>La r\u00e9alisation des activit\u00e9s programm\u00e9es au cours du deuxi\u00e8me trimestre 2023 a \u00e9t\u00e9 satisfaisante, sur les 64 projets dont les rapports ont \u00e9t\u00e9 soumis, la performance de r\u00e9alisation des activit\u00e9s au cours du trimestre s\u2019\u00e9tablit comme suit :<\/p>\n<p>\uf0fc 30 projets, soit 47% enregistrent un niveau de performance satisfaisant- taux de r\u00e9alisation de 80% et plus, avec 8 projets ; soit 27% qui r\u00e9alisent 100% des activit\u00e9s programm\u00e9es,<\/p>\n<p>\uf0fc 15 projets, soit 23% affichent un niveau de performance mod\u00e9r\u00e9 (taux de r\u00e9alisation compris entre 50% et 80%) avec 4 projets, soit 27% qui r\u00e9alisent plus de 70% des activit\u00e9s programm\u00e9es,<\/p>\n<p>\uf0fc 19 projets soit 30% enregistrent un niveau de performance faible (taux de r\u00e9alisation inf\u00e9rieur \u00e0 50%) avec 5 projets soit 26% ont r\u00e9alis\u00e9 moins de 6% des activit\u00e9s programm\u00e9es,<\/p>\n<p><u>Enfin, le Conseil des Ministres a pris les mesures individuelles suivantes :<\/u><\/p>\n<p>Minist\u00e8re des Affaires Islamique et de l\u2019Enseignement Originel<\/p>\n<p>Cabinet du Ministre<\/p>\n<p>Charg\u00e9 de Mission : Enne Boulkheir M\u2019Barek, titulaire d\u2019une Ma\u00eetrise en Droit<\/p>\n<p>Minist\u00e8re des Finances<\/p>\n<p>Administration Centrale<\/p>\n<p>Direction G\u00e9n\u00e9ral des Douanes<\/p>\n<p>Directeur G\u00e9n\u00e9ral Adjoint: Khaled Saleck Ely, Inspecteur principal des douanes, et pr\u00e9c\u00e9demment charg\u00e9 du bureau des douanes au port autonome de Nouakchott<\/p>\n<p>Minist\u00e8re de l\u2019\u00c9ducation Nationale et de la R\u00e9forme du Syst\u00e8me \u00c9ducatif<\/p>\n<p>Cabinet du Ministre<\/p>\n<p>Charg\u00e9 de mission :<\/p>\n<p>\u2013 Sghair Ould Atigh, titulaire d\u2019un master en comptabilit\u00e9 et Audit<\/p>\n<p>\u00c9tablissements Publics<\/p>\n<p>\u00c9cole Normale d\u2019Instituteurs d\u2019Aioun<\/p>\n<p>Directeur : Sidi Ould Hweiriya, pr\u00e9c\u00e9demment Directeur de l\u2019Enseignement Priv\u00e9<\/p>\n<p>\u00c9cole Normale d\u2019Instituteurs de Kiffa<\/p>\n<p>Directeur : Mohamed Ould Boubacar Khattary, pr\u00e9c\u00e9demment Directeur de l\u2019\u00c9cole Normale d\u2019Instituteurs d\u2019Aioun<\/p>\n<p>Minist\u00e8re de la Sant\u00e9<\/p>\n<p>Cabinet du Ministre<\/p>\n<p>Charg\u00e9 de mission : Hamady Sidi Lemine Ould Tibari, Ing\u00e9nieur en \u00c9conomie Maritime<\/p>\n<p>Administration Central<\/p>\n<p>Direction des Affaires Administrative et Financi\u00e8res<\/p>\n<p>Directeur Adjoint: Mohamed Bouy\u00e9 Ould Mohamed Vall Ould Mohamed Abdallahi, pr\u00e9c\u00e9demment chef de Service financier au Minist\u00e8re du Commerce de l\u2019Industrie, de l\u2019Artisanat et du Tourisme<\/p>\n<p>\u00c9tablissements Publics<\/p>\n<p>Centre Hospitalier de Bassiknou<\/p>\n<p>Directeur: Docteur Chirurgien Mohamed Mahmoud O Mohamed El Mokhtar, pr\u00e9c\u00e9demment M\u00e9decin Chef du Centre de Sant\u00e9 de Bassiknou<\/p>\n<p>Minist\u00e8re de la Transformation Num\u00e9rique, de l\u2019Innovation et de la Modernisation de l\u2019Administration<\/p>\n<p>Administration Centrale<\/p>\n<p>Direction de la Modernisation de l\u2019Administration<\/p>\n<p>Directrice : Khadijettou El Heda, titulaire d\u2019un Doctorat en Math\u00e9matique de Statistiques, pr\u00e9c\u00e9demment Chef de Service de la Promotion de l\u2019Innovation et Vulgarisation<\/p>\n<p>Direction des Syst\u00e8mes et de S\u00e9curit\u00e9<\/p>\n<p>Directeur Adjoint : Elwaled Teweinsi, pr\u00e9c\u00e9demment Directeur Adjoint de l\u2019Administration des Syst\u00e8mes de S\u00e9curit\u00e9<\/p>\n<p>Direction de l\u2019Innovation<\/p>\n<p>Directeur Adjoint : Didi Mohamed Lemine El Houssein, pr\u00e9c\u00e9demment Directeur Adjoint de l\u2019Innovation<\/p>\n<p>Minist\u00e8re de l\u2019\u00c9levage<\/p>\n<p>Cabinet du Ministre<\/p>\n<p>Inspection G\u00e9n\u00e9rale<\/p>\n<p>Inspecteur: Mohamed Ould Mohamed Asker en replacement de Jemal Ould Ahmed Taleb<\/p>\n<p>Minist\u00e8re du Commerce, de l\u2019Industrie, de l\u2019Artisanat et du Tourisme<\/p>\n<p>Cabinet du Ministre<\/p>\n<p>Programme National pour la promotion de l\u2019Artisanat<\/p>\n<p>Coordinateur G\u00e9n\u00e9ral : Ethmane Ould Mohamed Lemine M\u2019saiguil, titulaire d\u2019une ma\u00eetrise en \u00c9conomie, pr\u00e9c\u00e9demment Chef de service \u00e0 la D\u00e9l\u00e9gation R\u00e9gionale de Nouakchott- Ouest<\/p>\n<p>Minist\u00e8re de l\u2019Habitat, de l\u2019Urbanisme et de l\u2019Am\u00e9nagement du Territoire<\/p>\n<p>Cabinet du Ministre<\/p>\n<p>Charg\u00e9 de Mission : Mohamed Ould Baba, pr\u00e9c\u00e9demment Directeur Adjoint de l\u2019Am\u00e9nagement du Territoire.<\/p>\n<p>Administrations Centrales<\/p>\n<p>Direction des Op\u00e9rations Urbaines<\/p>\n<p>Directeur Adjoint : El Khadime Ahmedou Zoubeir, pr\u00e9c\u00e9demment Chef Service \u00e0 la m\u00eame Direction.<\/p>\n<p>Direction de la Planification, de la R\u00e9gulation et de la Construction<\/p>\n<p>Directeur : Mohamed El Khalil Elemine, pr\u00e9c\u00e9demment Directeur Adjoint des B\u00e2timents et \u00c9quipements Publics.<\/p>\n<p>Direction des B\u00e2timents et \u00c9quipements Publics.<\/p>\n<p>Directeur Adjoint : Brahim El Khalil Moulaye El Abass, pr\u00e9c\u00e9demment Chef Service \u00e0 la m\u00eame Direction.<\/p>\n<p>Direction de l\u2019Am\u00e9nagement du Territoire<\/p>\n<p>Directeur Adjoint : Moulaye Ismail Ould Moulaye El Hassen, pr\u00e9c\u00e9demment D\u00e9l\u00e9gu\u00e9 R\u00e9gional au Tagant<\/p>\n<p>Minist\u00e8re de l\u2019Action Sociale, de l\u2019Enfance et de la Famille<\/p>\n<p>Cabinet du Ministre<\/p>\n<p>Charg\u00e9s de Mission<\/p>\n<p>-El Alya Sidi Yaraf, pr\u00e9c\u00e9demment Directrice Adjointe des Ressources Humaines<\/p>\n<p>-Laila El Arbi Jideyn, titulaire d\u2019une Ma\u00eetrise en finances<\/p>\n<p>-Mohamed Ould Bedde, pr\u00e9c\u00e9demment directeur de l\u2019Assistance Sociale et de la Solidarit\u00e9 Nationale<\/p>\n<p>-Abdellahi Diakit\u00e9, pr\u00e9c\u00e9demment Directeur du Centre de Formation et de la Promotion des Enfants Handicap\u00e9s<\/p>\n<p>Conseill\u00e8re Charg\u00e9e du Pr\u00e9scolaire : Roughayetou Ly, pr\u00e9c\u00e9demment Inspectrice charg\u00e9 du Genre<\/p>\n<p>Inspection Interne<\/p>\n<p>Inspecteur Charg\u00e9 de l\u2019Enfance : Mohamed Souleymane, pr\u00e9c\u00e9demment Directeur de l\u2019Enfance<\/p>\n<p>-Inspectrice Charg\u00e9e du Genre : Oumou Dieng, pr\u00e9c\u00e9demment Inspectrice Charg\u00e9e de l\u2019Enfance<\/p>\n<p>Administration Centrale<\/p>\n<p>Direction de la Famille et du Genre<\/p>\n<p>Directrice : Savia Hachem, pr\u00e9c\u00e9demment Directrice R\u00e9gionale de l\u2019Action Sociale, de l\u2019Enfance et de la Famille Nouakchott- Nord<\/p>\n<p>Direction de la Coordination des Directions R\u00e9gionales<\/p>\n<p>Directeur : Moulaye Ahmed Mohamed Ahmed, pr\u00e9c\u00e9demment Directeur de l\u2019Informatique<\/p>\n<p>Direction de l\u2019Assistance Sociale et de la Solidarit\u00e9 Nationale<\/p>\n<p>Directrice : M\u2019Barka Abdeljelil, pr\u00e9c\u00e9demment Directrice Adjointe de la m\u00eame Direction<\/p>\n<p>Directeur Adjoint : Mohamed El Hacen Douh, pr\u00e9c\u00e9demment Ancien Directeur Adjoint de l\u2019Action Sociale.<\/p>\n<p>Direction de l\u2019Enfance<\/p>\n<p>Directeur : Aliou Niang, pr\u00e9c\u00e9demment Directeur R\u00e9gional de l\u2019Action Sociale, de l\u2019Enfance et de la Famille au Hodh El Gharbi<\/p>\n<p>Direction des Affaires Financi\u00e8res<\/p>\n<p>Directeur : Mohamed Lemine Mounir, pr\u00e9c\u00e9demment m\u00eame poste<\/p>\n<p>Directrice Adjointe : Oum Elhound Yamar, pr\u00e9c\u00e9demment m\u00eame poste<\/p>\n<p>\u00c9tablissements Publics<\/p>\n<p>Centre de Formation pour l\u2019Autonomisation des Femmes<\/p>\n<p>Directrice : Siyda Jeireb, pr\u00e9c\u00e9demment Directrice du Centre de Formation et de la Promotion des Enfants Handicap\u00e9s<\/p>\n<p>Directrice Adjointe : Fatimatou Mohamed Kaber, pr\u00e9c\u00e9demment Ancienne Directrice Adjointe de l\u2019Enfance<\/p>\n<p>Centre de Formation et de la Promotion des Enfants Handicap\u00e9s<\/p>\n<p>Directeur : Sidi Boyada, pr\u00e9c\u00e9demment Charg\u00e9 de mission au m\u00eame Minist\u00e8re<\/p>\n<p>Secr\u00e9tariat G\u00e9n\u00e9ral du Gouvernement<\/p>\n<p>Administration Centrale<\/p>\n<p>Contr\u00f4le Financier<\/p>\n<p>Contr\u00f4leur financier Adjoint : Mohamed El Moustapha Ould Elimbi Taleb<\/p>\n<p>D\u00e9l\u00e9gation G\u00e9n\u00e9rale des Archives<\/p>\n<p>D\u00e9l\u00e9gu\u00e9 G\u00e9n\u00e9ral Adjoint: Diallo Mamadou Bechir<\/p>\n","protected":false},"excerpt":{"rendered":"<p>AMI &#8211; Le Conseil des ministres s\u2019est r\u00e9uni le mercredi 27 septembre 2023 sous la pr\u00e9sidence de Son Excellence Monsieur Mohamed Ould Cheikh El Ghazouani, Pr\u00e9sident de la R\u00e9publique. Le Conseil a examin\u00e9 et adopt\u00e9 les projets de d\u00e9crets suivants : \u2010 Projet de d\u00e9cret d\u00e9clarant la Fondation des Oulemas Mauritaniens \u00ab Association d\u2019Utilit\u00e9 Publique&#8230;..<\/p>\n","protected":false},"author":5,"featured_media":12491,"comment_status":"open","ping_status":"open","sticky":false,"template":"","format":"standard","meta":{"footnotes":""},"categories":[23,49],"tags":[],"class_list":["post-12490","post","type-post","status-publish","format-standard","has-post-thumbnail","hentry","category-actualite","category-economie"],"yoast_head":"<!-- This site is optimized with the Yoast SEO plugin v27.5 - https:\/\/yoast.com\/product\/yoast-seo-wordpress\/ -->\n<title>Communiqu\u00e9 du Conseil des Ministres du mercredi 27 septembre 2023 - Le Quotidien de Nouakchott<\/title>\n<meta name=\"robots\" content=\"index, follow, max-snippet:-1, max-image-preview:large, max-video-preview:-1\" \/>\n<link rel=\"canonical\" href=\"https:\/\/lequotidien.mr\/?p=12490&lang=fr\" \/>\n<meta property=\"og:locale\" content=\"ar_AR\" \/>\n<meta property=\"og:type\" content=\"article\" \/>\n<meta property=\"og:title\" content=\"Communiqu\u00e9 du Conseil des Ministres du mercredi 27 septembre 2023 - Le Quotidien de Nouakchott\" \/>\n<meta property=\"og:description\" content=\"AMI &#8211; Le Conseil des ministres s\u2019est r\u00e9uni le mercredi 27 septembre 2023 sous la pr\u00e9sidence de Son Excellence Monsieur Mohamed Ould Cheikh El Ghazouani, Pr\u00e9sident de la R\u00e9publique. Le Conseil a examin\u00e9 et adopt\u00e9 les projets de d\u00e9crets suivants : \u2010 Projet de d\u00e9cret d\u00e9clarant la Fondation des Oulemas Mauritaniens \u00ab Association d\u2019Utilit\u00e9 Publique.....\" \/>\n<meta property=\"og:url\" content=\"https:\/\/lequotidien.mr\/?p=12490&amp;lang=fr\" \/>\n<meta property=\"og:site_name\" content=\"Le Quotidien de Nouakchott\" \/>\n<meta property=\"article:publisher\" content=\"https:\/\/web.facebook.com\/lequotidienmr\" \/>\n<meta property=\"article:published_time\" content=\"2023-09-28T13:21:56+00:00\" \/>\n<meta property=\"og:image\" content=\"https:\/\/lequotidien.mr\/wp-content\/uploads\/2023\/09\/conseil_des_ministres_21_08_2023_52_750x430.jpg\" \/>\n\t<meta property=\"og:image:width\" content=\"654\" \/>\n\t<meta property=\"og:image:height\" content=\"430\" \/>\n\t<meta property=\"og:image:type\" content=\"image\/jpeg\" \/>\n<meta name=\"author\" content=\"Gayi Diawara\" \/>\n<meta name=\"twitter:card\" content=\"summary_large_image\" \/>\n<meta name=\"twitter:creator\" content=\"@lequotidienmr\" \/>\n<meta name=\"twitter:site\" content=\"@lequotidienmr\" \/>\n<meta name=\"twitter:label1\" content=\"\u0643\u064f\u062a\u0628 \u0628\u0648\u0627\u0633\u0637\u0629\" \/>\n\t<meta name=\"twitter:data1\" content=\"Gayi Diawara\" \/>\n\t<meta name=\"twitter:label2\" content=\"\u0648\u0642\u062a \u0627\u0644\u0642\u0631\u0627\u0621\u0629 \u0627\u0644\u0645\u064f\u0642\u062f\u0651\u0631\" \/>\n\t<meta name=\"twitter:data2\" content=\"9 \u062f\u0642\u0627\u0626\u0642\" \/>\n<script type=\"application\/ld+json\" class=\"yoast-schema-graph\">{\"@context\":\"https:\\\/\\\/schema.org\",\"@graph\":[{\"@type\":\"Article\",\"@id\":\"https:\\\/\\\/lequotidien.mr\\\/?p=12490&lang=fr#article\",\"isPartOf\":{\"@id\":\"https:\\\/\\\/lequotidien.mr\\\/?p=12490&lang=fr\"},\"author\":{\"name\":\"Gayi Diawara\",\"@id\":\"https:\\\/\\\/lequotidien.mr\\\/#\\\/schema\\\/person\\\/1077c8abd5640a6514b909318d271dee\"},\"headline\":\"Communiqu\u00e9 du Conseil des Ministres du mercredi 27 septembre 2023\",\"datePublished\":\"2023-09-28T13:21:56+00:00\",\"mainEntityOfPage\":{\"@id\":\"https:\\\/\\\/lequotidien.mr\\\/?p=12490&lang=fr\"},\"wordCount\":1741,\"commentCount\":0,\"publisher\":{\"@id\":\"https:\\\/\\\/lequotidien.mr\\\/#organization\"},\"image\":{\"@id\":\"https:\\\/\\\/lequotidien.mr\\\/?p=12490&lang=fr#primaryimage\"},\"thumbnailUrl\":\"https:\\\/\\\/lequotidien.mr\\\/wp-content\\\/uploads\\\/2023\\\/09\\\/conseil_des_ministres_21_08_2023_52_750x430.jpg\",\"articleSection\":[\"ACTUALIT\u00c9\",\"Economie\"],\"inLanguage\":\"ar\",\"potentialAction\":[{\"@type\":\"CommentAction\",\"name\":\"Comment\",\"target\":[\"https:\\\/\\\/lequotidien.mr\\\/?p=12490&lang=fr#respond\"]}]},{\"@type\":\"WebPage\",\"@id\":\"https:\\\/\\\/lequotidien.mr\\\/?p=12490&lang=fr\",\"url\":\"https:\\\/\\\/lequotidien.mr\\\/?p=12490&lang=fr\",\"name\":\"Communiqu\u00e9 du Conseil des Ministres du mercredi 27 septembre 2023 - Le Quotidien de Nouakchott\",\"isPartOf\":{\"@id\":\"https:\\\/\\\/lequotidien.mr\\\/#website\"},\"primaryImageOfPage\":{\"@id\":\"https:\\\/\\\/lequotidien.mr\\\/?p=12490&lang=fr#primaryimage\"},\"image\":{\"@id\":\"https:\\\/\\\/lequotidien.mr\\\/?p=12490&lang=fr#primaryimage\"},\"thumbnailUrl\":\"https:\\\/\\\/lequotidien.mr\\\/wp-content\\\/uploads\\\/2023\\\/09\\\/conseil_des_ministres_21_08_2023_52_750x430.jpg\",\"datePublished\":\"2023-09-28T13:21:56+00:00\",\"breadcrumb\":{\"@id\":\"https:\\\/\\\/lequotidien.mr\\\/?p=12490&lang=fr#breadcrumb\"},\"inLanguage\":\"ar\",\"potentialAction\":[{\"@type\":\"ReadAction\",\"target\":[\"https:\\\/\\\/lequotidien.mr\\\/?p=12490&lang=fr\"]}]},{\"@type\":\"ImageObject\",\"inLanguage\":\"ar\",\"@id\":\"https:\\\/\\\/lequotidien.mr\\\/?p=12490&lang=fr#primaryimage\",\"url\":\"https:\\\/\\\/lequotidien.mr\\\/wp-content\\\/uploads\\\/2023\\\/09\\\/conseil_des_ministres_21_08_2023_52_750x430.jpg\",\"contentUrl\":\"https:\\\/\\\/lequotidien.mr\\\/wp-content\\\/uploads\\\/2023\\\/09\\\/conseil_des_ministres_21_08_2023_52_750x430.jpg\",\"width\":654,\"height\":430},{\"@type\":\"BreadcrumbList\",\"@id\":\"https:\\\/\\\/lequotidien.mr\\\/?p=12490&lang=fr#breadcrumb\",\"itemListElement\":[{\"@type\":\"ListItem\",\"position\":1,\"name\":\"Home\",\"item\":\"https:\\\/\\\/lequotidien.mr\\\/\"},{\"@type\":\"ListItem\",\"position\":2,\"name\":\"Communiqu\u00e9 du Conseil des Ministres du mercredi 27 septembre 2023\"}]},{\"@type\":\"WebSite\",\"@id\":\"https:\\\/\\\/lequotidien.mr\\\/#website\",\"url\":\"https:\\\/\\\/lequotidien.mr\\\/\",\"name\":\"Le Quotidien de Nouakchott\",\"description\":\"\u0625\u062e\u0628\u0627\u0631\u064a\u0629 \u0645\u0633\u062a\u0642\u0644\u0629 \u0644\u0644\u0623\u0646\u0628\u0627\u0621 \u0627\u0644\u0639\u0627\u0645\u0629\",\"publisher\":{\"@id\":\"https:\\\/\\\/lequotidien.mr\\\/#organization\"},\"potentialAction\":[{\"@type\":\"SearchAction\",\"target\":{\"@type\":\"EntryPoint\",\"urlTemplate\":\"https:\\\/\\\/lequotidien.mr\\\/?s={search_term_string}\"},\"query-input\":{\"@type\":\"PropertyValueSpecification\",\"valueRequired\":true,\"valueName\":\"search_term_string\"}}],\"inLanguage\":\"ar\"},{\"@type\":\"Organization\",\"@id\":\"https:\\\/\\\/lequotidien.mr\\\/#organization\",\"name\":\"Le Quotidien de Nouakchott\",\"url\":\"https:\\\/\\\/lequotidien.mr\\\/\",\"logo\":{\"@type\":\"ImageObject\",\"inLanguage\":\"ar\",\"@id\":\"https:\\\/\\\/lequotidien.mr\\\/#\\\/schema\\\/logo\\\/image\\\/\",\"url\":\"https:\\\/\\\/lequotidien.mr\\\/wp-content\\\/uploads\\\/2022\\\/11\\\/logolequotidien.jpg\",\"contentUrl\":\"https:\\\/\\\/lequotidien.mr\\\/wp-content\\\/uploads\\\/2022\\\/11\\\/logolequotidien.jpg\",\"width\":290,\"height\":65,\"caption\":\"Le Quotidien de Nouakchott\"},\"image\":{\"@id\":\"https:\\\/\\\/lequotidien.mr\\\/#\\\/schema\\\/logo\\\/image\\\/\"},\"sameAs\":[\"https:\\\/\\\/web.facebook.com\\\/lequotidienmr\",\"https:\\\/\\\/x.com\\\/lequotidienmr\"]},{\"@type\":\"Person\",\"@id\":\"https:\\\/\\\/lequotidien.mr\\\/#\\\/schema\\\/person\\\/1077c8abd5640a6514b909318d271dee\",\"name\":\"Gayi Diawara\",\"image\":{\"@type\":\"ImageObject\",\"inLanguage\":\"ar\",\"@id\":\"https:\\\/\\\/secure.gravatar.com\\\/avatar\\\/63ea8db1e19a6d2d608b24c0f78b5f3a7d6e0bc11959fec273410af333e4d0ac?s=96&d=mm&r=g\",\"url\":\"https:\\\/\\\/secure.gravatar.com\\\/avatar\\\/63ea8db1e19a6d2d608b24c0f78b5f3a7d6e0bc11959fec273410af333e4d0ac?s=96&d=mm&r=g\",\"contentUrl\":\"https:\\\/\\\/secure.gravatar.com\\\/avatar\\\/63ea8db1e19a6d2d608b24c0f78b5f3a7d6e0bc11959fec273410af333e4d0ac?s=96&d=mm&r=g\",\"caption\":\"Gayi Diawara\"},\"sameAs\":[\"http:\\\/\\\/lequotidien.mr\"],\"url\":\"https:\\\/\\\/lequotidien.mr\\\/?author=5\"}]}<\/script>\n<!-- \/ Yoast SEO plugin. -->","yoast_head_json":{"title":"Communiqu\u00e9 du Conseil des Ministres du mercredi 27 septembre 2023 - Le Quotidien de Nouakchott","robots":{"index":"index","follow":"follow","max-snippet":"max-snippet:-1","max-image-preview":"max-image-preview:large","max-video-preview":"max-video-preview:-1"},"canonical":"https:\/\/lequotidien.mr\/?p=12490&lang=fr","og_locale":"ar_AR","og_type":"article","og_title":"Communiqu\u00e9 du Conseil des Ministres du mercredi 27 septembre 2023 - Le Quotidien de Nouakchott","og_description":"AMI &#8211; Le Conseil des ministres s\u2019est r\u00e9uni le mercredi 27 septembre 2023 sous la pr\u00e9sidence de Son Excellence Monsieur Mohamed Ould Cheikh El Ghazouani, Pr\u00e9sident de la R\u00e9publique. Le Conseil a examin\u00e9 et adopt\u00e9 les projets de d\u00e9crets suivants : \u2010 Projet de d\u00e9cret d\u00e9clarant la Fondation des Oulemas Mauritaniens \u00ab Association d\u2019Utilit\u00e9 Publique.....","og_url":"https:\/\/lequotidien.mr\/?p=12490&lang=fr","og_site_name":"Le Quotidien de Nouakchott","article_publisher":"https:\/\/web.facebook.com\/lequotidienmr","article_published_time":"2023-09-28T13:21:56+00:00","og_image":[{"width":654,"height":430,"url":"https:\/\/lequotidien.mr\/wp-content\/uploads\/2023\/09\/conseil_des_ministres_21_08_2023_52_750x430.jpg","type":"image\/jpeg"}],"author":"Gayi Diawara","twitter_card":"summary_large_image","twitter_creator":"@lequotidienmr","twitter_site":"@lequotidienmr","twitter_misc":{"\u0643\u064f\u062a\u0628 \u0628\u0648\u0627\u0633\u0637\u0629":"Gayi Diawara","\u0648\u0642\u062a \u0627\u0644\u0642\u0631\u0627\u0621\u0629 \u0627\u0644\u0645\u064f\u0642\u062f\u0651\u0631":"9 \u062f\u0642\u0627\u0626\u0642"},"schema":{"@context":"https:\/\/schema.org","@graph":[{"@type":"Article","@id":"https:\/\/lequotidien.mr\/?p=12490&lang=fr#article","isPartOf":{"@id":"https:\/\/lequotidien.mr\/?p=12490&lang=fr"},"author":{"name":"Gayi Diawara","@id":"https:\/\/lequotidien.mr\/#\/schema\/person\/1077c8abd5640a6514b909318d271dee"},"headline":"Communiqu\u00e9 du Conseil des Ministres du mercredi 27 septembre 2023","datePublished":"2023-09-28T13:21:56+00:00","mainEntityOfPage":{"@id":"https:\/\/lequotidien.mr\/?p=12490&lang=fr"},"wordCount":1741,"commentCount":0,"publisher":{"@id":"https:\/\/lequotidien.mr\/#organization"},"image":{"@id":"https:\/\/lequotidien.mr\/?p=12490&lang=fr#primaryimage"},"thumbnailUrl":"https:\/\/lequotidien.mr\/wp-content\/uploads\/2023\/09\/conseil_des_ministres_21_08_2023_52_750x430.jpg","articleSection":["ACTUALIT\u00c9","Economie"],"inLanguage":"ar","potentialAction":[{"@type":"CommentAction","name":"Comment","target":["https:\/\/lequotidien.mr\/?p=12490&lang=fr#respond"]}]},{"@type":"WebPage","@id":"https:\/\/lequotidien.mr\/?p=12490&lang=fr","url":"https:\/\/lequotidien.mr\/?p=12490&lang=fr","name":"Communiqu\u00e9 du Conseil des Ministres du mercredi 27 septembre 2023 - Le Quotidien de Nouakchott","isPartOf":{"@id":"https:\/\/lequotidien.mr\/#website"},"primaryImageOfPage":{"@id":"https:\/\/lequotidien.mr\/?p=12490&lang=fr#primaryimage"},"image":{"@id":"https:\/\/lequotidien.mr\/?p=12490&lang=fr#primaryimage"},"thumbnailUrl":"https:\/\/lequotidien.mr\/wp-content\/uploads\/2023\/09\/conseil_des_ministres_21_08_2023_52_750x430.jpg","datePublished":"2023-09-28T13:21:56+00:00","breadcrumb":{"@id":"https:\/\/lequotidien.mr\/?p=12490&lang=fr#breadcrumb"},"inLanguage":"ar","potentialAction":[{"@type":"ReadAction","target":["https:\/\/lequotidien.mr\/?p=12490&lang=fr"]}]},{"@type":"ImageObject","inLanguage":"ar","@id":"https:\/\/lequotidien.mr\/?p=12490&lang=fr#primaryimage","url":"https:\/\/lequotidien.mr\/wp-content\/uploads\/2023\/09\/conseil_des_ministres_21_08_2023_52_750x430.jpg","contentUrl":"https:\/\/lequotidien.mr\/wp-content\/uploads\/2023\/09\/conseil_des_ministres_21_08_2023_52_750x430.jpg","width":654,"height":430},{"@type":"BreadcrumbList","@id":"https:\/\/lequotidien.mr\/?p=12490&lang=fr#breadcrumb","itemListElement":[{"@type":"ListItem","position":1,"name":"Home","item":"https:\/\/lequotidien.mr\/"},{"@type":"ListItem","position":2,"name":"Communiqu\u00e9 du Conseil des Ministres du mercredi 27 septembre 2023"}]},{"@type":"WebSite","@id":"https:\/\/lequotidien.mr\/#website","url":"https:\/\/lequotidien.mr\/","name":"Le Quotidien de Nouakchott","description":"\u0625\u062e\u0628\u0627\u0631\u064a\u0629 \u0645\u0633\u062a\u0642\u0644\u0629 \u0644\u0644\u0623\u0646\u0628\u0627\u0621 \u0627\u0644\u0639\u0627\u0645\u0629","publisher":{"@id":"https:\/\/lequotidien.mr\/#organization"},"potentialAction":[{"@type":"SearchAction","target":{"@type":"EntryPoint","urlTemplate":"https:\/\/lequotidien.mr\/?s={search_term_string}"},"query-input":{"@type":"PropertyValueSpecification","valueRequired":true,"valueName":"search_term_string"}}],"inLanguage":"ar"},{"@type":"Organization","@id":"https:\/\/lequotidien.mr\/#organization","name":"Le Quotidien de Nouakchott","url":"https:\/\/lequotidien.mr\/","logo":{"@type":"ImageObject","inLanguage":"ar","@id":"https:\/\/lequotidien.mr\/#\/schema\/logo\/image\/","url":"https:\/\/lequotidien.mr\/wp-content\/uploads\/2022\/11\/logolequotidien.jpg","contentUrl":"https:\/\/lequotidien.mr\/wp-content\/uploads\/2022\/11\/logolequotidien.jpg","width":290,"height":65,"caption":"Le Quotidien de Nouakchott"},"image":{"@id":"https:\/\/lequotidien.mr\/#\/schema\/logo\/image\/"},"sameAs":["https:\/\/web.facebook.com\/lequotidienmr","https:\/\/x.com\/lequotidienmr"]},{"@type":"Person","@id":"https:\/\/lequotidien.mr\/#\/schema\/person\/1077c8abd5640a6514b909318d271dee","name":"Gayi Diawara","image":{"@type":"ImageObject","inLanguage":"ar","@id":"https:\/\/secure.gravatar.com\/avatar\/63ea8db1e19a6d2d608b24c0f78b5f3a7d6e0bc11959fec273410af333e4d0ac?s=96&d=mm&r=g","url":"https:\/\/secure.gravatar.com\/avatar\/63ea8db1e19a6d2d608b24c0f78b5f3a7d6e0bc11959fec273410af333e4d0ac?s=96&d=mm&r=g","contentUrl":"https:\/\/secure.gravatar.com\/avatar\/63ea8db1e19a6d2d608b24c0f78b5f3a7d6e0bc11959fec273410af333e4d0ac?s=96&d=mm&r=g","caption":"Gayi Diawara"},"sameAs":["http:\/\/lequotidien.mr"],"url":"https:\/\/lequotidien.mr\/?author=5"}]}},"_links":{"self":[{"href":"https:\/\/lequotidien.mr\/index.php?rest_route=\/wp\/v2\/posts\/12490","targetHints":{"allow":["GET"]}}],"collection":[{"href":"https:\/\/lequotidien.mr\/index.php?rest_route=\/wp\/v2\/posts"}],"about":[{"href":"https:\/\/lequotidien.mr\/index.php?rest_route=\/wp\/v2\/types\/post"}],"author":[{"embeddable":true,"href":"https:\/\/lequotidien.mr\/index.php?rest_route=\/wp\/v2\/users\/5"}],"replies":[{"embeddable":true,"href":"https:\/\/lequotidien.mr\/index.php?rest_route=%2Fwp%2Fv2%2Fcomments&post=12490"}],"version-history":[{"count":1,"href":"https:\/\/lequotidien.mr\/index.php?rest_route=\/wp\/v2\/posts\/12490\/revisions"}],"predecessor-version":[{"id":12492,"href":"https:\/\/lequotidien.mr\/index.php?rest_route=\/wp\/v2\/posts\/12490\/revisions\/12492"}],"wp:featuredmedia":[{"embeddable":true,"href":"https:\/\/lequotidien.mr\/index.php?rest_route=\/wp\/v2\/media\/12491"}],"wp:attachment":[{"href":"https:\/\/lequotidien.mr\/index.php?rest_route=%2Fwp%2Fv2%2Fmedia&parent=12490"}],"wp:term":[{"taxonomy":"category","embeddable":true,"href":"https:\/\/lequotidien.mr\/index.php?rest_route=%2Fwp%2Fv2%2Fcategories&post=12490"},{"taxonomy":"post_tag","embeddable":true,"href":"https:\/\/lequotidien.mr\/index.php?rest_route=%2Fwp%2Fv2%2Ftags&post=12490"}],"curies":[{"name":"wp","href":"https:\/\/api.w.org\/{rel}","templated":true}]}}