{"id":12410,"date":"2023-09-25T20:24:47","date_gmt":"2023-09-25T20:24:47","guid":{"rendered":"https:\/\/lequotidien.mr\/?p=12410"},"modified":"2023-09-25T20:24:47","modified_gmt":"2023-09-25T20:24:47","slug":"yves-threard-en-mauritanie-la-controverse-made-of-jemal-ould-taleb-lemoigne","status":"publish","type":"post","link":"https:\/\/lequotidien.mr\/?p=12410&lang=fr","title":{"rendered":"Yves Thr\u00e9ard en Mauritanie : La controverse made of Jemal Ould Taleb Lemoigne"},"content":{"rendered":"<div class=\"field field-name-body field-type-text-with-summary field-label-hidden\">\n<div class=\"field-items\">\n<div class=\"field-item even\">\n<p>La Mauritanie, pays profond\u00e9ment enracin\u00e9 dans ses traditions et sa foi musulmane, re\u00e7ois ces jours-ci la visite du journaliste fran\u00e7ais Yves Thr\u00e9ard, connu pour ses d\u00e9clarations controvers\u00e9es, notamment envers la religion musulmane. Accompagn\u00e9 de l&#8217;avocat francomauritanien Jemal Ould Taleb Lemoigne, cette visite soul\u00e8ve de nombreuses questions.<\/p>\n<p>Jemal Taleb Lemoigne, avocat dont le nom a \u00e9t\u00e9 cit\u00e9 \u00e0 plusieurs reprises devant la Cour criminelle qui juge actuellement l\u2019ancien pr\u00e9sident Aziz et ses complices pr\u00e9sum\u00e9s, qui a b\u00e9n\u00e9fici\u00e9 d&#8217;un passeport diplomatique de la Mauritanie, semble oublier les responsabilit\u00e9s qui accompagnent un tel privil\u00e8ge. Tout comme il a oubli\u00e9 les centaines de millions d&#8217;ouguiya engrang\u00e9s par son cabinet parisien dans des conditions jug\u00e9es par certains comme contestables auraient d\u00fb servir de rappel sur l&#8217;importance de prot\u00e9ger et de promouvoir l&#8217;image de la Mauritanie. Or, en invitant un journaliste aux positions aussi tranch\u00e9es que Yves Thr\u00e9ard, il semble faire le choix contraire.<\/p>\n<p>Le 14 octobre 2019, les propos d&#8217;Yves Thr\u00e9ard sur la religion musulmane avaient suscit\u00e9 une vive r\u00e9action. Apr\u00e8s la d\u00e9cision du d\u00e9put\u00e9 FN Julien Odoul d&#8217;exclure une femme voil\u00e9e de l&#8217;h\u00e9micycle du conseil r\u00e9gional de Bourgogne-Franche Comt\u00e9, Thr\u00e9ard a d\u00e9clar\u00e9 sur LCI : &#8220;Il m&#8217;est arriv\u00e9, en France, de prendre le bus ou un bateau o\u00f9 il y avait quelqu&#8217;un avec un voile, et je suis descendu&#8221;. Il ajoutait peu apr\u00e8s, \u00ab Je d\u00e9teste la religion musulmane [\u2026] On a le droit de d\u00e9tester une religion, on tout \u00e0 fait le droit de le dire. \u00bb.<\/p>\n<p>Accueillir une telle figure en Mauritanie qui tient de tels propos est non seulement surprenant mais aussi d\u00e9concertant. La question se pose : quel est l&#8217;objectif de Jemal Taleb Lemoigne en invitant Thr\u00e9ard ? La Mauritanie, pays o\u00f9 l&#8217;islam est une composante centrale de la soci\u00e9t\u00e9, m\u00e9rite-t-elle d&#8217;\u00eatre associ\u00e9e \u00e0 un journaliste ouvertement hostile \u00e0 cette foi ?<\/p>\n<p>Il est essentiel pour la Mauritanie, comme pour tout autre pays, de veiller \u00e0 l&#8217;image qu&#8217;elle projette sur la sc\u00e8ne internationale. L&#8217;invitation d&#8217;Yves Thr\u00e9ard semble indiquer un manque de discernement de la part de Jemal Taleb Lemoigne. Au lieu de promouvoir un dialogue constructif et respectueux, cette visite risque de jeter de l&#8217;huile sur le feu des tensions religieuses et culturelles.<\/p>\n<p>A d\u00e9faut de l\u2019expulser du pays, l\u2019Administration mauritanienne devrait au moins le bouder et refuser de le recevoir en lui montrant qu\u2019il n\u2019est pas le bienvenu en terre musulmane. Il est de la responsabilit\u00e9 des acteurs influents, comme M. Taleb Lemoigne, de servir leur pays de la meilleure mani\u00e8re possible, en faisant preuve de jugement et de respect envers les croyances profond\u00e9ment ancr\u00e9es de leurs concitoyens.<\/p>\n<\/div>\n<\/div>\n<\/div>\n<div class=\"sharethis-buttons\"><\/div>\n","protected":false},"excerpt":{"rendered":"<p>La Mauritanie, pays profond\u00e9ment enracin\u00e9 dans ses traditions et sa foi musulmane, re\u00e7ois ces jours-ci la visite du journaliste fran\u00e7ais Yves Thr\u00e9ard, connu pour ses d\u00e9clarations controvers\u00e9es, notamment envers la religion musulmane. Accompagn\u00e9 de l&#8217;avocat francomauritanien Jemal Ould Taleb Lemoigne, cette visite soul\u00e8ve de nombreuses questions. Jemal Taleb Lemoigne, avocat dont le nom a \u00e9t\u00e9&#8230;..<\/p>\n","protected":false},"author":5,"featured_media":12411,"comment_status":"open","ping_status":"open","sticky":false,"template":"","format":"standard","meta":{"footnotes":""},"categories":[23,59],"tags":[],"class_list":["post-12410","post","type-post","status-publish","format-standard","has-post-thumbnail","hentry","category-actualite","category-opinion"],"yoast_head":"<!-- This site is optimized with the Yoast SEO plugin v27.5 - https:\/\/yoast.com\/product\/yoast-seo-wordpress\/ -->\n<title>Yves Thr\u00e9ard en Mauritanie : La controverse made of Jemal Ould Taleb Lemoigne - Le Quotidien de Nouakchott<\/title>\n<meta name=\"robots\" content=\"index, follow, max-snippet:-1, max-image-preview:large, max-video-preview:-1\" \/>\n<link rel=\"canonical\" href=\"https:\/\/lequotidien.mr\/?p=12410&lang=fr\" \/>\n<meta property=\"og:locale\" content=\"ar_AR\" \/>\n<meta property=\"og:type\" content=\"article\" \/>\n<meta property=\"og:title\" content=\"Yves Thr\u00e9ard en Mauritanie : La controverse made of Jemal Ould Taleb Lemoigne - Le Quotidien de Nouakchott\" \/>\n<meta property=\"og:description\" content=\"La Mauritanie, pays profond\u00e9ment enracin\u00e9 dans ses traditions et sa foi musulmane, re\u00e7ois ces jours-ci la visite du journaliste fran\u00e7ais Yves Thr\u00e9ard, connu pour ses d\u00e9clarations controvers\u00e9es, notamment envers la religion musulmane. Accompagn\u00e9 de l&#8217;avocat francomauritanien Jemal Ould Taleb Lemoigne, cette visite soul\u00e8ve de nombreuses questions. Jemal Taleb Lemoigne, avocat dont le nom a \u00e9t\u00e9.....\" \/>\n<meta property=\"og:url\" content=\"https:\/\/lequotidien.mr\/?p=12410&amp;lang=fr\" \/>\n<meta property=\"og:site_name\" content=\"Le Quotidien de Nouakchott\" \/>\n<meta property=\"article:publisher\" content=\"https:\/\/web.facebook.com\/lequotidienmr\" \/>\n<meta property=\"article:published_time\" content=\"2023-09-25T20:24:47+00:00\" \/>\n<meta property=\"og:image\" content=\"https:\/\/lequotidien.mr\/wp-content\/uploads\/2023\/09\/IMG-20230925-WA0019.jpg\" \/>\n\t<meta property=\"og:image:width\" content=\"400\" \/>\n\t<meta property=\"og:image:height\" content=\"225\" \/>\n\t<meta property=\"og:image:type\" content=\"image\/jpeg\" \/>\n<meta name=\"author\" content=\"Gayi Diawara\" \/>\n<meta name=\"twitter:card\" content=\"summary_large_image\" \/>\n<meta name=\"twitter:creator\" content=\"@lequotidienmr\" \/>\n<meta name=\"twitter:site\" content=\"@lequotidienmr\" \/>\n<meta name=\"twitter:label1\" content=\"\u0643\u064f\u062a\u0628 \u0628\u0648\u0627\u0633\u0637\u0629\" \/>\n\t<meta name=\"twitter:data1\" content=\"Gayi Diawara\" \/>\n\t<meta name=\"twitter:label2\" content=\"\u0648\u0642\u062a \u0627\u0644\u0642\u0631\u0627\u0621\u0629 \u0627\u0644\u0645\u064f\u0642\u062f\u0651\u0631\" \/>\n\t<meta name=\"twitter:data2\" content=\"\u062f\u0642\u064a\u0642\u062a\u0627\u0646\" \/>\n<script type=\"application\/ld+json\" class=\"yoast-schema-graph\">{\"@context\":\"https:\\\/\\\/schema.org\",\"@graph\":[{\"@type\":\"Article\",\"@id\":\"https:\\\/\\\/lequotidien.mr\\\/?p=12410&lang=fr#article\",\"isPartOf\":{\"@id\":\"https:\\\/\\\/lequotidien.mr\\\/?p=12410&lang=fr\"},\"author\":{\"name\":\"Gayi Diawara\",\"@id\":\"https:\\\/\\\/lequotidien.mr\\\/#\\\/schema\\\/person\\\/1077c8abd5640a6514b909318d271dee\"},\"headline\":\"Yves Thr\u00e9ard en Mauritanie : La controverse made of Jemal Ould Taleb Lemoigne\",\"datePublished\":\"2023-09-25T20:24:47+00:00\",\"mainEntityOfPage\":{\"@id\":\"https:\\\/\\\/lequotidien.mr\\\/?p=12410&lang=fr\"},\"wordCount\":494,\"commentCount\":0,\"publisher\":{\"@id\":\"https:\\\/\\\/lequotidien.mr\\\/#organization\"},\"image\":{\"@id\":\"https:\\\/\\\/lequotidien.mr\\\/?p=12410&lang=fr#primaryimage\"},\"thumbnailUrl\":\"https:\\\/\\\/lequotidien.mr\\\/wp-content\\\/uploads\\\/2023\\\/09\\\/IMG-20230925-WA0019.jpg\",\"articleSection\":[\"ACTUALIT\u00c9\",\"Opinion\"],\"inLanguage\":\"ar\",\"potentialAction\":[{\"@type\":\"CommentAction\",\"name\":\"Comment\",\"target\":[\"https:\\\/\\\/lequotidien.mr\\\/?p=12410&lang=fr#respond\"]}]},{\"@type\":\"WebPage\",\"@id\":\"https:\\\/\\\/lequotidien.mr\\\/?p=12410&lang=fr\",\"url\":\"https:\\\/\\\/lequotidien.mr\\\/?p=12410&lang=fr\",\"name\":\"Yves Thr\u00e9ard en Mauritanie : La controverse made of Jemal Ould Taleb Lemoigne - Le Quotidien de Nouakchott\",\"isPartOf\":{\"@id\":\"https:\\\/\\\/lequotidien.mr\\\/#website\"},\"primaryImageOfPage\":{\"@id\":\"https:\\\/\\\/lequotidien.mr\\\/?p=12410&lang=fr#primaryimage\"},\"image\":{\"@id\":\"https:\\\/\\\/lequotidien.mr\\\/?p=12410&lang=fr#primaryimage\"},\"thumbnailUrl\":\"https:\\\/\\\/lequotidien.mr\\\/wp-content\\\/uploads\\\/2023\\\/09\\\/IMG-20230925-WA0019.jpg\",\"datePublished\":\"2023-09-25T20:24:47+00:00\",\"breadcrumb\":{\"@id\":\"https:\\\/\\\/lequotidien.mr\\\/?p=12410&lang=fr#breadcrumb\"},\"inLanguage\":\"ar\",\"potentialAction\":[{\"@type\":\"ReadAction\",\"target\":[\"https:\\\/\\\/lequotidien.mr\\\/?p=12410&lang=fr\"]}]},{\"@type\":\"ImageObject\",\"inLanguage\":\"ar\",\"@id\":\"https:\\\/\\\/lequotidien.mr\\\/?p=12410&lang=fr#primaryimage\",\"url\":\"https:\\\/\\\/lequotidien.mr\\\/wp-content\\\/uploads\\\/2023\\\/09\\\/IMG-20230925-WA0019.jpg\",\"contentUrl\":\"https:\\\/\\\/lequotidien.mr\\\/wp-content\\\/uploads\\\/2023\\\/09\\\/IMG-20230925-WA0019.jpg\",\"width\":400,\"height\":225},{\"@type\":\"BreadcrumbList\",\"@id\":\"https:\\\/\\\/lequotidien.mr\\\/?p=12410&lang=fr#breadcrumb\",\"itemListElement\":[{\"@type\":\"ListItem\",\"position\":1,\"name\":\"Home\",\"item\":\"https:\\\/\\\/lequotidien.mr\\\/\"},{\"@type\":\"ListItem\",\"position\":2,\"name\":\"Yves Thr\u00e9ard en Mauritanie : La controverse made of Jemal Ould Taleb Lemoigne\"}]},{\"@type\":\"WebSite\",\"@id\":\"https:\\\/\\\/lequotidien.mr\\\/#website\",\"url\":\"https:\\\/\\\/lequotidien.mr\\\/\",\"name\":\"Le Quotidien de Nouakchott\",\"description\":\"\u0625\u062e\u0628\u0627\u0631\u064a\u0629 \u0645\u0633\u062a\u0642\u0644\u0629 \u0644\u0644\u0623\u0646\u0628\u0627\u0621 \u0627\u0644\u0639\u0627\u0645\u0629\",\"publisher\":{\"@id\":\"https:\\\/\\\/lequotidien.mr\\\/#organization\"},\"potentialAction\":[{\"@type\":\"SearchAction\",\"target\":{\"@type\":\"EntryPoint\",\"urlTemplate\":\"https:\\\/\\\/lequotidien.mr\\\/?s={search_term_string}\"},\"query-input\":{\"@type\":\"PropertyValueSpecification\",\"valueRequired\":true,\"valueName\":\"search_term_string\"}}],\"inLanguage\":\"ar\"},{\"@type\":\"Organization\",\"@id\":\"https:\\\/\\\/lequotidien.mr\\\/#organization\",\"name\":\"Le Quotidien de Nouakchott\",\"url\":\"https:\\\/\\\/lequotidien.mr\\\/\",\"logo\":{\"@type\":\"ImageObject\",\"inLanguage\":\"ar\",\"@id\":\"https:\\\/\\\/lequotidien.mr\\\/#\\\/schema\\\/logo\\\/image\\\/\",\"url\":\"https:\\\/\\\/lequotidien.mr\\\/wp-content\\\/uploads\\\/2022\\\/11\\\/logolequotidien.jpg\",\"contentUrl\":\"https:\\\/\\\/lequotidien.mr\\\/wp-content\\\/uploads\\\/2022\\\/11\\\/logolequotidien.jpg\",\"width\":290,\"height\":65,\"caption\":\"Le Quotidien de Nouakchott\"},\"image\":{\"@id\":\"https:\\\/\\\/lequotidien.mr\\\/#\\\/schema\\\/logo\\\/image\\\/\"},\"sameAs\":[\"https:\\\/\\\/web.facebook.com\\\/lequotidienmr\",\"https:\\\/\\\/x.com\\\/lequotidienmr\"]},{\"@type\":\"Person\",\"@id\":\"https:\\\/\\\/lequotidien.mr\\\/#\\\/schema\\\/person\\\/1077c8abd5640a6514b909318d271dee\",\"name\":\"Gayi Diawara\",\"image\":{\"@type\":\"ImageObject\",\"inLanguage\":\"ar\",\"@id\":\"https:\\\/\\\/secure.gravatar.com\\\/avatar\\\/63ea8db1e19a6d2d608b24c0f78b5f3a7d6e0bc11959fec273410af333e4d0ac?s=96&d=mm&r=g\",\"url\":\"https:\\\/\\\/secure.gravatar.com\\\/avatar\\\/63ea8db1e19a6d2d608b24c0f78b5f3a7d6e0bc11959fec273410af333e4d0ac?s=96&d=mm&r=g\",\"contentUrl\":\"https:\\\/\\\/secure.gravatar.com\\\/avatar\\\/63ea8db1e19a6d2d608b24c0f78b5f3a7d6e0bc11959fec273410af333e4d0ac?s=96&d=mm&r=g\",\"caption\":\"Gayi Diawara\"},\"sameAs\":[\"http:\\\/\\\/lequotidien.mr\"],\"url\":\"https:\\\/\\\/lequotidien.mr\\\/?author=5\"}]}<\/script>\n<!-- \/ Yoast SEO plugin. -->","yoast_head_json":{"title":"Yves Thr\u00e9ard en Mauritanie : La controverse made of Jemal Ould Taleb Lemoigne - Le Quotidien de Nouakchott","robots":{"index":"index","follow":"follow","max-snippet":"max-snippet:-1","max-image-preview":"max-image-preview:large","max-video-preview":"max-video-preview:-1"},"canonical":"https:\/\/lequotidien.mr\/?p=12410&lang=fr","og_locale":"ar_AR","og_type":"article","og_title":"Yves Thr\u00e9ard en Mauritanie : La controverse made of Jemal Ould Taleb Lemoigne - Le Quotidien de Nouakchott","og_description":"La Mauritanie, pays profond\u00e9ment enracin\u00e9 dans ses traditions et sa foi musulmane, re\u00e7ois ces jours-ci la visite du journaliste fran\u00e7ais Yves Thr\u00e9ard, connu pour ses d\u00e9clarations controvers\u00e9es, notamment envers la religion musulmane. Accompagn\u00e9 de l&#8217;avocat francomauritanien Jemal Ould Taleb Lemoigne, cette visite soul\u00e8ve de nombreuses questions. Jemal Taleb Lemoigne, avocat dont le nom a \u00e9t\u00e9.....","og_url":"https:\/\/lequotidien.mr\/?p=12410&lang=fr","og_site_name":"Le Quotidien de Nouakchott","article_publisher":"https:\/\/web.facebook.com\/lequotidienmr","article_published_time":"2023-09-25T20:24:47+00:00","og_image":[{"width":400,"height":225,"url":"https:\/\/lequotidien.mr\/wp-content\/uploads\/2023\/09\/IMG-20230925-WA0019.jpg","type":"image\/jpeg"}],"author":"Gayi Diawara","twitter_card":"summary_large_image","twitter_creator":"@lequotidienmr","twitter_site":"@lequotidienmr","twitter_misc":{"\u0643\u064f\u062a\u0628 \u0628\u0648\u0627\u0633\u0637\u0629":"Gayi Diawara","\u0648\u0642\u062a \u0627\u0644\u0642\u0631\u0627\u0621\u0629 \u0627\u0644\u0645\u064f\u0642\u062f\u0651\u0631":"\u062f\u0642\u064a\u0642\u062a\u0627\u0646"},"schema":{"@context":"https:\/\/schema.org","@graph":[{"@type":"Article","@id":"https:\/\/lequotidien.mr\/?p=12410&lang=fr#article","isPartOf":{"@id":"https:\/\/lequotidien.mr\/?p=12410&lang=fr"},"author":{"name":"Gayi Diawara","@id":"https:\/\/lequotidien.mr\/#\/schema\/person\/1077c8abd5640a6514b909318d271dee"},"headline":"Yves Thr\u00e9ard en Mauritanie : La controverse made of Jemal Ould Taleb Lemoigne","datePublished":"2023-09-25T20:24:47+00:00","mainEntityOfPage":{"@id":"https:\/\/lequotidien.mr\/?p=12410&lang=fr"},"wordCount":494,"commentCount":0,"publisher":{"@id":"https:\/\/lequotidien.mr\/#organization"},"image":{"@id":"https:\/\/lequotidien.mr\/?p=12410&lang=fr#primaryimage"},"thumbnailUrl":"https:\/\/lequotidien.mr\/wp-content\/uploads\/2023\/09\/IMG-20230925-WA0019.jpg","articleSection":["ACTUALIT\u00c9","Opinion"],"inLanguage":"ar","potentialAction":[{"@type":"CommentAction","name":"Comment","target":["https:\/\/lequotidien.mr\/?p=12410&lang=fr#respond"]}]},{"@type":"WebPage","@id":"https:\/\/lequotidien.mr\/?p=12410&lang=fr","url":"https:\/\/lequotidien.mr\/?p=12410&lang=fr","name":"Yves Thr\u00e9ard en Mauritanie : La controverse made of Jemal Ould Taleb Lemoigne - Le Quotidien de Nouakchott","isPartOf":{"@id":"https:\/\/lequotidien.mr\/#website"},"primaryImageOfPage":{"@id":"https:\/\/lequotidien.mr\/?p=12410&lang=fr#primaryimage"},"image":{"@id":"https:\/\/lequotidien.mr\/?p=12410&lang=fr#primaryimage"},"thumbnailUrl":"https:\/\/lequotidien.mr\/wp-content\/uploads\/2023\/09\/IMG-20230925-WA0019.jpg","datePublished":"2023-09-25T20:24:47+00:00","breadcrumb":{"@id":"https:\/\/lequotidien.mr\/?p=12410&lang=fr#breadcrumb"},"inLanguage":"ar","potentialAction":[{"@type":"ReadAction","target":["https:\/\/lequotidien.mr\/?p=12410&lang=fr"]}]},{"@type":"ImageObject","inLanguage":"ar","@id":"https:\/\/lequotidien.mr\/?p=12410&lang=fr#primaryimage","url":"https:\/\/lequotidien.mr\/wp-content\/uploads\/2023\/09\/IMG-20230925-WA0019.jpg","contentUrl":"https:\/\/lequotidien.mr\/wp-content\/uploads\/2023\/09\/IMG-20230925-WA0019.jpg","width":400,"height":225},{"@type":"BreadcrumbList","@id":"https:\/\/lequotidien.mr\/?p=12410&lang=fr#breadcrumb","itemListElement":[{"@type":"ListItem","position":1,"name":"Home","item":"https:\/\/lequotidien.mr\/"},{"@type":"ListItem","position":2,"name":"Yves Thr\u00e9ard en Mauritanie : La controverse made of Jemal Ould Taleb Lemoigne"}]},{"@type":"WebSite","@id":"https:\/\/lequotidien.mr\/#website","url":"https:\/\/lequotidien.mr\/","name":"Le Quotidien de Nouakchott","description":"\u0625\u062e\u0628\u0627\u0631\u064a\u0629 \u0645\u0633\u062a\u0642\u0644\u0629 \u0644\u0644\u0623\u0646\u0628\u0627\u0621 \u0627\u0644\u0639\u0627\u0645\u0629","publisher":{"@id":"https:\/\/lequotidien.mr\/#organization"},"potentialAction":[{"@type":"SearchAction","target":{"@type":"EntryPoint","urlTemplate":"https:\/\/lequotidien.mr\/?s={search_term_string}"},"query-input":{"@type":"PropertyValueSpecification","valueRequired":true,"valueName":"search_term_string"}}],"inLanguage":"ar"},{"@type":"Organization","@id":"https:\/\/lequotidien.mr\/#organization","name":"Le Quotidien de Nouakchott","url":"https:\/\/lequotidien.mr\/","logo":{"@type":"ImageObject","inLanguage":"ar","@id":"https:\/\/lequotidien.mr\/#\/schema\/logo\/image\/","url":"https:\/\/lequotidien.mr\/wp-content\/uploads\/2022\/11\/logolequotidien.jpg","contentUrl":"https:\/\/lequotidien.mr\/wp-content\/uploads\/2022\/11\/logolequotidien.jpg","width":290,"height":65,"caption":"Le Quotidien de Nouakchott"},"image":{"@id":"https:\/\/lequotidien.mr\/#\/schema\/logo\/image\/"},"sameAs":["https:\/\/web.facebook.com\/lequotidienmr","https:\/\/x.com\/lequotidienmr"]},{"@type":"Person","@id":"https:\/\/lequotidien.mr\/#\/schema\/person\/1077c8abd5640a6514b909318d271dee","name":"Gayi Diawara","image":{"@type":"ImageObject","inLanguage":"ar","@id":"https:\/\/secure.gravatar.com\/avatar\/63ea8db1e19a6d2d608b24c0f78b5f3a7d6e0bc11959fec273410af333e4d0ac?s=96&d=mm&r=g","url":"https:\/\/secure.gravatar.com\/avatar\/63ea8db1e19a6d2d608b24c0f78b5f3a7d6e0bc11959fec273410af333e4d0ac?s=96&d=mm&r=g","contentUrl":"https:\/\/secure.gravatar.com\/avatar\/63ea8db1e19a6d2d608b24c0f78b5f3a7d6e0bc11959fec273410af333e4d0ac?s=96&d=mm&r=g","caption":"Gayi Diawara"},"sameAs":["http:\/\/lequotidien.mr"],"url":"https:\/\/lequotidien.mr\/?author=5"}]}},"_links":{"self":[{"href":"https:\/\/lequotidien.mr\/index.php?rest_route=\/wp\/v2\/posts\/12410","targetHints":{"allow":["GET"]}}],"collection":[{"href":"https:\/\/lequotidien.mr\/index.php?rest_route=\/wp\/v2\/posts"}],"about":[{"href":"https:\/\/lequotidien.mr\/index.php?rest_route=\/wp\/v2\/types\/post"}],"author":[{"embeddable":true,"href":"https:\/\/lequotidien.mr\/index.php?rest_route=\/wp\/v2\/users\/5"}],"replies":[{"embeddable":true,"href":"https:\/\/lequotidien.mr\/index.php?rest_route=%2Fwp%2Fv2%2Fcomments&post=12410"}],"version-history":[{"count":1,"href":"https:\/\/lequotidien.mr\/index.php?rest_route=\/wp\/v2\/posts\/12410\/revisions"}],"predecessor-version":[{"id":12412,"href":"https:\/\/lequotidien.mr\/index.php?rest_route=\/wp\/v2\/posts\/12410\/revisions\/12412"}],"wp:featuredmedia":[{"embeddable":true,"href":"https:\/\/lequotidien.mr\/index.php?rest_route=\/wp\/v2\/media\/12411"}],"wp:attachment":[{"href":"https:\/\/lequotidien.mr\/index.php?rest_route=%2Fwp%2Fv2%2Fmedia&parent=12410"}],"wp:term":[{"taxonomy":"category","embeddable":true,"href":"https:\/\/lequotidien.mr\/index.php?rest_route=%2Fwp%2Fv2%2Fcategories&post=12410"},{"taxonomy":"post_tag","embeddable":true,"href":"https:\/\/lequotidien.mr\/index.php?rest_route=%2Fwp%2Fv2%2Ftags&post=12410"}],"curies":[{"name":"wp","href":"https:\/\/api.w.org\/{rel}","templated":true}]}}