{"id":12407,"date":"2023-09-25T17:52:05","date_gmt":"2023-09-25T17:52:05","guid":{"rendered":"https:\/\/lequotidien.mr\/?p=12407"},"modified":"2023-09-25T17:52:05","modified_gmt":"2023-09-25T17:52:05","slug":"sista-tient-un-second-seminaire-sur-le-climat","status":"publish","type":"post","link":"https:\/\/lequotidien.mr\/?p=12407&lang=fr","title":{"rendered":"SISTA tient un second s\u00e9minaire sur le climat"},"content":{"rendered":"<p>Le bureau d\u2019\u00e9tude SISTA a organis\u00e9 la semaine du 18 septembre 2023 \u00e0 Nouakchott son deuxi\u00e8me atelier de pr\u00e9sentation des r\u00e9sultats de l\u2019enqu\u00eate d\u2019opinion r\u00e9alis\u00e9e fin 2022 en collaboration avec Afrobarometer, cet \u00e9v\u00e8nement se d\u00e9roul\u00e9 avec la\u00a0 pr\u00e9sence des experts en environnement et des institutions\u00a0 int\u00e9resser par le sujet.\u00a0\u00a0L&#8217;atelier avait comme objectif de pr\u00e9senter l\u2019opinion des mauritaniens sur l\u2019environnement et les changements climatiques, en particulier, l&#8217;int\u00e9r\u00eat des Mauritaniens sur ce th\u00e8me et son impact sur les aspects \u00e9conomiques, sanitaires et sociaux du pays.<\/p>\n<p>Monsieur Abdellahi Ahmed Vall, le directeur g\u00e9n\u00e9ral du bureau, a remerci\u00e9 les participants dans son discours d&#8217;ouverture d&#8217;avoir accept\u00e9 l&#8217;invitation du bureau, malgr\u00e9 la pluie et les difficult\u00e9s de d\u00e9placement, en pr\u00e9sentant les objectifs de l&#8217;enqu\u00eate et en soulignant l&#8217;importance de cet atelier qui permettra d\u2019\u00e9changer sur une th\u00e9matique qui pr\u00e9occupe le gouvernement et les quatre pays du sahel.<\/p>\n<p>Selon les r\u00e9sultats de l&#8217;enqu\u00eate men\u00e9e par le bureau en collaboration avec Afrobarometer en Mauritanie, le th\u00e8me du changement climatique ne suscite pas beaucoup d&#8217;attention de la part des citoyens. Seuls 32% ont entendu parler des changements climatiques. De plus, plus de la moiti\u00e9 de ceux qui sont familiers avec le sujet estiment que\u00a0 la lutte contre le changement climatique rend la vie en Mauritanie meilleure.<\/p>\n<p>Cependant, la majorit\u00e9 des personnes interrog\u00e9es (soit 68%) estiment que les citoyens ordinaires ne sont pas en mesure d&#8217;aider \u00e0 lutter contre le changement climatique ensuite 61% disent que c&#8217;est la responsabilit\u00e9 du gouvernement de prendre des mesures imm\u00e9diates pour att\u00e9nuer ses effets, m\u00eame si cela n\u00e9cessite des co\u00fbts financiers importants.<\/p>\n<p>D&#8217;autre part, la plupart des r\u00e9pondants s&#8217;attendent \u00e0 ce que les pays d\u00e9velopp\u00e9s et les fournisseurs de services commerciaux et industriels prennent davantage des mesures pour lutter contre les cons\u00e9quences du changement climatique. La Mauritanie, en tant que pays, souffre des effets du changement climatique, qui sont d\u00e9j\u00e0 devenus une menace tangible pour son d\u00e9veloppement social et \u00e9conomique. Pour cette raison, le gouvernement adopte des politiques d&#8217;adaptation visant \u00e0 r\u00e9duire l&#8217;impact du changement climatique sur le pays.<\/p>\n<p>Les chercheurs ont \u00e9galement abord\u00e9 les effets n\u00e9gatifs de ce changement, r\u00e9sultant de facteurs, dont certains sont d&#8217;origine humaine, tels que les polluants \u00e9mis par les v\u00e9hicules de diff\u00e9rents types, les \u00e9missions industrielles, et les grands g\u00e9n\u00e9rateurs, ainsi que l&#8217;absence d&#8217;assainissement ad\u00e9quat dans le pays et d\u00e9boisement continu d&#8217;arbres. De plus, ils ont soulign\u00e9 le manque d&#8217;\u00e9ducation environnementale dans les \u00e9coles et par le biais des m\u00e9dias.\u00a0Certains participants ont soulign\u00e9s que d\u2019apr\u00e8s l\u2019observatoire europ\u00e9en de qualit\u00e9 de l\u2019air que Nouakchott est toujours class\u00e9 dans la zone rouge, ce qui indique souvent un danger. Cependant des recommandations ont \u00e9t\u00e9\u00a0 formul\u00e9s aux autorit\u00e9s comp\u00e9tentes qui pourraient contribuer \u00e0 r\u00e9duire la pollution causant des changements climatiques dans le pays&#8221;<\/p>\n","protected":false},"excerpt":{"rendered":"<p>Le bureau d\u2019\u00e9tude SISTA a organis\u00e9 la semaine du 18 septembre 2023 \u00e0 Nouakchott son deuxi\u00e8me atelier de pr\u00e9sentation des r\u00e9sultats de l\u2019enqu\u00eate d\u2019opinion r\u00e9alis\u00e9e fin 2022 en collaboration avec Afrobarometer, cet \u00e9v\u00e8nement se d\u00e9roul\u00e9 avec la\u00a0 pr\u00e9sence des experts en environnement et des institutions\u00a0 int\u00e9resser par le sujet.\u00a0\u00a0L&#8217;atelier avait comme objectif de pr\u00e9senter l\u2019opinion&#8230;..<\/p>\n","protected":false},"author":5,"featured_media":12408,"comment_status":"open","ping_status":"open","sticky":false,"template":"","format":"standard","meta":{"footnotes":""},"categories":[23,57],"tags":[],"class_list":["post-12407","post","type-post","status-publish","format-standard","has-post-thumbnail","hentry","category-actualite","category-couverture-specilale"],"yoast_head":"<!-- This site is optimized with the Yoast SEO plugin v27.5 - https:\/\/yoast.com\/product\/yoast-seo-wordpress\/ -->\n<title>SISTA tient un second s\u00e9minaire sur le climat - Le Quotidien de Nouakchott<\/title>\n<meta name=\"robots\" content=\"index, follow, max-snippet:-1, max-image-preview:large, max-video-preview:-1\" \/>\n<link rel=\"canonical\" href=\"https:\/\/lequotidien.mr\/?p=12407&lang=fr\" \/>\n<meta property=\"og:locale\" content=\"ar_AR\" \/>\n<meta property=\"og:type\" content=\"article\" \/>\n<meta property=\"og:title\" content=\"SISTA tient un second s\u00e9minaire sur le climat - Le Quotidien de Nouakchott\" \/>\n<meta property=\"og:description\" content=\"Le bureau d\u2019\u00e9tude SISTA a organis\u00e9 la semaine du 18 septembre 2023 \u00e0 Nouakchott son deuxi\u00e8me atelier de pr\u00e9sentation des r\u00e9sultats de l\u2019enqu\u00eate d\u2019opinion r\u00e9alis\u00e9e fin 2022 en collaboration avec Afrobarometer, cet \u00e9v\u00e8nement se d\u00e9roul\u00e9 avec la\u00a0 pr\u00e9sence des experts en environnement et des institutions\u00a0 int\u00e9resser par le sujet.\u00a0\u00a0L&#8217;atelier avait comme objectif de pr\u00e9senter l\u2019opinion.....\" \/>\n<meta property=\"og:url\" content=\"https:\/\/lequotidien.mr\/?p=12407&amp;lang=fr\" \/>\n<meta property=\"og:site_name\" content=\"Le Quotidien de Nouakchott\" \/>\n<meta property=\"article:publisher\" content=\"https:\/\/web.facebook.com\/lequotidienmr\" \/>\n<meta property=\"article:published_time\" content=\"2023-09-25T17:52:05+00:00\" \/>\n<meta property=\"og:image\" content=\"https:\/\/lequotidien.mr\/wp-content\/uploads\/2023\/09\/IMG-20230925-WA0007.jpg\" \/>\n\t<meta property=\"og:image:width\" content=\"400\" \/>\n\t<meta property=\"og:image:height\" content=\"266\" \/>\n\t<meta property=\"og:image:type\" content=\"image\/jpeg\" \/>\n<meta name=\"author\" content=\"Gayi Diawara\" \/>\n<meta name=\"twitter:card\" content=\"summary_large_image\" \/>\n<meta name=\"twitter:creator\" content=\"@lequotidienmr\" \/>\n<meta name=\"twitter:site\" content=\"@lequotidienmr\" \/>\n<meta name=\"twitter:label1\" content=\"\u0643\u064f\u062a\u0628 \u0628\u0648\u0627\u0633\u0637\u0629\" \/>\n\t<meta name=\"twitter:data1\" content=\"Gayi Diawara\" \/>\n\t<meta name=\"twitter:label2\" content=\"\u0648\u0642\u062a \u0627\u0644\u0642\u0631\u0627\u0621\u0629 \u0627\u0644\u0645\u064f\u0642\u062f\u0651\u0631\" \/>\n\t<meta name=\"twitter:data2\" content=\"3 \u062f\u0642\u0627\u0626\u0642\" \/>\n<script type=\"application\/ld+json\" class=\"yoast-schema-graph\">{\"@context\":\"https:\\\/\\\/schema.org\",\"@graph\":[{\"@type\":\"Article\",\"@id\":\"https:\\\/\\\/lequotidien.mr\\\/?p=12407&lang=fr#article\",\"isPartOf\":{\"@id\":\"https:\\\/\\\/lequotidien.mr\\\/?p=12407&lang=fr\"},\"author\":{\"name\":\"Gayi Diawara\",\"@id\":\"https:\\\/\\\/lequotidien.mr\\\/#\\\/schema\\\/person\\\/1077c8abd5640a6514b909318d271dee\"},\"headline\":\"SISTA tient un second s\u00e9minaire sur le climat\",\"datePublished\":\"2023-09-25T17:52:05+00:00\",\"mainEntityOfPage\":{\"@id\":\"https:\\\/\\\/lequotidien.mr\\\/?p=12407&lang=fr\"},\"wordCount\":536,\"commentCount\":0,\"publisher\":{\"@id\":\"https:\\\/\\\/lequotidien.mr\\\/#organization\"},\"image\":{\"@id\":\"https:\\\/\\\/lequotidien.mr\\\/?p=12407&lang=fr#primaryimage\"},\"thumbnailUrl\":\"https:\\\/\\\/lequotidien.mr\\\/wp-content\\\/uploads\\\/2023\\\/09\\\/IMG-20230925-WA0007.jpg\",\"articleSection\":[\"ACTUALIT\u00c9\",\"Couverture sp\u00e9cilale\"],\"inLanguage\":\"ar\",\"potentialAction\":[{\"@type\":\"CommentAction\",\"name\":\"Comment\",\"target\":[\"https:\\\/\\\/lequotidien.mr\\\/?p=12407&lang=fr#respond\"]}]},{\"@type\":\"WebPage\",\"@id\":\"https:\\\/\\\/lequotidien.mr\\\/?p=12407&lang=fr\",\"url\":\"https:\\\/\\\/lequotidien.mr\\\/?p=12407&lang=fr\",\"name\":\"SISTA tient un second s\u00e9minaire sur le climat - Le Quotidien de Nouakchott\",\"isPartOf\":{\"@id\":\"https:\\\/\\\/lequotidien.mr\\\/#website\"},\"primaryImageOfPage\":{\"@id\":\"https:\\\/\\\/lequotidien.mr\\\/?p=12407&lang=fr#primaryimage\"},\"image\":{\"@id\":\"https:\\\/\\\/lequotidien.mr\\\/?p=12407&lang=fr#primaryimage\"},\"thumbnailUrl\":\"https:\\\/\\\/lequotidien.mr\\\/wp-content\\\/uploads\\\/2023\\\/09\\\/IMG-20230925-WA0007.jpg\",\"datePublished\":\"2023-09-25T17:52:05+00:00\",\"breadcrumb\":{\"@id\":\"https:\\\/\\\/lequotidien.mr\\\/?p=12407&lang=fr#breadcrumb\"},\"inLanguage\":\"ar\",\"potentialAction\":[{\"@type\":\"ReadAction\",\"target\":[\"https:\\\/\\\/lequotidien.mr\\\/?p=12407&lang=fr\"]}]},{\"@type\":\"ImageObject\",\"inLanguage\":\"ar\",\"@id\":\"https:\\\/\\\/lequotidien.mr\\\/?p=12407&lang=fr#primaryimage\",\"url\":\"https:\\\/\\\/lequotidien.mr\\\/wp-content\\\/uploads\\\/2023\\\/09\\\/IMG-20230925-WA0007.jpg\",\"contentUrl\":\"https:\\\/\\\/lequotidien.mr\\\/wp-content\\\/uploads\\\/2023\\\/09\\\/IMG-20230925-WA0007.jpg\",\"width\":400,\"height\":266},{\"@type\":\"BreadcrumbList\",\"@id\":\"https:\\\/\\\/lequotidien.mr\\\/?p=12407&lang=fr#breadcrumb\",\"itemListElement\":[{\"@type\":\"ListItem\",\"position\":1,\"name\":\"Home\",\"item\":\"https:\\\/\\\/lequotidien.mr\\\/\"},{\"@type\":\"ListItem\",\"position\":2,\"name\":\"SISTA tient un second s\u00e9minaire sur le climat\"}]},{\"@type\":\"WebSite\",\"@id\":\"https:\\\/\\\/lequotidien.mr\\\/#website\",\"url\":\"https:\\\/\\\/lequotidien.mr\\\/\",\"name\":\"Le Quotidien de Nouakchott\",\"description\":\"\u0625\u062e\u0628\u0627\u0631\u064a\u0629 \u0645\u0633\u062a\u0642\u0644\u0629 \u0644\u0644\u0623\u0646\u0628\u0627\u0621 \u0627\u0644\u0639\u0627\u0645\u0629\",\"publisher\":{\"@id\":\"https:\\\/\\\/lequotidien.mr\\\/#organization\"},\"potentialAction\":[{\"@type\":\"SearchAction\",\"target\":{\"@type\":\"EntryPoint\",\"urlTemplate\":\"https:\\\/\\\/lequotidien.mr\\\/?s={search_term_string}\"},\"query-input\":{\"@type\":\"PropertyValueSpecification\",\"valueRequired\":true,\"valueName\":\"search_term_string\"}}],\"inLanguage\":\"ar\"},{\"@type\":\"Organization\",\"@id\":\"https:\\\/\\\/lequotidien.mr\\\/#organization\",\"name\":\"Le Quotidien de Nouakchott\",\"url\":\"https:\\\/\\\/lequotidien.mr\\\/\",\"logo\":{\"@type\":\"ImageObject\",\"inLanguage\":\"ar\",\"@id\":\"https:\\\/\\\/lequotidien.mr\\\/#\\\/schema\\\/logo\\\/image\\\/\",\"url\":\"https:\\\/\\\/lequotidien.mr\\\/wp-content\\\/uploads\\\/2022\\\/11\\\/logolequotidien.jpg\",\"contentUrl\":\"https:\\\/\\\/lequotidien.mr\\\/wp-content\\\/uploads\\\/2022\\\/11\\\/logolequotidien.jpg\",\"width\":290,\"height\":65,\"caption\":\"Le Quotidien de Nouakchott\"},\"image\":{\"@id\":\"https:\\\/\\\/lequotidien.mr\\\/#\\\/schema\\\/logo\\\/image\\\/\"},\"sameAs\":[\"https:\\\/\\\/web.facebook.com\\\/lequotidienmr\",\"https:\\\/\\\/x.com\\\/lequotidienmr\"]},{\"@type\":\"Person\",\"@id\":\"https:\\\/\\\/lequotidien.mr\\\/#\\\/schema\\\/person\\\/1077c8abd5640a6514b909318d271dee\",\"name\":\"Gayi Diawara\",\"image\":{\"@type\":\"ImageObject\",\"inLanguage\":\"ar\",\"@id\":\"https:\\\/\\\/secure.gravatar.com\\\/avatar\\\/63ea8db1e19a6d2d608b24c0f78b5f3a7d6e0bc11959fec273410af333e4d0ac?s=96&d=mm&r=g\",\"url\":\"https:\\\/\\\/secure.gravatar.com\\\/avatar\\\/63ea8db1e19a6d2d608b24c0f78b5f3a7d6e0bc11959fec273410af333e4d0ac?s=96&d=mm&r=g\",\"contentUrl\":\"https:\\\/\\\/secure.gravatar.com\\\/avatar\\\/63ea8db1e19a6d2d608b24c0f78b5f3a7d6e0bc11959fec273410af333e4d0ac?s=96&d=mm&r=g\",\"caption\":\"Gayi Diawara\"},\"sameAs\":[\"http:\\\/\\\/lequotidien.mr\"],\"url\":\"https:\\\/\\\/lequotidien.mr\\\/?author=5\"}]}<\/script>\n<!-- \/ Yoast SEO plugin. -->","yoast_head_json":{"title":"SISTA tient un second s\u00e9minaire sur le climat - Le Quotidien de Nouakchott","robots":{"index":"index","follow":"follow","max-snippet":"max-snippet:-1","max-image-preview":"max-image-preview:large","max-video-preview":"max-video-preview:-1"},"canonical":"https:\/\/lequotidien.mr\/?p=12407&lang=fr","og_locale":"ar_AR","og_type":"article","og_title":"SISTA tient un second s\u00e9minaire sur le climat - Le Quotidien de Nouakchott","og_description":"Le bureau d\u2019\u00e9tude SISTA a organis\u00e9 la semaine du 18 septembre 2023 \u00e0 Nouakchott son deuxi\u00e8me atelier de pr\u00e9sentation des r\u00e9sultats de l\u2019enqu\u00eate d\u2019opinion r\u00e9alis\u00e9e fin 2022 en collaboration avec Afrobarometer, cet \u00e9v\u00e8nement se d\u00e9roul\u00e9 avec la\u00a0 pr\u00e9sence des experts en environnement et des institutions\u00a0 int\u00e9resser par le sujet.\u00a0\u00a0L&#8217;atelier avait comme objectif de pr\u00e9senter l\u2019opinion.....","og_url":"https:\/\/lequotidien.mr\/?p=12407&lang=fr","og_site_name":"Le Quotidien de Nouakchott","article_publisher":"https:\/\/web.facebook.com\/lequotidienmr","article_published_time":"2023-09-25T17:52:05+00:00","og_image":[{"width":400,"height":266,"url":"https:\/\/lequotidien.mr\/wp-content\/uploads\/2023\/09\/IMG-20230925-WA0007.jpg","type":"image\/jpeg"}],"author":"Gayi Diawara","twitter_card":"summary_large_image","twitter_creator":"@lequotidienmr","twitter_site":"@lequotidienmr","twitter_misc":{"\u0643\u064f\u062a\u0628 \u0628\u0648\u0627\u0633\u0637\u0629":"Gayi Diawara","\u0648\u0642\u062a \u0627\u0644\u0642\u0631\u0627\u0621\u0629 \u0627\u0644\u0645\u064f\u0642\u062f\u0651\u0631":"3 \u062f\u0642\u0627\u0626\u0642"},"schema":{"@context":"https:\/\/schema.org","@graph":[{"@type":"Article","@id":"https:\/\/lequotidien.mr\/?p=12407&lang=fr#article","isPartOf":{"@id":"https:\/\/lequotidien.mr\/?p=12407&lang=fr"},"author":{"name":"Gayi Diawara","@id":"https:\/\/lequotidien.mr\/#\/schema\/person\/1077c8abd5640a6514b909318d271dee"},"headline":"SISTA tient un second s\u00e9minaire sur le climat","datePublished":"2023-09-25T17:52:05+00:00","mainEntityOfPage":{"@id":"https:\/\/lequotidien.mr\/?p=12407&lang=fr"},"wordCount":536,"commentCount":0,"publisher":{"@id":"https:\/\/lequotidien.mr\/#organization"},"image":{"@id":"https:\/\/lequotidien.mr\/?p=12407&lang=fr#primaryimage"},"thumbnailUrl":"https:\/\/lequotidien.mr\/wp-content\/uploads\/2023\/09\/IMG-20230925-WA0007.jpg","articleSection":["ACTUALIT\u00c9","Couverture sp\u00e9cilale"],"inLanguage":"ar","potentialAction":[{"@type":"CommentAction","name":"Comment","target":["https:\/\/lequotidien.mr\/?p=12407&lang=fr#respond"]}]},{"@type":"WebPage","@id":"https:\/\/lequotidien.mr\/?p=12407&lang=fr","url":"https:\/\/lequotidien.mr\/?p=12407&lang=fr","name":"SISTA tient un second s\u00e9minaire sur le climat - Le Quotidien de Nouakchott","isPartOf":{"@id":"https:\/\/lequotidien.mr\/#website"},"primaryImageOfPage":{"@id":"https:\/\/lequotidien.mr\/?p=12407&lang=fr#primaryimage"},"image":{"@id":"https:\/\/lequotidien.mr\/?p=12407&lang=fr#primaryimage"},"thumbnailUrl":"https:\/\/lequotidien.mr\/wp-content\/uploads\/2023\/09\/IMG-20230925-WA0007.jpg","datePublished":"2023-09-25T17:52:05+00:00","breadcrumb":{"@id":"https:\/\/lequotidien.mr\/?p=12407&lang=fr#breadcrumb"},"inLanguage":"ar","potentialAction":[{"@type":"ReadAction","target":["https:\/\/lequotidien.mr\/?p=12407&lang=fr"]}]},{"@type":"ImageObject","inLanguage":"ar","@id":"https:\/\/lequotidien.mr\/?p=12407&lang=fr#primaryimage","url":"https:\/\/lequotidien.mr\/wp-content\/uploads\/2023\/09\/IMG-20230925-WA0007.jpg","contentUrl":"https:\/\/lequotidien.mr\/wp-content\/uploads\/2023\/09\/IMG-20230925-WA0007.jpg","width":400,"height":266},{"@type":"BreadcrumbList","@id":"https:\/\/lequotidien.mr\/?p=12407&lang=fr#breadcrumb","itemListElement":[{"@type":"ListItem","position":1,"name":"Home","item":"https:\/\/lequotidien.mr\/"},{"@type":"ListItem","position":2,"name":"SISTA tient un second s\u00e9minaire sur le climat"}]},{"@type":"WebSite","@id":"https:\/\/lequotidien.mr\/#website","url":"https:\/\/lequotidien.mr\/","name":"Le Quotidien de Nouakchott","description":"\u0625\u062e\u0628\u0627\u0631\u064a\u0629 \u0645\u0633\u062a\u0642\u0644\u0629 \u0644\u0644\u0623\u0646\u0628\u0627\u0621 \u0627\u0644\u0639\u0627\u0645\u0629","publisher":{"@id":"https:\/\/lequotidien.mr\/#organization"},"potentialAction":[{"@type":"SearchAction","target":{"@type":"EntryPoint","urlTemplate":"https:\/\/lequotidien.mr\/?s={search_term_string}"},"query-input":{"@type":"PropertyValueSpecification","valueRequired":true,"valueName":"search_term_string"}}],"inLanguage":"ar"},{"@type":"Organization","@id":"https:\/\/lequotidien.mr\/#organization","name":"Le Quotidien de Nouakchott","url":"https:\/\/lequotidien.mr\/","logo":{"@type":"ImageObject","inLanguage":"ar","@id":"https:\/\/lequotidien.mr\/#\/schema\/logo\/image\/","url":"https:\/\/lequotidien.mr\/wp-content\/uploads\/2022\/11\/logolequotidien.jpg","contentUrl":"https:\/\/lequotidien.mr\/wp-content\/uploads\/2022\/11\/logolequotidien.jpg","width":290,"height":65,"caption":"Le Quotidien de Nouakchott"},"image":{"@id":"https:\/\/lequotidien.mr\/#\/schema\/logo\/image\/"},"sameAs":["https:\/\/web.facebook.com\/lequotidienmr","https:\/\/x.com\/lequotidienmr"]},{"@type":"Person","@id":"https:\/\/lequotidien.mr\/#\/schema\/person\/1077c8abd5640a6514b909318d271dee","name":"Gayi Diawara","image":{"@type":"ImageObject","inLanguage":"ar","@id":"https:\/\/secure.gravatar.com\/avatar\/63ea8db1e19a6d2d608b24c0f78b5f3a7d6e0bc11959fec273410af333e4d0ac?s=96&d=mm&r=g","url":"https:\/\/secure.gravatar.com\/avatar\/63ea8db1e19a6d2d608b24c0f78b5f3a7d6e0bc11959fec273410af333e4d0ac?s=96&d=mm&r=g","contentUrl":"https:\/\/secure.gravatar.com\/avatar\/63ea8db1e19a6d2d608b24c0f78b5f3a7d6e0bc11959fec273410af333e4d0ac?s=96&d=mm&r=g","caption":"Gayi Diawara"},"sameAs":["http:\/\/lequotidien.mr"],"url":"https:\/\/lequotidien.mr\/?author=5"}]}},"_links":{"self":[{"href":"https:\/\/lequotidien.mr\/index.php?rest_route=\/wp\/v2\/posts\/12407","targetHints":{"allow":["GET"]}}],"collection":[{"href":"https:\/\/lequotidien.mr\/index.php?rest_route=\/wp\/v2\/posts"}],"about":[{"href":"https:\/\/lequotidien.mr\/index.php?rest_route=\/wp\/v2\/types\/post"}],"author":[{"embeddable":true,"href":"https:\/\/lequotidien.mr\/index.php?rest_route=\/wp\/v2\/users\/5"}],"replies":[{"embeddable":true,"href":"https:\/\/lequotidien.mr\/index.php?rest_route=%2Fwp%2Fv2%2Fcomments&post=12407"}],"version-history":[{"count":1,"href":"https:\/\/lequotidien.mr\/index.php?rest_route=\/wp\/v2\/posts\/12407\/revisions"}],"predecessor-version":[{"id":12409,"href":"https:\/\/lequotidien.mr\/index.php?rest_route=\/wp\/v2\/posts\/12407\/revisions\/12409"}],"wp:featuredmedia":[{"embeddable":true,"href":"https:\/\/lequotidien.mr\/index.php?rest_route=\/wp\/v2\/media\/12408"}],"wp:attachment":[{"href":"https:\/\/lequotidien.mr\/index.php?rest_route=%2Fwp%2Fv2%2Fmedia&parent=12407"}],"wp:term":[{"taxonomy":"category","embeddable":true,"href":"https:\/\/lequotidien.mr\/index.php?rest_route=%2Fwp%2Fv2%2Fcategories&post=12407"},{"taxonomy":"post_tag","embeddable":true,"href":"https:\/\/lequotidien.mr\/index.php?rest_route=%2Fwp%2Fv2%2Ftags&post=12407"}],"curies":[{"name":"wp","href":"https:\/\/api.w.org\/{rel}","templated":true}]}}