{"id":12084,"date":"2023-09-16T10:58:53","date_gmt":"2023-09-16T10:58:53","guid":{"rendered":"https:\/\/lequotidien.mr\/?p=12084"},"modified":"2023-09-16T10:58:53","modified_gmt":"2023-09-16T10:58:53","slug":"quelques-heures-avant-son-depart-du-palais-aziz-soctroie-trois-hectares-a-tevragh-zeina","status":"publish","type":"post","link":"https:\/\/lequotidien.mr\/?p=12084&lang=fr","title":{"rendered":"Quelques heures avant son d\u00e9part du Palais : Aziz s\u2019octroie trois hectares \u00e0 Tevragh Zeina"},"content":{"rendered":"<p><strong>Le Calame<\/strong> &#8211; Quelle est la diff\u00e9rence entre les oiseaux et les hommes politiques, se demande le c\u00e9l\u00e8bre adage. Les premiers volent de temps \u00e0 autre et les seconds volent toujours. Un adage qui s\u2019applique parfaitement \u00e0 ces hommes (a)politiques qui ont siphonn\u00e9 ce pays au cours de la d\u00e9cennie azizienne.<\/p>\n<p>Le moins qu\u2019on puisse dire est qu\u2019ils n\u2019ont pas perdu leur temps et \u00e0 leur t\u00eate le chef de la bande, Ould Abdel Aziz. Jusqu\u2019au dernier jour, ils ont multipli\u00e9 les prouesses pour faire basse sur les ressources du pays ainsi que sur le domaine public. Un exemple parmi tant d\u2019autres.<\/p>\n<p>Un mois et demi apr\u00e8s l\u2019\u00e9lection de Ghazouani et quelques heures avant son investiture, un d\u00e9cret (num\u00e9ro 2019-175 du 30 juillet 2019) sign\u00e9 du premier ministre Mohamed Salem Ould B\u00e9chir, du ministre de l\u2019Economie et des Finances, El Mokhtar Ould Djay et du ministre d\u00e9l\u00e9gu\u00e9 charg\u00e9 du Budget, Mohamed Ould Kembou, conc\u00e8de, \u00e0 titre d\u00e9finitif, \u00e0 la Soci\u00e9t\u00e9 mauritanienne pour le B\u00e9ton et les Briques (propri\u00e9t\u00e9 de l\u2019homme d\u2019affaires Feil Ould Lahah, cousin et l\u2019un des pr\u00eate-noms d\u2019Aziz), un terrain d\u2019une superficie de trois hectares (30.000 m2) dans la moughataa de Tevragh Zeina (wilaya de Nouakchott Ouest) pour y \u00e9difier une usine \u00e0 b\u00e9ton.<\/p>\n<p>Cette fameuse usine, qui a servi de pr\u00e9texte \u00e0 ce d\u00e9cret, n\u2019a \u00e9videmment jamais vu le jour. Pourtant il est \u00e9crit noir sur blanc dans le d\u00e9cret que &#8220;le non-respect de cette disposition entraine la d\u00e9ch\u00e9ance de l\u2019attribution sans qu\u2019il ne soit n\u00e9cessaire de la notifier par \u00e9crit&#8221;. Pourtant elle n\u2019a pas eu lieu \u00e0 aucun moment, cette d\u00e9ch\u00e9ance, la loi n\u2019\u00e9tant pas faite pour \u00eatre appliqu\u00e9e.<\/p>\n<p>Comme pour les fameuses concessions rurales, attribu\u00e9es en plein milieu urbain, le terrain sera sans doute morcel\u00e9 et vendu \u00e0 prix d\u2019or. Comme quoi il n\u2019y a pas de petits profits et Aziz aura s\u00e9vi jusqu\u2019au dernier souffle.<\/p>\n","protected":false},"excerpt":{"rendered":"<p>Le Calame &#8211; Quelle est la diff\u00e9rence entre les oiseaux et les hommes politiques, se demande le c\u00e9l\u00e8bre adage. Les premiers volent de temps \u00e0 autre et les seconds volent toujours. Un adage qui s\u2019applique parfaitement \u00e0 ces hommes (a)politiques qui ont siphonn\u00e9 ce pays au cours de la d\u00e9cennie azizienne. Le moins qu\u2019on puisse&#8230;..<\/p>\n","protected":false},"author":3,"featured_media":12085,"comment_status":"open","ping_status":"open","sticky":false,"template":"","format":"standard","meta":{"footnotes":""},"categories":[23,59],"tags":[],"class_list":["post-12084","post","type-post","status-publish","format-standard","has-post-thumbnail","hentry","category-actualite","category-opinion"],"yoast_head":"<!-- This site is optimized with the Yoast SEO plugin v27.5 - https:\/\/yoast.com\/product\/yoast-seo-wordpress\/ -->\n<title>Quelques heures avant son d\u00e9part du Palais : Aziz s\u2019octroie trois hectares \u00e0 Tevragh Zeina - Le Quotidien de Nouakchott<\/title>\n<meta name=\"robots\" content=\"index, follow, max-snippet:-1, max-image-preview:large, max-video-preview:-1\" \/>\n<link rel=\"canonical\" href=\"https:\/\/lequotidien.mr\/?p=12084&lang=fr\" \/>\n<meta property=\"og:locale\" content=\"ar_AR\" \/>\n<meta property=\"og:type\" content=\"article\" \/>\n<meta property=\"og:title\" content=\"Quelques heures avant son d\u00e9part du Palais : Aziz s\u2019octroie trois hectares \u00e0 Tevragh Zeina - Le Quotidien de Nouakchott\" \/>\n<meta property=\"og:description\" content=\"Le Calame &#8211; Quelle est la diff\u00e9rence entre les oiseaux et les hommes politiques, se demande le c\u00e9l\u00e8bre adage. Les premiers volent de temps \u00e0 autre et les seconds volent toujours. Un adage qui s\u2019applique parfaitement \u00e0 ces hommes (a)politiques qui ont siphonn\u00e9 ce pays au cours de la d\u00e9cennie azizienne. Le moins qu\u2019on puisse.....\" \/>\n<meta property=\"og:url\" content=\"https:\/\/lequotidien.mr\/?p=12084&amp;lang=fr\" \/>\n<meta property=\"og:site_name\" content=\"Le Quotidien de Nouakchott\" \/>\n<meta property=\"article:publisher\" content=\"https:\/\/web.facebook.com\/lequotidienmr\" \/>\n<meta property=\"article:author\" content=\"https:\/\/web.facebook.com\/a.mleiwih\" \/>\n<meta property=\"article:published_time\" content=\"2023-09-16T10:58:53+00:00\" \/>\n<meta property=\"og:image\" content=\"https:\/\/lequotidien.mr\/wp-content\/uploads\/2023\/09\/aziz_soctroie_456_6gh.jpg\" \/>\n\t<meta property=\"og:image:width\" content=\"500\" \/>\n\t<meta property=\"og:image:height\" content=\"371\" \/>\n\t<meta property=\"og:image:type\" content=\"image\/jpeg\" \/>\n<meta name=\"author\" content=\"Alioun M&#039;leiwih\" \/>\n<meta name=\"twitter:card\" content=\"summary_large_image\" \/>\n<meta name=\"twitter:creator\" content=\"@lequotidienmr\" \/>\n<meta name=\"twitter:site\" content=\"@lequotidienmr\" \/>\n<meta name=\"twitter:label1\" content=\"\u0643\u064f\u062a\u0628 \u0628\u0648\u0627\u0633\u0637\u0629\" \/>\n\t<meta name=\"twitter:data1\" content=\"Alioun M&#039;leiwih\" \/>\n\t<meta name=\"twitter:label2\" content=\"\u0648\u0642\u062a \u0627\u0644\u0642\u0631\u0627\u0621\u0629 \u0627\u0644\u0645\u064f\u0642\u062f\u0651\u0631\" \/>\n\t<meta name=\"twitter:data2\" content=\"\u062f\u0642\u064a\u0642\u062a\u0627\u0646\" \/>\n<script type=\"application\/ld+json\" class=\"yoast-schema-graph\">{\"@context\":\"https:\\\/\\\/schema.org\",\"@graph\":[{\"@type\":\"Article\",\"@id\":\"https:\\\/\\\/lequotidien.mr\\\/?p=12084&lang=fr#article\",\"isPartOf\":{\"@id\":\"https:\\\/\\\/lequotidien.mr\\\/?p=12084&lang=fr\"},\"author\":{\"name\":\"Alioun M'leiwih\",\"@id\":\"https:\\\/\\\/lequotidien.mr\\\/#\\\/schema\\\/person\\\/69d1518c74c9137087929a20b1272cb0\"},\"headline\":\"Quelques heures avant son d\u00e9part du Palais : Aziz s\u2019octroie trois hectares \u00e0 Tevragh Zeina\",\"datePublished\":\"2023-09-16T10:58:53+00:00\",\"mainEntityOfPage\":{\"@id\":\"https:\\\/\\\/lequotidien.mr\\\/?p=12084&lang=fr\"},\"wordCount\":365,\"commentCount\":0,\"publisher\":{\"@id\":\"https:\\\/\\\/lequotidien.mr\\\/#organization\"},\"image\":{\"@id\":\"https:\\\/\\\/lequotidien.mr\\\/?p=12084&lang=fr#primaryimage\"},\"thumbnailUrl\":\"https:\\\/\\\/lequotidien.mr\\\/wp-content\\\/uploads\\\/2023\\\/09\\\/aziz_soctroie_456_6gh.jpg\",\"articleSection\":[\"ACTUALIT\u00c9\",\"Opinion\"],\"inLanguage\":\"ar\",\"potentialAction\":[{\"@type\":\"CommentAction\",\"name\":\"Comment\",\"target\":[\"https:\\\/\\\/lequotidien.mr\\\/?p=12084&lang=fr#respond\"]}]},{\"@type\":\"WebPage\",\"@id\":\"https:\\\/\\\/lequotidien.mr\\\/?p=12084&lang=fr\",\"url\":\"https:\\\/\\\/lequotidien.mr\\\/?p=12084&lang=fr\",\"name\":\"Quelques heures avant son d\u00e9part du Palais : Aziz s\u2019octroie trois hectares \u00e0 Tevragh Zeina - Le Quotidien de Nouakchott\",\"isPartOf\":{\"@id\":\"https:\\\/\\\/lequotidien.mr\\\/#website\"},\"primaryImageOfPage\":{\"@id\":\"https:\\\/\\\/lequotidien.mr\\\/?p=12084&lang=fr#primaryimage\"},\"image\":{\"@id\":\"https:\\\/\\\/lequotidien.mr\\\/?p=12084&lang=fr#primaryimage\"},\"thumbnailUrl\":\"https:\\\/\\\/lequotidien.mr\\\/wp-content\\\/uploads\\\/2023\\\/09\\\/aziz_soctroie_456_6gh.jpg\",\"datePublished\":\"2023-09-16T10:58:53+00:00\",\"breadcrumb\":{\"@id\":\"https:\\\/\\\/lequotidien.mr\\\/?p=12084&lang=fr#breadcrumb\"},\"inLanguage\":\"ar\",\"potentialAction\":[{\"@type\":\"ReadAction\",\"target\":[\"https:\\\/\\\/lequotidien.mr\\\/?p=12084&lang=fr\"]}]},{\"@type\":\"ImageObject\",\"inLanguage\":\"ar\",\"@id\":\"https:\\\/\\\/lequotidien.mr\\\/?p=12084&lang=fr#primaryimage\",\"url\":\"https:\\\/\\\/lequotidien.mr\\\/wp-content\\\/uploads\\\/2023\\\/09\\\/aziz_soctroie_456_6gh.jpg\",\"contentUrl\":\"https:\\\/\\\/lequotidien.mr\\\/wp-content\\\/uploads\\\/2023\\\/09\\\/aziz_soctroie_456_6gh.jpg\",\"width\":500,\"height\":371},{\"@type\":\"BreadcrumbList\",\"@id\":\"https:\\\/\\\/lequotidien.mr\\\/?p=12084&lang=fr#breadcrumb\",\"itemListElement\":[{\"@type\":\"ListItem\",\"position\":1,\"name\":\"Home\",\"item\":\"https:\\\/\\\/lequotidien.mr\\\/\"},{\"@type\":\"ListItem\",\"position\":2,\"name\":\"Quelques heures avant son d\u00e9part du Palais : Aziz s\u2019octroie trois hectares \u00e0 Tevragh Zeina\"}]},{\"@type\":\"WebSite\",\"@id\":\"https:\\\/\\\/lequotidien.mr\\\/#website\",\"url\":\"https:\\\/\\\/lequotidien.mr\\\/\",\"name\":\"Le Quotidien de Nouakchott\",\"description\":\"\u0625\u062e\u0628\u0627\u0631\u064a\u0629 \u0645\u0633\u062a\u0642\u0644\u0629 \u0644\u0644\u0623\u0646\u0628\u0627\u0621 \u0627\u0644\u0639\u0627\u0645\u0629\",\"publisher\":{\"@id\":\"https:\\\/\\\/lequotidien.mr\\\/#organization\"},\"potentialAction\":[{\"@type\":\"SearchAction\",\"target\":{\"@type\":\"EntryPoint\",\"urlTemplate\":\"https:\\\/\\\/lequotidien.mr\\\/?s={search_term_string}\"},\"query-input\":{\"@type\":\"PropertyValueSpecification\",\"valueRequired\":true,\"valueName\":\"search_term_string\"}}],\"inLanguage\":\"ar\"},{\"@type\":\"Organization\",\"@id\":\"https:\\\/\\\/lequotidien.mr\\\/#organization\",\"name\":\"Le Quotidien de Nouakchott\",\"url\":\"https:\\\/\\\/lequotidien.mr\\\/\",\"logo\":{\"@type\":\"ImageObject\",\"inLanguage\":\"ar\",\"@id\":\"https:\\\/\\\/lequotidien.mr\\\/#\\\/schema\\\/logo\\\/image\\\/\",\"url\":\"https:\\\/\\\/lequotidien.mr\\\/wp-content\\\/uploads\\\/2022\\\/11\\\/logolequotidien.jpg\",\"contentUrl\":\"https:\\\/\\\/lequotidien.mr\\\/wp-content\\\/uploads\\\/2022\\\/11\\\/logolequotidien.jpg\",\"width\":290,\"height\":65,\"caption\":\"Le Quotidien de Nouakchott\"},\"image\":{\"@id\":\"https:\\\/\\\/lequotidien.mr\\\/#\\\/schema\\\/logo\\\/image\\\/\"},\"sameAs\":[\"https:\\\/\\\/web.facebook.com\\\/lequotidienmr\",\"https:\\\/\\\/x.com\\\/lequotidienmr\"]},{\"@type\":\"Person\",\"@id\":\"https:\\\/\\\/lequotidien.mr\\\/#\\\/schema\\\/person\\\/69d1518c74c9137087929a20b1272cb0\",\"name\":\"Alioun M'leiwih\",\"image\":{\"@type\":\"ImageObject\",\"inLanguage\":\"ar\",\"@id\":\"https:\\\/\\\/secure.gravatar.com\\\/avatar\\\/01f9d357222d7d4ca8f71662f4b081718f06d25b11fc45662ecca0622d507e51?s=96&d=mm&r=g\",\"url\":\"https:\\\/\\\/secure.gravatar.com\\\/avatar\\\/01f9d357222d7d4ca8f71662f4b081718f06d25b11fc45662ecca0622d507e51?s=96&d=mm&r=g\",\"contentUrl\":\"https:\\\/\\\/secure.gravatar.com\\\/avatar\\\/01f9d357222d7d4ca8f71662f4b081718f06d25b11fc45662ecca0622d507e51?s=96&d=mm&r=g\",\"caption\":\"Alioun M'leiwih\"},\"sameAs\":[\"https:\\\/\\\/lequotidien.mr\\\/\",\"https:\\\/\\\/web.facebook.com\\\/a.mleiwih\",\"https:\\\/\\\/www.linkedin.com\\\/in\\\/alimlewih\\\/\"],\"url\":\"https:\\\/\\\/lequotidien.mr\\\/?author=3\"}]}<\/script>\n<!-- \/ Yoast SEO plugin. -->","yoast_head_json":{"title":"Quelques heures avant son d\u00e9part du Palais : Aziz s\u2019octroie trois hectares \u00e0 Tevragh Zeina - Le Quotidien de Nouakchott","robots":{"index":"index","follow":"follow","max-snippet":"max-snippet:-1","max-image-preview":"max-image-preview:large","max-video-preview":"max-video-preview:-1"},"canonical":"https:\/\/lequotidien.mr\/?p=12084&lang=fr","og_locale":"ar_AR","og_type":"article","og_title":"Quelques heures avant son d\u00e9part du Palais : Aziz s\u2019octroie trois hectares \u00e0 Tevragh Zeina - Le Quotidien de Nouakchott","og_description":"Le Calame &#8211; Quelle est la diff\u00e9rence entre les oiseaux et les hommes politiques, se demande le c\u00e9l\u00e8bre adage. Les premiers volent de temps \u00e0 autre et les seconds volent toujours. Un adage qui s\u2019applique parfaitement \u00e0 ces hommes (a)politiques qui ont siphonn\u00e9 ce pays au cours de la d\u00e9cennie azizienne. Le moins qu\u2019on puisse.....","og_url":"https:\/\/lequotidien.mr\/?p=12084&lang=fr","og_site_name":"Le Quotidien de Nouakchott","article_publisher":"https:\/\/web.facebook.com\/lequotidienmr","article_author":"https:\/\/web.facebook.com\/a.mleiwih","article_published_time":"2023-09-16T10:58:53+00:00","og_image":[{"width":500,"height":371,"url":"https:\/\/lequotidien.mr\/wp-content\/uploads\/2023\/09\/aziz_soctroie_456_6gh.jpg","type":"image\/jpeg"}],"author":"Alioun M'leiwih","twitter_card":"summary_large_image","twitter_creator":"@lequotidienmr","twitter_site":"@lequotidienmr","twitter_misc":{"\u0643\u064f\u062a\u0628 \u0628\u0648\u0627\u0633\u0637\u0629":"Alioun M'leiwih","\u0648\u0642\u062a \u0627\u0644\u0642\u0631\u0627\u0621\u0629 \u0627\u0644\u0645\u064f\u0642\u062f\u0651\u0631":"\u062f\u0642\u064a\u0642\u062a\u0627\u0646"},"schema":{"@context":"https:\/\/schema.org","@graph":[{"@type":"Article","@id":"https:\/\/lequotidien.mr\/?p=12084&lang=fr#article","isPartOf":{"@id":"https:\/\/lequotidien.mr\/?p=12084&lang=fr"},"author":{"name":"Alioun M'leiwih","@id":"https:\/\/lequotidien.mr\/#\/schema\/person\/69d1518c74c9137087929a20b1272cb0"},"headline":"Quelques heures avant son d\u00e9part du Palais : Aziz s\u2019octroie trois hectares \u00e0 Tevragh Zeina","datePublished":"2023-09-16T10:58:53+00:00","mainEntityOfPage":{"@id":"https:\/\/lequotidien.mr\/?p=12084&lang=fr"},"wordCount":365,"commentCount":0,"publisher":{"@id":"https:\/\/lequotidien.mr\/#organization"},"image":{"@id":"https:\/\/lequotidien.mr\/?p=12084&lang=fr#primaryimage"},"thumbnailUrl":"https:\/\/lequotidien.mr\/wp-content\/uploads\/2023\/09\/aziz_soctroie_456_6gh.jpg","articleSection":["ACTUALIT\u00c9","Opinion"],"inLanguage":"ar","potentialAction":[{"@type":"CommentAction","name":"Comment","target":["https:\/\/lequotidien.mr\/?p=12084&lang=fr#respond"]}]},{"@type":"WebPage","@id":"https:\/\/lequotidien.mr\/?p=12084&lang=fr","url":"https:\/\/lequotidien.mr\/?p=12084&lang=fr","name":"Quelques heures avant son d\u00e9part du Palais : Aziz s\u2019octroie trois hectares \u00e0 Tevragh Zeina - Le Quotidien de Nouakchott","isPartOf":{"@id":"https:\/\/lequotidien.mr\/#website"},"primaryImageOfPage":{"@id":"https:\/\/lequotidien.mr\/?p=12084&lang=fr#primaryimage"},"image":{"@id":"https:\/\/lequotidien.mr\/?p=12084&lang=fr#primaryimage"},"thumbnailUrl":"https:\/\/lequotidien.mr\/wp-content\/uploads\/2023\/09\/aziz_soctroie_456_6gh.jpg","datePublished":"2023-09-16T10:58:53+00:00","breadcrumb":{"@id":"https:\/\/lequotidien.mr\/?p=12084&lang=fr#breadcrumb"},"inLanguage":"ar","potentialAction":[{"@type":"ReadAction","target":["https:\/\/lequotidien.mr\/?p=12084&lang=fr"]}]},{"@type":"ImageObject","inLanguage":"ar","@id":"https:\/\/lequotidien.mr\/?p=12084&lang=fr#primaryimage","url":"https:\/\/lequotidien.mr\/wp-content\/uploads\/2023\/09\/aziz_soctroie_456_6gh.jpg","contentUrl":"https:\/\/lequotidien.mr\/wp-content\/uploads\/2023\/09\/aziz_soctroie_456_6gh.jpg","width":500,"height":371},{"@type":"BreadcrumbList","@id":"https:\/\/lequotidien.mr\/?p=12084&lang=fr#breadcrumb","itemListElement":[{"@type":"ListItem","position":1,"name":"Home","item":"https:\/\/lequotidien.mr\/"},{"@type":"ListItem","position":2,"name":"Quelques heures avant son d\u00e9part du Palais : Aziz s\u2019octroie trois hectares \u00e0 Tevragh Zeina"}]},{"@type":"WebSite","@id":"https:\/\/lequotidien.mr\/#website","url":"https:\/\/lequotidien.mr\/","name":"Le Quotidien de Nouakchott","description":"\u0625\u062e\u0628\u0627\u0631\u064a\u0629 \u0645\u0633\u062a\u0642\u0644\u0629 \u0644\u0644\u0623\u0646\u0628\u0627\u0621 \u0627\u0644\u0639\u0627\u0645\u0629","publisher":{"@id":"https:\/\/lequotidien.mr\/#organization"},"potentialAction":[{"@type":"SearchAction","target":{"@type":"EntryPoint","urlTemplate":"https:\/\/lequotidien.mr\/?s={search_term_string}"},"query-input":{"@type":"PropertyValueSpecification","valueRequired":true,"valueName":"search_term_string"}}],"inLanguage":"ar"},{"@type":"Organization","@id":"https:\/\/lequotidien.mr\/#organization","name":"Le Quotidien de Nouakchott","url":"https:\/\/lequotidien.mr\/","logo":{"@type":"ImageObject","inLanguage":"ar","@id":"https:\/\/lequotidien.mr\/#\/schema\/logo\/image\/","url":"https:\/\/lequotidien.mr\/wp-content\/uploads\/2022\/11\/logolequotidien.jpg","contentUrl":"https:\/\/lequotidien.mr\/wp-content\/uploads\/2022\/11\/logolequotidien.jpg","width":290,"height":65,"caption":"Le Quotidien de Nouakchott"},"image":{"@id":"https:\/\/lequotidien.mr\/#\/schema\/logo\/image\/"},"sameAs":["https:\/\/web.facebook.com\/lequotidienmr","https:\/\/x.com\/lequotidienmr"]},{"@type":"Person","@id":"https:\/\/lequotidien.mr\/#\/schema\/person\/69d1518c74c9137087929a20b1272cb0","name":"Alioun M'leiwih","image":{"@type":"ImageObject","inLanguage":"ar","@id":"https:\/\/secure.gravatar.com\/avatar\/01f9d357222d7d4ca8f71662f4b081718f06d25b11fc45662ecca0622d507e51?s=96&d=mm&r=g","url":"https:\/\/secure.gravatar.com\/avatar\/01f9d357222d7d4ca8f71662f4b081718f06d25b11fc45662ecca0622d507e51?s=96&d=mm&r=g","contentUrl":"https:\/\/secure.gravatar.com\/avatar\/01f9d357222d7d4ca8f71662f4b081718f06d25b11fc45662ecca0622d507e51?s=96&d=mm&r=g","caption":"Alioun M'leiwih"},"sameAs":["https:\/\/lequotidien.mr\/","https:\/\/web.facebook.com\/a.mleiwih","https:\/\/www.linkedin.com\/in\/alimlewih\/"],"url":"https:\/\/lequotidien.mr\/?author=3"}]}},"_links":{"self":[{"href":"https:\/\/lequotidien.mr\/index.php?rest_route=\/wp\/v2\/posts\/12084","targetHints":{"allow":["GET"]}}],"collection":[{"href":"https:\/\/lequotidien.mr\/index.php?rest_route=\/wp\/v2\/posts"}],"about":[{"href":"https:\/\/lequotidien.mr\/index.php?rest_route=\/wp\/v2\/types\/post"}],"author":[{"embeddable":true,"href":"https:\/\/lequotidien.mr\/index.php?rest_route=\/wp\/v2\/users\/3"}],"replies":[{"embeddable":true,"href":"https:\/\/lequotidien.mr\/index.php?rest_route=%2Fwp%2Fv2%2Fcomments&post=12084"}],"version-history":[{"count":1,"href":"https:\/\/lequotidien.mr\/index.php?rest_route=\/wp\/v2\/posts\/12084\/revisions"}],"predecessor-version":[{"id":12086,"href":"https:\/\/lequotidien.mr\/index.php?rest_route=\/wp\/v2\/posts\/12084\/revisions\/12086"}],"wp:featuredmedia":[{"embeddable":true,"href":"https:\/\/lequotidien.mr\/index.php?rest_route=\/wp\/v2\/media\/12085"}],"wp:attachment":[{"href":"https:\/\/lequotidien.mr\/index.php?rest_route=%2Fwp%2Fv2%2Fmedia&parent=12084"}],"wp:term":[{"taxonomy":"category","embeddable":true,"href":"https:\/\/lequotidien.mr\/index.php?rest_route=%2Fwp%2Fv2%2Fcategories&post=12084"},{"taxonomy":"post_tag","embeddable":true,"href":"https:\/\/lequotidien.mr\/index.php?rest_route=%2Fwp%2Fv2%2Ftags&post=12084"}],"curies":[{"name":"wp","href":"https:\/\/api.w.org\/{rel}","templated":true}]}}