{"id":12036,"date":"2023-09-15T11:10:52","date_gmt":"2023-09-15T11:10:52","guid":{"rendered":"https:\/\/lequotidien.mr\/?p=12036"},"modified":"2023-09-15T11:10:52","modified_gmt":"2023-09-15T11:10:52","slug":"communique-du-conseil-des-ministres-du-jeudi-14-septembre-2023","status":"publish","type":"post","link":"https:\/\/lequotidien.mr\/?p=12036&lang=fr","title":{"rendered":"Communiqu\u00e9 du Conseil des Ministres du jeudi 14 septembre 2023"},"content":{"rendered":"<div id=\"title\">\n<h1><span style=\"font-size: 16px\">AMI &#8211; Le Conseil des Ministres s\u2019est r\u00e9uni, jeudi 14 septembre 2023 sous la Pr\u00e9sidence de Son Excellence Monsieur Mohamed Ould Cheikh El-Ghazouani, Pr\u00e9sident de la R\u00e9publique.<\/span><\/h1>\n<\/div>\n<div id=\"block-system-main\" class=\"block block-system\">\n<div class=\"content\">\n<div id=\"node-13198\" class=\"node node-content clearfix\">\n<article class=\"content clearfix\">\n<div class=\"field field-name-body field-type-text-with-summary field-label-hidden\">\n<div class=\"field-items\">\n<div class=\"field-item even\">\n<p>Le Conseil a examin\u00e9 et adopt\u00e9 les projets de d\u00e9crets suivants :<\/p>\n<p>\u2010 Projet de d\u00e9cret portant concession provisoire d\u2019un terrain \u00e0 Inchiri au profit de la Soci\u00e9t\u00e9 Onyx Investissement Mauritanie SARL<\/p>\n<p>Selon la convention d\u2019\u00e9tablissement entre l\u2019Etat mauritanien et Onyx Investment Company, l\u2019octroi de ce terrain intervient en vue d\u2019implanter un complexe h\u00f4telier touristique financ\u00e9 par plus de 6,4 milliards ouguiyas dans sa premi\u00e8re phase, compos\u00e9 de 120 chambres, 3 restaurants, un espace de r\u00e9unions, de conf\u00e9rences et d\u2019expositions, un spa et un centre sportif, une marina et une piste d\u2019atterrissage. Ce projet sera r\u00e9alis\u00e9 dans un d\u00e9lai n\u2019exc\u00e9dant pas trente-six (36) mois.<\/p>\n<p>Il contribuera \u00e9galement au d\u00e9veloppement du secteur touristique en raison de ses retomb\u00e9es sociales et \u00e9conomiques majeures en termes de cr\u00e9ation d\u2019une centaine d\u2019emplois directs et indirects.<\/p>\n<p>\u2010 Projet de d\u00e9cret portant nomination du Pr\u00e9sident et des membres du Conseil d\u2019Administration de l\u2019Ecole Normale des Instituteurs d\u2019A\u00efoun (ENI) ;<\/p>\n<p>\u2010 Projet de d\u00e9cret portant nomination du Pr\u00e9sident et des membres du Conseil d\u2019Administration du Centre Hospitalier des Sp\u00e9cialit\u00e9s ;<\/p>\n<p>\u2010 Projet de d\u00e9cret portant nomination du Pr\u00e9sident et des membres du Conseil d\u2019Administration du Centre Hospitalier M\u00e8re \u2013Enfant ;<\/p>\n<p>\u2010 Projet de d\u00e9cret portant nomination du Pr\u00e9sident et des membres du Conseil d\u2019Administration du Centre National de Cardiologie ;<\/p>\n<p>\u2010 Projet de d\u00e9cret relatif au renouvellement de quatre (4) permis de recherche pour les substances du groupe (1) au profit des soci\u00e9t\u00e9s : (Tafoli Min\u00e9ral Sahara Investissement -Group d\u2019industrie Minier et d\u2019Acier de Mauritanie (Gimam Sarl ) Wafa MINING&amp; Petroleum) WMP SA) ;<\/p>\n<p>\u2010 Projet de d\u00e9cret relatif au renouvellement de dix (10) permis de recherche pour les substances du groupe (2) au profit des soci\u00e9t\u00e9s : Metarum SA- Set Mining SARLNomads Mining Company Sarl- Tiris International Mining Company (Timco-Sarl) -Tiris International Mining Company (Timco-Sarl) -Dek Minig -Aya SARL-Sab Metals Mauritania Sarl- Best Way Metalic And Oil Services-LLC Sarl (BWMAOS)-EXYM ;<\/p>\n<p>\u2010 Projet de d\u00e9cret relatif au renouvellement de trois (3) permis de recherche pour les substances du groupe (4) au profit des soci\u00e9t\u00e9s : BSA, Soci\u00e9t\u00e9 de droit Mauritanien Najah TP-SARL, Soci\u00e9t\u00e9 de droit Mauritanien -Aura Energy LTD, Soci\u00e9t\u00e9 Australienne ;<\/p>\n<p>\u2010 Projet de d\u00e9cret relatif au renouvellement de trois (3) permis de recherche pour les substances du groupe (1) au profit des soci\u00e9t\u00e9s : Negoce International Mauritania Mining- Energy Atlantique Sarl \u2013 El Hajera Sarl ;<\/p>\n<p>\u2010 Projet de d\u00e9cret relatif au renouvellement de trois (3) permis de recherche pour les substances du groupe (2) au profit des soci\u00e9t\u00e9s : BSA -ID GEOSERVICE-Mauritanides Mining SA<\/p>\n<p>; Conform\u00e9ment au nouveau cadre r\u00e9glementaire, et dans le but de relancer l\u2019activit\u00e9 mini\u00e8re et de r\u00e9duire la p\u00e9nurie en termes d\u2019ouvrages et de revenus miniers, les pr\u00e9c\u00e9dents projets de d\u00e9crets visent \u00e0 renouveler 23 permis d\u2019exploration mini\u00e8re pour les entreprises ayant rempli les conditions par l\u2019interm\u00e9diaire de leurs propri\u00e9taires et le respect des obligations qu\u2019ils doivent assumer ;<\/p>\n<p>\u2010 Projet de d\u00e9cret portant nomination du Pr\u00e9sident et des Membres du Conseil d\u2019Administration du Laboratoire National des Travaux Publics (LNTP) ;<\/p>\n<p>\u2010 Projet de d\u00e9cret portant nomination du Pr\u00e9sident et des Membres du Conseil d\u2019Administration du l\u2019Office National de la M\u00e9t\u00e9orologie (ONM) ;<\/p>\n<p>Le Ministre des Affaires Etrang\u00e8res, de la Coop\u00e9ration et des Mauritaniens de l\u2019Ext\u00e9rieur a pr\u00e9sent\u00e9 une communication relative \u00e0 la situation internationale.<\/p>\n<p>Le Ministre de l\u2019Int\u00e9rieur et de la D\u00e9centralisation a pr\u00e9sent\u00e9 une communication relative \u00e0 la situation int\u00e9rieure.<\/p>\n<p>Le Ministre de l\u2019Habitat, de l\u2019Urbanisme et de l\u2019Am\u00e9nagement du Territoire a pr\u00e9sent\u00e9 une communication relative au projet de r\u00e8glement int\u00e9rieur de la commission de qualification et de classification des entreprises du secteur du b\u00e2timent et des travaux publics (CQCE-BTP).<\/p>\n<p>Cette communication propose un m\u00e9canisme de classification et de qualification des entreprises op\u00e9rant dans le domaine des b\u00e2timents et travaux publics.<\/p>\n<p>Les entreprises b\u00e2timents et travaux publics seront class\u00e9es selon un syst\u00e8me strict de notation et de pond\u00e9ration bas\u00e9 sur leurs v\u00e9ritables capacit\u00e9s, aux niveaux technique, financier et social, afin qu\u2019elles puissent postuler exclusivement aux offres correspondant \u00e0 leur taille de travail, leur plafond financier et leur cat\u00e9gorie de classification.<\/p>\n<p>Enfin, le Conseil des Ministres a pris les mesures individuelles suivantes :<\/p>\n<p>Minist\u00e8re de l\u2019\u00c9conomie et du d\u00e9veloppement Durable<\/p>\n<p>Cabinet du ministre<\/p>\n<p>Charg\u00e9 de mission : Ahmedou Ould Bouh, Administrateur de r\u00e9gies financi\u00e8res<\/p>\n<p>\u00c9tablissement Publics<\/p>\n<p>Agence de Promotion des Investissements en Mauritanie<\/p>\n<p>Directeur G\u00e9n\u00e9ral Adjoint : Mohamed Habiboullah Ould Mohamed Ahmed pr\u00e9c\u00e9demment Charg\u00e9 de mission au m\u00eame Minist\u00e8re<\/p>\n<p>Minist\u00e8re de la Sant\u00e9<\/p>\n<p>\u00c9tablissement Publics<\/p>\n<p>Centre Hospitalier de Nouakchott<\/p>\n<p>Directeur G\u00e9n\u00e9ral : Dr Abdellahi Ould Wedih.<\/p>\n<p>&nbsp;<\/p>\n<\/div>\n<\/div>\n<\/div>\n<\/article>\n<\/div>\n<\/div>\n<\/div>\n","protected":false},"excerpt":{"rendered":"<p>AMI &#8211; Le Conseil des Ministres s\u2019est r\u00e9uni, jeudi 14 septembre 2023 sous la Pr\u00e9sidence de Son Excellence Monsieur Mohamed Ould Cheikh El-Ghazouani, Pr\u00e9sident de la R\u00e9publique. Le Conseil a examin\u00e9 et adopt\u00e9 les projets de d\u00e9crets suivants : \u2010 Projet de d\u00e9cret portant concession provisoire d\u2019un terrain \u00e0 Inchiri au profit de la Soci\u00e9t\u00e9&#8230;..<\/p>\n","protected":false},"author":5,"featured_media":12037,"comment_status":"open","ping_status":"open","sticky":false,"template":"","format":"standard","meta":{"footnotes":""},"categories":[23,49],"tags":[],"class_list":["post-12036","post","type-post","status-publish","format-standard","has-post-thumbnail","hentry","category-actualite","category-economie"],"yoast_head":"<!-- This site is optimized with the Yoast SEO plugin v27.5 - https:\/\/yoast.com\/product\/yoast-seo-wordpress\/ -->\n<title>Communiqu\u00e9 du Conseil des Ministres du jeudi 14 septembre 2023 - Le Quotidien de Nouakchott<\/title>\n<meta name=\"robots\" content=\"index, follow, max-snippet:-1, max-image-preview:large, max-video-preview:-1\" \/>\n<link rel=\"canonical\" href=\"https:\/\/lequotidien.mr\/?p=12036&lang=fr\" \/>\n<meta property=\"og:locale\" content=\"ar_AR\" \/>\n<meta property=\"og:type\" content=\"article\" \/>\n<meta property=\"og:title\" content=\"Communiqu\u00e9 du Conseil des Ministres du jeudi 14 septembre 2023 - Le Quotidien de Nouakchott\" \/>\n<meta property=\"og:description\" content=\"AMI &#8211; Le Conseil des Ministres s\u2019est r\u00e9uni, jeudi 14 septembre 2023 sous la Pr\u00e9sidence de Son Excellence Monsieur Mohamed Ould Cheikh El-Ghazouani, Pr\u00e9sident de la R\u00e9publique. Le Conseil a examin\u00e9 et adopt\u00e9 les projets de d\u00e9crets suivants : \u2010 Projet de d\u00e9cret portant concession provisoire d\u2019un terrain \u00e0 Inchiri au profit de la Soci\u00e9t\u00e9.....\" \/>\n<meta property=\"og:url\" content=\"https:\/\/lequotidien.mr\/?p=12036&amp;lang=fr\" \/>\n<meta property=\"og:site_name\" content=\"Le Quotidien de Nouakchott\" \/>\n<meta property=\"article:publisher\" content=\"https:\/\/web.facebook.com\/lequotidienmr\" \/>\n<meta property=\"article:published_time\" content=\"2023-09-15T11:10:52+00:00\" \/>\n<meta property=\"og:image\" content=\"https:\/\/lequotidien.mr\/wp-content\/uploads\/2023\/09\/conseil_des_ministres_juillet_2023_pco_750x430.jpg\" \/>\n\t<meta property=\"og:image:width\" content=\"750\" \/>\n\t<meta property=\"og:image:height\" content=\"430\" \/>\n\t<meta property=\"og:image:type\" content=\"image\/jpeg\" \/>\n<meta name=\"author\" content=\"Gayi Diawara\" \/>\n<meta name=\"twitter:card\" content=\"summary_large_image\" \/>\n<meta name=\"twitter:creator\" content=\"@lequotidienmr\" \/>\n<meta name=\"twitter:site\" content=\"@lequotidienmr\" \/>\n<meta name=\"twitter:label1\" content=\"\u0643\u064f\u062a\u0628 \u0628\u0648\u0627\u0633\u0637\u0629\" \/>\n\t<meta name=\"twitter:data1\" content=\"Gayi Diawara\" \/>\n\t<meta name=\"twitter:label2\" content=\"\u0648\u0642\u062a \u0627\u0644\u0642\u0631\u0627\u0621\u0629 \u0627\u0644\u0645\u064f\u0642\u062f\u0651\u0631\" \/>\n\t<meta name=\"twitter:data2\" content=\"4 \u062f\u0642\u0627\u0626\u0642\" \/>\n<script type=\"application\/ld+json\" class=\"yoast-schema-graph\">{\"@context\":\"https:\\\/\\\/schema.org\",\"@graph\":[{\"@type\":\"Article\",\"@id\":\"https:\\\/\\\/lequotidien.mr\\\/?p=12036&lang=fr#article\",\"isPartOf\":{\"@id\":\"https:\\\/\\\/lequotidien.mr\\\/?p=12036&lang=fr\"},\"author\":{\"name\":\"Gayi Diawara\",\"@id\":\"https:\\\/\\\/lequotidien.mr\\\/#\\\/schema\\\/person\\\/1077c8abd5640a6514b909318d271dee\"},\"headline\":\"Communiqu\u00e9 du Conseil des Ministres du jeudi 14 septembre 2023\",\"datePublished\":\"2023-09-15T11:10:52+00:00\",\"mainEntityOfPage\":{\"@id\":\"https:\\\/\\\/lequotidien.mr\\\/?p=12036&lang=fr\"},\"wordCount\":863,\"commentCount\":0,\"publisher\":{\"@id\":\"https:\\\/\\\/lequotidien.mr\\\/#organization\"},\"image\":{\"@id\":\"https:\\\/\\\/lequotidien.mr\\\/?p=12036&lang=fr#primaryimage\"},\"thumbnailUrl\":\"https:\\\/\\\/lequotidien.mr\\\/wp-content\\\/uploads\\\/2023\\\/09\\\/conseil_des_ministres_juillet_2023_pco_750x430.jpg\",\"articleSection\":[\"ACTUALIT\u00c9\",\"Economie\"],\"inLanguage\":\"ar\",\"potentialAction\":[{\"@type\":\"CommentAction\",\"name\":\"Comment\",\"target\":[\"https:\\\/\\\/lequotidien.mr\\\/?p=12036&lang=fr#respond\"]}]},{\"@type\":\"WebPage\",\"@id\":\"https:\\\/\\\/lequotidien.mr\\\/?p=12036&lang=fr\",\"url\":\"https:\\\/\\\/lequotidien.mr\\\/?p=12036&lang=fr\",\"name\":\"Communiqu\u00e9 du Conseil des Ministres du jeudi 14 septembre 2023 - Le Quotidien de Nouakchott\",\"isPartOf\":{\"@id\":\"https:\\\/\\\/lequotidien.mr\\\/#website\"},\"primaryImageOfPage\":{\"@id\":\"https:\\\/\\\/lequotidien.mr\\\/?p=12036&lang=fr#primaryimage\"},\"image\":{\"@id\":\"https:\\\/\\\/lequotidien.mr\\\/?p=12036&lang=fr#primaryimage\"},\"thumbnailUrl\":\"https:\\\/\\\/lequotidien.mr\\\/wp-content\\\/uploads\\\/2023\\\/09\\\/conseil_des_ministres_juillet_2023_pco_750x430.jpg\",\"datePublished\":\"2023-09-15T11:10:52+00:00\",\"breadcrumb\":{\"@id\":\"https:\\\/\\\/lequotidien.mr\\\/?p=12036&lang=fr#breadcrumb\"},\"inLanguage\":\"ar\",\"potentialAction\":[{\"@type\":\"ReadAction\",\"target\":[\"https:\\\/\\\/lequotidien.mr\\\/?p=12036&lang=fr\"]}]},{\"@type\":\"ImageObject\",\"inLanguage\":\"ar\",\"@id\":\"https:\\\/\\\/lequotidien.mr\\\/?p=12036&lang=fr#primaryimage\",\"url\":\"https:\\\/\\\/lequotidien.mr\\\/wp-content\\\/uploads\\\/2023\\\/09\\\/conseil_des_ministres_juillet_2023_pco_750x430.jpg\",\"contentUrl\":\"https:\\\/\\\/lequotidien.mr\\\/wp-content\\\/uploads\\\/2023\\\/09\\\/conseil_des_ministres_juillet_2023_pco_750x430.jpg\",\"width\":750,\"height\":430},{\"@type\":\"BreadcrumbList\",\"@id\":\"https:\\\/\\\/lequotidien.mr\\\/?p=12036&lang=fr#breadcrumb\",\"itemListElement\":[{\"@type\":\"ListItem\",\"position\":1,\"name\":\"Home\",\"item\":\"https:\\\/\\\/lequotidien.mr\\\/\"},{\"@type\":\"ListItem\",\"position\":2,\"name\":\"Communiqu\u00e9 du Conseil des Ministres du jeudi 14 septembre 2023\"}]},{\"@type\":\"WebSite\",\"@id\":\"https:\\\/\\\/lequotidien.mr\\\/#website\",\"url\":\"https:\\\/\\\/lequotidien.mr\\\/\",\"name\":\"Le Quotidien de Nouakchott\",\"description\":\"\u0625\u062e\u0628\u0627\u0631\u064a\u0629 \u0645\u0633\u062a\u0642\u0644\u0629 \u0644\u0644\u0623\u0646\u0628\u0627\u0621 \u0627\u0644\u0639\u0627\u0645\u0629\",\"publisher\":{\"@id\":\"https:\\\/\\\/lequotidien.mr\\\/#organization\"},\"potentialAction\":[{\"@type\":\"SearchAction\",\"target\":{\"@type\":\"EntryPoint\",\"urlTemplate\":\"https:\\\/\\\/lequotidien.mr\\\/?s={search_term_string}\"},\"query-input\":{\"@type\":\"PropertyValueSpecification\",\"valueRequired\":true,\"valueName\":\"search_term_string\"}}],\"inLanguage\":\"ar\"},{\"@type\":\"Organization\",\"@id\":\"https:\\\/\\\/lequotidien.mr\\\/#organization\",\"name\":\"Le Quotidien de Nouakchott\",\"url\":\"https:\\\/\\\/lequotidien.mr\\\/\",\"logo\":{\"@type\":\"ImageObject\",\"inLanguage\":\"ar\",\"@id\":\"https:\\\/\\\/lequotidien.mr\\\/#\\\/schema\\\/logo\\\/image\\\/\",\"url\":\"https:\\\/\\\/lequotidien.mr\\\/wp-content\\\/uploads\\\/2022\\\/11\\\/logolequotidien.jpg\",\"contentUrl\":\"https:\\\/\\\/lequotidien.mr\\\/wp-content\\\/uploads\\\/2022\\\/11\\\/logolequotidien.jpg\",\"width\":290,\"height\":65,\"caption\":\"Le Quotidien de Nouakchott\"},\"image\":{\"@id\":\"https:\\\/\\\/lequotidien.mr\\\/#\\\/schema\\\/logo\\\/image\\\/\"},\"sameAs\":[\"https:\\\/\\\/web.facebook.com\\\/lequotidienmr\",\"https:\\\/\\\/x.com\\\/lequotidienmr\"]},{\"@type\":\"Person\",\"@id\":\"https:\\\/\\\/lequotidien.mr\\\/#\\\/schema\\\/person\\\/1077c8abd5640a6514b909318d271dee\",\"name\":\"Gayi Diawara\",\"image\":{\"@type\":\"ImageObject\",\"inLanguage\":\"ar\",\"@id\":\"https:\\\/\\\/secure.gravatar.com\\\/avatar\\\/63ea8db1e19a6d2d608b24c0f78b5f3a7d6e0bc11959fec273410af333e4d0ac?s=96&d=mm&r=g\",\"url\":\"https:\\\/\\\/secure.gravatar.com\\\/avatar\\\/63ea8db1e19a6d2d608b24c0f78b5f3a7d6e0bc11959fec273410af333e4d0ac?s=96&d=mm&r=g\",\"contentUrl\":\"https:\\\/\\\/secure.gravatar.com\\\/avatar\\\/63ea8db1e19a6d2d608b24c0f78b5f3a7d6e0bc11959fec273410af333e4d0ac?s=96&d=mm&r=g\",\"caption\":\"Gayi Diawara\"},\"sameAs\":[\"http:\\\/\\\/lequotidien.mr\"],\"url\":\"https:\\\/\\\/lequotidien.mr\\\/?author=5\"}]}<\/script>\n<!-- \/ Yoast SEO plugin. -->","yoast_head_json":{"title":"Communiqu\u00e9 du Conseil des Ministres du jeudi 14 septembre 2023 - Le Quotidien de Nouakchott","robots":{"index":"index","follow":"follow","max-snippet":"max-snippet:-1","max-image-preview":"max-image-preview:large","max-video-preview":"max-video-preview:-1"},"canonical":"https:\/\/lequotidien.mr\/?p=12036&lang=fr","og_locale":"ar_AR","og_type":"article","og_title":"Communiqu\u00e9 du Conseil des Ministres du jeudi 14 septembre 2023 - Le Quotidien de Nouakchott","og_description":"AMI &#8211; Le Conseil des Ministres s\u2019est r\u00e9uni, jeudi 14 septembre 2023 sous la Pr\u00e9sidence de Son Excellence Monsieur Mohamed Ould Cheikh El-Ghazouani, Pr\u00e9sident de la R\u00e9publique. Le Conseil a examin\u00e9 et adopt\u00e9 les projets de d\u00e9crets suivants : \u2010 Projet de d\u00e9cret portant concession provisoire d\u2019un terrain \u00e0 Inchiri au profit de la Soci\u00e9t\u00e9.....","og_url":"https:\/\/lequotidien.mr\/?p=12036&lang=fr","og_site_name":"Le Quotidien de Nouakchott","article_publisher":"https:\/\/web.facebook.com\/lequotidienmr","article_published_time":"2023-09-15T11:10:52+00:00","og_image":[{"width":750,"height":430,"url":"https:\/\/lequotidien.mr\/wp-content\/uploads\/2023\/09\/conseil_des_ministres_juillet_2023_pco_750x430.jpg","type":"image\/jpeg"}],"author":"Gayi Diawara","twitter_card":"summary_large_image","twitter_creator":"@lequotidienmr","twitter_site":"@lequotidienmr","twitter_misc":{"\u0643\u064f\u062a\u0628 \u0628\u0648\u0627\u0633\u0637\u0629":"Gayi Diawara","\u0648\u0642\u062a \u0627\u0644\u0642\u0631\u0627\u0621\u0629 \u0627\u0644\u0645\u064f\u0642\u062f\u0651\u0631":"4 \u062f\u0642\u0627\u0626\u0642"},"schema":{"@context":"https:\/\/schema.org","@graph":[{"@type":"Article","@id":"https:\/\/lequotidien.mr\/?p=12036&lang=fr#article","isPartOf":{"@id":"https:\/\/lequotidien.mr\/?p=12036&lang=fr"},"author":{"name":"Gayi Diawara","@id":"https:\/\/lequotidien.mr\/#\/schema\/person\/1077c8abd5640a6514b909318d271dee"},"headline":"Communiqu\u00e9 du Conseil des Ministres du jeudi 14 septembre 2023","datePublished":"2023-09-15T11:10:52+00:00","mainEntityOfPage":{"@id":"https:\/\/lequotidien.mr\/?p=12036&lang=fr"},"wordCount":863,"commentCount":0,"publisher":{"@id":"https:\/\/lequotidien.mr\/#organization"},"image":{"@id":"https:\/\/lequotidien.mr\/?p=12036&lang=fr#primaryimage"},"thumbnailUrl":"https:\/\/lequotidien.mr\/wp-content\/uploads\/2023\/09\/conseil_des_ministres_juillet_2023_pco_750x430.jpg","articleSection":["ACTUALIT\u00c9","Economie"],"inLanguage":"ar","potentialAction":[{"@type":"CommentAction","name":"Comment","target":["https:\/\/lequotidien.mr\/?p=12036&lang=fr#respond"]}]},{"@type":"WebPage","@id":"https:\/\/lequotidien.mr\/?p=12036&lang=fr","url":"https:\/\/lequotidien.mr\/?p=12036&lang=fr","name":"Communiqu\u00e9 du Conseil des Ministres du jeudi 14 septembre 2023 - Le Quotidien de Nouakchott","isPartOf":{"@id":"https:\/\/lequotidien.mr\/#website"},"primaryImageOfPage":{"@id":"https:\/\/lequotidien.mr\/?p=12036&lang=fr#primaryimage"},"image":{"@id":"https:\/\/lequotidien.mr\/?p=12036&lang=fr#primaryimage"},"thumbnailUrl":"https:\/\/lequotidien.mr\/wp-content\/uploads\/2023\/09\/conseil_des_ministres_juillet_2023_pco_750x430.jpg","datePublished":"2023-09-15T11:10:52+00:00","breadcrumb":{"@id":"https:\/\/lequotidien.mr\/?p=12036&lang=fr#breadcrumb"},"inLanguage":"ar","potentialAction":[{"@type":"ReadAction","target":["https:\/\/lequotidien.mr\/?p=12036&lang=fr"]}]},{"@type":"ImageObject","inLanguage":"ar","@id":"https:\/\/lequotidien.mr\/?p=12036&lang=fr#primaryimage","url":"https:\/\/lequotidien.mr\/wp-content\/uploads\/2023\/09\/conseil_des_ministres_juillet_2023_pco_750x430.jpg","contentUrl":"https:\/\/lequotidien.mr\/wp-content\/uploads\/2023\/09\/conseil_des_ministres_juillet_2023_pco_750x430.jpg","width":750,"height":430},{"@type":"BreadcrumbList","@id":"https:\/\/lequotidien.mr\/?p=12036&lang=fr#breadcrumb","itemListElement":[{"@type":"ListItem","position":1,"name":"Home","item":"https:\/\/lequotidien.mr\/"},{"@type":"ListItem","position":2,"name":"Communiqu\u00e9 du Conseil des Ministres du jeudi 14 septembre 2023"}]},{"@type":"WebSite","@id":"https:\/\/lequotidien.mr\/#website","url":"https:\/\/lequotidien.mr\/","name":"Le Quotidien de Nouakchott","description":"\u0625\u062e\u0628\u0627\u0631\u064a\u0629 \u0645\u0633\u062a\u0642\u0644\u0629 \u0644\u0644\u0623\u0646\u0628\u0627\u0621 \u0627\u0644\u0639\u0627\u0645\u0629","publisher":{"@id":"https:\/\/lequotidien.mr\/#organization"},"potentialAction":[{"@type":"SearchAction","target":{"@type":"EntryPoint","urlTemplate":"https:\/\/lequotidien.mr\/?s={search_term_string}"},"query-input":{"@type":"PropertyValueSpecification","valueRequired":true,"valueName":"search_term_string"}}],"inLanguage":"ar"},{"@type":"Organization","@id":"https:\/\/lequotidien.mr\/#organization","name":"Le Quotidien de Nouakchott","url":"https:\/\/lequotidien.mr\/","logo":{"@type":"ImageObject","inLanguage":"ar","@id":"https:\/\/lequotidien.mr\/#\/schema\/logo\/image\/","url":"https:\/\/lequotidien.mr\/wp-content\/uploads\/2022\/11\/logolequotidien.jpg","contentUrl":"https:\/\/lequotidien.mr\/wp-content\/uploads\/2022\/11\/logolequotidien.jpg","width":290,"height":65,"caption":"Le Quotidien de Nouakchott"},"image":{"@id":"https:\/\/lequotidien.mr\/#\/schema\/logo\/image\/"},"sameAs":["https:\/\/web.facebook.com\/lequotidienmr","https:\/\/x.com\/lequotidienmr"]},{"@type":"Person","@id":"https:\/\/lequotidien.mr\/#\/schema\/person\/1077c8abd5640a6514b909318d271dee","name":"Gayi Diawara","image":{"@type":"ImageObject","inLanguage":"ar","@id":"https:\/\/secure.gravatar.com\/avatar\/63ea8db1e19a6d2d608b24c0f78b5f3a7d6e0bc11959fec273410af333e4d0ac?s=96&d=mm&r=g","url":"https:\/\/secure.gravatar.com\/avatar\/63ea8db1e19a6d2d608b24c0f78b5f3a7d6e0bc11959fec273410af333e4d0ac?s=96&d=mm&r=g","contentUrl":"https:\/\/secure.gravatar.com\/avatar\/63ea8db1e19a6d2d608b24c0f78b5f3a7d6e0bc11959fec273410af333e4d0ac?s=96&d=mm&r=g","caption":"Gayi Diawara"},"sameAs":["http:\/\/lequotidien.mr"],"url":"https:\/\/lequotidien.mr\/?author=5"}]}},"_links":{"self":[{"href":"https:\/\/lequotidien.mr\/index.php?rest_route=\/wp\/v2\/posts\/12036","targetHints":{"allow":["GET"]}}],"collection":[{"href":"https:\/\/lequotidien.mr\/index.php?rest_route=\/wp\/v2\/posts"}],"about":[{"href":"https:\/\/lequotidien.mr\/index.php?rest_route=\/wp\/v2\/types\/post"}],"author":[{"embeddable":true,"href":"https:\/\/lequotidien.mr\/index.php?rest_route=\/wp\/v2\/users\/5"}],"replies":[{"embeddable":true,"href":"https:\/\/lequotidien.mr\/index.php?rest_route=%2Fwp%2Fv2%2Fcomments&post=12036"}],"version-history":[{"count":1,"href":"https:\/\/lequotidien.mr\/index.php?rest_route=\/wp\/v2\/posts\/12036\/revisions"}],"predecessor-version":[{"id":12038,"href":"https:\/\/lequotidien.mr\/index.php?rest_route=\/wp\/v2\/posts\/12036\/revisions\/12038"}],"wp:featuredmedia":[{"embeddable":true,"href":"https:\/\/lequotidien.mr\/index.php?rest_route=\/wp\/v2\/media\/12037"}],"wp:attachment":[{"href":"https:\/\/lequotidien.mr\/index.php?rest_route=%2Fwp%2Fv2%2Fmedia&parent=12036"}],"wp:term":[{"taxonomy":"category","embeddable":true,"href":"https:\/\/lequotidien.mr\/index.php?rest_route=%2Fwp%2Fv2%2Fcategories&post=12036"},{"taxonomy":"post_tag","embeddable":true,"href":"https:\/\/lequotidien.mr\/index.php?rest_route=%2Fwp%2Fv2%2Ftags&post=12036"}],"curies":[{"name":"wp","href":"https:\/\/api.w.org\/{rel}","templated":true}]}}