{"id":1194,"date":"2022-12-07T13:33:42","date_gmt":"2022-12-07T13:33:42","guid":{"rendered":"https:\/\/lequotidien.mr\/?p=1194"},"modified":"2022-12-07T13:33:42","modified_gmt":"2022-12-07T13:33:42","slug":"mauritanie-lancement-dune-ferme-laitiere-de-10-hectares-a-timbedra","status":"publish","type":"post","link":"https:\/\/lequotidien.mr\/?p=1194&lang=fr","title":{"rendered":"Mauritanie : lancement d\u2019une ferme laiti\u00e8re de 10 hectares \u00e0 Timbedra"},"content":{"rendered":"<p>Agence Ecofin &#8211; En Mauritanie, l\u2019\u00e9levage est le principal contributeur au PIB agricole. Dans le secteur o\u00f9 l\u2019industrie du lait est l\u2019un des segments les plus dynamiques, l\u2019offre locale de la denr\u00e9e et des produits d\u00e9riv\u00e9s reste encore insuffisante au regard de la demande.<\/p>\n<p>En Mauritanie, l\u2019ex\u00e9cutif a proc\u00e9d\u00e9 le 3 d\u00e9cembre dernier \u00e0 l\u2019inauguration d\u2019une ferme laiti\u00e8re sur un site bas\u00e9 \u00e0 Timbedra dans le sud-est du pays. S\u2019\u00e9tendant sur une superficie de 10 hectares, l\u2019infrastructure se compose d\u2019une \u00e9table pouvant accueillir 120 vaches avec une possibilit\u00e9 d\u2019extension.<\/p>\n<p>Elle abrite \u00e9galement un entrep\u00f4t pour le stockage du fourrage, dot\u00e9 d\u2019une capacit\u00e9 de 2\u2009500 tonnes.<\/p>\n<p>Selon Mohamed Ould Abdallahi Ould Ethmane, ministre de l\u2019Elevage, la construction de la ferme est financ\u00e9e par une enveloppe de 4 milliards d\u2019ouguiyas (10,5 millions\u00a0$) allou\u00e9e \u00e0 la mise en \u0153uvre de deux principales composantes du \u00ab\u2009Programme prioritaire \u00e9largi du pr\u00e9sident\u2009\u00bb lanc\u00e9 en 2020.<\/p>\n<p>\u00ab\u2009Ces deux composantes visent \u00e0 d\u00e9velopper les cha\u00eenes de production des diff\u00e9rents maillons de la fili\u00e8re lait en intensifiant et en augmentant la production et en d\u00e9veloppant les moyens de transport, de stockage et les industries de transformation\u2009\u00bb, explique le responsable.<\/p>\n<p>La Mauritanie a import\u00e9 environ 40\u00a0% de ses besoins de consommation en produits laitiers estim\u00e9s \u00e0 pr\u00e8s de 1 milliard de litres d\u2019\u00e9quivalents lait par an, selon les donn\u00e9es du Cirad datant de 2018.<\/p>\n<p>St\u00e9phanas Assocle (Stagiaire)<\/p>\n","protected":false},"excerpt":{"rendered":"<p>Agence Ecofin &#8211; En Mauritanie, l\u2019\u00e9levage est le principal contributeur au PIB agricole. Dans le secteur o\u00f9 l\u2019industrie du lait est l\u2019un des segments les plus dynamiques, l\u2019offre locale de la denr\u00e9e et des produits d\u00e9riv\u00e9s reste encore insuffisante au regard de la demande. En Mauritanie, l\u2019ex\u00e9cutif a proc\u00e9d\u00e9 le 3 d\u00e9cembre dernier \u00e0 l\u2019inauguration&#8230;..<\/p>\n","protected":false},"author":5,"featured_media":1195,"comment_status":"open","ping_status":"open","sticky":false,"template":"","format":"standard","meta":{"footnotes":""},"categories":[23,49],"tags":[],"class_list":["post-1194","post","type-post","status-publish","format-standard","has-post-thumbnail","hentry","category-actualite","category-economie"],"yoast_head":"<!-- This site is optimized with the Yoast SEO plugin v27.5 - https:\/\/yoast.com\/product\/yoast-seo-wordpress\/ -->\n<title>Mauritanie : lancement d\u2019une ferme laiti\u00e8re de 10 hectares \u00e0 Timbedra - Le Quotidien de Nouakchott<\/title>\n<meta name=\"robots\" content=\"index, follow, max-snippet:-1, max-image-preview:large, max-video-preview:-1\" \/>\n<link rel=\"canonical\" href=\"https:\/\/lequotidien.mr\/?p=1194&lang=fr\" \/>\n<meta property=\"og:locale\" content=\"ar_AR\" \/>\n<meta property=\"og:type\" content=\"article\" \/>\n<meta property=\"og:title\" content=\"Mauritanie : lancement d\u2019une ferme laiti\u00e8re de 10 hectares \u00e0 Timbedra - Le Quotidien de Nouakchott\" \/>\n<meta property=\"og:description\" content=\"Agence Ecofin &#8211; En Mauritanie, l\u2019\u00e9levage est le principal contributeur au PIB agricole. Dans le secteur o\u00f9 l\u2019industrie du lait est l\u2019un des segments les plus dynamiques, l\u2019offre locale de la denr\u00e9e et des produits d\u00e9riv\u00e9s reste encore insuffisante au regard de la demande. En Mauritanie, l\u2019ex\u00e9cutif a proc\u00e9d\u00e9 le 3 d\u00e9cembre dernier \u00e0 l\u2019inauguration.....\" \/>\n<meta property=\"og:url\" content=\"https:\/\/lequotidien.mr\/?p=1194&amp;lang=fr\" \/>\n<meta property=\"og:site_name\" content=\"Le Quotidien de Nouakchott\" \/>\n<meta property=\"article:publisher\" content=\"https:\/\/web.facebook.com\/lequotidienmr\" \/>\n<meta property=\"article:published_time\" content=\"2022-12-07T13:33:42+00:00\" \/>\n<meta property=\"og:image\" content=\"https:\/\/lequotidien.mr\/wp-content\/uploads\/2022\/12\/ferme_miistre_750x430.jpg\" \/>\n\t<meta property=\"og:image:width\" content=\"750\" \/>\n\t<meta property=\"og:image:height\" content=\"430\" \/>\n\t<meta property=\"og:image:type\" content=\"image\/jpeg\" \/>\n<meta name=\"author\" content=\"Gayi Diawara\" \/>\n<meta name=\"twitter:card\" content=\"summary_large_image\" \/>\n<meta name=\"twitter:creator\" content=\"@lequotidienmr\" \/>\n<meta name=\"twitter:site\" content=\"@lequotidienmr\" \/>\n<meta name=\"twitter:label1\" content=\"\u0643\u064f\u062a\u0628 \u0628\u0648\u0627\u0633\u0637\u0629\" \/>\n\t<meta name=\"twitter:data1\" content=\"Gayi Diawara\" \/>\n\t<meta name=\"twitter:label2\" content=\"\u0648\u0642\u062a \u0627\u0644\u0642\u0631\u0627\u0621\u0629 \u0627\u0644\u0645\u064f\u0642\u062f\u0651\u0631\" \/>\n\t<meta name=\"twitter:data2\" content=\"\u062f\u0642\u064a\u0642\u062a\u0627\u0646\" \/>\n<script type=\"application\/ld+json\" class=\"yoast-schema-graph\">{\"@context\":\"https:\\\/\\\/schema.org\",\"@graph\":[{\"@type\":\"Article\",\"@id\":\"https:\\\/\\\/lequotidien.mr\\\/?p=1194&lang=fr#article\",\"isPartOf\":{\"@id\":\"https:\\\/\\\/lequotidien.mr\\\/?p=1194&lang=fr\"},\"author\":{\"name\":\"Gayi Diawara\",\"@id\":\"https:\\\/\\\/lequotidien.mr\\\/#\\\/schema\\\/person\\\/1077c8abd5640a6514b909318d271dee\"},\"headline\":\"Mauritanie : lancement d\u2019une ferme laiti\u00e8re de 10 hectares \u00e0 Timbedra\",\"datePublished\":\"2022-12-07T13:33:42+00:00\",\"mainEntityOfPage\":{\"@id\":\"https:\\\/\\\/lequotidien.mr\\\/?p=1194&lang=fr\"},\"wordCount\":257,\"commentCount\":0,\"publisher\":{\"@id\":\"https:\\\/\\\/lequotidien.mr\\\/#organization\"},\"image\":{\"@id\":\"https:\\\/\\\/lequotidien.mr\\\/?p=1194&lang=fr#primaryimage\"},\"thumbnailUrl\":\"https:\\\/\\\/lequotidien.mr\\\/wp-content\\\/uploads\\\/2022\\\/12\\\/ferme_miistre_750x430.jpg\",\"articleSection\":[\"ACTUALIT\u00c9\",\"Economie\"],\"inLanguage\":\"ar\",\"potentialAction\":[{\"@type\":\"CommentAction\",\"name\":\"Comment\",\"target\":[\"https:\\\/\\\/lequotidien.mr\\\/?p=1194&lang=fr#respond\"]}]},{\"@type\":\"WebPage\",\"@id\":\"https:\\\/\\\/lequotidien.mr\\\/?p=1194&lang=fr\",\"url\":\"https:\\\/\\\/lequotidien.mr\\\/?p=1194&lang=fr\",\"name\":\"Mauritanie : lancement d\u2019une ferme laiti\u00e8re de 10 hectares \u00e0 Timbedra - Le Quotidien de Nouakchott\",\"isPartOf\":{\"@id\":\"https:\\\/\\\/lequotidien.mr\\\/#website\"},\"primaryImageOfPage\":{\"@id\":\"https:\\\/\\\/lequotidien.mr\\\/?p=1194&lang=fr#primaryimage\"},\"image\":{\"@id\":\"https:\\\/\\\/lequotidien.mr\\\/?p=1194&lang=fr#primaryimage\"},\"thumbnailUrl\":\"https:\\\/\\\/lequotidien.mr\\\/wp-content\\\/uploads\\\/2022\\\/12\\\/ferme_miistre_750x430.jpg\",\"datePublished\":\"2022-12-07T13:33:42+00:00\",\"breadcrumb\":{\"@id\":\"https:\\\/\\\/lequotidien.mr\\\/?p=1194&lang=fr#breadcrumb\"},\"inLanguage\":\"ar\",\"potentialAction\":[{\"@type\":\"ReadAction\",\"target\":[\"https:\\\/\\\/lequotidien.mr\\\/?p=1194&lang=fr\"]}]},{\"@type\":\"ImageObject\",\"inLanguage\":\"ar\",\"@id\":\"https:\\\/\\\/lequotidien.mr\\\/?p=1194&lang=fr#primaryimage\",\"url\":\"https:\\\/\\\/lequotidien.mr\\\/wp-content\\\/uploads\\\/2022\\\/12\\\/ferme_miistre_750x430.jpg\",\"contentUrl\":\"https:\\\/\\\/lequotidien.mr\\\/wp-content\\\/uploads\\\/2022\\\/12\\\/ferme_miistre_750x430.jpg\",\"width\":750,\"height\":430},{\"@type\":\"BreadcrumbList\",\"@id\":\"https:\\\/\\\/lequotidien.mr\\\/?p=1194&lang=fr#breadcrumb\",\"itemListElement\":[{\"@type\":\"ListItem\",\"position\":1,\"name\":\"Home\",\"item\":\"https:\\\/\\\/lequotidien.mr\\\/\"},{\"@type\":\"ListItem\",\"position\":2,\"name\":\"Mauritanie : lancement d\u2019une ferme laiti\u00e8re de 10 hectares \u00e0 Timbedra\"}]},{\"@type\":\"WebSite\",\"@id\":\"https:\\\/\\\/lequotidien.mr\\\/#website\",\"url\":\"https:\\\/\\\/lequotidien.mr\\\/\",\"name\":\"Le Quotidien de Nouakchott\",\"description\":\"\u0625\u062e\u0628\u0627\u0631\u064a\u0629 \u0645\u0633\u062a\u0642\u0644\u0629 \u0644\u0644\u0623\u0646\u0628\u0627\u0621 \u0627\u0644\u0639\u0627\u0645\u0629\",\"publisher\":{\"@id\":\"https:\\\/\\\/lequotidien.mr\\\/#organization\"},\"potentialAction\":[{\"@type\":\"SearchAction\",\"target\":{\"@type\":\"EntryPoint\",\"urlTemplate\":\"https:\\\/\\\/lequotidien.mr\\\/?s={search_term_string}\"},\"query-input\":{\"@type\":\"PropertyValueSpecification\",\"valueRequired\":true,\"valueName\":\"search_term_string\"}}],\"inLanguage\":\"ar\"},{\"@type\":\"Organization\",\"@id\":\"https:\\\/\\\/lequotidien.mr\\\/#organization\",\"name\":\"Le Quotidien de Nouakchott\",\"url\":\"https:\\\/\\\/lequotidien.mr\\\/\",\"logo\":{\"@type\":\"ImageObject\",\"inLanguage\":\"ar\",\"@id\":\"https:\\\/\\\/lequotidien.mr\\\/#\\\/schema\\\/logo\\\/image\\\/\",\"url\":\"https:\\\/\\\/lequotidien.mr\\\/wp-content\\\/uploads\\\/2022\\\/11\\\/logolequotidien.jpg\",\"contentUrl\":\"https:\\\/\\\/lequotidien.mr\\\/wp-content\\\/uploads\\\/2022\\\/11\\\/logolequotidien.jpg\",\"width\":290,\"height\":65,\"caption\":\"Le Quotidien de Nouakchott\"},\"image\":{\"@id\":\"https:\\\/\\\/lequotidien.mr\\\/#\\\/schema\\\/logo\\\/image\\\/\"},\"sameAs\":[\"https:\\\/\\\/web.facebook.com\\\/lequotidienmr\",\"https:\\\/\\\/x.com\\\/lequotidienmr\"]},{\"@type\":\"Person\",\"@id\":\"https:\\\/\\\/lequotidien.mr\\\/#\\\/schema\\\/person\\\/1077c8abd5640a6514b909318d271dee\",\"name\":\"Gayi Diawara\",\"image\":{\"@type\":\"ImageObject\",\"inLanguage\":\"ar\",\"@id\":\"https:\\\/\\\/secure.gravatar.com\\\/avatar\\\/63ea8db1e19a6d2d608b24c0f78b5f3a7d6e0bc11959fec273410af333e4d0ac?s=96&d=mm&r=g\",\"url\":\"https:\\\/\\\/secure.gravatar.com\\\/avatar\\\/63ea8db1e19a6d2d608b24c0f78b5f3a7d6e0bc11959fec273410af333e4d0ac?s=96&d=mm&r=g\",\"contentUrl\":\"https:\\\/\\\/secure.gravatar.com\\\/avatar\\\/63ea8db1e19a6d2d608b24c0f78b5f3a7d6e0bc11959fec273410af333e4d0ac?s=96&d=mm&r=g\",\"caption\":\"Gayi Diawara\"},\"sameAs\":[\"http:\\\/\\\/lequotidien.mr\"],\"url\":\"https:\\\/\\\/lequotidien.mr\\\/?author=5\"}]}<\/script>\n<!-- \/ Yoast SEO plugin. -->","yoast_head_json":{"title":"Mauritanie : lancement d\u2019une ferme laiti\u00e8re de 10 hectares \u00e0 Timbedra - Le Quotidien de Nouakchott","robots":{"index":"index","follow":"follow","max-snippet":"max-snippet:-1","max-image-preview":"max-image-preview:large","max-video-preview":"max-video-preview:-1"},"canonical":"https:\/\/lequotidien.mr\/?p=1194&lang=fr","og_locale":"ar_AR","og_type":"article","og_title":"Mauritanie : lancement d\u2019une ferme laiti\u00e8re de 10 hectares \u00e0 Timbedra - Le Quotidien de Nouakchott","og_description":"Agence Ecofin &#8211; En Mauritanie, l\u2019\u00e9levage est le principal contributeur au PIB agricole. Dans le secteur o\u00f9 l\u2019industrie du lait est l\u2019un des segments les plus dynamiques, l\u2019offre locale de la denr\u00e9e et des produits d\u00e9riv\u00e9s reste encore insuffisante au regard de la demande. En Mauritanie, l\u2019ex\u00e9cutif a proc\u00e9d\u00e9 le 3 d\u00e9cembre dernier \u00e0 l\u2019inauguration.....","og_url":"https:\/\/lequotidien.mr\/?p=1194&lang=fr","og_site_name":"Le Quotidien de Nouakchott","article_publisher":"https:\/\/web.facebook.com\/lequotidienmr","article_published_time":"2022-12-07T13:33:42+00:00","og_image":[{"width":750,"height":430,"url":"https:\/\/lequotidien.mr\/wp-content\/uploads\/2022\/12\/ferme_miistre_750x430.jpg","type":"image\/jpeg"}],"author":"Gayi Diawara","twitter_card":"summary_large_image","twitter_creator":"@lequotidienmr","twitter_site":"@lequotidienmr","twitter_misc":{"\u0643\u064f\u062a\u0628 \u0628\u0648\u0627\u0633\u0637\u0629":"Gayi Diawara","\u0648\u0642\u062a \u0627\u0644\u0642\u0631\u0627\u0621\u0629 \u0627\u0644\u0645\u064f\u0642\u062f\u0651\u0631":"\u062f\u0642\u064a\u0642\u062a\u0627\u0646"},"schema":{"@context":"https:\/\/schema.org","@graph":[{"@type":"Article","@id":"https:\/\/lequotidien.mr\/?p=1194&lang=fr#article","isPartOf":{"@id":"https:\/\/lequotidien.mr\/?p=1194&lang=fr"},"author":{"name":"Gayi Diawara","@id":"https:\/\/lequotidien.mr\/#\/schema\/person\/1077c8abd5640a6514b909318d271dee"},"headline":"Mauritanie : lancement d\u2019une ferme laiti\u00e8re de 10 hectares \u00e0 Timbedra","datePublished":"2022-12-07T13:33:42+00:00","mainEntityOfPage":{"@id":"https:\/\/lequotidien.mr\/?p=1194&lang=fr"},"wordCount":257,"commentCount":0,"publisher":{"@id":"https:\/\/lequotidien.mr\/#organization"},"image":{"@id":"https:\/\/lequotidien.mr\/?p=1194&lang=fr#primaryimage"},"thumbnailUrl":"https:\/\/lequotidien.mr\/wp-content\/uploads\/2022\/12\/ferme_miistre_750x430.jpg","articleSection":["ACTUALIT\u00c9","Economie"],"inLanguage":"ar","potentialAction":[{"@type":"CommentAction","name":"Comment","target":["https:\/\/lequotidien.mr\/?p=1194&lang=fr#respond"]}]},{"@type":"WebPage","@id":"https:\/\/lequotidien.mr\/?p=1194&lang=fr","url":"https:\/\/lequotidien.mr\/?p=1194&lang=fr","name":"Mauritanie : lancement d\u2019une ferme laiti\u00e8re de 10 hectares \u00e0 Timbedra - Le Quotidien de Nouakchott","isPartOf":{"@id":"https:\/\/lequotidien.mr\/#website"},"primaryImageOfPage":{"@id":"https:\/\/lequotidien.mr\/?p=1194&lang=fr#primaryimage"},"image":{"@id":"https:\/\/lequotidien.mr\/?p=1194&lang=fr#primaryimage"},"thumbnailUrl":"https:\/\/lequotidien.mr\/wp-content\/uploads\/2022\/12\/ferme_miistre_750x430.jpg","datePublished":"2022-12-07T13:33:42+00:00","breadcrumb":{"@id":"https:\/\/lequotidien.mr\/?p=1194&lang=fr#breadcrumb"},"inLanguage":"ar","potentialAction":[{"@type":"ReadAction","target":["https:\/\/lequotidien.mr\/?p=1194&lang=fr"]}]},{"@type":"ImageObject","inLanguage":"ar","@id":"https:\/\/lequotidien.mr\/?p=1194&lang=fr#primaryimage","url":"https:\/\/lequotidien.mr\/wp-content\/uploads\/2022\/12\/ferme_miistre_750x430.jpg","contentUrl":"https:\/\/lequotidien.mr\/wp-content\/uploads\/2022\/12\/ferme_miistre_750x430.jpg","width":750,"height":430},{"@type":"BreadcrumbList","@id":"https:\/\/lequotidien.mr\/?p=1194&lang=fr#breadcrumb","itemListElement":[{"@type":"ListItem","position":1,"name":"Home","item":"https:\/\/lequotidien.mr\/"},{"@type":"ListItem","position":2,"name":"Mauritanie : lancement d\u2019une ferme laiti\u00e8re de 10 hectares \u00e0 Timbedra"}]},{"@type":"WebSite","@id":"https:\/\/lequotidien.mr\/#website","url":"https:\/\/lequotidien.mr\/","name":"Le Quotidien de Nouakchott","description":"\u0625\u062e\u0628\u0627\u0631\u064a\u0629 \u0645\u0633\u062a\u0642\u0644\u0629 \u0644\u0644\u0623\u0646\u0628\u0627\u0621 \u0627\u0644\u0639\u0627\u0645\u0629","publisher":{"@id":"https:\/\/lequotidien.mr\/#organization"},"potentialAction":[{"@type":"SearchAction","target":{"@type":"EntryPoint","urlTemplate":"https:\/\/lequotidien.mr\/?s={search_term_string}"},"query-input":{"@type":"PropertyValueSpecification","valueRequired":true,"valueName":"search_term_string"}}],"inLanguage":"ar"},{"@type":"Organization","@id":"https:\/\/lequotidien.mr\/#organization","name":"Le Quotidien de Nouakchott","url":"https:\/\/lequotidien.mr\/","logo":{"@type":"ImageObject","inLanguage":"ar","@id":"https:\/\/lequotidien.mr\/#\/schema\/logo\/image\/","url":"https:\/\/lequotidien.mr\/wp-content\/uploads\/2022\/11\/logolequotidien.jpg","contentUrl":"https:\/\/lequotidien.mr\/wp-content\/uploads\/2022\/11\/logolequotidien.jpg","width":290,"height":65,"caption":"Le Quotidien de Nouakchott"},"image":{"@id":"https:\/\/lequotidien.mr\/#\/schema\/logo\/image\/"},"sameAs":["https:\/\/web.facebook.com\/lequotidienmr","https:\/\/x.com\/lequotidienmr"]},{"@type":"Person","@id":"https:\/\/lequotidien.mr\/#\/schema\/person\/1077c8abd5640a6514b909318d271dee","name":"Gayi Diawara","image":{"@type":"ImageObject","inLanguage":"ar","@id":"https:\/\/secure.gravatar.com\/avatar\/63ea8db1e19a6d2d608b24c0f78b5f3a7d6e0bc11959fec273410af333e4d0ac?s=96&d=mm&r=g","url":"https:\/\/secure.gravatar.com\/avatar\/63ea8db1e19a6d2d608b24c0f78b5f3a7d6e0bc11959fec273410af333e4d0ac?s=96&d=mm&r=g","contentUrl":"https:\/\/secure.gravatar.com\/avatar\/63ea8db1e19a6d2d608b24c0f78b5f3a7d6e0bc11959fec273410af333e4d0ac?s=96&d=mm&r=g","caption":"Gayi Diawara"},"sameAs":["http:\/\/lequotidien.mr"],"url":"https:\/\/lequotidien.mr\/?author=5"}]}},"_links":{"self":[{"href":"https:\/\/lequotidien.mr\/index.php?rest_route=\/wp\/v2\/posts\/1194","targetHints":{"allow":["GET"]}}],"collection":[{"href":"https:\/\/lequotidien.mr\/index.php?rest_route=\/wp\/v2\/posts"}],"about":[{"href":"https:\/\/lequotidien.mr\/index.php?rest_route=\/wp\/v2\/types\/post"}],"author":[{"embeddable":true,"href":"https:\/\/lequotidien.mr\/index.php?rest_route=\/wp\/v2\/users\/5"}],"replies":[{"embeddable":true,"href":"https:\/\/lequotidien.mr\/index.php?rest_route=%2Fwp%2Fv2%2Fcomments&post=1194"}],"version-history":[{"count":1,"href":"https:\/\/lequotidien.mr\/index.php?rest_route=\/wp\/v2\/posts\/1194\/revisions"}],"predecessor-version":[{"id":1196,"href":"https:\/\/lequotidien.mr\/index.php?rest_route=\/wp\/v2\/posts\/1194\/revisions\/1196"}],"wp:featuredmedia":[{"embeddable":true,"href":"https:\/\/lequotidien.mr\/index.php?rest_route=\/wp\/v2\/media\/1195"}],"wp:attachment":[{"href":"https:\/\/lequotidien.mr\/index.php?rest_route=%2Fwp%2Fv2%2Fmedia&parent=1194"}],"wp:term":[{"taxonomy":"category","embeddable":true,"href":"https:\/\/lequotidien.mr\/index.php?rest_route=%2Fwp%2Fv2%2Fcategories&post=1194"},{"taxonomy":"post_tag","embeddable":true,"href":"https:\/\/lequotidien.mr\/index.php?rest_route=%2Fwp%2Fv2%2Ftags&post=1194"}],"curies":[{"name":"wp","href":"https:\/\/api.w.org\/{rel}","templated":true}]}}