{"id":1191,"date":"2022-12-07T13:31:40","date_gmt":"2022-12-07T13:31:40","guid":{"rendered":"https:\/\/lequotidien.mr\/?p=1191"},"modified":"2022-12-07T13:31:40","modified_gmt":"2022-12-07T13:31:40","slug":"les-ministres-de-lequipement-des-finances-et-et-de-la-fonction-publique-face-a-la-presse","status":"publish","type":"post","link":"https:\/\/lequotidien.mr\/?p=1191&lang=fr","title":{"rendered":"Les ministres de l\u2019\u00c9quipement, des Finances et et de la Fonction publique face \u00e0 la presse"},"content":{"rendered":"<p>AMI &#8211; Les ministres de l\u2019\u00c9quipement et des Transports, porte-parole du gouvernement, M. Nany Ould Chrougha, des Finances, M. Isselmou Ould Mohamed Mbady, et de la Fonction publique et du Travail, Mme Zeinebou Mint Hmednah, ont comment\u00e9, mardi apr\u00e8s-midi, les r\u00e9sultats de la r\u00e9union du conseil des ministres.<\/p>\n<p>Le porte-parole du gouvernement a affirm\u00e9 que les incidents survenus r\u00e9cemment aux fronti\u00e8res nord du pays ont eu lieu hors de notre territoire national, exprimant ses regrets pour les pertes enregistr\u00e9es, appelant les citoyens \u00e0 respecter les consignes de s\u00e9curit\u00e9 \u00e9mises \u00e0 cet \u00e9gard.<\/p>\n<p>Dans sa r\u00e9ponse \u00e0 une question \u00e0 ce sujet, il a pr\u00e9cis\u00e9 que tout citoyen exer\u00e7ant ses activit\u00e9s \u00e0 l\u2019int\u00e9rieur du territoire national ne peut \u00eatre inqui\u00e9t\u00e9 par qui que ce soit.<\/p>\n<p>En r\u00e9ponse \u00e0 une question sur les plaintes de certains \u00e9tudiants de ne pas avoir obtenu leur droit \u00e0 la bourse, le ministre a d\u00e9clar\u00e9 que les bourses sont soumises \u00e0 un r\u00e9gime technique strict qui s\u2019applique de mani\u00e8re automatique, et que personne ne peut y interf\u00e9rer, et toute personne qui r\u00e9pond aux crit\u00e8res requis b\u00e9n\u00e9ficiera d\u2019une bourse.<\/p>\n<p>A son tour, le ministre des Finances a indiqu\u00e9 que le projet, qui comprend la cr\u00e9ation d\u2019un compte sp\u00e9cial pour la construction et l\u2019\u00e9quipement des \u00e9coles publiques, vient accompagner le programme de r\u00e9forme du syst\u00e8me \u00e9ducatif et la concr\u00e9tisation du programme scolaire r\u00e9publicain bas\u00e9 sur le gradualisme, ce qui n\u00e9cessite le d\u00e9veloppement d\u2019infrastructures pour que ces \u00e9tablissements soient en mesure d\u2019accueillir des \u00e9tudiants.<\/p>\n<p>Dans sa r\u00e9ponse \u00e0 une question sur la r\u00e9cente augmentation des salaires, le ministre a confirm\u00e9 qu\u2019il s\u2019agit d\u2019une augmentation significative et sans pr\u00e9c\u00e9dent dans l\u2019histoire du pays pour am\u00e9liorer les conditions des travailleurs, malgr\u00e9 la conjoncture internationale complexe, citant des exemples de ces augmentations au cours des trois derni\u00e8res ann\u00e9es, o\u00f9 l\u2019instituteur a b\u00e9n\u00e9fici\u00e9 d\u2019une augmentation de 72 500 MRO, soit 50 %, comme c\u2019est le cas du professeur.<\/p>\n<p>Quant au m\u00e9decin, il a b\u00e9n\u00e9fici\u00e9 d\u2019une augmentation de 156 000 MRO, son salaire \u00e9tant maintenant 333 000 MRO au lieu de 177 000. Pour ce qui est des infirmiers d\u2019\u00c9tat, ils sont maintenant pay\u00e9s 232 000 MRO au lieu de 122 000 MRO.<\/p>\n<p>Pour sa part, la ministre de la Fonction Publique et du Travail a indiqu\u00e9 que le projet de d\u00e9cret relatif \u00e0 l\u2019augmentation du salaire minimum annonc\u00e9 par Son Excellence le Pr\u00e9sident de la R\u00e9publique a atteint 50% pour la premi\u00e8re fois dans l\u2019histoire du pays, indiquant, chiffres \u00e0 l\u2019appui, qu\u2019il existe de grandes diff\u00e9rences entre les augmentations pr\u00e9c\u00e9dentes et celles qui viennent d\u2019\u00eatre d\u00e9cid\u00e9es.<\/p>\n<p>En ce qui concerne le deuxi\u00e8me projet de d\u00e9cret qui fixe le taux des allocations familiales, la ministre a indiqu\u00e9 que ce d\u00e9cret r\u00e9soudra le probl\u00e8me de l\u2019in\u00e9galit\u00e9 entre les enfants dans le syst\u00e8me de s\u00e9curit\u00e9 sociale, en faisant passer de 300 \u00e0 500 anciennes ouguiyas, ces allocations, ce qui de nature \u00e0 contribuer \u00e0 all\u00e9ger le co\u00fbt de la vie de leur famille.<\/p>\n<p>Dans sa r\u00e9ponse \u00e0 une question sur l\u2019augmentation des salaires, elle a soulign\u00e9 que le pays a connu de grandes r\u00e9alisations depuis l\u2019arriv\u00e9e au pouvoir de Son Excellence le Pr\u00e9sident de la R\u00e9publique, alors qu\u2019environ 100 000 citoyens, entre militaires et civils, de toutes les franges d\u2019employ\u00e9s ont b\u00e9n\u00e9fici\u00e9 de la r\u00e9cente augmentation.<\/p>\n<p>Celle- ci, n\u2019\u00e9tait pas d\u2019ailleurs li\u00e9e \u00e0 la fonction comme c\u2019\u00e9tait le cas lors des augmentations pr\u00e9c\u00e9dentes, mais plut\u00f4t elle a englob\u00e9 tous les travailleurs des secteurs public et priv\u00e9, c\u2019est pourquoi elle a \u00e9t\u00e9 bien accueillie par tous.<\/p>\n<p>La ministre a soulign\u00e9 que parmi les r\u00e9formes que le d\u00e9partement a connues figurent une augmentation de l\u2019\u00e2ge de la retraite et la r\u00e9vision de la l\u00e9gislation du travail relative au droit de la veuve \u00e0 une pension, C\u2019est ainsi que celle- ci a commenc\u00e9 \u00e0 en b\u00e9n\u00e9ficier directement apr\u00e8s le d\u00e9c\u00e8s de son mari au lieu d\u2019attendre qu\u2019il atteigne l\u2019\u00e2ge de 50 ans.<\/p>\n<p>A ce jour, 428 femmes ont b\u00e9n\u00e9fici\u00e9 de cette r\u00e9vision, et ont \u00e9galement profit\u00e9 de celle du Code du travail \u00e0 la naissance en obtenant leur droit tout au long des mois d\u2019accouchement.<\/p>\n<p>De m\u00eame, le statut des dockers du Port de Nouakchott a \u00e9t\u00e9 r\u00e9gl\u00e9 avec l\u2019assurance de 2364 d\u2019entre eux.<\/p>\n<p>Elle a soulign\u00e9 que les agents de sant\u00e9 verront une augmentation de leurs salaires au cours de l\u2019ann\u00e9e prochaine de 100%, et les enseignants du sup\u00e9rieur de la premi\u00e8re tranche de fortes augmentations qui atteindront 200 000 anciennes ouguiyas en 2024, selon leurs grades. Par ailleurs, les journalistes travaillant dans les institutions publiques ont b\u00e9n\u00e9fici\u00e9 d\u2019une augmentation de 100% et d\u2019une diminution de la taxe.<\/p>\n<p>Elle a ajout\u00e9 que le secteur de l\u2019\u00e9ducation a connu, ces derni\u00e8res ann\u00e9es, l\u2019int\u00e9gration de nombreux prestataires de services \u00e9ducatifs dans l\u2019emploi, et beaucoup d\u2019entre eux seront recrut\u00e9s dans la p\u00e9riode \u00e0 venir, en plus de r\u00e9soudre le probl\u00e8me des conseillers p\u00e9dagogiques en leur donnant une allocation sp\u00e9ciale, qui a \u00e9t\u00e9 une demande urgente pour eux.<\/p>\n","protected":false},"excerpt":{"rendered":"<p>AMI &#8211; Les ministres de l\u2019\u00c9quipement et des Transports, porte-parole du gouvernement, M. Nany Ould Chrougha, des Finances, M. Isselmou Ould Mohamed Mbady, et de la Fonction publique et du Travail, Mme Zeinebou Mint Hmednah, ont comment\u00e9, mardi apr\u00e8s-midi, les r\u00e9sultats de la r\u00e9union du conseil des ministres. Le porte-parole du gouvernement a affirm\u00e9 que&#8230;..<\/p>\n","protected":false},"author":5,"featured_media":1192,"comment_status":"open","ping_status":"open","sticky":false,"template":"","format":"standard","meta":{"footnotes":""},"categories":[23,49],"tags":[],"class_list":["post-1191","post","type-post","status-publish","format-standard","has-post-thumbnail","hentry","category-actualite","category-economie"],"yoast_head":"<!-- This site is optimized with the Yoast SEO plugin v27.5 - https:\/\/yoast.com\/product\/yoast-seo-wordpress\/ -->\n<title>Les ministres de l\u2019\u00c9quipement, des Finances et et de la Fonction publique face \u00e0 la presse - Le Quotidien de Nouakchott<\/title>\n<meta name=\"robots\" content=\"index, follow, max-snippet:-1, max-image-preview:large, max-video-preview:-1\" \/>\n<link rel=\"canonical\" href=\"https:\/\/lequotidien.mr\/?p=1191&lang=fr\" \/>\n<meta property=\"og:locale\" content=\"ar_AR\" \/>\n<meta property=\"og:type\" content=\"article\" \/>\n<meta property=\"og:title\" content=\"Les ministres de l\u2019\u00c9quipement, des Finances et et de la Fonction publique face \u00e0 la presse - Le Quotidien de Nouakchott\" \/>\n<meta property=\"og:description\" content=\"AMI &#8211; Les ministres de l\u2019\u00c9quipement et des Transports, porte-parole du gouvernement, M. Nany Ould Chrougha, des Finances, M. Isselmou Ould Mohamed Mbady, et de la Fonction publique et du Travail, Mme Zeinebou Mint Hmednah, ont comment\u00e9, mardi apr\u00e8s-midi, les r\u00e9sultats de la r\u00e9union du conseil des ministres. Le porte-parole du gouvernement a affirm\u00e9 que.....\" \/>\n<meta property=\"og:url\" content=\"https:\/\/lequotidien.mr\/?p=1191&amp;lang=fr\" \/>\n<meta property=\"og:site_name\" content=\"Le Quotidien de Nouakchott\" \/>\n<meta property=\"article:publisher\" content=\"https:\/\/web.facebook.com\/lequotidienmr\" \/>\n<meta property=\"article:published_time\" content=\"2022-12-07T13:31:40+00:00\" \/>\n<meta property=\"og:image\" content=\"https:\/\/lequotidien.mr\/wp-content\/uploads\/2022\/12\/gouver_conf_de_presse_750x430.jpg\" \/>\n\t<meta property=\"og:image:width\" content=\"750\" \/>\n\t<meta property=\"og:image:height\" content=\"430\" \/>\n\t<meta property=\"og:image:type\" content=\"image\/jpeg\" \/>\n<meta name=\"author\" content=\"Gayi Diawara\" \/>\n<meta name=\"twitter:card\" content=\"summary_large_image\" \/>\n<meta name=\"twitter:creator\" content=\"@lequotidienmr\" \/>\n<meta name=\"twitter:site\" content=\"@lequotidienmr\" \/>\n<meta name=\"twitter:label1\" content=\"\u0643\u064f\u062a\u0628 \u0628\u0648\u0627\u0633\u0637\u0629\" \/>\n\t<meta name=\"twitter:data1\" content=\"Gayi Diawara\" \/>\n\t<meta name=\"twitter:label2\" content=\"\u0648\u0642\u062a \u0627\u0644\u0642\u0631\u0627\u0621\u0629 \u0627\u0644\u0645\u064f\u0642\u062f\u0651\u0631\" \/>\n\t<meta name=\"twitter:data2\" content=\"4 \u062f\u0642\u0627\u0626\u0642\" \/>\n<script type=\"application\/ld+json\" class=\"yoast-schema-graph\">{\"@context\":\"https:\\\/\\\/schema.org\",\"@graph\":[{\"@type\":\"Article\",\"@id\":\"https:\\\/\\\/lequotidien.mr\\\/?p=1191&lang=fr#article\",\"isPartOf\":{\"@id\":\"https:\\\/\\\/lequotidien.mr\\\/?p=1191&lang=fr\"},\"author\":{\"name\":\"Gayi Diawara\",\"@id\":\"https:\\\/\\\/lequotidien.mr\\\/#\\\/schema\\\/person\\\/1077c8abd5640a6514b909318d271dee\"},\"headline\":\"Les ministres de l\u2019\u00c9quipement, des Finances et et de la Fonction publique face \u00e0 la presse\",\"datePublished\":\"2022-12-07T13:31:40+00:00\",\"mainEntityOfPage\":{\"@id\":\"https:\\\/\\\/lequotidien.mr\\\/?p=1191&lang=fr\"},\"wordCount\":934,\"commentCount\":0,\"publisher\":{\"@id\":\"https:\\\/\\\/lequotidien.mr\\\/#organization\"},\"image\":{\"@id\":\"https:\\\/\\\/lequotidien.mr\\\/?p=1191&lang=fr#primaryimage\"},\"thumbnailUrl\":\"https:\\\/\\\/lequotidien.mr\\\/wp-content\\\/uploads\\\/2022\\\/12\\\/gouver_conf_de_presse_750x430.jpg\",\"articleSection\":[\"ACTUALIT\u00c9\",\"Economie\"],\"inLanguage\":\"ar\",\"potentialAction\":[{\"@type\":\"CommentAction\",\"name\":\"Comment\",\"target\":[\"https:\\\/\\\/lequotidien.mr\\\/?p=1191&lang=fr#respond\"]}]},{\"@type\":\"WebPage\",\"@id\":\"https:\\\/\\\/lequotidien.mr\\\/?p=1191&lang=fr\",\"url\":\"https:\\\/\\\/lequotidien.mr\\\/?p=1191&lang=fr\",\"name\":\"Les ministres de l\u2019\u00c9quipement, des Finances et et de la Fonction publique face \u00e0 la presse - Le Quotidien de Nouakchott\",\"isPartOf\":{\"@id\":\"https:\\\/\\\/lequotidien.mr\\\/#website\"},\"primaryImageOfPage\":{\"@id\":\"https:\\\/\\\/lequotidien.mr\\\/?p=1191&lang=fr#primaryimage\"},\"image\":{\"@id\":\"https:\\\/\\\/lequotidien.mr\\\/?p=1191&lang=fr#primaryimage\"},\"thumbnailUrl\":\"https:\\\/\\\/lequotidien.mr\\\/wp-content\\\/uploads\\\/2022\\\/12\\\/gouver_conf_de_presse_750x430.jpg\",\"datePublished\":\"2022-12-07T13:31:40+00:00\",\"breadcrumb\":{\"@id\":\"https:\\\/\\\/lequotidien.mr\\\/?p=1191&lang=fr#breadcrumb\"},\"inLanguage\":\"ar\",\"potentialAction\":[{\"@type\":\"ReadAction\",\"target\":[\"https:\\\/\\\/lequotidien.mr\\\/?p=1191&lang=fr\"]}]},{\"@type\":\"ImageObject\",\"inLanguage\":\"ar\",\"@id\":\"https:\\\/\\\/lequotidien.mr\\\/?p=1191&lang=fr#primaryimage\",\"url\":\"https:\\\/\\\/lequotidien.mr\\\/wp-content\\\/uploads\\\/2022\\\/12\\\/gouver_conf_de_presse_750x430.jpg\",\"contentUrl\":\"https:\\\/\\\/lequotidien.mr\\\/wp-content\\\/uploads\\\/2022\\\/12\\\/gouver_conf_de_presse_750x430.jpg\",\"width\":750,\"height\":430},{\"@type\":\"BreadcrumbList\",\"@id\":\"https:\\\/\\\/lequotidien.mr\\\/?p=1191&lang=fr#breadcrumb\",\"itemListElement\":[{\"@type\":\"ListItem\",\"position\":1,\"name\":\"Home\",\"item\":\"https:\\\/\\\/lequotidien.mr\\\/\"},{\"@type\":\"ListItem\",\"position\":2,\"name\":\"Les ministres de l\u2019\u00c9quipement, des Finances et et de la Fonction publique face \u00e0 la presse\"}]},{\"@type\":\"WebSite\",\"@id\":\"https:\\\/\\\/lequotidien.mr\\\/#website\",\"url\":\"https:\\\/\\\/lequotidien.mr\\\/\",\"name\":\"Le Quotidien de Nouakchott\",\"description\":\"\u0625\u062e\u0628\u0627\u0631\u064a\u0629 \u0645\u0633\u062a\u0642\u0644\u0629 \u0644\u0644\u0623\u0646\u0628\u0627\u0621 \u0627\u0644\u0639\u0627\u0645\u0629\",\"publisher\":{\"@id\":\"https:\\\/\\\/lequotidien.mr\\\/#organization\"},\"potentialAction\":[{\"@type\":\"SearchAction\",\"target\":{\"@type\":\"EntryPoint\",\"urlTemplate\":\"https:\\\/\\\/lequotidien.mr\\\/?s={search_term_string}\"},\"query-input\":{\"@type\":\"PropertyValueSpecification\",\"valueRequired\":true,\"valueName\":\"search_term_string\"}}],\"inLanguage\":\"ar\"},{\"@type\":\"Organization\",\"@id\":\"https:\\\/\\\/lequotidien.mr\\\/#organization\",\"name\":\"Le Quotidien de Nouakchott\",\"url\":\"https:\\\/\\\/lequotidien.mr\\\/\",\"logo\":{\"@type\":\"ImageObject\",\"inLanguage\":\"ar\",\"@id\":\"https:\\\/\\\/lequotidien.mr\\\/#\\\/schema\\\/logo\\\/image\\\/\",\"url\":\"https:\\\/\\\/lequotidien.mr\\\/wp-content\\\/uploads\\\/2022\\\/11\\\/logolequotidien.jpg\",\"contentUrl\":\"https:\\\/\\\/lequotidien.mr\\\/wp-content\\\/uploads\\\/2022\\\/11\\\/logolequotidien.jpg\",\"width\":290,\"height\":65,\"caption\":\"Le Quotidien de Nouakchott\"},\"image\":{\"@id\":\"https:\\\/\\\/lequotidien.mr\\\/#\\\/schema\\\/logo\\\/image\\\/\"},\"sameAs\":[\"https:\\\/\\\/web.facebook.com\\\/lequotidienmr\",\"https:\\\/\\\/x.com\\\/lequotidienmr\"]},{\"@type\":\"Person\",\"@id\":\"https:\\\/\\\/lequotidien.mr\\\/#\\\/schema\\\/person\\\/1077c8abd5640a6514b909318d271dee\",\"name\":\"Gayi Diawara\",\"image\":{\"@type\":\"ImageObject\",\"inLanguage\":\"ar\",\"@id\":\"https:\\\/\\\/secure.gravatar.com\\\/avatar\\\/63ea8db1e19a6d2d608b24c0f78b5f3a7d6e0bc11959fec273410af333e4d0ac?s=96&d=mm&r=g\",\"url\":\"https:\\\/\\\/secure.gravatar.com\\\/avatar\\\/63ea8db1e19a6d2d608b24c0f78b5f3a7d6e0bc11959fec273410af333e4d0ac?s=96&d=mm&r=g\",\"contentUrl\":\"https:\\\/\\\/secure.gravatar.com\\\/avatar\\\/63ea8db1e19a6d2d608b24c0f78b5f3a7d6e0bc11959fec273410af333e4d0ac?s=96&d=mm&r=g\",\"caption\":\"Gayi Diawara\"},\"sameAs\":[\"http:\\\/\\\/lequotidien.mr\"],\"url\":\"https:\\\/\\\/lequotidien.mr\\\/?author=5\"}]}<\/script>\n<!-- \/ Yoast SEO plugin. -->","yoast_head_json":{"title":"Les ministres de l\u2019\u00c9quipement, des Finances et et de la Fonction publique face \u00e0 la presse - Le Quotidien de Nouakchott","robots":{"index":"index","follow":"follow","max-snippet":"max-snippet:-1","max-image-preview":"max-image-preview:large","max-video-preview":"max-video-preview:-1"},"canonical":"https:\/\/lequotidien.mr\/?p=1191&lang=fr","og_locale":"ar_AR","og_type":"article","og_title":"Les ministres de l\u2019\u00c9quipement, des Finances et et de la Fonction publique face \u00e0 la presse - Le Quotidien de Nouakchott","og_description":"AMI &#8211; Les ministres de l\u2019\u00c9quipement et des Transports, porte-parole du gouvernement, M. Nany Ould Chrougha, des Finances, M. Isselmou Ould Mohamed Mbady, et de la Fonction publique et du Travail, Mme Zeinebou Mint Hmednah, ont comment\u00e9, mardi apr\u00e8s-midi, les r\u00e9sultats de la r\u00e9union du conseil des ministres. Le porte-parole du gouvernement a affirm\u00e9 que.....","og_url":"https:\/\/lequotidien.mr\/?p=1191&lang=fr","og_site_name":"Le Quotidien de Nouakchott","article_publisher":"https:\/\/web.facebook.com\/lequotidienmr","article_published_time":"2022-12-07T13:31:40+00:00","og_image":[{"width":750,"height":430,"url":"https:\/\/lequotidien.mr\/wp-content\/uploads\/2022\/12\/gouver_conf_de_presse_750x430.jpg","type":"image\/jpeg"}],"author":"Gayi Diawara","twitter_card":"summary_large_image","twitter_creator":"@lequotidienmr","twitter_site":"@lequotidienmr","twitter_misc":{"\u0643\u064f\u062a\u0628 \u0628\u0648\u0627\u0633\u0637\u0629":"Gayi Diawara","\u0648\u0642\u062a \u0627\u0644\u0642\u0631\u0627\u0621\u0629 \u0627\u0644\u0645\u064f\u0642\u062f\u0651\u0631":"4 \u062f\u0642\u0627\u0626\u0642"},"schema":{"@context":"https:\/\/schema.org","@graph":[{"@type":"Article","@id":"https:\/\/lequotidien.mr\/?p=1191&lang=fr#article","isPartOf":{"@id":"https:\/\/lequotidien.mr\/?p=1191&lang=fr"},"author":{"name":"Gayi Diawara","@id":"https:\/\/lequotidien.mr\/#\/schema\/person\/1077c8abd5640a6514b909318d271dee"},"headline":"Les ministres de l\u2019\u00c9quipement, des Finances et et de la Fonction publique face \u00e0 la presse","datePublished":"2022-12-07T13:31:40+00:00","mainEntityOfPage":{"@id":"https:\/\/lequotidien.mr\/?p=1191&lang=fr"},"wordCount":934,"commentCount":0,"publisher":{"@id":"https:\/\/lequotidien.mr\/#organization"},"image":{"@id":"https:\/\/lequotidien.mr\/?p=1191&lang=fr#primaryimage"},"thumbnailUrl":"https:\/\/lequotidien.mr\/wp-content\/uploads\/2022\/12\/gouver_conf_de_presse_750x430.jpg","articleSection":["ACTUALIT\u00c9","Economie"],"inLanguage":"ar","potentialAction":[{"@type":"CommentAction","name":"Comment","target":["https:\/\/lequotidien.mr\/?p=1191&lang=fr#respond"]}]},{"@type":"WebPage","@id":"https:\/\/lequotidien.mr\/?p=1191&lang=fr","url":"https:\/\/lequotidien.mr\/?p=1191&lang=fr","name":"Les ministres de l\u2019\u00c9quipement, des Finances et et de la Fonction publique face \u00e0 la presse - Le Quotidien de Nouakchott","isPartOf":{"@id":"https:\/\/lequotidien.mr\/#website"},"primaryImageOfPage":{"@id":"https:\/\/lequotidien.mr\/?p=1191&lang=fr#primaryimage"},"image":{"@id":"https:\/\/lequotidien.mr\/?p=1191&lang=fr#primaryimage"},"thumbnailUrl":"https:\/\/lequotidien.mr\/wp-content\/uploads\/2022\/12\/gouver_conf_de_presse_750x430.jpg","datePublished":"2022-12-07T13:31:40+00:00","breadcrumb":{"@id":"https:\/\/lequotidien.mr\/?p=1191&lang=fr#breadcrumb"},"inLanguage":"ar","potentialAction":[{"@type":"ReadAction","target":["https:\/\/lequotidien.mr\/?p=1191&lang=fr"]}]},{"@type":"ImageObject","inLanguage":"ar","@id":"https:\/\/lequotidien.mr\/?p=1191&lang=fr#primaryimage","url":"https:\/\/lequotidien.mr\/wp-content\/uploads\/2022\/12\/gouver_conf_de_presse_750x430.jpg","contentUrl":"https:\/\/lequotidien.mr\/wp-content\/uploads\/2022\/12\/gouver_conf_de_presse_750x430.jpg","width":750,"height":430},{"@type":"BreadcrumbList","@id":"https:\/\/lequotidien.mr\/?p=1191&lang=fr#breadcrumb","itemListElement":[{"@type":"ListItem","position":1,"name":"Home","item":"https:\/\/lequotidien.mr\/"},{"@type":"ListItem","position":2,"name":"Les ministres de l\u2019\u00c9quipement, des Finances et et de la Fonction publique face \u00e0 la presse"}]},{"@type":"WebSite","@id":"https:\/\/lequotidien.mr\/#website","url":"https:\/\/lequotidien.mr\/","name":"Le Quotidien de Nouakchott","description":"\u0625\u062e\u0628\u0627\u0631\u064a\u0629 \u0645\u0633\u062a\u0642\u0644\u0629 \u0644\u0644\u0623\u0646\u0628\u0627\u0621 \u0627\u0644\u0639\u0627\u0645\u0629","publisher":{"@id":"https:\/\/lequotidien.mr\/#organization"},"potentialAction":[{"@type":"SearchAction","target":{"@type":"EntryPoint","urlTemplate":"https:\/\/lequotidien.mr\/?s={search_term_string}"},"query-input":{"@type":"PropertyValueSpecification","valueRequired":true,"valueName":"search_term_string"}}],"inLanguage":"ar"},{"@type":"Organization","@id":"https:\/\/lequotidien.mr\/#organization","name":"Le Quotidien de Nouakchott","url":"https:\/\/lequotidien.mr\/","logo":{"@type":"ImageObject","inLanguage":"ar","@id":"https:\/\/lequotidien.mr\/#\/schema\/logo\/image\/","url":"https:\/\/lequotidien.mr\/wp-content\/uploads\/2022\/11\/logolequotidien.jpg","contentUrl":"https:\/\/lequotidien.mr\/wp-content\/uploads\/2022\/11\/logolequotidien.jpg","width":290,"height":65,"caption":"Le Quotidien de Nouakchott"},"image":{"@id":"https:\/\/lequotidien.mr\/#\/schema\/logo\/image\/"},"sameAs":["https:\/\/web.facebook.com\/lequotidienmr","https:\/\/x.com\/lequotidienmr"]},{"@type":"Person","@id":"https:\/\/lequotidien.mr\/#\/schema\/person\/1077c8abd5640a6514b909318d271dee","name":"Gayi Diawara","image":{"@type":"ImageObject","inLanguage":"ar","@id":"https:\/\/secure.gravatar.com\/avatar\/63ea8db1e19a6d2d608b24c0f78b5f3a7d6e0bc11959fec273410af333e4d0ac?s=96&d=mm&r=g","url":"https:\/\/secure.gravatar.com\/avatar\/63ea8db1e19a6d2d608b24c0f78b5f3a7d6e0bc11959fec273410af333e4d0ac?s=96&d=mm&r=g","contentUrl":"https:\/\/secure.gravatar.com\/avatar\/63ea8db1e19a6d2d608b24c0f78b5f3a7d6e0bc11959fec273410af333e4d0ac?s=96&d=mm&r=g","caption":"Gayi Diawara"},"sameAs":["http:\/\/lequotidien.mr"],"url":"https:\/\/lequotidien.mr\/?author=5"}]}},"_links":{"self":[{"href":"https:\/\/lequotidien.mr\/index.php?rest_route=\/wp\/v2\/posts\/1191","targetHints":{"allow":["GET"]}}],"collection":[{"href":"https:\/\/lequotidien.mr\/index.php?rest_route=\/wp\/v2\/posts"}],"about":[{"href":"https:\/\/lequotidien.mr\/index.php?rest_route=\/wp\/v2\/types\/post"}],"author":[{"embeddable":true,"href":"https:\/\/lequotidien.mr\/index.php?rest_route=\/wp\/v2\/users\/5"}],"replies":[{"embeddable":true,"href":"https:\/\/lequotidien.mr\/index.php?rest_route=%2Fwp%2Fv2%2Fcomments&post=1191"}],"version-history":[{"count":1,"href":"https:\/\/lequotidien.mr\/index.php?rest_route=\/wp\/v2\/posts\/1191\/revisions"}],"predecessor-version":[{"id":1193,"href":"https:\/\/lequotidien.mr\/index.php?rest_route=\/wp\/v2\/posts\/1191\/revisions\/1193"}],"wp:featuredmedia":[{"embeddable":true,"href":"https:\/\/lequotidien.mr\/index.php?rest_route=\/wp\/v2\/media\/1192"}],"wp:attachment":[{"href":"https:\/\/lequotidien.mr\/index.php?rest_route=%2Fwp%2Fv2%2Fmedia&parent=1191"}],"wp:term":[{"taxonomy":"category","embeddable":true,"href":"https:\/\/lequotidien.mr\/index.php?rest_route=%2Fwp%2Fv2%2Fcategories&post=1191"},{"taxonomy":"post_tag","embeddable":true,"href":"https:\/\/lequotidien.mr\/index.php?rest_route=%2Fwp%2Fv2%2Ftags&post=1191"}],"curies":[{"name":"wp","href":"https:\/\/api.w.org\/{rel}","templated":true}]}}