{"id":11875,"date":"2023-09-12T17:54:14","date_gmt":"2023-09-12T17:54:14","guid":{"rendered":"https:\/\/lequotidien.mr\/?p=11875"},"modified":"2023-09-12T18:19:21","modified_gmt":"2023-09-12T18:19:21","slug":"quelles-sont-les-veritables-causes-des-retards-dexecution-de-nos-chantiers-publics","status":"publish","type":"post","link":"https:\/\/lequotidien.mr\/?p=11875&lang=fr","title":{"rendered":"Quelles sont les v\u00e9ritables causes des retards d&#8217;ex\u00e9cution de nos chantiers publics?"},"content":{"rendered":"<p>Le Pr\u00e9sident mauritanien Mohamed Ahmed Ould Cheikh Ghazouani et son Premier ministre Mohamed Ould Bilal Messouad ont fait preuve d&#8217;une grande transparence dans la critique constante de la mauvaise gestion de certaines de nos affaires publiques.<\/p>\n<p>Ils continuent de fustiger, a juste raison, apr\u00e8s la derni\u00e8re crise de l&#8217;eau, et avant, la carence de nos services publics, et maintenant le non respect des d\u00e9lais d\u2019ex\u00e9cution de certains projets structurants en prof\u00e9rant m\u00eame des sanctions contre les entreprises qui ne respectent pas leurs engagements contractuels.<\/p>\n<p>Ces chantiers sont pourtant confi\u00e9s a des entreprises priv\u00e9es du BTP, suite a un appel a la concurrence ouvert ou restreint et supervises par des commissions minist\u00e9rielles des march\u00e9s Publics.<\/p>\n<p>Ces contrats ont \u00e9t\u00e9 valid\u00e9s par l&#8217;Autorit\u00e9 de R\u00e9gulation des march\u00e9s publics, gendarme de la r\u00e9gularit\u00e9 des contrats administratifs, et ne souffrent donc d&#8217;aucun vice de forme et de fond au regard de la r\u00e9glementation des march\u00e9s publics.<\/p>\n<p>Par ailleurs, les commissions charg\u00e9es de la supervision du processus d&#8217;attribution des march\u00e9s, nouvellement mises en place, sont \u00e9troitement surveill\u00e9es par l&#8217;IGE qui peut se saisir a tout moment des cas d&#8217;irr\u00e9gularit\u00e9s av\u00e9r\u00e9es.<\/p>\n<p>Si donc du point de vue juridique l&#8217;attribution de ces march\u00e9s est jug\u00e9e, r\u00e9guli\u00e8re pourquoi, au moment de leur ex\u00e9cution, ces chantiers souffrent-ils de retards et d&#8217;anomalies techniques ?<\/p>\n<p>S&#8217;il est courant de constater que les entreprises adjudicataires des march\u00e9s se trouvant souvent et brusquement dans l&#8217;incapacit\u00e9 d&#8217;ex\u00e9cuter certains chantiers d\u00e9j\u00e0 adjug\u00e9s, au d\u00e9marrage des travaux pour diverses raisons qui avaient r\u00e9chapp\u00e9, \u00e0 l&#8217;appr\u00e9ciation des commissions des march\u00e9s, il ya lieu de rechercher les v\u00e9ritables causes de ces anomalies ailleurs.<\/p>\n<p>Deux pistes peuvent \u00eatre point\u00e9es du doigt par les observateurs avertis. Pour mieux cerner le ph\u00e9nom\u00e8ne des retards dans l&#8217;ex\u00e9cution des contrats de travaux publics on peut invoquer deux raisons principales: la premi\u00e8re raison qui s&#8217;offre \u00e0 nous est que l&#8217;adjudicataire du march\u00e9 a d\u00fb user de plusieurs astuces frauduleuses dans la confection de son offre technique et financi\u00e8re afin de remporter le march\u00e9 alors que ses capacit\u00e9s techniques et financi\u00e8res r\u00e9elles sont insuffisantes pour ex\u00e9cuter les travaux. L&#8217;autre raison qui peut \u00eatre invoqu\u00e9e pour justifier les retards dans l&#8217;ex\u00e9cution et la r\u00e9ception des ouvrages, dans les d\u00e9lais prescrits, peut aussi \u00eatre imput\u00e9e, \u00e0 l&#8217;Etat mais dans de rares cas, lorsque le partenaire public ne respecte pas les clauses financi\u00e8res du contrat qui le lie \u00e0 son entrepreneur.<\/p>\n<p>Les retards de d\u00e9caissement, par exemple, des avances de d\u00e9marrage et de r\u00e8glement des acomptes dans des d\u00e9lais acceptables peuvent se r\u00e9percuter n\u00e9gativement sur l&#8217;ex\u00e9cution des chantiers accus\u00e9s de retards dans leur finition. Ces questions avaient \u00e9t\u00e9 largement \u00e9voqu\u00e9es lors des derniers Etats g\u00e9n\u00e9raux des BTP.<\/p>\n<p><a href=\"http:\/\/hamdin.ndiay@yahoo.fr\/\" target=\"_blank\" rel=\"noopener\">Hamedine Kane<\/a><\/p>\n<p>Ex-cadre de l&#8217;administration publique<\/p>\n","protected":false},"excerpt":{"rendered":"<p>Le Pr\u00e9sident mauritanien Mohamed Ahmed Ould Cheikh Ghazouani et son Premier ministre Mohamed Ould Bilal Messouad ont fait preuve d&#8217;une grande transparence dans la critique constante de la mauvaise gestion de certaines de nos affaires publiques. Ils continuent de fustiger, a juste raison, apr\u00e8s la derni\u00e8re crise de l&#8217;eau, et avant, la carence de nos&#8230;..<\/p>\n","protected":false},"author":3,"featured_media":11876,"comment_status":"open","ping_status":"open","sticky":false,"template":"","format":"standard","meta":{"footnotes":""},"categories":[59],"tags":[],"class_list":["post-11875","post","type-post","status-publish","format-standard","has-post-thumbnail","hentry","category-opinion"],"yoast_head":"<!-- This site is optimized with the Yoast SEO plugin v27.5 - https:\/\/yoast.com\/product\/yoast-seo-wordpress\/ -->\n<title>Quelles sont les v\u00e9ritables causes des retards d&#039;ex\u00e9cution de nos chantiers publics? - Le Quotidien de Nouakchott<\/title>\n<meta name=\"robots\" content=\"index, follow, max-snippet:-1, max-image-preview:large, max-video-preview:-1\" \/>\n<link rel=\"canonical\" href=\"https:\/\/lequotidien.mr\/?p=11875&lang=fr\" \/>\n<meta property=\"og:locale\" content=\"ar_AR\" \/>\n<meta property=\"og:type\" content=\"article\" \/>\n<meta property=\"og:title\" content=\"Quelles sont les v\u00e9ritables causes des retards d&#039;ex\u00e9cution de nos chantiers publics? - Le Quotidien de Nouakchott\" \/>\n<meta property=\"og:description\" content=\"Le Pr\u00e9sident mauritanien Mohamed Ahmed Ould Cheikh Ghazouani et son Premier ministre Mohamed Ould Bilal Messouad ont fait preuve d&#8217;une grande transparence dans la critique constante de la mauvaise gestion de certaines de nos affaires publiques. Ils continuent de fustiger, a juste raison, apr\u00e8s la derni\u00e8re crise de l&#8217;eau, et avant, la carence de nos.....\" \/>\n<meta property=\"og:url\" content=\"https:\/\/lequotidien.mr\/?p=11875&amp;lang=fr\" \/>\n<meta property=\"og:site_name\" content=\"Le Quotidien de Nouakchott\" \/>\n<meta property=\"article:publisher\" content=\"https:\/\/web.facebook.com\/lequotidienmr\" \/>\n<meta property=\"article:author\" content=\"https:\/\/web.facebook.com\/a.mleiwih\" \/>\n<meta property=\"article:published_time\" content=\"2023-09-12T17:54:14+00:00\" \/>\n<meta property=\"article:modified_time\" content=\"2023-09-12T18:19:21+00:00\" \/>\n<meta property=\"og:image\" content=\"https:\/\/lequotidien.mr\/wp-content\/uploads\/2023\/09\/HK.jpg\" \/>\n\t<meta property=\"og:image:width\" content=\"301\" \/>\n\t<meta property=\"og:image:height\" content=\"198\" \/>\n\t<meta property=\"og:image:type\" content=\"image\/jpeg\" \/>\n<meta name=\"author\" content=\"Alioun M&#039;leiwih\" \/>\n<meta name=\"twitter:card\" content=\"summary_large_image\" \/>\n<meta name=\"twitter:creator\" content=\"@lequotidienmr\" \/>\n<meta name=\"twitter:site\" content=\"@lequotidienmr\" \/>\n<meta name=\"twitter:label1\" content=\"\u0643\u064f\u062a\u0628 \u0628\u0648\u0627\u0633\u0637\u0629\" \/>\n\t<meta name=\"twitter:data1\" content=\"Alioun M&#039;leiwih\" \/>\n\t<meta name=\"twitter:label2\" content=\"\u0648\u0642\u062a \u0627\u0644\u0642\u0631\u0627\u0621\u0629 \u0627\u0644\u0645\u064f\u0642\u062f\u0651\u0631\" \/>\n\t<meta name=\"twitter:data2\" content=\"3 \u062f\u0642\u0627\u0626\u0642\" \/>\n<script type=\"application\/ld+json\" class=\"yoast-schema-graph\">{\"@context\":\"https:\\\/\\\/schema.org\",\"@graph\":[{\"@type\":\"Article\",\"@id\":\"https:\\\/\\\/lequotidien.mr\\\/?p=11875&lang=fr#article\",\"isPartOf\":{\"@id\":\"https:\\\/\\\/lequotidien.mr\\\/?p=11875&lang=fr\"},\"author\":{\"name\":\"Alioun M'leiwih\",\"@id\":\"https:\\\/\\\/lequotidien.mr\\\/#\\\/schema\\\/person\\\/69d1518c74c9137087929a20b1272cb0\"},\"headline\":\"Quelles sont les v\u00e9ritables causes des retards d&#8217;ex\u00e9cution de nos chantiers publics?\",\"datePublished\":\"2023-09-12T17:54:14+00:00\",\"dateModified\":\"2023-09-12T18:19:21+00:00\",\"mainEntityOfPage\":{\"@id\":\"https:\\\/\\\/lequotidien.mr\\\/?p=11875&lang=fr\"},\"wordCount\":542,\"commentCount\":0,\"publisher\":{\"@id\":\"https:\\\/\\\/lequotidien.mr\\\/#organization\"},\"image\":{\"@id\":\"https:\\\/\\\/lequotidien.mr\\\/?p=11875&lang=fr#primaryimage\"},\"thumbnailUrl\":\"https:\\\/\\\/lequotidien.mr\\\/wp-content\\\/uploads\\\/2023\\\/09\\\/HK.jpg\",\"articleSection\":[\"Opinion\"],\"inLanguage\":\"ar\",\"potentialAction\":[{\"@type\":\"CommentAction\",\"name\":\"Comment\",\"target\":[\"https:\\\/\\\/lequotidien.mr\\\/?p=11875&lang=fr#respond\"]}]},{\"@type\":\"WebPage\",\"@id\":\"https:\\\/\\\/lequotidien.mr\\\/?p=11875&lang=fr\",\"url\":\"https:\\\/\\\/lequotidien.mr\\\/?p=11875&lang=fr\",\"name\":\"Quelles sont les v\u00e9ritables causes des retards d'ex\u00e9cution de nos chantiers publics? - Le Quotidien de Nouakchott\",\"isPartOf\":{\"@id\":\"https:\\\/\\\/lequotidien.mr\\\/#website\"},\"primaryImageOfPage\":{\"@id\":\"https:\\\/\\\/lequotidien.mr\\\/?p=11875&lang=fr#primaryimage\"},\"image\":{\"@id\":\"https:\\\/\\\/lequotidien.mr\\\/?p=11875&lang=fr#primaryimage\"},\"thumbnailUrl\":\"https:\\\/\\\/lequotidien.mr\\\/wp-content\\\/uploads\\\/2023\\\/09\\\/HK.jpg\",\"datePublished\":\"2023-09-12T17:54:14+00:00\",\"dateModified\":\"2023-09-12T18:19:21+00:00\",\"breadcrumb\":{\"@id\":\"https:\\\/\\\/lequotidien.mr\\\/?p=11875&lang=fr#breadcrumb\"},\"inLanguage\":\"ar\",\"potentialAction\":[{\"@type\":\"ReadAction\",\"target\":[\"https:\\\/\\\/lequotidien.mr\\\/?p=11875&lang=fr\"]}]},{\"@type\":\"ImageObject\",\"inLanguage\":\"ar\",\"@id\":\"https:\\\/\\\/lequotidien.mr\\\/?p=11875&lang=fr#primaryimage\",\"url\":\"https:\\\/\\\/lequotidien.mr\\\/wp-content\\\/uploads\\\/2023\\\/09\\\/HK.jpg\",\"contentUrl\":\"https:\\\/\\\/lequotidien.mr\\\/wp-content\\\/uploads\\\/2023\\\/09\\\/HK.jpg\",\"width\":301,\"height\":198},{\"@type\":\"BreadcrumbList\",\"@id\":\"https:\\\/\\\/lequotidien.mr\\\/?p=11875&lang=fr#breadcrumb\",\"itemListElement\":[{\"@type\":\"ListItem\",\"position\":1,\"name\":\"Home\",\"item\":\"https:\\\/\\\/lequotidien.mr\\\/\"},{\"@type\":\"ListItem\",\"position\":2,\"name\":\"Quelles sont les v\u00e9ritables causes des retards d&#8217;ex\u00e9cution de nos chantiers publics?\"}]},{\"@type\":\"WebSite\",\"@id\":\"https:\\\/\\\/lequotidien.mr\\\/#website\",\"url\":\"https:\\\/\\\/lequotidien.mr\\\/\",\"name\":\"Le Quotidien de Nouakchott\",\"description\":\"\u0625\u062e\u0628\u0627\u0631\u064a\u0629 \u0645\u0633\u062a\u0642\u0644\u0629 \u0644\u0644\u0623\u0646\u0628\u0627\u0621 \u0627\u0644\u0639\u0627\u0645\u0629\",\"publisher\":{\"@id\":\"https:\\\/\\\/lequotidien.mr\\\/#organization\"},\"potentialAction\":[{\"@type\":\"SearchAction\",\"target\":{\"@type\":\"EntryPoint\",\"urlTemplate\":\"https:\\\/\\\/lequotidien.mr\\\/?s={search_term_string}\"},\"query-input\":{\"@type\":\"PropertyValueSpecification\",\"valueRequired\":true,\"valueName\":\"search_term_string\"}}],\"inLanguage\":\"ar\"},{\"@type\":\"Organization\",\"@id\":\"https:\\\/\\\/lequotidien.mr\\\/#organization\",\"name\":\"Le Quotidien de Nouakchott\",\"url\":\"https:\\\/\\\/lequotidien.mr\\\/\",\"logo\":{\"@type\":\"ImageObject\",\"inLanguage\":\"ar\",\"@id\":\"https:\\\/\\\/lequotidien.mr\\\/#\\\/schema\\\/logo\\\/image\\\/\",\"url\":\"https:\\\/\\\/lequotidien.mr\\\/wp-content\\\/uploads\\\/2022\\\/11\\\/logolequotidien.jpg\",\"contentUrl\":\"https:\\\/\\\/lequotidien.mr\\\/wp-content\\\/uploads\\\/2022\\\/11\\\/logolequotidien.jpg\",\"width\":290,\"height\":65,\"caption\":\"Le Quotidien de Nouakchott\"},\"image\":{\"@id\":\"https:\\\/\\\/lequotidien.mr\\\/#\\\/schema\\\/logo\\\/image\\\/\"},\"sameAs\":[\"https:\\\/\\\/web.facebook.com\\\/lequotidienmr\",\"https:\\\/\\\/x.com\\\/lequotidienmr\"]},{\"@type\":\"Person\",\"@id\":\"https:\\\/\\\/lequotidien.mr\\\/#\\\/schema\\\/person\\\/69d1518c74c9137087929a20b1272cb0\",\"name\":\"Alioun M'leiwih\",\"image\":{\"@type\":\"ImageObject\",\"inLanguage\":\"ar\",\"@id\":\"https:\\\/\\\/secure.gravatar.com\\\/avatar\\\/01f9d357222d7d4ca8f71662f4b081718f06d25b11fc45662ecca0622d507e51?s=96&d=mm&r=g\",\"url\":\"https:\\\/\\\/secure.gravatar.com\\\/avatar\\\/01f9d357222d7d4ca8f71662f4b081718f06d25b11fc45662ecca0622d507e51?s=96&d=mm&r=g\",\"contentUrl\":\"https:\\\/\\\/secure.gravatar.com\\\/avatar\\\/01f9d357222d7d4ca8f71662f4b081718f06d25b11fc45662ecca0622d507e51?s=96&d=mm&r=g\",\"caption\":\"Alioun M'leiwih\"},\"sameAs\":[\"https:\\\/\\\/lequotidien.mr\\\/\",\"https:\\\/\\\/web.facebook.com\\\/a.mleiwih\",\"https:\\\/\\\/www.linkedin.com\\\/in\\\/alimlewih\\\/\"],\"url\":\"https:\\\/\\\/lequotidien.mr\\\/?author=3\"}]}<\/script>\n<!-- \/ Yoast SEO plugin. -->","yoast_head_json":{"title":"Quelles sont les v\u00e9ritables causes des retards d'ex\u00e9cution de nos chantiers publics? - Le Quotidien de Nouakchott","robots":{"index":"index","follow":"follow","max-snippet":"max-snippet:-1","max-image-preview":"max-image-preview:large","max-video-preview":"max-video-preview:-1"},"canonical":"https:\/\/lequotidien.mr\/?p=11875&lang=fr","og_locale":"ar_AR","og_type":"article","og_title":"Quelles sont les v\u00e9ritables causes des retards d'ex\u00e9cution de nos chantiers publics? - Le Quotidien de Nouakchott","og_description":"Le Pr\u00e9sident mauritanien Mohamed Ahmed Ould Cheikh Ghazouani et son Premier ministre Mohamed Ould Bilal Messouad ont fait preuve d&#8217;une grande transparence dans la critique constante de la mauvaise gestion de certaines de nos affaires publiques. Ils continuent de fustiger, a juste raison, apr\u00e8s la derni\u00e8re crise de l&#8217;eau, et avant, la carence de nos.....","og_url":"https:\/\/lequotidien.mr\/?p=11875&lang=fr","og_site_name":"Le Quotidien de Nouakchott","article_publisher":"https:\/\/web.facebook.com\/lequotidienmr","article_author":"https:\/\/web.facebook.com\/a.mleiwih","article_published_time":"2023-09-12T17:54:14+00:00","article_modified_time":"2023-09-12T18:19:21+00:00","og_image":[{"width":301,"height":198,"url":"https:\/\/lequotidien.mr\/wp-content\/uploads\/2023\/09\/HK.jpg","type":"image\/jpeg"}],"author":"Alioun M'leiwih","twitter_card":"summary_large_image","twitter_creator":"@lequotidienmr","twitter_site":"@lequotidienmr","twitter_misc":{"\u0643\u064f\u062a\u0628 \u0628\u0648\u0627\u0633\u0637\u0629":"Alioun M'leiwih","\u0648\u0642\u062a \u0627\u0644\u0642\u0631\u0627\u0621\u0629 \u0627\u0644\u0645\u064f\u0642\u062f\u0651\u0631":"3 \u062f\u0642\u0627\u0626\u0642"},"schema":{"@context":"https:\/\/schema.org","@graph":[{"@type":"Article","@id":"https:\/\/lequotidien.mr\/?p=11875&lang=fr#article","isPartOf":{"@id":"https:\/\/lequotidien.mr\/?p=11875&lang=fr"},"author":{"name":"Alioun M'leiwih","@id":"https:\/\/lequotidien.mr\/#\/schema\/person\/69d1518c74c9137087929a20b1272cb0"},"headline":"Quelles sont les v\u00e9ritables causes des retards d&#8217;ex\u00e9cution de nos chantiers publics?","datePublished":"2023-09-12T17:54:14+00:00","dateModified":"2023-09-12T18:19:21+00:00","mainEntityOfPage":{"@id":"https:\/\/lequotidien.mr\/?p=11875&lang=fr"},"wordCount":542,"commentCount":0,"publisher":{"@id":"https:\/\/lequotidien.mr\/#organization"},"image":{"@id":"https:\/\/lequotidien.mr\/?p=11875&lang=fr#primaryimage"},"thumbnailUrl":"https:\/\/lequotidien.mr\/wp-content\/uploads\/2023\/09\/HK.jpg","articleSection":["Opinion"],"inLanguage":"ar","potentialAction":[{"@type":"CommentAction","name":"Comment","target":["https:\/\/lequotidien.mr\/?p=11875&lang=fr#respond"]}]},{"@type":"WebPage","@id":"https:\/\/lequotidien.mr\/?p=11875&lang=fr","url":"https:\/\/lequotidien.mr\/?p=11875&lang=fr","name":"Quelles sont les v\u00e9ritables causes des retards d'ex\u00e9cution de nos chantiers publics? - Le Quotidien de Nouakchott","isPartOf":{"@id":"https:\/\/lequotidien.mr\/#website"},"primaryImageOfPage":{"@id":"https:\/\/lequotidien.mr\/?p=11875&lang=fr#primaryimage"},"image":{"@id":"https:\/\/lequotidien.mr\/?p=11875&lang=fr#primaryimage"},"thumbnailUrl":"https:\/\/lequotidien.mr\/wp-content\/uploads\/2023\/09\/HK.jpg","datePublished":"2023-09-12T17:54:14+00:00","dateModified":"2023-09-12T18:19:21+00:00","breadcrumb":{"@id":"https:\/\/lequotidien.mr\/?p=11875&lang=fr#breadcrumb"},"inLanguage":"ar","potentialAction":[{"@type":"ReadAction","target":["https:\/\/lequotidien.mr\/?p=11875&lang=fr"]}]},{"@type":"ImageObject","inLanguage":"ar","@id":"https:\/\/lequotidien.mr\/?p=11875&lang=fr#primaryimage","url":"https:\/\/lequotidien.mr\/wp-content\/uploads\/2023\/09\/HK.jpg","contentUrl":"https:\/\/lequotidien.mr\/wp-content\/uploads\/2023\/09\/HK.jpg","width":301,"height":198},{"@type":"BreadcrumbList","@id":"https:\/\/lequotidien.mr\/?p=11875&lang=fr#breadcrumb","itemListElement":[{"@type":"ListItem","position":1,"name":"Home","item":"https:\/\/lequotidien.mr\/"},{"@type":"ListItem","position":2,"name":"Quelles sont les v\u00e9ritables causes des retards d&#8217;ex\u00e9cution de nos chantiers publics?"}]},{"@type":"WebSite","@id":"https:\/\/lequotidien.mr\/#website","url":"https:\/\/lequotidien.mr\/","name":"Le Quotidien de Nouakchott","description":"\u0625\u062e\u0628\u0627\u0631\u064a\u0629 \u0645\u0633\u062a\u0642\u0644\u0629 \u0644\u0644\u0623\u0646\u0628\u0627\u0621 \u0627\u0644\u0639\u0627\u0645\u0629","publisher":{"@id":"https:\/\/lequotidien.mr\/#organization"},"potentialAction":[{"@type":"SearchAction","target":{"@type":"EntryPoint","urlTemplate":"https:\/\/lequotidien.mr\/?s={search_term_string}"},"query-input":{"@type":"PropertyValueSpecification","valueRequired":true,"valueName":"search_term_string"}}],"inLanguage":"ar"},{"@type":"Organization","@id":"https:\/\/lequotidien.mr\/#organization","name":"Le Quotidien de Nouakchott","url":"https:\/\/lequotidien.mr\/","logo":{"@type":"ImageObject","inLanguage":"ar","@id":"https:\/\/lequotidien.mr\/#\/schema\/logo\/image\/","url":"https:\/\/lequotidien.mr\/wp-content\/uploads\/2022\/11\/logolequotidien.jpg","contentUrl":"https:\/\/lequotidien.mr\/wp-content\/uploads\/2022\/11\/logolequotidien.jpg","width":290,"height":65,"caption":"Le Quotidien de Nouakchott"},"image":{"@id":"https:\/\/lequotidien.mr\/#\/schema\/logo\/image\/"},"sameAs":["https:\/\/web.facebook.com\/lequotidienmr","https:\/\/x.com\/lequotidienmr"]},{"@type":"Person","@id":"https:\/\/lequotidien.mr\/#\/schema\/person\/69d1518c74c9137087929a20b1272cb0","name":"Alioun M'leiwih","image":{"@type":"ImageObject","inLanguage":"ar","@id":"https:\/\/secure.gravatar.com\/avatar\/01f9d357222d7d4ca8f71662f4b081718f06d25b11fc45662ecca0622d507e51?s=96&d=mm&r=g","url":"https:\/\/secure.gravatar.com\/avatar\/01f9d357222d7d4ca8f71662f4b081718f06d25b11fc45662ecca0622d507e51?s=96&d=mm&r=g","contentUrl":"https:\/\/secure.gravatar.com\/avatar\/01f9d357222d7d4ca8f71662f4b081718f06d25b11fc45662ecca0622d507e51?s=96&d=mm&r=g","caption":"Alioun M'leiwih"},"sameAs":["https:\/\/lequotidien.mr\/","https:\/\/web.facebook.com\/a.mleiwih","https:\/\/www.linkedin.com\/in\/alimlewih\/"],"url":"https:\/\/lequotidien.mr\/?author=3"}]}},"_links":{"self":[{"href":"https:\/\/lequotidien.mr\/index.php?rest_route=\/wp\/v2\/posts\/11875","targetHints":{"allow":["GET"]}}],"collection":[{"href":"https:\/\/lequotidien.mr\/index.php?rest_route=\/wp\/v2\/posts"}],"about":[{"href":"https:\/\/lequotidien.mr\/index.php?rest_route=\/wp\/v2\/types\/post"}],"author":[{"embeddable":true,"href":"https:\/\/lequotidien.mr\/index.php?rest_route=\/wp\/v2\/users\/3"}],"replies":[{"embeddable":true,"href":"https:\/\/lequotidien.mr\/index.php?rest_route=%2Fwp%2Fv2%2Fcomments&post=11875"}],"version-history":[{"count":2,"href":"https:\/\/lequotidien.mr\/index.php?rest_route=\/wp\/v2\/posts\/11875\/revisions"}],"predecessor-version":[{"id":11885,"href":"https:\/\/lequotidien.mr\/index.php?rest_route=\/wp\/v2\/posts\/11875\/revisions\/11885"}],"wp:featuredmedia":[{"embeddable":true,"href":"https:\/\/lequotidien.mr\/index.php?rest_route=\/wp\/v2\/media\/11876"}],"wp:attachment":[{"href":"https:\/\/lequotidien.mr\/index.php?rest_route=%2Fwp%2Fv2%2Fmedia&parent=11875"}],"wp:term":[{"taxonomy":"category","embeddable":true,"href":"https:\/\/lequotidien.mr\/index.php?rest_route=%2Fwp%2Fv2%2Fcategories&post=11875"},{"taxonomy":"post_tag","embeddable":true,"href":"https:\/\/lequotidien.mr\/index.php?rest_route=%2Fwp%2Fv2%2Ftags&post=11875"}],"curies":[{"name":"wp","href":"https:\/\/api.w.org\/{rel}","templated":true}]}}