{"id":11864,"date":"2023-09-12T17:34:53","date_gmt":"2023-09-12T17:34:53","guid":{"rendered":"https:\/\/lequotidien.mr\/?p=11864"},"modified":"2023-09-12T18:18:13","modified_gmt":"2023-09-12T18:18:13","slug":"reunion-entre-le-ministre-de-leconomie-du-et-la-representante-de-la-banque-mondiale-pour-renforcer-la-cooperation","status":"publish","type":"post","link":"https:\/\/lequotidien.mr\/?p=11864&lang=fr","title":{"rendered":"R\u00e9union entre le Ministre de l&#8217;\u00c9conomie et la Repr\u00e9sentante de la Banque Mondiale pour Renforcer la Coop\u00e9ration"},"content":{"rendered":"<p>Le ministre de l&#8217;\u00c9conomie et du D\u00e9veloppement Durable, M. Abdel Salam Ould Mohamed Saleh, a re\u00e7u ce mardi matin dans son bureau la repr\u00e9sentante r\u00e9sidente de la Banque mondiale dans notre pays, Mme Christina Santos.<\/p>\n<p>Lors de la r\u00e9union, les discussions ont port\u00e9 sur les divers aspects de la coop\u00e9ration entre notre pays et la Banque mondiale, ainsi que sur les moyens de renforcer ces relations.<\/p>\n<p>La rencontre a \u00e9t\u00e9 \u00e9galement englob\u00e9e par le Directeur G\u00e9n\u00e9ral des Financements et de la Coop\u00e9ration \u00c9conomique, M. Mohamed Salem Ould Nani.<\/p>\n","protected":false},"excerpt":{"rendered":"<p>Le ministre de l&#8217;\u00c9conomie et du D\u00e9veloppement Durable, M. Abdel Salam Ould Mohamed Saleh, a re\u00e7u ce mardi matin dans son bureau la repr\u00e9sentante r\u00e9sidente de la Banque mondiale dans notre pays, Mme Christina Santos. Lors de la r\u00e9union, les discussions ont port\u00e9 sur les divers aspects de la coop\u00e9ration entre notre pays et la&#8230;..<\/p>\n","protected":false},"author":3,"featured_media":11865,"comment_status":"open","ping_status":"open","sticky":false,"template":"","format":"standard","meta":{"footnotes":""},"categories":[23,49],"tags":[],"class_list":["post-11864","post","type-post","status-publish","format-standard","has-post-thumbnail","hentry","category-actualite","category-economie"],"yoast_head":"<!-- This site is optimized with the Yoast SEO plugin v27.5 - https:\/\/yoast.com\/product\/yoast-seo-wordpress\/ -->\n<title>R\u00e9union entre le Ministre de l&#039;\u00c9conomie et la Repr\u00e9sentante de la Banque Mondiale pour Renforcer la Coop\u00e9ration - Le Quotidien de Nouakchott<\/title>\n<meta name=\"robots\" content=\"index, follow, max-snippet:-1, max-image-preview:large, max-video-preview:-1\" \/>\n<link rel=\"canonical\" href=\"https:\/\/lequotidien.mr\/?p=11864&lang=fr\" \/>\n<meta property=\"og:locale\" content=\"ar_AR\" \/>\n<meta property=\"og:type\" content=\"article\" \/>\n<meta property=\"og:title\" content=\"R\u00e9union entre le Ministre de l&#039;\u00c9conomie et la Repr\u00e9sentante de la Banque Mondiale pour Renforcer la Coop\u00e9ration - Le Quotidien de Nouakchott\" \/>\n<meta property=\"og:description\" content=\"Le ministre de l&#8217;\u00c9conomie et du D\u00e9veloppement Durable, M. Abdel Salam Ould Mohamed Saleh, a re\u00e7u ce mardi matin dans son bureau la repr\u00e9sentante r\u00e9sidente de la Banque mondiale dans notre pays, Mme Christina Santos. Lors de la r\u00e9union, les discussions ont port\u00e9 sur les divers aspects de la coop\u00e9ration entre notre pays et la.....\" \/>\n<meta property=\"og:url\" content=\"https:\/\/lequotidien.mr\/?p=11864&amp;lang=fr\" \/>\n<meta property=\"og:site_name\" content=\"Le Quotidien de Nouakchott\" \/>\n<meta property=\"article:publisher\" content=\"https:\/\/web.facebook.com\/lequotidienmr\" \/>\n<meta property=\"article:author\" content=\"https:\/\/web.facebook.com\/a.mleiwih\" \/>\n<meta property=\"article:published_time\" content=\"2023-09-12T17:34:53+00:00\" \/>\n<meta property=\"article:modified_time\" content=\"2023-09-12T18:18:13+00:00\" \/>\n<meta property=\"og:image\" content=\"https:\/\/lequotidien.mr\/wp-content\/uploads\/2023\/09\/FB_IMG_1694531775543.jpg\" \/>\n\t<meta property=\"og:image:width\" content=\"480\" \/>\n\t<meta property=\"og:image:height\" content=\"270\" \/>\n\t<meta property=\"og:image:type\" content=\"image\/jpeg\" \/>\n<meta name=\"author\" content=\"Alioun M&#039;leiwih\" \/>\n<meta name=\"twitter:card\" content=\"summary_large_image\" \/>\n<meta name=\"twitter:creator\" content=\"@lequotidienmr\" \/>\n<meta name=\"twitter:site\" content=\"@lequotidienmr\" \/>\n<meta name=\"twitter:label1\" content=\"\u0643\u064f\u062a\u0628 \u0628\u0648\u0627\u0633\u0637\u0629\" \/>\n\t<meta name=\"twitter:data1\" content=\"Alioun M&#039;leiwih\" \/>\n<script type=\"application\/ld+json\" class=\"yoast-schema-graph\">{\"@context\":\"https:\\\/\\\/schema.org\",\"@graph\":[{\"@type\":\"Article\",\"@id\":\"https:\\\/\\\/lequotidien.mr\\\/?p=11864&lang=fr#article\",\"isPartOf\":{\"@id\":\"https:\\\/\\\/lequotidien.mr\\\/?p=11864&lang=fr\"},\"author\":{\"name\":\"Alioun M'leiwih\",\"@id\":\"https:\\\/\\\/lequotidien.mr\\\/#\\\/schema\\\/person\\\/69d1518c74c9137087929a20b1272cb0\"},\"headline\":\"R\u00e9union entre le Ministre de l&#8217;\u00c9conomie et la Repr\u00e9sentante de la Banque Mondiale pour Renforcer la Coop\u00e9ration\",\"datePublished\":\"2023-09-12T17:34:53+00:00\",\"dateModified\":\"2023-09-12T18:18:13+00:00\",\"mainEntityOfPage\":{\"@id\":\"https:\\\/\\\/lequotidien.mr\\\/?p=11864&lang=fr\"},\"wordCount\":120,\"commentCount\":0,\"publisher\":{\"@id\":\"https:\\\/\\\/lequotidien.mr\\\/#organization\"},\"image\":{\"@id\":\"https:\\\/\\\/lequotidien.mr\\\/?p=11864&lang=fr#primaryimage\"},\"thumbnailUrl\":\"https:\\\/\\\/lequotidien.mr\\\/wp-content\\\/uploads\\\/2023\\\/09\\\/FB_IMG_1694531775543.jpg\",\"articleSection\":[\"ACTUALIT\u00c9\",\"Economie\"],\"inLanguage\":\"ar\",\"potentialAction\":[{\"@type\":\"CommentAction\",\"name\":\"Comment\",\"target\":[\"https:\\\/\\\/lequotidien.mr\\\/?p=11864&lang=fr#respond\"]}]},{\"@type\":\"WebPage\",\"@id\":\"https:\\\/\\\/lequotidien.mr\\\/?p=11864&lang=fr\",\"url\":\"https:\\\/\\\/lequotidien.mr\\\/?p=11864&lang=fr\",\"name\":\"R\u00e9union entre le Ministre de l'\u00c9conomie et la Repr\u00e9sentante de la Banque Mondiale pour Renforcer la Coop\u00e9ration - Le Quotidien de Nouakchott\",\"isPartOf\":{\"@id\":\"https:\\\/\\\/lequotidien.mr\\\/#website\"},\"primaryImageOfPage\":{\"@id\":\"https:\\\/\\\/lequotidien.mr\\\/?p=11864&lang=fr#primaryimage\"},\"image\":{\"@id\":\"https:\\\/\\\/lequotidien.mr\\\/?p=11864&lang=fr#primaryimage\"},\"thumbnailUrl\":\"https:\\\/\\\/lequotidien.mr\\\/wp-content\\\/uploads\\\/2023\\\/09\\\/FB_IMG_1694531775543.jpg\",\"datePublished\":\"2023-09-12T17:34:53+00:00\",\"dateModified\":\"2023-09-12T18:18:13+00:00\",\"breadcrumb\":{\"@id\":\"https:\\\/\\\/lequotidien.mr\\\/?p=11864&lang=fr#breadcrumb\"},\"inLanguage\":\"ar\",\"potentialAction\":[{\"@type\":\"ReadAction\",\"target\":[\"https:\\\/\\\/lequotidien.mr\\\/?p=11864&lang=fr\"]}]},{\"@type\":\"ImageObject\",\"inLanguage\":\"ar\",\"@id\":\"https:\\\/\\\/lequotidien.mr\\\/?p=11864&lang=fr#primaryimage\",\"url\":\"https:\\\/\\\/lequotidien.mr\\\/wp-content\\\/uploads\\\/2023\\\/09\\\/FB_IMG_1694531775543.jpg\",\"contentUrl\":\"https:\\\/\\\/lequotidien.mr\\\/wp-content\\\/uploads\\\/2023\\\/09\\\/FB_IMG_1694531775543.jpg\",\"width\":480,\"height\":270},{\"@type\":\"BreadcrumbList\",\"@id\":\"https:\\\/\\\/lequotidien.mr\\\/?p=11864&lang=fr#breadcrumb\",\"itemListElement\":[{\"@type\":\"ListItem\",\"position\":1,\"name\":\"Home\",\"item\":\"https:\\\/\\\/lequotidien.mr\\\/\"},{\"@type\":\"ListItem\",\"position\":2,\"name\":\"R\u00e9union entre le Ministre de l&#8217;\u00c9conomie et la Repr\u00e9sentante de la Banque Mondiale pour Renforcer la Coop\u00e9ration\"}]},{\"@type\":\"WebSite\",\"@id\":\"https:\\\/\\\/lequotidien.mr\\\/#website\",\"url\":\"https:\\\/\\\/lequotidien.mr\\\/\",\"name\":\"Le Quotidien de Nouakchott\",\"description\":\"\u0625\u062e\u0628\u0627\u0631\u064a\u0629 \u0645\u0633\u062a\u0642\u0644\u0629 \u0644\u0644\u0623\u0646\u0628\u0627\u0621 \u0627\u0644\u0639\u0627\u0645\u0629\",\"publisher\":{\"@id\":\"https:\\\/\\\/lequotidien.mr\\\/#organization\"},\"potentialAction\":[{\"@type\":\"SearchAction\",\"target\":{\"@type\":\"EntryPoint\",\"urlTemplate\":\"https:\\\/\\\/lequotidien.mr\\\/?s={search_term_string}\"},\"query-input\":{\"@type\":\"PropertyValueSpecification\",\"valueRequired\":true,\"valueName\":\"search_term_string\"}}],\"inLanguage\":\"ar\"},{\"@type\":\"Organization\",\"@id\":\"https:\\\/\\\/lequotidien.mr\\\/#organization\",\"name\":\"Le Quotidien de Nouakchott\",\"url\":\"https:\\\/\\\/lequotidien.mr\\\/\",\"logo\":{\"@type\":\"ImageObject\",\"inLanguage\":\"ar\",\"@id\":\"https:\\\/\\\/lequotidien.mr\\\/#\\\/schema\\\/logo\\\/image\\\/\",\"url\":\"https:\\\/\\\/lequotidien.mr\\\/wp-content\\\/uploads\\\/2022\\\/11\\\/logolequotidien.jpg\",\"contentUrl\":\"https:\\\/\\\/lequotidien.mr\\\/wp-content\\\/uploads\\\/2022\\\/11\\\/logolequotidien.jpg\",\"width\":290,\"height\":65,\"caption\":\"Le Quotidien de Nouakchott\"},\"image\":{\"@id\":\"https:\\\/\\\/lequotidien.mr\\\/#\\\/schema\\\/logo\\\/image\\\/\"},\"sameAs\":[\"https:\\\/\\\/web.facebook.com\\\/lequotidienmr\",\"https:\\\/\\\/x.com\\\/lequotidienmr\"]},{\"@type\":\"Person\",\"@id\":\"https:\\\/\\\/lequotidien.mr\\\/#\\\/schema\\\/person\\\/69d1518c74c9137087929a20b1272cb0\",\"name\":\"Alioun M'leiwih\",\"image\":{\"@type\":\"ImageObject\",\"inLanguage\":\"ar\",\"@id\":\"https:\\\/\\\/secure.gravatar.com\\\/avatar\\\/01f9d357222d7d4ca8f71662f4b081718f06d25b11fc45662ecca0622d507e51?s=96&d=mm&r=g\",\"url\":\"https:\\\/\\\/secure.gravatar.com\\\/avatar\\\/01f9d357222d7d4ca8f71662f4b081718f06d25b11fc45662ecca0622d507e51?s=96&d=mm&r=g\",\"contentUrl\":\"https:\\\/\\\/secure.gravatar.com\\\/avatar\\\/01f9d357222d7d4ca8f71662f4b081718f06d25b11fc45662ecca0622d507e51?s=96&d=mm&r=g\",\"caption\":\"Alioun M'leiwih\"},\"sameAs\":[\"https:\\\/\\\/lequotidien.mr\\\/\",\"https:\\\/\\\/web.facebook.com\\\/a.mleiwih\",\"https:\\\/\\\/www.linkedin.com\\\/in\\\/alimlewih\\\/\"],\"url\":\"https:\\\/\\\/lequotidien.mr\\\/?author=3\"}]}<\/script>\n<!-- \/ Yoast SEO plugin. -->","yoast_head_json":{"title":"R\u00e9union entre le Ministre de l'\u00c9conomie et la Repr\u00e9sentante de la Banque Mondiale pour Renforcer la Coop\u00e9ration - Le Quotidien de Nouakchott","robots":{"index":"index","follow":"follow","max-snippet":"max-snippet:-1","max-image-preview":"max-image-preview:large","max-video-preview":"max-video-preview:-1"},"canonical":"https:\/\/lequotidien.mr\/?p=11864&lang=fr","og_locale":"ar_AR","og_type":"article","og_title":"R\u00e9union entre le Ministre de l'\u00c9conomie et la Repr\u00e9sentante de la Banque Mondiale pour Renforcer la Coop\u00e9ration - Le Quotidien de Nouakchott","og_description":"Le ministre de l&#8217;\u00c9conomie et du D\u00e9veloppement Durable, M. Abdel Salam Ould Mohamed Saleh, a re\u00e7u ce mardi matin dans son bureau la repr\u00e9sentante r\u00e9sidente de la Banque mondiale dans notre pays, Mme Christina Santos. Lors de la r\u00e9union, les discussions ont port\u00e9 sur les divers aspects de la coop\u00e9ration entre notre pays et la.....","og_url":"https:\/\/lequotidien.mr\/?p=11864&lang=fr","og_site_name":"Le Quotidien de Nouakchott","article_publisher":"https:\/\/web.facebook.com\/lequotidienmr","article_author":"https:\/\/web.facebook.com\/a.mleiwih","article_published_time":"2023-09-12T17:34:53+00:00","article_modified_time":"2023-09-12T18:18:13+00:00","og_image":[{"width":480,"height":270,"url":"https:\/\/lequotidien.mr\/wp-content\/uploads\/2023\/09\/FB_IMG_1694531775543.jpg","type":"image\/jpeg"}],"author":"Alioun M'leiwih","twitter_card":"summary_large_image","twitter_creator":"@lequotidienmr","twitter_site":"@lequotidienmr","twitter_misc":{"\u0643\u064f\u062a\u0628 \u0628\u0648\u0627\u0633\u0637\u0629":"Alioun M'leiwih"},"schema":{"@context":"https:\/\/schema.org","@graph":[{"@type":"Article","@id":"https:\/\/lequotidien.mr\/?p=11864&lang=fr#article","isPartOf":{"@id":"https:\/\/lequotidien.mr\/?p=11864&lang=fr"},"author":{"name":"Alioun M'leiwih","@id":"https:\/\/lequotidien.mr\/#\/schema\/person\/69d1518c74c9137087929a20b1272cb0"},"headline":"R\u00e9union entre le Ministre de l&#8217;\u00c9conomie et la Repr\u00e9sentante de la Banque Mondiale pour Renforcer la Coop\u00e9ration","datePublished":"2023-09-12T17:34:53+00:00","dateModified":"2023-09-12T18:18:13+00:00","mainEntityOfPage":{"@id":"https:\/\/lequotidien.mr\/?p=11864&lang=fr"},"wordCount":120,"commentCount":0,"publisher":{"@id":"https:\/\/lequotidien.mr\/#organization"},"image":{"@id":"https:\/\/lequotidien.mr\/?p=11864&lang=fr#primaryimage"},"thumbnailUrl":"https:\/\/lequotidien.mr\/wp-content\/uploads\/2023\/09\/FB_IMG_1694531775543.jpg","articleSection":["ACTUALIT\u00c9","Economie"],"inLanguage":"ar","potentialAction":[{"@type":"CommentAction","name":"Comment","target":["https:\/\/lequotidien.mr\/?p=11864&lang=fr#respond"]}]},{"@type":"WebPage","@id":"https:\/\/lequotidien.mr\/?p=11864&lang=fr","url":"https:\/\/lequotidien.mr\/?p=11864&lang=fr","name":"R\u00e9union entre le Ministre de l'\u00c9conomie et la Repr\u00e9sentante de la Banque Mondiale pour Renforcer la Coop\u00e9ration - Le Quotidien de Nouakchott","isPartOf":{"@id":"https:\/\/lequotidien.mr\/#website"},"primaryImageOfPage":{"@id":"https:\/\/lequotidien.mr\/?p=11864&lang=fr#primaryimage"},"image":{"@id":"https:\/\/lequotidien.mr\/?p=11864&lang=fr#primaryimage"},"thumbnailUrl":"https:\/\/lequotidien.mr\/wp-content\/uploads\/2023\/09\/FB_IMG_1694531775543.jpg","datePublished":"2023-09-12T17:34:53+00:00","dateModified":"2023-09-12T18:18:13+00:00","breadcrumb":{"@id":"https:\/\/lequotidien.mr\/?p=11864&lang=fr#breadcrumb"},"inLanguage":"ar","potentialAction":[{"@type":"ReadAction","target":["https:\/\/lequotidien.mr\/?p=11864&lang=fr"]}]},{"@type":"ImageObject","inLanguage":"ar","@id":"https:\/\/lequotidien.mr\/?p=11864&lang=fr#primaryimage","url":"https:\/\/lequotidien.mr\/wp-content\/uploads\/2023\/09\/FB_IMG_1694531775543.jpg","contentUrl":"https:\/\/lequotidien.mr\/wp-content\/uploads\/2023\/09\/FB_IMG_1694531775543.jpg","width":480,"height":270},{"@type":"BreadcrumbList","@id":"https:\/\/lequotidien.mr\/?p=11864&lang=fr#breadcrumb","itemListElement":[{"@type":"ListItem","position":1,"name":"Home","item":"https:\/\/lequotidien.mr\/"},{"@type":"ListItem","position":2,"name":"R\u00e9union entre le Ministre de l&#8217;\u00c9conomie et la Repr\u00e9sentante de la Banque Mondiale pour Renforcer la Coop\u00e9ration"}]},{"@type":"WebSite","@id":"https:\/\/lequotidien.mr\/#website","url":"https:\/\/lequotidien.mr\/","name":"Le Quotidien de Nouakchott","description":"\u0625\u062e\u0628\u0627\u0631\u064a\u0629 \u0645\u0633\u062a\u0642\u0644\u0629 \u0644\u0644\u0623\u0646\u0628\u0627\u0621 \u0627\u0644\u0639\u0627\u0645\u0629","publisher":{"@id":"https:\/\/lequotidien.mr\/#organization"},"potentialAction":[{"@type":"SearchAction","target":{"@type":"EntryPoint","urlTemplate":"https:\/\/lequotidien.mr\/?s={search_term_string}"},"query-input":{"@type":"PropertyValueSpecification","valueRequired":true,"valueName":"search_term_string"}}],"inLanguage":"ar"},{"@type":"Organization","@id":"https:\/\/lequotidien.mr\/#organization","name":"Le Quotidien de Nouakchott","url":"https:\/\/lequotidien.mr\/","logo":{"@type":"ImageObject","inLanguage":"ar","@id":"https:\/\/lequotidien.mr\/#\/schema\/logo\/image\/","url":"https:\/\/lequotidien.mr\/wp-content\/uploads\/2022\/11\/logolequotidien.jpg","contentUrl":"https:\/\/lequotidien.mr\/wp-content\/uploads\/2022\/11\/logolequotidien.jpg","width":290,"height":65,"caption":"Le Quotidien de Nouakchott"},"image":{"@id":"https:\/\/lequotidien.mr\/#\/schema\/logo\/image\/"},"sameAs":["https:\/\/web.facebook.com\/lequotidienmr","https:\/\/x.com\/lequotidienmr"]},{"@type":"Person","@id":"https:\/\/lequotidien.mr\/#\/schema\/person\/69d1518c74c9137087929a20b1272cb0","name":"Alioun M'leiwih","image":{"@type":"ImageObject","inLanguage":"ar","@id":"https:\/\/secure.gravatar.com\/avatar\/01f9d357222d7d4ca8f71662f4b081718f06d25b11fc45662ecca0622d507e51?s=96&d=mm&r=g","url":"https:\/\/secure.gravatar.com\/avatar\/01f9d357222d7d4ca8f71662f4b081718f06d25b11fc45662ecca0622d507e51?s=96&d=mm&r=g","contentUrl":"https:\/\/secure.gravatar.com\/avatar\/01f9d357222d7d4ca8f71662f4b081718f06d25b11fc45662ecca0622d507e51?s=96&d=mm&r=g","caption":"Alioun M'leiwih"},"sameAs":["https:\/\/lequotidien.mr\/","https:\/\/web.facebook.com\/a.mleiwih","https:\/\/www.linkedin.com\/in\/alimlewih\/"],"url":"https:\/\/lequotidien.mr\/?author=3"}]}},"_links":{"self":[{"href":"https:\/\/lequotidien.mr\/index.php?rest_route=\/wp\/v2\/posts\/11864","targetHints":{"allow":["GET"]}}],"collection":[{"href":"https:\/\/lequotidien.mr\/index.php?rest_route=\/wp\/v2\/posts"}],"about":[{"href":"https:\/\/lequotidien.mr\/index.php?rest_route=\/wp\/v2\/types\/post"}],"author":[{"embeddable":true,"href":"https:\/\/lequotidien.mr\/index.php?rest_route=\/wp\/v2\/users\/3"}],"replies":[{"embeddable":true,"href":"https:\/\/lequotidien.mr\/index.php?rest_route=%2Fwp%2Fv2%2Fcomments&post=11864"}],"version-history":[{"count":2,"href":"https:\/\/lequotidien.mr\/index.php?rest_route=\/wp\/v2\/posts\/11864\/revisions"}],"predecessor-version":[{"id":11884,"href":"https:\/\/lequotidien.mr\/index.php?rest_route=\/wp\/v2\/posts\/11864\/revisions\/11884"}],"wp:featuredmedia":[{"embeddable":true,"href":"https:\/\/lequotidien.mr\/index.php?rest_route=\/wp\/v2\/media\/11865"}],"wp:attachment":[{"href":"https:\/\/lequotidien.mr\/index.php?rest_route=%2Fwp%2Fv2%2Fmedia&parent=11864"}],"wp:term":[{"taxonomy":"category","embeddable":true,"href":"https:\/\/lequotidien.mr\/index.php?rest_route=%2Fwp%2Fv2%2Fcategories&post=11864"},{"taxonomy":"post_tag","embeddable":true,"href":"https:\/\/lequotidien.mr\/index.php?rest_route=%2Fwp%2Fv2%2Ftags&post=11864"}],"curies":[{"name":"wp","href":"https:\/\/api.w.org\/{rel}","templated":true}]}}