{"id":11801,"date":"2023-09-11T18:32:47","date_gmt":"2023-09-11T18:32:47","guid":{"rendered":"https:\/\/lequotidien.mr\/?p=11801"},"modified":"2023-09-11T18:32:47","modified_gmt":"2023-09-11T18:32:47","slug":"libye-au-moins-150-morts-apres-des-pluies-torrentielles","status":"publish","type":"post","link":"https:\/\/lequotidien.mr\/?p=11801&lang=fr","title":{"rendered":"Libye : au moins 150 morts apr\u00e8s des pluies torrentielles"},"content":{"rendered":"<p>La Croix &#8211; Des inondations caus\u00e9es par des pluies diluviennes ont fait au moins 150 morts dans l\u2019est de la Libye, a indiqu\u00e9 lundi 11 septembre un porte-parole de l\u2019ex\u00e9cutif parall\u00e8le. Cette temp\u00eate baptis\u00e9e Daniel a touch\u00e9 des villes c\u00f4ti\u00e8res du pays ainsi que Benghazi.<\/p>\n<p>\u00ab Au moins 150 personnes ont \u00e9t\u00e9 tu\u00e9es \u00e0 cause des inondations provoqu\u00e9es par la temp\u00eate Daniel \u00e0 Derna, dans les r\u00e9gions du djebel Al-Akhdar et dans la banlieue d\u2019Al-Marj \u00bb dans l\u2019est libyen, a annonc\u00e9 Mohamed Massoud, porte-parole du chef de l\u2019ex\u00e9cutif parall\u00e8le bas\u00e9 \u00e0 Benghazi (nord-est).<\/p>\n<p>Qualifi\u00e9e par les experts de ph\u00e9nom\u00e8ne \u00ab extr\u00eame en termes de quantit\u00e9 d\u2019eau tomb\u00e9e \u00bb, la temp\u00eate baptis\u00e9e Daniel a frapp\u00e9 aussi ces derniers jours la Gr\u00e8ce, la Turquie et la Bulgarie, faisant au moins 27 morts. La temp\u00eate a \u00e9galement caus\u00e9 \u00ab d\u2019importants d\u00e9g\u00e2ts mat\u00e9riels aux infrastructures et propri\u00e9t\u00e9s priv\u00e9es \u00bb, a ajout\u00e9 le porte-parole libyen.<\/p>\n<p><strong> Derna, ville sinistr\u00e9e<\/strong><\/p>\n<p>La temp\u00eate Daniel a frapp\u00e9 l\u2019est de la Libye dimanche apr\u00e8s-midi, notamment les villes c\u00f4ti\u00e8res du djebel Al-Akhdar (nord-est) mais \u00e9galement Benghazi o\u00f9 un couvre-feu a \u00e9t\u00e9 d\u00e9cr\u00e9t\u00e9 et les \u00e9coles ferm\u00e9es. La r\u00e9gion \u00e9tait d\u00e9j\u00e0 touch\u00e9e par des pluies diluviennes depuis quelques jours.<\/p>\n<p>Des \u00e9quipes de secours ont \u00e9t\u00e9 d\u00e9p\u00each\u00e9es dimanche \u00e0 Derna, une ville de plus de 100 000 habitants (900 km \u00e0 l\u2019est de Tripoli) travers\u00e9e par un oued. Les autorit\u00e9s de l\u2019est libyen ont \u00ab perdu le contact avec neuf soldats lors des op\u00e9rations de sauvetage dans cette ville \u00bb, selon Mohamed Massoud.<\/p>\n<p>Lundi, le gouvernement parall\u00e8le, nomm\u00e9 par le Parlement et install\u00e9 dans l\u2019est de la Libye, a d\u00e9clar\u00e9 Derna \u00ab ville sinistr\u00e9e \u00bb. Des centaines d\u2019habitants y sont toujours bloqu\u00e9s dans des zones difficiles d\u2019acc\u00e8s, alors que les \u00e9quipes de secours, \u00e9paul\u00e9es par l\u2019arm\u00e9e, tentent de leur venir en aide.<\/p>\n<p>Des images tourn\u00e9es par les habitants des villes de l\u2019est comme Derna, Al-Bayda et de petites localit\u00e9s montrent d\u2019impressionnantes coul\u00e9es de boue et des quartiers entiers sous l\u2019eau, ainsi que des routes et b\u00e2timents effondr\u00e9s.<\/p>\n<p><strong> Un pays en plein chaos<\/strong><\/p>\n<p>Dot\u00e9e des r\u00e9serves p\u00e9troli\u00e8res les plus abondantes d\u2019Afrique, la Libye est plong\u00e9e dans le chaos depuis la chute du r\u00e9gime de Mouammar Kadhafi en 2011 et secou\u00e9e par des divisions entre l\u2019est et l\u2019ouest du pays.<\/p>\n<p>La mission de l\u2019ONU en Libye a dit \u00ab suivre de pr\u00e8s la situation d\u2019urgence (\u2026) dans la r\u00e9gion orientale du pays \u00bb, exprimant sa solidarit\u00e9 avec les familles des victimes. L\u2019ambassadeur de France en Libye, Mostafa Mihraje, a pr\u00e9sent\u00e9 ses condol\u00e9ances aux victimes et exprim\u00e9 sa \u00ab solidarit\u00e9 avec le peuple libyen dans cette \u00e9preuve \u00bb.<\/p>\n<p>AFP<\/p>\n","protected":false},"excerpt":{"rendered":"<p>La Croix &#8211; Des inondations caus\u00e9es par des pluies diluviennes ont fait au moins 150 morts dans l\u2019est de la Libye, a indiqu\u00e9 lundi 11 septembre un porte-parole de l\u2019ex\u00e9cutif parall\u00e8le. Cette temp\u00eate baptis\u00e9e Daniel a touch\u00e9 des villes c\u00f4ti\u00e8res du pays ainsi que Benghazi. \u00ab Au moins 150 personnes ont \u00e9t\u00e9 tu\u00e9es \u00e0 cause&#8230;..<\/p>\n","protected":false},"author":3,"featured_media":11802,"comment_status":"open","ping_status":"open","sticky":false,"template":"","format":"standard","meta":{"footnotes":""},"categories":[23,53],"tags":[],"class_list":["post-11801","post","type-post","status-publish","format-standard","has-post-thumbnail","hentry","category-actualite","category-faits-divers"],"yoast_head":"<!-- This site is optimized with the Yoast SEO plugin v27.5 - https:\/\/yoast.com\/product\/yoast-seo-wordpress\/ -->\n<title>Libye : au moins 150 morts apr\u00e8s des pluies torrentielles - Le Quotidien de Nouakchott<\/title>\n<meta name=\"robots\" content=\"index, follow, max-snippet:-1, max-image-preview:large, max-video-preview:-1\" \/>\n<link rel=\"canonical\" href=\"https:\/\/lequotidien.mr\/?p=11801&lang=fr\" \/>\n<meta property=\"og:locale\" content=\"ar_AR\" \/>\n<meta property=\"og:type\" content=\"article\" \/>\n<meta property=\"og:title\" content=\"Libye : au moins 150 morts apr\u00e8s des pluies torrentielles - Le Quotidien de Nouakchott\" \/>\n<meta property=\"og:description\" content=\"La Croix &#8211; Des inondations caus\u00e9es par des pluies diluviennes ont fait au moins 150 morts dans l\u2019est de la Libye, a indiqu\u00e9 lundi 11 septembre un porte-parole de l\u2019ex\u00e9cutif parall\u00e8le. Cette temp\u00eate baptis\u00e9e Daniel a touch\u00e9 des villes c\u00f4ti\u00e8res du pays ainsi que Benghazi. \u00ab Au moins 150 personnes ont \u00e9t\u00e9 tu\u00e9es \u00e0 cause.....\" \/>\n<meta property=\"og:url\" content=\"https:\/\/lequotidien.mr\/?p=11801&amp;lang=fr\" \/>\n<meta property=\"og:site_name\" content=\"Le Quotidien de Nouakchott\" \/>\n<meta property=\"article:publisher\" content=\"https:\/\/web.facebook.com\/lequotidienmr\" \/>\n<meta property=\"article:author\" content=\"https:\/\/web.facebook.com\/a.mleiwih\" \/>\n<meta property=\"article:published_time\" content=\"2023-09-11T18:32:47+00:00\" \/>\n<meta property=\"og:image\" content=\"https:\/\/lequotidien.mr\/wp-content\/uploads\/2023\/09\/dc1b6ae7acce389e8e7107975e9a3d71.jpg\" \/>\n\t<meta property=\"og:image:width\" content=\"720\" \/>\n\t<meta property=\"og:image:height\" content=\"480\" \/>\n\t<meta property=\"og:image:type\" content=\"image\/jpeg\" \/>\n<meta name=\"author\" content=\"Alioun M&#039;leiwih\" \/>\n<meta name=\"twitter:card\" content=\"summary_large_image\" \/>\n<meta name=\"twitter:creator\" content=\"@lequotidienmr\" \/>\n<meta name=\"twitter:site\" content=\"@lequotidienmr\" \/>\n<meta name=\"twitter:label1\" content=\"\u0643\u064f\u062a\u0628 \u0628\u0648\u0627\u0633\u0637\u0629\" \/>\n\t<meta name=\"twitter:data1\" content=\"Alioun M&#039;leiwih\" \/>\n\t<meta name=\"twitter:label2\" content=\"\u0648\u0642\u062a \u0627\u0644\u0642\u0631\u0627\u0621\u0629 \u0627\u0644\u0645\u064f\u0642\u062f\u0651\u0631\" \/>\n\t<meta name=\"twitter:data2\" content=\"\u062f\u0642\u064a\u0642\u062a\u0627\u0646\" \/>\n<script type=\"application\/ld+json\" class=\"yoast-schema-graph\">{\"@context\":\"https:\\\/\\\/schema.org\",\"@graph\":[{\"@type\":\"Article\",\"@id\":\"https:\\\/\\\/lequotidien.mr\\\/?p=11801&lang=fr#article\",\"isPartOf\":{\"@id\":\"https:\\\/\\\/lequotidien.mr\\\/?p=11801&lang=fr\"},\"author\":{\"name\":\"Alioun M'leiwih\",\"@id\":\"https:\\\/\\\/lequotidien.mr\\\/#\\\/schema\\\/person\\\/69d1518c74c9137087929a20b1272cb0\"},\"headline\":\"Libye : au moins 150 morts apr\u00e8s des pluies torrentielles\",\"datePublished\":\"2023-09-11T18:32:47+00:00\",\"mainEntityOfPage\":{\"@id\":\"https:\\\/\\\/lequotidien.mr\\\/?p=11801&lang=fr\"},\"wordCount\":505,\"commentCount\":0,\"publisher\":{\"@id\":\"https:\\\/\\\/lequotidien.mr\\\/#organization\"},\"image\":{\"@id\":\"https:\\\/\\\/lequotidien.mr\\\/?p=11801&lang=fr#primaryimage\"},\"thumbnailUrl\":\"https:\\\/\\\/lequotidien.mr\\\/wp-content\\\/uploads\\\/2023\\\/09\\\/dc1b6ae7acce389e8e7107975e9a3d71.jpg\",\"articleSection\":[\"ACTUALIT\u00c9\",\"FAITS DIVERS\"],\"inLanguage\":\"ar\",\"potentialAction\":[{\"@type\":\"CommentAction\",\"name\":\"Comment\",\"target\":[\"https:\\\/\\\/lequotidien.mr\\\/?p=11801&lang=fr#respond\"]}]},{\"@type\":\"WebPage\",\"@id\":\"https:\\\/\\\/lequotidien.mr\\\/?p=11801&lang=fr\",\"url\":\"https:\\\/\\\/lequotidien.mr\\\/?p=11801&lang=fr\",\"name\":\"Libye : au moins 150 morts apr\u00e8s des pluies torrentielles - Le Quotidien de Nouakchott\",\"isPartOf\":{\"@id\":\"https:\\\/\\\/lequotidien.mr\\\/#website\"},\"primaryImageOfPage\":{\"@id\":\"https:\\\/\\\/lequotidien.mr\\\/?p=11801&lang=fr#primaryimage\"},\"image\":{\"@id\":\"https:\\\/\\\/lequotidien.mr\\\/?p=11801&lang=fr#primaryimage\"},\"thumbnailUrl\":\"https:\\\/\\\/lequotidien.mr\\\/wp-content\\\/uploads\\\/2023\\\/09\\\/dc1b6ae7acce389e8e7107975e9a3d71.jpg\",\"datePublished\":\"2023-09-11T18:32:47+00:00\",\"breadcrumb\":{\"@id\":\"https:\\\/\\\/lequotidien.mr\\\/?p=11801&lang=fr#breadcrumb\"},\"inLanguage\":\"ar\",\"potentialAction\":[{\"@type\":\"ReadAction\",\"target\":[\"https:\\\/\\\/lequotidien.mr\\\/?p=11801&lang=fr\"]}]},{\"@type\":\"ImageObject\",\"inLanguage\":\"ar\",\"@id\":\"https:\\\/\\\/lequotidien.mr\\\/?p=11801&lang=fr#primaryimage\",\"url\":\"https:\\\/\\\/lequotidien.mr\\\/wp-content\\\/uploads\\\/2023\\\/09\\\/dc1b6ae7acce389e8e7107975e9a3d71.jpg\",\"contentUrl\":\"https:\\\/\\\/lequotidien.mr\\\/wp-content\\\/uploads\\\/2023\\\/09\\\/dc1b6ae7acce389e8e7107975e9a3d71.jpg\",\"width\":720,\"height\":480},{\"@type\":\"BreadcrumbList\",\"@id\":\"https:\\\/\\\/lequotidien.mr\\\/?p=11801&lang=fr#breadcrumb\",\"itemListElement\":[{\"@type\":\"ListItem\",\"position\":1,\"name\":\"Home\",\"item\":\"https:\\\/\\\/lequotidien.mr\\\/\"},{\"@type\":\"ListItem\",\"position\":2,\"name\":\"Libye : au moins 150 morts apr\u00e8s des pluies torrentielles\"}]},{\"@type\":\"WebSite\",\"@id\":\"https:\\\/\\\/lequotidien.mr\\\/#website\",\"url\":\"https:\\\/\\\/lequotidien.mr\\\/\",\"name\":\"Le Quotidien de Nouakchott\",\"description\":\"\u0625\u062e\u0628\u0627\u0631\u064a\u0629 \u0645\u0633\u062a\u0642\u0644\u0629 \u0644\u0644\u0623\u0646\u0628\u0627\u0621 \u0627\u0644\u0639\u0627\u0645\u0629\",\"publisher\":{\"@id\":\"https:\\\/\\\/lequotidien.mr\\\/#organization\"},\"potentialAction\":[{\"@type\":\"SearchAction\",\"target\":{\"@type\":\"EntryPoint\",\"urlTemplate\":\"https:\\\/\\\/lequotidien.mr\\\/?s={search_term_string}\"},\"query-input\":{\"@type\":\"PropertyValueSpecification\",\"valueRequired\":true,\"valueName\":\"search_term_string\"}}],\"inLanguage\":\"ar\"},{\"@type\":\"Organization\",\"@id\":\"https:\\\/\\\/lequotidien.mr\\\/#organization\",\"name\":\"Le Quotidien de Nouakchott\",\"url\":\"https:\\\/\\\/lequotidien.mr\\\/\",\"logo\":{\"@type\":\"ImageObject\",\"inLanguage\":\"ar\",\"@id\":\"https:\\\/\\\/lequotidien.mr\\\/#\\\/schema\\\/logo\\\/image\\\/\",\"url\":\"https:\\\/\\\/lequotidien.mr\\\/wp-content\\\/uploads\\\/2022\\\/11\\\/logolequotidien.jpg\",\"contentUrl\":\"https:\\\/\\\/lequotidien.mr\\\/wp-content\\\/uploads\\\/2022\\\/11\\\/logolequotidien.jpg\",\"width\":290,\"height\":65,\"caption\":\"Le Quotidien de Nouakchott\"},\"image\":{\"@id\":\"https:\\\/\\\/lequotidien.mr\\\/#\\\/schema\\\/logo\\\/image\\\/\"},\"sameAs\":[\"https:\\\/\\\/web.facebook.com\\\/lequotidienmr\",\"https:\\\/\\\/x.com\\\/lequotidienmr\"]},{\"@type\":\"Person\",\"@id\":\"https:\\\/\\\/lequotidien.mr\\\/#\\\/schema\\\/person\\\/69d1518c74c9137087929a20b1272cb0\",\"name\":\"Alioun M'leiwih\",\"image\":{\"@type\":\"ImageObject\",\"inLanguage\":\"ar\",\"@id\":\"https:\\\/\\\/secure.gravatar.com\\\/avatar\\\/01f9d357222d7d4ca8f71662f4b081718f06d25b11fc45662ecca0622d507e51?s=96&d=mm&r=g\",\"url\":\"https:\\\/\\\/secure.gravatar.com\\\/avatar\\\/01f9d357222d7d4ca8f71662f4b081718f06d25b11fc45662ecca0622d507e51?s=96&d=mm&r=g\",\"contentUrl\":\"https:\\\/\\\/secure.gravatar.com\\\/avatar\\\/01f9d357222d7d4ca8f71662f4b081718f06d25b11fc45662ecca0622d507e51?s=96&d=mm&r=g\",\"caption\":\"Alioun M'leiwih\"},\"sameAs\":[\"https:\\\/\\\/lequotidien.mr\\\/\",\"https:\\\/\\\/web.facebook.com\\\/a.mleiwih\",\"https:\\\/\\\/www.linkedin.com\\\/in\\\/alimlewih\\\/\"],\"url\":\"https:\\\/\\\/lequotidien.mr\\\/?author=3\"}]}<\/script>\n<!-- \/ Yoast SEO plugin. -->","yoast_head_json":{"title":"Libye : au moins 150 morts apr\u00e8s des pluies torrentielles - Le Quotidien de Nouakchott","robots":{"index":"index","follow":"follow","max-snippet":"max-snippet:-1","max-image-preview":"max-image-preview:large","max-video-preview":"max-video-preview:-1"},"canonical":"https:\/\/lequotidien.mr\/?p=11801&lang=fr","og_locale":"ar_AR","og_type":"article","og_title":"Libye : au moins 150 morts apr\u00e8s des pluies torrentielles - Le Quotidien de Nouakchott","og_description":"La Croix &#8211; Des inondations caus\u00e9es par des pluies diluviennes ont fait au moins 150 morts dans l\u2019est de la Libye, a indiqu\u00e9 lundi 11 septembre un porte-parole de l\u2019ex\u00e9cutif parall\u00e8le. Cette temp\u00eate baptis\u00e9e Daniel a touch\u00e9 des villes c\u00f4ti\u00e8res du pays ainsi que Benghazi. \u00ab Au moins 150 personnes ont \u00e9t\u00e9 tu\u00e9es \u00e0 cause.....","og_url":"https:\/\/lequotidien.mr\/?p=11801&lang=fr","og_site_name":"Le Quotidien de Nouakchott","article_publisher":"https:\/\/web.facebook.com\/lequotidienmr","article_author":"https:\/\/web.facebook.com\/a.mleiwih","article_published_time":"2023-09-11T18:32:47+00:00","og_image":[{"width":720,"height":480,"url":"https:\/\/lequotidien.mr\/wp-content\/uploads\/2023\/09\/dc1b6ae7acce389e8e7107975e9a3d71.jpg","type":"image\/jpeg"}],"author":"Alioun M'leiwih","twitter_card":"summary_large_image","twitter_creator":"@lequotidienmr","twitter_site":"@lequotidienmr","twitter_misc":{"\u0643\u064f\u062a\u0628 \u0628\u0648\u0627\u0633\u0637\u0629":"Alioun M'leiwih","\u0648\u0642\u062a \u0627\u0644\u0642\u0631\u0627\u0621\u0629 \u0627\u0644\u0645\u064f\u0642\u062f\u0651\u0631":"\u062f\u0642\u064a\u0642\u062a\u0627\u0646"},"schema":{"@context":"https:\/\/schema.org","@graph":[{"@type":"Article","@id":"https:\/\/lequotidien.mr\/?p=11801&lang=fr#article","isPartOf":{"@id":"https:\/\/lequotidien.mr\/?p=11801&lang=fr"},"author":{"name":"Alioun M'leiwih","@id":"https:\/\/lequotidien.mr\/#\/schema\/person\/69d1518c74c9137087929a20b1272cb0"},"headline":"Libye : au moins 150 morts apr\u00e8s des pluies torrentielles","datePublished":"2023-09-11T18:32:47+00:00","mainEntityOfPage":{"@id":"https:\/\/lequotidien.mr\/?p=11801&lang=fr"},"wordCount":505,"commentCount":0,"publisher":{"@id":"https:\/\/lequotidien.mr\/#organization"},"image":{"@id":"https:\/\/lequotidien.mr\/?p=11801&lang=fr#primaryimage"},"thumbnailUrl":"https:\/\/lequotidien.mr\/wp-content\/uploads\/2023\/09\/dc1b6ae7acce389e8e7107975e9a3d71.jpg","articleSection":["ACTUALIT\u00c9","FAITS DIVERS"],"inLanguage":"ar","potentialAction":[{"@type":"CommentAction","name":"Comment","target":["https:\/\/lequotidien.mr\/?p=11801&lang=fr#respond"]}]},{"@type":"WebPage","@id":"https:\/\/lequotidien.mr\/?p=11801&lang=fr","url":"https:\/\/lequotidien.mr\/?p=11801&lang=fr","name":"Libye : au moins 150 morts apr\u00e8s des pluies torrentielles - Le Quotidien de Nouakchott","isPartOf":{"@id":"https:\/\/lequotidien.mr\/#website"},"primaryImageOfPage":{"@id":"https:\/\/lequotidien.mr\/?p=11801&lang=fr#primaryimage"},"image":{"@id":"https:\/\/lequotidien.mr\/?p=11801&lang=fr#primaryimage"},"thumbnailUrl":"https:\/\/lequotidien.mr\/wp-content\/uploads\/2023\/09\/dc1b6ae7acce389e8e7107975e9a3d71.jpg","datePublished":"2023-09-11T18:32:47+00:00","breadcrumb":{"@id":"https:\/\/lequotidien.mr\/?p=11801&lang=fr#breadcrumb"},"inLanguage":"ar","potentialAction":[{"@type":"ReadAction","target":["https:\/\/lequotidien.mr\/?p=11801&lang=fr"]}]},{"@type":"ImageObject","inLanguage":"ar","@id":"https:\/\/lequotidien.mr\/?p=11801&lang=fr#primaryimage","url":"https:\/\/lequotidien.mr\/wp-content\/uploads\/2023\/09\/dc1b6ae7acce389e8e7107975e9a3d71.jpg","contentUrl":"https:\/\/lequotidien.mr\/wp-content\/uploads\/2023\/09\/dc1b6ae7acce389e8e7107975e9a3d71.jpg","width":720,"height":480},{"@type":"BreadcrumbList","@id":"https:\/\/lequotidien.mr\/?p=11801&lang=fr#breadcrumb","itemListElement":[{"@type":"ListItem","position":1,"name":"Home","item":"https:\/\/lequotidien.mr\/"},{"@type":"ListItem","position":2,"name":"Libye : au moins 150 morts apr\u00e8s des pluies torrentielles"}]},{"@type":"WebSite","@id":"https:\/\/lequotidien.mr\/#website","url":"https:\/\/lequotidien.mr\/","name":"Le Quotidien de Nouakchott","description":"\u0625\u062e\u0628\u0627\u0631\u064a\u0629 \u0645\u0633\u062a\u0642\u0644\u0629 \u0644\u0644\u0623\u0646\u0628\u0627\u0621 \u0627\u0644\u0639\u0627\u0645\u0629","publisher":{"@id":"https:\/\/lequotidien.mr\/#organization"},"potentialAction":[{"@type":"SearchAction","target":{"@type":"EntryPoint","urlTemplate":"https:\/\/lequotidien.mr\/?s={search_term_string}"},"query-input":{"@type":"PropertyValueSpecification","valueRequired":true,"valueName":"search_term_string"}}],"inLanguage":"ar"},{"@type":"Organization","@id":"https:\/\/lequotidien.mr\/#organization","name":"Le Quotidien de Nouakchott","url":"https:\/\/lequotidien.mr\/","logo":{"@type":"ImageObject","inLanguage":"ar","@id":"https:\/\/lequotidien.mr\/#\/schema\/logo\/image\/","url":"https:\/\/lequotidien.mr\/wp-content\/uploads\/2022\/11\/logolequotidien.jpg","contentUrl":"https:\/\/lequotidien.mr\/wp-content\/uploads\/2022\/11\/logolequotidien.jpg","width":290,"height":65,"caption":"Le Quotidien de Nouakchott"},"image":{"@id":"https:\/\/lequotidien.mr\/#\/schema\/logo\/image\/"},"sameAs":["https:\/\/web.facebook.com\/lequotidienmr","https:\/\/x.com\/lequotidienmr"]},{"@type":"Person","@id":"https:\/\/lequotidien.mr\/#\/schema\/person\/69d1518c74c9137087929a20b1272cb0","name":"Alioun M'leiwih","image":{"@type":"ImageObject","inLanguage":"ar","@id":"https:\/\/secure.gravatar.com\/avatar\/01f9d357222d7d4ca8f71662f4b081718f06d25b11fc45662ecca0622d507e51?s=96&d=mm&r=g","url":"https:\/\/secure.gravatar.com\/avatar\/01f9d357222d7d4ca8f71662f4b081718f06d25b11fc45662ecca0622d507e51?s=96&d=mm&r=g","contentUrl":"https:\/\/secure.gravatar.com\/avatar\/01f9d357222d7d4ca8f71662f4b081718f06d25b11fc45662ecca0622d507e51?s=96&d=mm&r=g","caption":"Alioun M'leiwih"},"sameAs":["https:\/\/lequotidien.mr\/","https:\/\/web.facebook.com\/a.mleiwih","https:\/\/www.linkedin.com\/in\/alimlewih\/"],"url":"https:\/\/lequotidien.mr\/?author=3"}]}},"_links":{"self":[{"href":"https:\/\/lequotidien.mr\/index.php?rest_route=\/wp\/v2\/posts\/11801","targetHints":{"allow":["GET"]}}],"collection":[{"href":"https:\/\/lequotidien.mr\/index.php?rest_route=\/wp\/v2\/posts"}],"about":[{"href":"https:\/\/lequotidien.mr\/index.php?rest_route=\/wp\/v2\/types\/post"}],"author":[{"embeddable":true,"href":"https:\/\/lequotidien.mr\/index.php?rest_route=\/wp\/v2\/users\/3"}],"replies":[{"embeddable":true,"href":"https:\/\/lequotidien.mr\/index.php?rest_route=%2Fwp%2Fv2%2Fcomments&post=11801"}],"version-history":[{"count":1,"href":"https:\/\/lequotidien.mr\/index.php?rest_route=\/wp\/v2\/posts\/11801\/revisions"}],"predecessor-version":[{"id":11803,"href":"https:\/\/lequotidien.mr\/index.php?rest_route=\/wp\/v2\/posts\/11801\/revisions\/11803"}],"wp:featuredmedia":[{"embeddable":true,"href":"https:\/\/lequotidien.mr\/index.php?rest_route=\/wp\/v2\/media\/11802"}],"wp:attachment":[{"href":"https:\/\/lequotidien.mr\/index.php?rest_route=%2Fwp%2Fv2%2Fmedia&parent=11801"}],"wp:term":[{"taxonomy":"category","embeddable":true,"href":"https:\/\/lequotidien.mr\/index.php?rest_route=%2Fwp%2Fv2%2Fcategories&post=11801"},{"taxonomy":"post_tag","embeddable":true,"href":"https:\/\/lequotidien.mr\/index.php?rest_route=%2Fwp%2Fv2%2Ftags&post=11801"}],"curies":[{"name":"wp","href":"https:\/\/api.w.org\/{rel}","templated":true}]}}