{"id":11736,"date":"2023-09-09T17:00:46","date_gmt":"2023-09-09T17:00:46","guid":{"rendered":"https:\/\/lequotidien.mr\/?p=11736"},"modified":"2023-09-09T17:13:55","modified_gmt":"2023-09-09T17:13:55","slug":"de-bressuire-au-senegal-via-la-mauritanie-un-convoi-du-coeur-selancera-le-11-septembre","status":"publish","type":"post","link":"https:\/\/lequotidien.mr\/?p=11736&lang=fr","title":{"rendered":"**De Bressuire au S\u00e9n\u00e9gal, via la Mauritanie, un convoi du c\u0153ur s\u2019\u00e9lancera le 11 septembre**"},"content":{"rendered":"<p><b>*Bressuire, Deux-S\u00e8vres* &#8211; Dans un geste de solidarit\u00e9 et d&#8217;engagement humanitaire, Serge Caillon et Pascal Baudry, originaires du Bocage bressuirais, se pr\u00e9parent \u00e0 entreprendre un voyage exceptionnel vers le continent africain. Leur mission, pr\u00e9vue pour durer quinze jours, les emm\u00e8nera \u00e0 travers plus de 4 500 kilom\u00e8tres, avec une escale en Mauritanie, jusqu&#8217;au sud du S\u00e9n\u00e9gal. Cependant, ces aventuriers aguerris savent que de nombreux d\u00e9fis pourraient se dresser sur leur chemin.<\/b><\/p>\n<p><b>\u00a0<\/b><\/p>\n<p><b>Le d\u00e9part de ce p\u00e9riple extraordinaire est fix\u00e9 au lundi 11 septembre, marquant le d\u00e9but d&#8217;une aventure humanitaire charg\u00e9e de sens. Serge Caillon, membre actif de l&#8217;association &#8220;Convoi du c\u0153ur&#8221;, explique : &#8220;Nous laisserons l&#8217;une de nos voitures \u00e0 l&#8217;un de nos transitaires en Mauritanie, qui facilite nos d\u00e9placements depuis plusieurs ann\u00e9es&#8221;. Cette initiative g\u00e9n\u00e9reuse n&#8217;est pas nouvelle pour l&#8217;association, dont le premier convoi humanitaire remonte \u00e0 l&#8217;ann\u00e9e 1990.<\/b><\/p>\n<p><b>\u00a0<\/b><\/p>\n<p><b>Lors de ce voyage vers le S\u00e9n\u00e9gal, le convoi transportera pr\u00e8s de 80 m\u00e8tres cubes de marchandises pr\u00e9cieuses, comprenant du mat\u00e9riel scolaire, m\u00e9dical et des v\u00eatements. Une grande partie de ces fournitures sera d\u00e9pos\u00e9e \u00e0 Nouadhibou, en Mauritanie, et provient du d\u00e9stockage d&#8217;une association vend\u00e9enne. Serge Caillon pr\u00e9cise : &#8220;Une partie de ce volume sera remise \u00e0 la mairie pour \u00eatre redistribu\u00e9e aux habitants, tandis qu&#8217;une autre partie sera destin\u00e9e \u00e0 une maison de sant\u00e9. Tout le mat\u00e9riel scolaire sera confi\u00e9 \u00e0 la mission catholique&#8221;. Le dernier tiers de la cargaison, collect\u00e9 gr\u00e2ce \u00e0 la collaboration de l&#8217;association bressuiraise &#8220;L\u2019Alexis-Camille&#8221;, sera dirig\u00e9 vers trois villages s\u00e9n\u00e9galais dans le besoin.<\/b><\/p>\n<p><b>\u00a0<\/b><\/p>\n<p><b>Serge Caillon et Pascal Baudry tiennent \u00e0 remercier chaleureusement toutes les personnes qui ont apport\u00e9 leur soutien, en particulier pour le chargement de la cargaison. Ces deux aventuriers chevronn\u00e9s sont coutumiers de ce genre d&#8217;exp\u00e9ditions humanitaires, le premier datant de 1990 en direction de Hodac, en Roumanie. Leur prochain voyage en Afrique est d\u00e9j\u00e0 en pr\u00e9paration et devrait avoir lieu en Guin\u00e9e d&#8217;ici 2025. Ils pr\u00e9voient notamment d&#8217;acheminer quarante lits r\u00e9cup\u00e9r\u00e9s \u00e0 l&#8217;Ehpad La Cressonni\u00e8re de Cerizay, t\u00e9moignant ainsi de leur engagement ind\u00e9fectible envers les populations d\u00e9favoris\u00e9es.<\/b><\/p>\n<p><b>\u00a0<\/b><\/p>\n<p><b>Ce convoi du c\u0153ur, empli d&#8217;espoir et de solidarit\u00e9, d\u00e9montre une fois de plus que l&#8217;humanit\u00e9 peut surmonter toutes les distances pour tendre la main \u00e0 ceux dans le besoin. Serge Caillon et Pascal Baudry incarnent l&#8217;altruisme et l&#8217;engagement en faveur des plus d\u00e9munis, et leur voyage vers le S\u00e9n\u00e9gal et la Mauritanie est un exemple inspirant de d\u00e9vouement envers une cause noble. Nous leur souhaitons un voyage s\u00fbr et couronn\u00e9 de succ\u00e8s dans leur mission humanitaire vers l&#8217;Afrique.<\/b><\/p>\n<p>&nbsp;<\/p>\n","protected":false},"excerpt":{"rendered":"<p>*Bressuire, Deux-S\u00e8vres* &#8211; Dans un geste de solidarit\u00e9 et d&#8217;engagement humanitaire, Serge Caillon et Pascal Baudry, originaires du Bocage bressuirais, se pr\u00e9parent \u00e0 entreprendre un voyage exceptionnel vers le continent africain. Leur mission, pr\u00e9vue pour durer quinze jours, les emm\u00e8nera \u00e0 travers plus de 4 500 kilom\u00e8tres, avec une escale en Mauritanie, jusqu&#8217;au sud du&#8230;..<\/p>\n","protected":false},"author":3,"featured_media":11737,"comment_status":"open","ping_status":"open","sticky":false,"template":"","format":"standard","meta":{"footnotes":""},"categories":[23,53],"tags":[],"class_list":["post-11736","post","type-post","status-publish","format-standard","has-post-thumbnail","hentry","category-actualite","category-faits-divers"],"yoast_head":"<!-- This site is optimized with the Yoast SEO plugin v27.5 - https:\/\/yoast.com\/product\/yoast-seo-wordpress\/ -->\n<title>**De Bressuire au S\u00e9n\u00e9gal, via la Mauritanie, un convoi du c\u0153ur s\u2019\u00e9lancera le 11 septembre** - Le Quotidien de Nouakchott<\/title>\n<meta name=\"robots\" content=\"index, follow, max-snippet:-1, max-image-preview:large, max-video-preview:-1\" \/>\n<link rel=\"canonical\" href=\"https:\/\/lequotidien.mr\/?p=11736&lang=fr\" \/>\n<meta property=\"og:locale\" content=\"ar_AR\" \/>\n<meta property=\"og:type\" content=\"article\" \/>\n<meta property=\"og:title\" content=\"**De Bressuire au S\u00e9n\u00e9gal, via la Mauritanie, un convoi du c\u0153ur s\u2019\u00e9lancera le 11 septembre** - Le Quotidien de Nouakchott\" \/>\n<meta property=\"og:description\" content=\"*Bressuire, Deux-S\u00e8vres* &#8211; Dans un geste de solidarit\u00e9 et d&#8217;engagement humanitaire, Serge Caillon et Pascal Baudry, originaires du Bocage bressuirais, se pr\u00e9parent \u00e0 entreprendre un voyage exceptionnel vers le continent africain. Leur mission, pr\u00e9vue pour durer quinze jours, les emm\u00e8nera \u00e0 travers plus de 4 500 kilom\u00e8tres, avec une escale en Mauritanie, jusqu&#8217;au sud du.....\" \/>\n<meta property=\"og:url\" content=\"https:\/\/lequotidien.mr\/?p=11736&amp;lang=fr\" \/>\n<meta property=\"og:site_name\" content=\"Le Quotidien de Nouakchott\" \/>\n<meta property=\"article:publisher\" content=\"https:\/\/web.facebook.com\/lequotidienmr\" \/>\n<meta property=\"article:author\" content=\"https:\/\/web.facebook.com\/a.mleiwih\" \/>\n<meta property=\"article:published_time\" content=\"2023-09-09T17:00:46+00:00\" \/>\n<meta property=\"article:modified_time\" content=\"2023-09-09T17:13:55+00:00\" \/>\n<meta property=\"og:image\" content=\"https:\/\/lequotidien.mr\/wp-content\/uploads\/2023\/09\/64f8a198a27e9eaf128b4579.jpg\" \/>\n\t<meta property=\"og:image:width\" content=\"1020\" \/>\n\t<meta property=\"og:image:height\" content=\"573\" \/>\n\t<meta property=\"og:image:type\" content=\"image\/jpeg\" \/>\n<meta name=\"author\" content=\"Alioun M&#039;leiwih\" \/>\n<meta name=\"twitter:card\" content=\"summary_large_image\" \/>\n<meta name=\"twitter:creator\" content=\"@lequotidienmr\" \/>\n<meta name=\"twitter:site\" content=\"@lequotidienmr\" \/>\n<meta name=\"twitter:label1\" content=\"\u0643\u064f\u062a\u0628 \u0628\u0648\u0627\u0633\u0637\u0629\" \/>\n\t<meta name=\"twitter:data1\" content=\"Alioun M&#039;leiwih\" \/>\n\t<meta name=\"twitter:label2\" content=\"\u0648\u0642\u062a \u0627\u0644\u0642\u0631\u0627\u0621\u0629 \u0627\u0644\u0645\u064f\u0642\u062f\u0651\u0631\" \/>\n\t<meta name=\"twitter:data2\" content=\"\u062f\u0642\u064a\u0642\u062a\u0627\u0646\" \/>\n<script type=\"application\/ld+json\" class=\"yoast-schema-graph\">{\"@context\":\"https:\\\/\\\/schema.org\",\"@graph\":[{\"@type\":\"Article\",\"@id\":\"https:\\\/\\\/lequotidien.mr\\\/?p=11736&lang=fr#article\",\"isPartOf\":{\"@id\":\"https:\\\/\\\/lequotidien.mr\\\/?p=11736&lang=fr\"},\"author\":{\"name\":\"Alioun M'leiwih\",\"@id\":\"https:\\\/\\\/lequotidien.mr\\\/#\\\/schema\\\/person\\\/69d1518c74c9137087929a20b1272cb0\"},\"headline\":\"**De Bressuire au S\u00e9n\u00e9gal, via la Mauritanie, un convoi du c\u0153ur s\u2019\u00e9lancera le 11 septembre**\",\"datePublished\":\"2023-09-09T17:00:46+00:00\",\"dateModified\":\"2023-09-09T17:13:55+00:00\",\"mainEntityOfPage\":{\"@id\":\"https:\\\/\\\/lequotidien.mr\\\/?p=11736&lang=fr\"},\"wordCount\":494,\"commentCount\":0,\"publisher\":{\"@id\":\"https:\\\/\\\/lequotidien.mr\\\/#organization\"},\"image\":{\"@id\":\"https:\\\/\\\/lequotidien.mr\\\/?p=11736&lang=fr#primaryimage\"},\"thumbnailUrl\":\"https:\\\/\\\/lequotidien.mr\\\/wp-content\\\/uploads\\\/2023\\\/09\\\/64f8a198a27e9eaf128b4579.jpg\",\"articleSection\":[\"ACTUALIT\u00c9\",\"FAITS DIVERS\"],\"inLanguage\":\"ar\",\"potentialAction\":[{\"@type\":\"CommentAction\",\"name\":\"Comment\",\"target\":[\"https:\\\/\\\/lequotidien.mr\\\/?p=11736&lang=fr#respond\"]}]},{\"@type\":\"WebPage\",\"@id\":\"https:\\\/\\\/lequotidien.mr\\\/?p=11736&lang=fr\",\"url\":\"https:\\\/\\\/lequotidien.mr\\\/?p=11736&lang=fr\",\"name\":\"**De Bressuire au S\u00e9n\u00e9gal, via la Mauritanie, un convoi du c\u0153ur s\u2019\u00e9lancera le 11 septembre** - Le Quotidien de Nouakchott\",\"isPartOf\":{\"@id\":\"https:\\\/\\\/lequotidien.mr\\\/#website\"},\"primaryImageOfPage\":{\"@id\":\"https:\\\/\\\/lequotidien.mr\\\/?p=11736&lang=fr#primaryimage\"},\"image\":{\"@id\":\"https:\\\/\\\/lequotidien.mr\\\/?p=11736&lang=fr#primaryimage\"},\"thumbnailUrl\":\"https:\\\/\\\/lequotidien.mr\\\/wp-content\\\/uploads\\\/2023\\\/09\\\/64f8a198a27e9eaf128b4579.jpg\",\"datePublished\":\"2023-09-09T17:00:46+00:00\",\"dateModified\":\"2023-09-09T17:13:55+00:00\",\"breadcrumb\":{\"@id\":\"https:\\\/\\\/lequotidien.mr\\\/?p=11736&lang=fr#breadcrumb\"},\"inLanguage\":\"ar\",\"potentialAction\":[{\"@type\":\"ReadAction\",\"target\":[\"https:\\\/\\\/lequotidien.mr\\\/?p=11736&lang=fr\"]}]},{\"@type\":\"ImageObject\",\"inLanguage\":\"ar\",\"@id\":\"https:\\\/\\\/lequotidien.mr\\\/?p=11736&lang=fr#primaryimage\",\"url\":\"https:\\\/\\\/lequotidien.mr\\\/wp-content\\\/uploads\\\/2023\\\/09\\\/64f8a198a27e9eaf128b4579.jpg\",\"contentUrl\":\"https:\\\/\\\/lequotidien.mr\\\/wp-content\\\/uploads\\\/2023\\\/09\\\/64f8a198a27e9eaf128b4579.jpg\",\"width\":1020,\"height\":573},{\"@type\":\"BreadcrumbList\",\"@id\":\"https:\\\/\\\/lequotidien.mr\\\/?p=11736&lang=fr#breadcrumb\",\"itemListElement\":[{\"@type\":\"ListItem\",\"position\":1,\"name\":\"Home\",\"item\":\"https:\\\/\\\/lequotidien.mr\\\/\"},{\"@type\":\"ListItem\",\"position\":2,\"name\":\"**De Bressuire au S\u00e9n\u00e9gal, via la Mauritanie, un convoi du c\u0153ur s\u2019\u00e9lancera le 11 septembre**\"}]},{\"@type\":\"WebSite\",\"@id\":\"https:\\\/\\\/lequotidien.mr\\\/#website\",\"url\":\"https:\\\/\\\/lequotidien.mr\\\/\",\"name\":\"Le Quotidien de Nouakchott\",\"description\":\"\u0625\u062e\u0628\u0627\u0631\u064a\u0629 \u0645\u0633\u062a\u0642\u0644\u0629 \u0644\u0644\u0623\u0646\u0628\u0627\u0621 \u0627\u0644\u0639\u0627\u0645\u0629\",\"publisher\":{\"@id\":\"https:\\\/\\\/lequotidien.mr\\\/#organization\"},\"potentialAction\":[{\"@type\":\"SearchAction\",\"target\":{\"@type\":\"EntryPoint\",\"urlTemplate\":\"https:\\\/\\\/lequotidien.mr\\\/?s={search_term_string}\"},\"query-input\":{\"@type\":\"PropertyValueSpecification\",\"valueRequired\":true,\"valueName\":\"search_term_string\"}}],\"inLanguage\":\"ar\"},{\"@type\":\"Organization\",\"@id\":\"https:\\\/\\\/lequotidien.mr\\\/#organization\",\"name\":\"Le Quotidien de Nouakchott\",\"url\":\"https:\\\/\\\/lequotidien.mr\\\/\",\"logo\":{\"@type\":\"ImageObject\",\"inLanguage\":\"ar\",\"@id\":\"https:\\\/\\\/lequotidien.mr\\\/#\\\/schema\\\/logo\\\/image\\\/\",\"url\":\"https:\\\/\\\/lequotidien.mr\\\/wp-content\\\/uploads\\\/2022\\\/11\\\/logolequotidien.jpg\",\"contentUrl\":\"https:\\\/\\\/lequotidien.mr\\\/wp-content\\\/uploads\\\/2022\\\/11\\\/logolequotidien.jpg\",\"width\":290,\"height\":65,\"caption\":\"Le Quotidien de Nouakchott\"},\"image\":{\"@id\":\"https:\\\/\\\/lequotidien.mr\\\/#\\\/schema\\\/logo\\\/image\\\/\"},\"sameAs\":[\"https:\\\/\\\/web.facebook.com\\\/lequotidienmr\",\"https:\\\/\\\/x.com\\\/lequotidienmr\"]},{\"@type\":\"Person\",\"@id\":\"https:\\\/\\\/lequotidien.mr\\\/#\\\/schema\\\/person\\\/69d1518c74c9137087929a20b1272cb0\",\"name\":\"Alioun M'leiwih\",\"image\":{\"@type\":\"ImageObject\",\"inLanguage\":\"ar\",\"@id\":\"https:\\\/\\\/secure.gravatar.com\\\/avatar\\\/01f9d357222d7d4ca8f71662f4b081718f06d25b11fc45662ecca0622d507e51?s=96&d=mm&r=g\",\"url\":\"https:\\\/\\\/secure.gravatar.com\\\/avatar\\\/01f9d357222d7d4ca8f71662f4b081718f06d25b11fc45662ecca0622d507e51?s=96&d=mm&r=g\",\"contentUrl\":\"https:\\\/\\\/secure.gravatar.com\\\/avatar\\\/01f9d357222d7d4ca8f71662f4b081718f06d25b11fc45662ecca0622d507e51?s=96&d=mm&r=g\",\"caption\":\"Alioun M'leiwih\"},\"sameAs\":[\"https:\\\/\\\/lequotidien.mr\\\/\",\"https:\\\/\\\/web.facebook.com\\\/a.mleiwih\",\"https:\\\/\\\/www.linkedin.com\\\/in\\\/alimlewih\\\/\"],\"url\":\"https:\\\/\\\/lequotidien.mr\\\/?author=3\"}]}<\/script>\n<!-- \/ Yoast SEO plugin. -->","yoast_head_json":{"title":"**De Bressuire au S\u00e9n\u00e9gal, via la Mauritanie, un convoi du c\u0153ur s\u2019\u00e9lancera le 11 septembre** - Le Quotidien de Nouakchott","robots":{"index":"index","follow":"follow","max-snippet":"max-snippet:-1","max-image-preview":"max-image-preview:large","max-video-preview":"max-video-preview:-1"},"canonical":"https:\/\/lequotidien.mr\/?p=11736&lang=fr","og_locale":"ar_AR","og_type":"article","og_title":"**De Bressuire au S\u00e9n\u00e9gal, via la Mauritanie, un convoi du c\u0153ur s\u2019\u00e9lancera le 11 septembre** - Le Quotidien de Nouakchott","og_description":"*Bressuire, Deux-S\u00e8vres* &#8211; Dans un geste de solidarit\u00e9 et d&#8217;engagement humanitaire, Serge Caillon et Pascal Baudry, originaires du Bocage bressuirais, se pr\u00e9parent \u00e0 entreprendre un voyage exceptionnel vers le continent africain. Leur mission, pr\u00e9vue pour durer quinze jours, les emm\u00e8nera \u00e0 travers plus de 4 500 kilom\u00e8tres, avec une escale en Mauritanie, jusqu&#8217;au sud du.....","og_url":"https:\/\/lequotidien.mr\/?p=11736&lang=fr","og_site_name":"Le Quotidien de Nouakchott","article_publisher":"https:\/\/web.facebook.com\/lequotidienmr","article_author":"https:\/\/web.facebook.com\/a.mleiwih","article_published_time":"2023-09-09T17:00:46+00:00","article_modified_time":"2023-09-09T17:13:55+00:00","og_image":[{"width":1020,"height":573,"url":"https:\/\/lequotidien.mr\/wp-content\/uploads\/2023\/09\/64f8a198a27e9eaf128b4579.jpg","type":"image\/jpeg"}],"author":"Alioun M'leiwih","twitter_card":"summary_large_image","twitter_creator":"@lequotidienmr","twitter_site":"@lequotidienmr","twitter_misc":{"\u0643\u064f\u062a\u0628 \u0628\u0648\u0627\u0633\u0637\u0629":"Alioun M'leiwih","\u0648\u0642\u062a \u0627\u0644\u0642\u0631\u0627\u0621\u0629 \u0627\u0644\u0645\u064f\u0642\u062f\u0651\u0631":"\u062f\u0642\u064a\u0642\u062a\u0627\u0646"},"schema":{"@context":"https:\/\/schema.org","@graph":[{"@type":"Article","@id":"https:\/\/lequotidien.mr\/?p=11736&lang=fr#article","isPartOf":{"@id":"https:\/\/lequotidien.mr\/?p=11736&lang=fr"},"author":{"name":"Alioun M'leiwih","@id":"https:\/\/lequotidien.mr\/#\/schema\/person\/69d1518c74c9137087929a20b1272cb0"},"headline":"**De Bressuire au S\u00e9n\u00e9gal, via la Mauritanie, un convoi du c\u0153ur s\u2019\u00e9lancera le 11 septembre**","datePublished":"2023-09-09T17:00:46+00:00","dateModified":"2023-09-09T17:13:55+00:00","mainEntityOfPage":{"@id":"https:\/\/lequotidien.mr\/?p=11736&lang=fr"},"wordCount":494,"commentCount":0,"publisher":{"@id":"https:\/\/lequotidien.mr\/#organization"},"image":{"@id":"https:\/\/lequotidien.mr\/?p=11736&lang=fr#primaryimage"},"thumbnailUrl":"https:\/\/lequotidien.mr\/wp-content\/uploads\/2023\/09\/64f8a198a27e9eaf128b4579.jpg","articleSection":["ACTUALIT\u00c9","FAITS DIVERS"],"inLanguage":"ar","potentialAction":[{"@type":"CommentAction","name":"Comment","target":["https:\/\/lequotidien.mr\/?p=11736&lang=fr#respond"]}]},{"@type":"WebPage","@id":"https:\/\/lequotidien.mr\/?p=11736&lang=fr","url":"https:\/\/lequotidien.mr\/?p=11736&lang=fr","name":"**De Bressuire au S\u00e9n\u00e9gal, via la Mauritanie, un convoi du c\u0153ur s\u2019\u00e9lancera le 11 septembre** - Le Quotidien de Nouakchott","isPartOf":{"@id":"https:\/\/lequotidien.mr\/#website"},"primaryImageOfPage":{"@id":"https:\/\/lequotidien.mr\/?p=11736&lang=fr#primaryimage"},"image":{"@id":"https:\/\/lequotidien.mr\/?p=11736&lang=fr#primaryimage"},"thumbnailUrl":"https:\/\/lequotidien.mr\/wp-content\/uploads\/2023\/09\/64f8a198a27e9eaf128b4579.jpg","datePublished":"2023-09-09T17:00:46+00:00","dateModified":"2023-09-09T17:13:55+00:00","breadcrumb":{"@id":"https:\/\/lequotidien.mr\/?p=11736&lang=fr#breadcrumb"},"inLanguage":"ar","potentialAction":[{"@type":"ReadAction","target":["https:\/\/lequotidien.mr\/?p=11736&lang=fr"]}]},{"@type":"ImageObject","inLanguage":"ar","@id":"https:\/\/lequotidien.mr\/?p=11736&lang=fr#primaryimage","url":"https:\/\/lequotidien.mr\/wp-content\/uploads\/2023\/09\/64f8a198a27e9eaf128b4579.jpg","contentUrl":"https:\/\/lequotidien.mr\/wp-content\/uploads\/2023\/09\/64f8a198a27e9eaf128b4579.jpg","width":1020,"height":573},{"@type":"BreadcrumbList","@id":"https:\/\/lequotidien.mr\/?p=11736&lang=fr#breadcrumb","itemListElement":[{"@type":"ListItem","position":1,"name":"Home","item":"https:\/\/lequotidien.mr\/"},{"@type":"ListItem","position":2,"name":"**De Bressuire au S\u00e9n\u00e9gal, via la Mauritanie, un convoi du c\u0153ur s\u2019\u00e9lancera le 11 septembre**"}]},{"@type":"WebSite","@id":"https:\/\/lequotidien.mr\/#website","url":"https:\/\/lequotidien.mr\/","name":"Le Quotidien de Nouakchott","description":"\u0625\u062e\u0628\u0627\u0631\u064a\u0629 \u0645\u0633\u062a\u0642\u0644\u0629 \u0644\u0644\u0623\u0646\u0628\u0627\u0621 \u0627\u0644\u0639\u0627\u0645\u0629","publisher":{"@id":"https:\/\/lequotidien.mr\/#organization"},"potentialAction":[{"@type":"SearchAction","target":{"@type":"EntryPoint","urlTemplate":"https:\/\/lequotidien.mr\/?s={search_term_string}"},"query-input":{"@type":"PropertyValueSpecification","valueRequired":true,"valueName":"search_term_string"}}],"inLanguage":"ar"},{"@type":"Organization","@id":"https:\/\/lequotidien.mr\/#organization","name":"Le Quotidien de Nouakchott","url":"https:\/\/lequotidien.mr\/","logo":{"@type":"ImageObject","inLanguage":"ar","@id":"https:\/\/lequotidien.mr\/#\/schema\/logo\/image\/","url":"https:\/\/lequotidien.mr\/wp-content\/uploads\/2022\/11\/logolequotidien.jpg","contentUrl":"https:\/\/lequotidien.mr\/wp-content\/uploads\/2022\/11\/logolequotidien.jpg","width":290,"height":65,"caption":"Le Quotidien de Nouakchott"},"image":{"@id":"https:\/\/lequotidien.mr\/#\/schema\/logo\/image\/"},"sameAs":["https:\/\/web.facebook.com\/lequotidienmr","https:\/\/x.com\/lequotidienmr"]},{"@type":"Person","@id":"https:\/\/lequotidien.mr\/#\/schema\/person\/69d1518c74c9137087929a20b1272cb0","name":"Alioun M'leiwih","image":{"@type":"ImageObject","inLanguage":"ar","@id":"https:\/\/secure.gravatar.com\/avatar\/01f9d357222d7d4ca8f71662f4b081718f06d25b11fc45662ecca0622d507e51?s=96&d=mm&r=g","url":"https:\/\/secure.gravatar.com\/avatar\/01f9d357222d7d4ca8f71662f4b081718f06d25b11fc45662ecca0622d507e51?s=96&d=mm&r=g","contentUrl":"https:\/\/secure.gravatar.com\/avatar\/01f9d357222d7d4ca8f71662f4b081718f06d25b11fc45662ecca0622d507e51?s=96&d=mm&r=g","caption":"Alioun M'leiwih"},"sameAs":["https:\/\/lequotidien.mr\/","https:\/\/web.facebook.com\/a.mleiwih","https:\/\/www.linkedin.com\/in\/alimlewih\/"],"url":"https:\/\/lequotidien.mr\/?author=3"}]}},"_links":{"self":[{"href":"https:\/\/lequotidien.mr\/index.php?rest_route=\/wp\/v2\/posts\/11736","targetHints":{"allow":["GET"]}}],"collection":[{"href":"https:\/\/lequotidien.mr\/index.php?rest_route=\/wp\/v2\/posts"}],"about":[{"href":"https:\/\/lequotidien.mr\/index.php?rest_route=\/wp\/v2\/types\/post"}],"author":[{"embeddable":true,"href":"https:\/\/lequotidien.mr\/index.php?rest_route=\/wp\/v2\/users\/3"}],"replies":[{"embeddable":true,"href":"https:\/\/lequotidien.mr\/index.php?rest_route=%2Fwp%2Fv2%2Fcomments&post=11736"}],"version-history":[{"count":2,"href":"https:\/\/lequotidien.mr\/index.php?rest_route=\/wp\/v2\/posts\/11736\/revisions"}],"predecessor-version":[{"id":11746,"href":"https:\/\/lequotidien.mr\/index.php?rest_route=\/wp\/v2\/posts\/11736\/revisions\/11746"}],"wp:featuredmedia":[{"embeddable":true,"href":"https:\/\/lequotidien.mr\/index.php?rest_route=\/wp\/v2\/media\/11737"}],"wp:attachment":[{"href":"https:\/\/lequotidien.mr\/index.php?rest_route=%2Fwp%2Fv2%2Fmedia&parent=11736"}],"wp:term":[{"taxonomy":"category","embeddable":true,"href":"https:\/\/lequotidien.mr\/index.php?rest_route=%2Fwp%2Fv2%2Fcategories&post=11736"},{"taxonomy":"post_tag","embeddable":true,"href":"https:\/\/lequotidien.mr\/index.php?rest_route=%2Fwp%2Fv2%2Ftags&post=11736"}],"curies":[{"name":"wp","href":"https:\/\/api.w.org\/{rel}","templated":true}]}}