{"id":11691,"date":"2023-09-08T18:16:42","date_gmt":"2023-09-08T18:16:42","guid":{"rendered":"https:\/\/lequotidien.mr\/?p=11691"},"modified":"2023-09-08T18:16:42","modified_gmt":"2023-09-08T18:16:42","slug":"fonds-daide-publique-a-la-presse-pour-une-cle-de-repartition-stricte","status":"publish","type":"post","link":"https:\/\/lequotidien.mr\/?p=11691&lang=fr","title":{"rendered":"Fonds d\u2019aide publique \u00e0 la presse : pour une cl\u00e9 de r\u00e9partition stricte !"},"content":{"rendered":"<p>L&#8217;Authentique &#8211; Chaque ann\u00e9e, la distribution du Fonds d\u2019aide publique \u00e0 la presse, est pr\u00e9c\u00e9d\u00e9e de campagnes souvent peu courtoises tendant \u00e0 semer la zizanie et la discorde aupr\u00e8s des responsables charg\u00e9s de la cl\u00e9 de r\u00e9partition du fonds.<\/p>\n<p>L\u2019ann\u00e9e 2023 ne semble pas, h\u00e9las, d\u00e9roger \u00e0 la r\u00e8gle. Certains lobbies dans le milieu de la presse, \u00e9voluant en soi-disant groupes de pression, essayent depuis quelques temps de mener une \u00e9quip\u00e9e sournoise contre les professionnels de la presse papier, tant francophone qu&#8217;arabophone.<\/p>\n<p>Leur objectif, chercher par tous les moyens \u00e0 minorer cette presse sous des argumentaires fallacieux. Jusque-l\u00e0, les acteurs susvis\u00e9s se contentaient de noter sans r\u00e9agir, pour \u00e9viter toute pol\u00e9mique malsaine.<\/p>\n<p>Heureusement que les responsables charg\u00e9s de la distribution de l\u2019aide \u00e0 la presse, ainsi que les cadres de la Haute autorit\u00e9 de la presse et de l\u2019audiovisuel (HAPA), en commen\u00e7ant par leurs pr\u00e9sidents, connaissent parfaitement le r\u00f4le et la place de cette presse qui est en r\u00e9alit\u00e9 la pionni\u00e8re de la presse ind\u00e9pendante en Mauritanie.<\/p>\n<p>En effet, des journaux professionnels comme Le Calame, L\u2019Authentique, Le R\u00e9novateur, l\u2019Eveil-Hebdo, avec leurs sites, ainsi que leurs confr\u00e8res arabophones aux titres \u00e9vocateurs, ont largement contribu\u00e9 \u00e0 fa\u00e7onner le paysage m\u00e9diatique depuis la naissance de la presse ind\u00e9pendante.<\/p>\n<p>En r\u00e9alit\u00e9, l\u2019argumentaire avanc\u00e9 par ce soi-disant groupe est que \u00ab la presse \u00e9crite n\u2019existe pas \u00bb, et qu\u2019il n\u2019y a que leurs sites qui comptent, alors qu&#8217;ils ne repr\u00e9sentent pas le quart du combat que la presse \u00e9crite m\u00e8ne depuis des d\u00e9cennies.<\/p>\n<p>Les journaux, en plus de certains sites respectables que l\u2019on peut compter sur les doigts d\u2019une main, sont en r\u00e9alit\u00e9 les derniers repr\u00e9sentants de la presse cr\u00e9dible en Mauritanie. Ils ont leur si\u00e8ge, payent un personnel m\u00eame r\u00e9duit, payent l\u2019eau et l\u2019\u00e9lectricit\u00e9 ainsi que des frais d\u2019impression aupr\u00e8s de l\u2019Imprimerie nationale. Ils contribuent \u00e0 l\u2019archivage national et constituent des supports de cr\u00e9dibilit\u00e9 dans un environnement o\u00f9 l\u2019\u00e9crasante majorit\u00e9 des sites alimentent la d\u00e9sinformation, l\u2019intox, la diffamation et la banalisation du m\u00e9tier.<\/p>\n<p>Avec plus de 3.000 parutions pour L\u2019Authentique, plus de 2000 pour Le R\u00e9novateur, et autant pour Le Calame et l\u2019Eveil-Hebdo, ces publications anciennes et respectables font la fiert\u00e9 de la profession. Tous ces journaux r\u00e9sistent vaille que vaille aux al\u00e9as de la profession.<\/p>\n<p>Ceux qui tentent l\u2019aventure hasardeuse de les disqualifier, ne comptent pour les plus t\u00e9m\u00e9raires d\u2019entre eux, que quelques centaines de parutions, souvent des humeurs personnelles, et sont pour la plupart de parution r\u00e9cente sur la sc\u00e8ne m\u00e9diatique.<\/p>\n<p>En plus, l\u2019Aide \u00e0 la presse \u00e9tait initialement destin\u00e9e uniquement \u00e0 la presse \u00e9crite papier. Elle a \u00e9t\u00e9 \u00e9largie ult\u00e9rieurement \u00e0 la presse \u00e9lectronique, puis aux m\u00e9dias audiovisuels et aux associations.<\/p>\n<p>Cette subvention devait, dans l\u2019esprit du l\u00e9gislateur mauritanien, contribuer \u00e0 att\u00e9nuer les d\u00e9fis structurels auxquels faisaient face les journaux par rapport \u00e0 leurs charges fixes, location d\u2019un si\u00e8ge, salaires du personnel, eau, \u00e9lectricit\u00e9, t\u00e9l\u00e9phone fixe, Internet, impression\u2026<\/p>\n<p>Les difficult\u00e9s conjoncturelles qui ont frapp\u00e9 la presse mauritanienne ces derni\u00e8res ann\u00e9es ont h\u00e9las contribu\u00e9 \u00e0 la disparition de plusieurs titres. Ne restent aujourd\u2019hui que quatre titres francophones anciens : L\u2019Authentique, Le R\u00e9novateur, Le Calame et l\u2019Eveil-Hebdo.<\/p>\n<p>A d\u00e9faut d\u2019am\u00e9liorer substantiellement leur existence, l\u2019aide \u00e0 la presse doit contribuer \u00e0 accroitre leur productivit\u00e9. Car, \u00e0 leur actif, plusieurs milliers d\u2019\u00e9ditions, \u00e9quivalant \u00e0 des millions d\u2019ouguiyas d\u2019investissement pour continuer \u00e0 jouer leur r\u00f4le d\u2019avant-garde dans la diffusion de la bonne et vraie information.<\/p>\n<p>Ils constituent l\u2019ossature de la presse \u00e9crite ind\u00e9pendante.<\/p>\n<p>Aussi, les fonds qui leur sont destin\u00e9s ne sont qu\u2019une juste r\u00e9tribution de leur effort entrepreneurial.<\/p>\n<p>Cette cl\u00e9 de r\u00e9partition, dont une infime partie leur est destin\u00e9e chaque ann\u00e9e, loin de couvrir leurs charges colossales, devrait en r\u00e9alit\u00e9 traduire le fruit de leur contribution dans l\u2019instauration de la d\u00e9mocratie et de la pluralit\u00e9 de l\u2019information, dans la lutte contre la gabegie et la corruption, les atteintes aux droits de l\u2019homme, \u00e0 la bonne gouvernance politique et \u00e9conomique.<\/p>\n<p>Ce combat, les journaux papiers le m\u00e8nent depuis l\u2019av\u00e8nement de la d\u00e9mocratie dans les ann\u00e9es 90, dans le sillage du discours de La Baule.<\/p>\n<p>Certes, il y a eu beaucoup de d\u00e9voiement dans l\u2019attribution de l\u2019aide \u00e0 la presse. Normalement, les radios et t\u00e9l\u00e9visions priv\u00e9es appartenant \u00e0 des hommes d\u2019affaires, ainsi que les associations de presse ne devaient pas figurer dans la liste des attributaires. Il est \u00e9galement hors de questions de consid\u00e9rer les bloggeurs (animateurs de page facebook) comme des journalistes, car ils ne le sont pas, l\u2019aide \u00e9tant en principe destin\u00e9e aux seuls organes de presse, ce qui n\u2019est pas leur cas.<\/p>\n<p>D\u2019autre part, la qualit\u00e9 de membres de la commission d\u2019aide \u00e0 la presse, fond\u00e9e sur le b\u00e9n\u00e9volat, ne doit nullement s\u2019associer \u00e0 une quelconque r\u00e9tribution. Les salaires qu\u2019ils s\u2019octroient sur le dos de la loi constituent une ponction ill\u00e9gale sur les fonds publics.<\/p>\n<p>C\u2019est l\u00e0 o\u00f9 doit se situer le vrai combat pour assainir la gestion du fonds d\u2019appui \u00e0 la presse.<\/p>\n<p>Enfin, l\u2019Aide \u00e0 la presse ne doit pas aiguiser l\u2019app\u00e9tit de certains pseudos d\u00e9fenseurs d\u2019une certaine pr\u00e9f\u00e9rence stupide brandie par des pr\u00eacheurs en eaux troubles qui se jouent aux donneurs de le\u00e7ons.<\/p>\n<p>La presse qu\u2019elle soit arabophone, francophone, ou en langues nationales, \u00e9lectronique, audiovisuelle ou sur papier, doit \u00eatre respect\u00e9e dans sa diversit\u00e9, tels que consacr\u00e9e par la loi sur la presse et les textes juridiques la r\u00e9gissant dans le cadre du pluralisme m\u00e9diatique.<\/p>\n<p><strong> Cheikh A\u00efdara<\/strong><\/p>\n","protected":false},"excerpt":{"rendered":"<p>L&#8217;Authentique &#8211; Chaque ann\u00e9e, la distribution du Fonds d\u2019aide publique \u00e0 la presse, est pr\u00e9c\u00e9d\u00e9e de campagnes souvent peu courtoises tendant \u00e0 semer la zizanie et la discorde aupr\u00e8s des responsables charg\u00e9s de la cl\u00e9 de r\u00e9partition du fonds. L\u2019ann\u00e9e 2023 ne semble pas, h\u00e9las, d\u00e9roger \u00e0 la r\u00e8gle. Certains lobbies dans le milieu de&#8230;..<\/p>\n","protected":false},"author":3,"featured_media":11692,"comment_status":"open","ping_status":"open","sticky":false,"template":"","format":"standard","meta":{"footnotes":""},"categories":[23,55],"tags":[],"class_list":["post-11691","post","type-post","status-publish","format-standard","has-post-thumbnail","hentry","category-actualite","category-culture"],"yoast_head":"<!-- This site is optimized with the Yoast SEO plugin v27.5 - https:\/\/yoast.com\/product\/yoast-seo-wordpress\/ -->\n<title>Fonds d\u2019aide publique \u00e0 la presse : pour une cl\u00e9 de r\u00e9partition stricte ! - Le Quotidien de Nouakchott<\/title>\n<meta name=\"robots\" content=\"index, follow, max-snippet:-1, max-image-preview:large, max-video-preview:-1\" \/>\n<link rel=\"canonical\" href=\"https:\/\/lequotidien.mr\/?p=11691&lang=fr\" \/>\n<meta property=\"og:locale\" content=\"ar_AR\" \/>\n<meta property=\"og:type\" content=\"article\" \/>\n<meta property=\"og:title\" content=\"Fonds d\u2019aide publique \u00e0 la presse : pour une cl\u00e9 de r\u00e9partition stricte ! - Le Quotidien de Nouakchott\" \/>\n<meta property=\"og:description\" content=\"L&#8217;Authentique &#8211; Chaque ann\u00e9e, la distribution du Fonds d\u2019aide publique \u00e0 la presse, est pr\u00e9c\u00e9d\u00e9e de campagnes souvent peu courtoises tendant \u00e0 semer la zizanie et la discorde aupr\u00e8s des responsables charg\u00e9s de la cl\u00e9 de r\u00e9partition du fonds. L\u2019ann\u00e9e 2023 ne semble pas, h\u00e9las, d\u00e9roger \u00e0 la r\u00e8gle. Certains lobbies dans le milieu de.....\" \/>\n<meta property=\"og:url\" content=\"https:\/\/lequotidien.mr\/?p=11691&amp;lang=fr\" \/>\n<meta property=\"og:site_name\" content=\"Le Quotidien de Nouakchott\" \/>\n<meta property=\"article:publisher\" content=\"https:\/\/web.facebook.com\/lequotidienmr\" \/>\n<meta property=\"article:author\" content=\"https:\/\/web.facebook.com\/a.mleiwih\" \/>\n<meta property=\"article:published_time\" content=\"2023-09-08T18:16:42+00:00\" \/>\n<meta property=\"og:image\" content=\"https:\/\/lequotidien.mr\/wp-content\/uploads\/2023\/09\/medias_locaux_545_e.jpg\" \/>\n\t<meta property=\"og:image:width\" content=\"664\" \/>\n\t<meta property=\"og:image:height\" content=\"470\" \/>\n\t<meta property=\"og:image:type\" content=\"image\/jpeg\" \/>\n<meta name=\"author\" content=\"Alioun M&#039;leiwih\" \/>\n<meta name=\"twitter:card\" content=\"summary_large_image\" \/>\n<meta name=\"twitter:creator\" content=\"@lequotidienmr\" \/>\n<meta name=\"twitter:site\" content=\"@lequotidienmr\" \/>\n<meta name=\"twitter:label1\" content=\"\u0643\u064f\u062a\u0628 \u0628\u0648\u0627\u0633\u0637\u0629\" \/>\n\t<meta name=\"twitter:data1\" content=\"Alioun M&#039;leiwih\" \/>\n\t<meta name=\"twitter:label2\" content=\"\u0648\u0642\u062a \u0627\u0644\u0642\u0631\u0627\u0621\u0629 \u0627\u0644\u0645\u064f\u0642\u062f\u0651\u0631\" \/>\n\t<meta name=\"twitter:data2\" content=\"5 \u062f\u0642\u0627\u0626\u0642\" \/>\n<script type=\"application\/ld+json\" class=\"yoast-schema-graph\">{\"@context\":\"https:\\\/\\\/schema.org\",\"@graph\":[{\"@type\":\"Article\",\"@id\":\"https:\\\/\\\/lequotidien.mr\\\/?p=11691&lang=fr#article\",\"isPartOf\":{\"@id\":\"https:\\\/\\\/lequotidien.mr\\\/?p=11691&lang=fr\"},\"author\":{\"name\":\"Alioun M'leiwih\",\"@id\":\"https:\\\/\\\/lequotidien.mr\\\/#\\\/schema\\\/person\\\/69d1518c74c9137087929a20b1272cb0\"},\"headline\":\"Fonds d\u2019aide publique \u00e0 la presse : pour une cl\u00e9 de r\u00e9partition stricte !\",\"datePublished\":\"2023-09-08T18:16:42+00:00\",\"mainEntityOfPage\":{\"@id\":\"https:\\\/\\\/lequotidien.mr\\\/?p=11691&lang=fr\"},\"wordCount\":1027,\"commentCount\":0,\"publisher\":{\"@id\":\"https:\\\/\\\/lequotidien.mr\\\/#organization\"},\"image\":{\"@id\":\"https:\\\/\\\/lequotidien.mr\\\/?p=11691&lang=fr#primaryimage\"},\"thumbnailUrl\":\"https:\\\/\\\/lequotidien.mr\\\/wp-content\\\/uploads\\\/2023\\\/09\\\/medias_locaux_545_e.jpg\",\"articleSection\":[\"ACTUALIT\u00c9\",\"Culture\"],\"inLanguage\":\"ar\",\"potentialAction\":[{\"@type\":\"CommentAction\",\"name\":\"Comment\",\"target\":[\"https:\\\/\\\/lequotidien.mr\\\/?p=11691&lang=fr#respond\"]}]},{\"@type\":\"WebPage\",\"@id\":\"https:\\\/\\\/lequotidien.mr\\\/?p=11691&lang=fr\",\"url\":\"https:\\\/\\\/lequotidien.mr\\\/?p=11691&lang=fr\",\"name\":\"Fonds d\u2019aide publique \u00e0 la presse : pour une cl\u00e9 de r\u00e9partition stricte ! - Le Quotidien de Nouakchott\",\"isPartOf\":{\"@id\":\"https:\\\/\\\/lequotidien.mr\\\/#website\"},\"primaryImageOfPage\":{\"@id\":\"https:\\\/\\\/lequotidien.mr\\\/?p=11691&lang=fr#primaryimage\"},\"image\":{\"@id\":\"https:\\\/\\\/lequotidien.mr\\\/?p=11691&lang=fr#primaryimage\"},\"thumbnailUrl\":\"https:\\\/\\\/lequotidien.mr\\\/wp-content\\\/uploads\\\/2023\\\/09\\\/medias_locaux_545_e.jpg\",\"datePublished\":\"2023-09-08T18:16:42+00:00\",\"breadcrumb\":{\"@id\":\"https:\\\/\\\/lequotidien.mr\\\/?p=11691&lang=fr#breadcrumb\"},\"inLanguage\":\"ar\",\"potentialAction\":[{\"@type\":\"ReadAction\",\"target\":[\"https:\\\/\\\/lequotidien.mr\\\/?p=11691&lang=fr\"]}]},{\"@type\":\"ImageObject\",\"inLanguage\":\"ar\",\"@id\":\"https:\\\/\\\/lequotidien.mr\\\/?p=11691&lang=fr#primaryimage\",\"url\":\"https:\\\/\\\/lequotidien.mr\\\/wp-content\\\/uploads\\\/2023\\\/09\\\/medias_locaux_545_e.jpg\",\"contentUrl\":\"https:\\\/\\\/lequotidien.mr\\\/wp-content\\\/uploads\\\/2023\\\/09\\\/medias_locaux_545_e.jpg\",\"width\":664,\"height\":470},{\"@type\":\"BreadcrumbList\",\"@id\":\"https:\\\/\\\/lequotidien.mr\\\/?p=11691&lang=fr#breadcrumb\",\"itemListElement\":[{\"@type\":\"ListItem\",\"position\":1,\"name\":\"Home\",\"item\":\"https:\\\/\\\/lequotidien.mr\\\/\"},{\"@type\":\"ListItem\",\"position\":2,\"name\":\"Fonds d\u2019aide publique \u00e0 la presse : pour une cl\u00e9 de r\u00e9partition stricte !\"}]},{\"@type\":\"WebSite\",\"@id\":\"https:\\\/\\\/lequotidien.mr\\\/#website\",\"url\":\"https:\\\/\\\/lequotidien.mr\\\/\",\"name\":\"Le Quotidien de Nouakchott\",\"description\":\"\u0625\u062e\u0628\u0627\u0631\u064a\u0629 \u0645\u0633\u062a\u0642\u0644\u0629 \u0644\u0644\u0623\u0646\u0628\u0627\u0621 \u0627\u0644\u0639\u0627\u0645\u0629\",\"publisher\":{\"@id\":\"https:\\\/\\\/lequotidien.mr\\\/#organization\"},\"potentialAction\":[{\"@type\":\"SearchAction\",\"target\":{\"@type\":\"EntryPoint\",\"urlTemplate\":\"https:\\\/\\\/lequotidien.mr\\\/?s={search_term_string}\"},\"query-input\":{\"@type\":\"PropertyValueSpecification\",\"valueRequired\":true,\"valueName\":\"search_term_string\"}}],\"inLanguage\":\"ar\"},{\"@type\":\"Organization\",\"@id\":\"https:\\\/\\\/lequotidien.mr\\\/#organization\",\"name\":\"Le Quotidien de Nouakchott\",\"url\":\"https:\\\/\\\/lequotidien.mr\\\/\",\"logo\":{\"@type\":\"ImageObject\",\"inLanguage\":\"ar\",\"@id\":\"https:\\\/\\\/lequotidien.mr\\\/#\\\/schema\\\/logo\\\/image\\\/\",\"url\":\"https:\\\/\\\/lequotidien.mr\\\/wp-content\\\/uploads\\\/2022\\\/11\\\/logolequotidien.jpg\",\"contentUrl\":\"https:\\\/\\\/lequotidien.mr\\\/wp-content\\\/uploads\\\/2022\\\/11\\\/logolequotidien.jpg\",\"width\":290,\"height\":65,\"caption\":\"Le Quotidien de Nouakchott\"},\"image\":{\"@id\":\"https:\\\/\\\/lequotidien.mr\\\/#\\\/schema\\\/logo\\\/image\\\/\"},\"sameAs\":[\"https:\\\/\\\/web.facebook.com\\\/lequotidienmr\",\"https:\\\/\\\/x.com\\\/lequotidienmr\"]},{\"@type\":\"Person\",\"@id\":\"https:\\\/\\\/lequotidien.mr\\\/#\\\/schema\\\/person\\\/69d1518c74c9137087929a20b1272cb0\",\"name\":\"Alioun M'leiwih\",\"image\":{\"@type\":\"ImageObject\",\"inLanguage\":\"ar\",\"@id\":\"https:\\\/\\\/secure.gravatar.com\\\/avatar\\\/01f9d357222d7d4ca8f71662f4b081718f06d25b11fc45662ecca0622d507e51?s=96&d=mm&r=g\",\"url\":\"https:\\\/\\\/secure.gravatar.com\\\/avatar\\\/01f9d357222d7d4ca8f71662f4b081718f06d25b11fc45662ecca0622d507e51?s=96&d=mm&r=g\",\"contentUrl\":\"https:\\\/\\\/secure.gravatar.com\\\/avatar\\\/01f9d357222d7d4ca8f71662f4b081718f06d25b11fc45662ecca0622d507e51?s=96&d=mm&r=g\",\"caption\":\"Alioun M'leiwih\"},\"sameAs\":[\"https:\\\/\\\/lequotidien.mr\\\/\",\"https:\\\/\\\/web.facebook.com\\\/a.mleiwih\",\"https:\\\/\\\/www.linkedin.com\\\/in\\\/alimlewih\\\/\"],\"url\":\"https:\\\/\\\/lequotidien.mr\\\/?author=3\"}]}<\/script>\n<!-- \/ Yoast SEO plugin. -->","yoast_head_json":{"title":"Fonds d\u2019aide publique \u00e0 la presse : pour une cl\u00e9 de r\u00e9partition stricte ! - Le Quotidien de Nouakchott","robots":{"index":"index","follow":"follow","max-snippet":"max-snippet:-1","max-image-preview":"max-image-preview:large","max-video-preview":"max-video-preview:-1"},"canonical":"https:\/\/lequotidien.mr\/?p=11691&lang=fr","og_locale":"ar_AR","og_type":"article","og_title":"Fonds d\u2019aide publique \u00e0 la presse : pour une cl\u00e9 de r\u00e9partition stricte ! - Le Quotidien de Nouakchott","og_description":"L&#8217;Authentique &#8211; Chaque ann\u00e9e, la distribution du Fonds d\u2019aide publique \u00e0 la presse, est pr\u00e9c\u00e9d\u00e9e de campagnes souvent peu courtoises tendant \u00e0 semer la zizanie et la discorde aupr\u00e8s des responsables charg\u00e9s de la cl\u00e9 de r\u00e9partition du fonds. L\u2019ann\u00e9e 2023 ne semble pas, h\u00e9las, d\u00e9roger \u00e0 la r\u00e8gle. Certains lobbies dans le milieu de.....","og_url":"https:\/\/lequotidien.mr\/?p=11691&lang=fr","og_site_name":"Le Quotidien de Nouakchott","article_publisher":"https:\/\/web.facebook.com\/lequotidienmr","article_author":"https:\/\/web.facebook.com\/a.mleiwih","article_published_time":"2023-09-08T18:16:42+00:00","og_image":[{"width":664,"height":470,"url":"https:\/\/lequotidien.mr\/wp-content\/uploads\/2023\/09\/medias_locaux_545_e.jpg","type":"image\/jpeg"}],"author":"Alioun M'leiwih","twitter_card":"summary_large_image","twitter_creator":"@lequotidienmr","twitter_site":"@lequotidienmr","twitter_misc":{"\u0643\u064f\u062a\u0628 \u0628\u0648\u0627\u0633\u0637\u0629":"Alioun M'leiwih","\u0648\u0642\u062a \u0627\u0644\u0642\u0631\u0627\u0621\u0629 \u0627\u0644\u0645\u064f\u0642\u062f\u0651\u0631":"5 \u062f\u0642\u0627\u0626\u0642"},"schema":{"@context":"https:\/\/schema.org","@graph":[{"@type":"Article","@id":"https:\/\/lequotidien.mr\/?p=11691&lang=fr#article","isPartOf":{"@id":"https:\/\/lequotidien.mr\/?p=11691&lang=fr"},"author":{"name":"Alioun M'leiwih","@id":"https:\/\/lequotidien.mr\/#\/schema\/person\/69d1518c74c9137087929a20b1272cb0"},"headline":"Fonds d\u2019aide publique \u00e0 la presse : pour une cl\u00e9 de r\u00e9partition stricte !","datePublished":"2023-09-08T18:16:42+00:00","mainEntityOfPage":{"@id":"https:\/\/lequotidien.mr\/?p=11691&lang=fr"},"wordCount":1027,"commentCount":0,"publisher":{"@id":"https:\/\/lequotidien.mr\/#organization"},"image":{"@id":"https:\/\/lequotidien.mr\/?p=11691&lang=fr#primaryimage"},"thumbnailUrl":"https:\/\/lequotidien.mr\/wp-content\/uploads\/2023\/09\/medias_locaux_545_e.jpg","articleSection":["ACTUALIT\u00c9","Culture"],"inLanguage":"ar","potentialAction":[{"@type":"CommentAction","name":"Comment","target":["https:\/\/lequotidien.mr\/?p=11691&lang=fr#respond"]}]},{"@type":"WebPage","@id":"https:\/\/lequotidien.mr\/?p=11691&lang=fr","url":"https:\/\/lequotidien.mr\/?p=11691&lang=fr","name":"Fonds d\u2019aide publique \u00e0 la presse : pour une cl\u00e9 de r\u00e9partition stricte ! - Le Quotidien de Nouakchott","isPartOf":{"@id":"https:\/\/lequotidien.mr\/#website"},"primaryImageOfPage":{"@id":"https:\/\/lequotidien.mr\/?p=11691&lang=fr#primaryimage"},"image":{"@id":"https:\/\/lequotidien.mr\/?p=11691&lang=fr#primaryimage"},"thumbnailUrl":"https:\/\/lequotidien.mr\/wp-content\/uploads\/2023\/09\/medias_locaux_545_e.jpg","datePublished":"2023-09-08T18:16:42+00:00","breadcrumb":{"@id":"https:\/\/lequotidien.mr\/?p=11691&lang=fr#breadcrumb"},"inLanguage":"ar","potentialAction":[{"@type":"ReadAction","target":["https:\/\/lequotidien.mr\/?p=11691&lang=fr"]}]},{"@type":"ImageObject","inLanguage":"ar","@id":"https:\/\/lequotidien.mr\/?p=11691&lang=fr#primaryimage","url":"https:\/\/lequotidien.mr\/wp-content\/uploads\/2023\/09\/medias_locaux_545_e.jpg","contentUrl":"https:\/\/lequotidien.mr\/wp-content\/uploads\/2023\/09\/medias_locaux_545_e.jpg","width":664,"height":470},{"@type":"BreadcrumbList","@id":"https:\/\/lequotidien.mr\/?p=11691&lang=fr#breadcrumb","itemListElement":[{"@type":"ListItem","position":1,"name":"Home","item":"https:\/\/lequotidien.mr\/"},{"@type":"ListItem","position":2,"name":"Fonds d\u2019aide publique \u00e0 la presse : pour une cl\u00e9 de r\u00e9partition stricte !"}]},{"@type":"WebSite","@id":"https:\/\/lequotidien.mr\/#website","url":"https:\/\/lequotidien.mr\/","name":"Le Quotidien de Nouakchott","description":"\u0625\u062e\u0628\u0627\u0631\u064a\u0629 \u0645\u0633\u062a\u0642\u0644\u0629 \u0644\u0644\u0623\u0646\u0628\u0627\u0621 \u0627\u0644\u0639\u0627\u0645\u0629","publisher":{"@id":"https:\/\/lequotidien.mr\/#organization"},"potentialAction":[{"@type":"SearchAction","target":{"@type":"EntryPoint","urlTemplate":"https:\/\/lequotidien.mr\/?s={search_term_string}"},"query-input":{"@type":"PropertyValueSpecification","valueRequired":true,"valueName":"search_term_string"}}],"inLanguage":"ar"},{"@type":"Organization","@id":"https:\/\/lequotidien.mr\/#organization","name":"Le Quotidien de Nouakchott","url":"https:\/\/lequotidien.mr\/","logo":{"@type":"ImageObject","inLanguage":"ar","@id":"https:\/\/lequotidien.mr\/#\/schema\/logo\/image\/","url":"https:\/\/lequotidien.mr\/wp-content\/uploads\/2022\/11\/logolequotidien.jpg","contentUrl":"https:\/\/lequotidien.mr\/wp-content\/uploads\/2022\/11\/logolequotidien.jpg","width":290,"height":65,"caption":"Le Quotidien de Nouakchott"},"image":{"@id":"https:\/\/lequotidien.mr\/#\/schema\/logo\/image\/"},"sameAs":["https:\/\/web.facebook.com\/lequotidienmr","https:\/\/x.com\/lequotidienmr"]},{"@type":"Person","@id":"https:\/\/lequotidien.mr\/#\/schema\/person\/69d1518c74c9137087929a20b1272cb0","name":"Alioun M'leiwih","image":{"@type":"ImageObject","inLanguage":"ar","@id":"https:\/\/secure.gravatar.com\/avatar\/01f9d357222d7d4ca8f71662f4b081718f06d25b11fc45662ecca0622d507e51?s=96&d=mm&r=g","url":"https:\/\/secure.gravatar.com\/avatar\/01f9d357222d7d4ca8f71662f4b081718f06d25b11fc45662ecca0622d507e51?s=96&d=mm&r=g","contentUrl":"https:\/\/secure.gravatar.com\/avatar\/01f9d357222d7d4ca8f71662f4b081718f06d25b11fc45662ecca0622d507e51?s=96&d=mm&r=g","caption":"Alioun M'leiwih"},"sameAs":["https:\/\/lequotidien.mr\/","https:\/\/web.facebook.com\/a.mleiwih","https:\/\/www.linkedin.com\/in\/alimlewih\/"],"url":"https:\/\/lequotidien.mr\/?author=3"}]}},"_links":{"self":[{"href":"https:\/\/lequotidien.mr\/index.php?rest_route=\/wp\/v2\/posts\/11691","targetHints":{"allow":["GET"]}}],"collection":[{"href":"https:\/\/lequotidien.mr\/index.php?rest_route=\/wp\/v2\/posts"}],"about":[{"href":"https:\/\/lequotidien.mr\/index.php?rest_route=\/wp\/v2\/types\/post"}],"author":[{"embeddable":true,"href":"https:\/\/lequotidien.mr\/index.php?rest_route=\/wp\/v2\/users\/3"}],"replies":[{"embeddable":true,"href":"https:\/\/lequotidien.mr\/index.php?rest_route=%2Fwp%2Fv2%2Fcomments&post=11691"}],"version-history":[{"count":2,"href":"https:\/\/lequotidien.mr\/index.php?rest_route=\/wp\/v2\/posts\/11691\/revisions"}],"predecessor-version":[{"id":11694,"href":"https:\/\/lequotidien.mr\/index.php?rest_route=\/wp\/v2\/posts\/11691\/revisions\/11694"}],"wp:featuredmedia":[{"embeddable":true,"href":"https:\/\/lequotidien.mr\/index.php?rest_route=\/wp\/v2\/media\/11692"}],"wp:attachment":[{"href":"https:\/\/lequotidien.mr\/index.php?rest_route=%2Fwp%2Fv2%2Fmedia&parent=11691"}],"wp:term":[{"taxonomy":"category","embeddable":true,"href":"https:\/\/lequotidien.mr\/index.php?rest_route=%2Fwp%2Fv2%2Fcategories&post=11691"},{"taxonomy":"post_tag","embeddable":true,"href":"https:\/\/lequotidien.mr\/index.php?rest_route=%2Fwp%2Fv2%2Ftags&post=11691"}],"curies":[{"name":"wp","href":"https:\/\/api.w.org\/{rel}","templated":true}]}}