{"id":1142,"date":"2022-12-06T15:36:29","date_gmt":"2022-12-06T15:36:29","guid":{"rendered":"https:\/\/lequotidien.mr\/?p=1142"},"modified":"2022-12-06T15:36:29","modified_gmt":"2022-12-06T15:36:29","slug":"foum-gleita-le-president-de-la-republique-supervise-le-lancement-de-la-phase-ii-du-projet-aftout-chargui","status":"publish","type":"post","link":"https:\/\/lequotidien.mr\/?p=1142&lang=fr","title":{"rendered":"Foum-Gleita : le Pr\u00e9sident de la R\u00e9publique supervise le lancement de la Phase II du projet Aftout Chargui"},"content":{"rendered":"<p>AMI &#8211; Son Excellence le Pr\u00e9sident de la R\u00e9publique, Monsieur Mohamed Ould Cheikh El Ghazouani, a supervis\u00e9, ce lundi, \u00e0 partir de Foum Gleita, dans la wilaya du Gorgol, le lancement de la Phase II du projet \u00ab Aftout Chargui \u00bb financ\u00e9 par l\u2019Etat mauritanien en collaboration avec le Fonds arabe de d\u00e9veloppement \u00e9conomique et social (Fades) pour un montant s\u2019\u00e9levant \u00e0 24 millions d\u2019euros.<\/p>\n<p>Ce projet dont la dur\u00e9e d\u2019ex\u00e9cution dure 18 mois vise l\u2019approvisionnement en eau potable pour 400 localit\u00e9s des wilayas de l\u2019Assaba, du Gorgol et du Brakna par le traitement d\u2019une partie des eaux du barrage de Foum Gleita et son transport vers les localit\u00e9s b\u00e9n\u00e9ficiaires.<\/p>\n<p>Le Pr\u00e9sident de la R\u00e9publique a coup\u00e9 le ruban symbolique et d\u00e9voil\u00e9 la plaque comm\u00e9morative de ce projet annon\u00e7ant ainsi le d\u00e9marrage de ses travaux avant d\u2019\u00e9couter les explications d\u00e9taill\u00e9es sur ses diff\u00e9rentes composantes.<\/p>\n<p>Dans le mot prononc\u00e9 \u00e0 l\u2019occasion, le ministre de l\u2019Hydraulique et de l\u2019Assainissement, M. Sidi Mohamed Ould Taleb Amar, s\u2019est dit heureux que le lancement d\u2019un tel projet, qui constitue une \u00e9tape importante de la marche vers le d\u00e9veloppement du pays, par la mise en \u0153uvre du programme \u00ab Taahoudati \u00bb visant l\u2019acc\u00e8s des populations aux services de base, dont l\u2019approvisionnement en eau potable, ait b\u00e9n\u00e9fici\u00e9 aujourd\u2019hui de la pr\u00e9sence de Son Excellence le Pr\u00e9sident de la R\u00e9publique, Monsieur Mohamed Ould Cheikh El Ghazouani.<\/p>\n<p>Il a ajout\u00e9 que la zone de l\u2019Aftout a longtemps souffert du manque d\u2019eau \u00e0 cause de ses sp\u00e9cificit\u00e9s g\u00e9ologiques et hydrologiques, en sus de l\u2019absence de politiques de d\u00e9veloppement efficiente en la mati\u00e8re, ce qui a eu des r\u00e9percussions n\u00e9gatives sur la situation \u00e9conomique et social de ces populations.<\/p>\n<p>Le ministre de l\u2019Hydraulique et de l\u2019assainissement a poursuivi en disant que, c\u2019est pour mettre fin \u00e0 cette situation difficile, et en ex\u00e9cution du programme \u00ab Taahoudati \u00bb qui consid\u00e8re l\u2019eau comme la base de la stabilit\u00e9 et du d\u00e9veloppement, que Son Excellence a proc\u00e9d\u00e9 au lancement de ce projet, dans ces phases 1 et 2.<\/p>\n<p>Il a par la suite proc\u00e9d\u00e9 \u00e0 une pr\u00e9sentation d\u00e9taill\u00e9e des caract\u00e9ristiques techniques du projet \u00ab Aftout Echargui \u00bb mettant en exergue ce qu\u2019il apporte comme solutions aux insuffisances constat\u00e9es dans l\u2019ex\u00e9cution de la phase 1 et \u00e9voquant les perspectives et les autres projets hydrauliques dont certains verront le jour dans le tr\u00e8s court terme.<\/p>\n<p>A son tour, le maire de la commune de Foum Gleita, M. Djiby Cir\u00e9, a salu\u00e9 cette visite de Son Excellence le Pr\u00e9sident de la R\u00e9publique, Monsieur Mohamed Ould Cheikh El Ghazouani, annon\u00e7ant les pr\u00e9mices du d\u00e9veloppement et de la prosp\u00e9rit\u00e9 pour une zone qui a b\u00e9n\u00e9fici\u00e9, au cours de ces derni\u00e8res ann\u00e9es, d\u2019une attention particuli\u00e8re de la part des autorit\u00e9s publiques, comme ce projet qui est une traduction sur le terrain des engagements de Son Excellence. Il a indiqu\u00e9 que ce projet va changer radicalement les conditions de vie des populations cibles.<\/p>\n<p>La c\u00e9r\u00e9monie de lancement du projet \u00ab Aftout Echargui \u00bb s\u2019est d\u00e9roul\u00e9e en pr\u00e9sence du wali du Gorgol, M. Ahmedna Ould Sid Ebbe, du hakem de la moughataa de M\u2019Bout, M. M\u2019Khaytrat Ould Mohamed Vall et des autorit\u00e9s administratives, militaires et s\u00e9curitaires de la wilaya.<\/p>\n","protected":false},"excerpt":{"rendered":"<p>AMI &#8211; Son Excellence le Pr\u00e9sident de la R\u00e9publique, Monsieur Mohamed Ould Cheikh El Ghazouani, a supervis\u00e9, ce lundi, \u00e0 partir de Foum Gleita, dans la wilaya du Gorgol, le lancement de la Phase II du projet \u00ab Aftout Chargui \u00bb financ\u00e9 par l\u2019Etat mauritanien en collaboration avec le Fonds arabe de d\u00e9veloppement \u00e9conomique et&#8230;..<\/p>\n","protected":false},"author":5,"featured_media":1143,"comment_status":"open","ping_status":"open","sticky":false,"template":"","format":"standard","meta":{"footnotes":""},"categories":[23,49],"tags":[],"class_list":["post-1142","post","type-post","status-publish","format-standard","has-post-thumbnail","hentry","category-actualite","category-economie"],"yoast_head":"<!-- This site is optimized with the Yoast SEO plugin v27.5 - https:\/\/yoast.com\/product\/yoast-seo-wordpress\/ -->\n<title>Foum-Gleita : le Pr\u00e9sident de la R\u00e9publique supervise le lancement de la Phase II du projet Aftout Chargui - Le Quotidien de Nouakchott<\/title>\n<meta name=\"robots\" content=\"index, follow, max-snippet:-1, max-image-preview:large, max-video-preview:-1\" \/>\n<link rel=\"canonical\" href=\"https:\/\/lequotidien.mr\/?p=1142&lang=fr\" \/>\n<meta property=\"og:locale\" content=\"ar_AR\" \/>\n<meta property=\"og:type\" content=\"article\" \/>\n<meta property=\"og:title\" content=\"Foum-Gleita : le Pr\u00e9sident de la R\u00e9publique supervise le lancement de la Phase II du projet Aftout Chargui - Le Quotidien de Nouakchott\" \/>\n<meta property=\"og:description\" content=\"AMI &#8211; Son Excellence le Pr\u00e9sident de la R\u00e9publique, Monsieur Mohamed Ould Cheikh El Ghazouani, a supervis\u00e9, ce lundi, \u00e0 partir de Foum Gleita, dans la wilaya du Gorgol, le lancement de la Phase II du projet \u00ab Aftout Chargui \u00bb financ\u00e9 par l\u2019Etat mauritanien en collaboration avec le Fonds arabe de d\u00e9veloppement \u00e9conomique et.....\" \/>\n<meta property=\"og:url\" content=\"https:\/\/lequotidien.mr\/?p=1142&amp;lang=fr\" \/>\n<meta property=\"og:site_name\" content=\"Le Quotidien de Nouakchott\" \/>\n<meta property=\"article:publisher\" content=\"https:\/\/web.facebook.com\/lequotidienmr\" \/>\n<meta property=\"article:published_time\" content=\"2022-12-06T15:36:29+00:00\" \/>\n<meta property=\"og:image\" content=\"https:\/\/lequotidien.mr\/wp-content\/uploads\/2022\/12\/ghaz_foum_gleita_05_12_2022_s0040.jpg\" \/>\n\t<meta property=\"og:image:width\" content=\"430\" \/>\n\t<meta property=\"og:image:height\" content=\"288\" \/>\n\t<meta property=\"og:image:type\" content=\"image\/jpeg\" \/>\n<meta name=\"author\" content=\"Gayi Diawara\" \/>\n<meta name=\"twitter:card\" content=\"summary_large_image\" \/>\n<meta name=\"twitter:creator\" content=\"@lequotidienmr\" \/>\n<meta name=\"twitter:site\" content=\"@lequotidienmr\" \/>\n<meta name=\"twitter:label1\" content=\"\u0643\u064f\u062a\u0628 \u0628\u0648\u0627\u0633\u0637\u0629\" \/>\n\t<meta name=\"twitter:data1\" content=\"Gayi Diawara\" \/>\n\t<meta name=\"twitter:label2\" content=\"\u0648\u0642\u062a \u0627\u0644\u0642\u0631\u0627\u0621\u0629 \u0627\u0644\u0645\u064f\u0642\u062f\u0651\u0631\" \/>\n\t<meta name=\"twitter:data2\" content=\"3 \u062f\u0642\u0627\u0626\u0642\" \/>\n<script type=\"application\/ld+json\" class=\"yoast-schema-graph\">{\"@context\":\"https:\\\/\\\/schema.org\",\"@graph\":[{\"@type\":\"Article\",\"@id\":\"https:\\\/\\\/lequotidien.mr\\\/?p=1142&lang=fr#article\",\"isPartOf\":{\"@id\":\"https:\\\/\\\/lequotidien.mr\\\/?p=1142&lang=fr\"},\"author\":{\"name\":\"Gayi Diawara\",\"@id\":\"https:\\\/\\\/lequotidien.mr\\\/#\\\/schema\\\/person\\\/1077c8abd5640a6514b909318d271dee\"},\"headline\":\"Foum-Gleita : le Pr\u00e9sident de la R\u00e9publique supervise le lancement de la Phase II du projet Aftout Chargui\",\"datePublished\":\"2022-12-06T15:36:29+00:00\",\"mainEntityOfPage\":{\"@id\":\"https:\\\/\\\/lequotidien.mr\\\/?p=1142&lang=fr\"},\"wordCount\":616,\"commentCount\":0,\"publisher\":{\"@id\":\"https:\\\/\\\/lequotidien.mr\\\/#organization\"},\"image\":{\"@id\":\"https:\\\/\\\/lequotidien.mr\\\/?p=1142&lang=fr#primaryimage\"},\"thumbnailUrl\":\"https:\\\/\\\/lequotidien.mr\\\/wp-content\\\/uploads\\\/2022\\\/12\\\/ghaz_foum_gleita_05_12_2022_s0040.jpg\",\"articleSection\":[\"ACTUALIT\u00c9\",\"Economie\"],\"inLanguage\":\"ar\",\"potentialAction\":[{\"@type\":\"CommentAction\",\"name\":\"Comment\",\"target\":[\"https:\\\/\\\/lequotidien.mr\\\/?p=1142&lang=fr#respond\"]}]},{\"@type\":\"WebPage\",\"@id\":\"https:\\\/\\\/lequotidien.mr\\\/?p=1142&lang=fr\",\"url\":\"https:\\\/\\\/lequotidien.mr\\\/?p=1142&lang=fr\",\"name\":\"Foum-Gleita : le Pr\u00e9sident de la R\u00e9publique supervise le lancement de la Phase II du projet Aftout Chargui - Le Quotidien de Nouakchott\",\"isPartOf\":{\"@id\":\"https:\\\/\\\/lequotidien.mr\\\/#website\"},\"primaryImageOfPage\":{\"@id\":\"https:\\\/\\\/lequotidien.mr\\\/?p=1142&lang=fr#primaryimage\"},\"image\":{\"@id\":\"https:\\\/\\\/lequotidien.mr\\\/?p=1142&lang=fr#primaryimage\"},\"thumbnailUrl\":\"https:\\\/\\\/lequotidien.mr\\\/wp-content\\\/uploads\\\/2022\\\/12\\\/ghaz_foum_gleita_05_12_2022_s0040.jpg\",\"datePublished\":\"2022-12-06T15:36:29+00:00\",\"breadcrumb\":{\"@id\":\"https:\\\/\\\/lequotidien.mr\\\/?p=1142&lang=fr#breadcrumb\"},\"inLanguage\":\"ar\",\"potentialAction\":[{\"@type\":\"ReadAction\",\"target\":[\"https:\\\/\\\/lequotidien.mr\\\/?p=1142&lang=fr\"]}]},{\"@type\":\"ImageObject\",\"inLanguage\":\"ar\",\"@id\":\"https:\\\/\\\/lequotidien.mr\\\/?p=1142&lang=fr#primaryimage\",\"url\":\"https:\\\/\\\/lequotidien.mr\\\/wp-content\\\/uploads\\\/2022\\\/12\\\/ghaz_foum_gleita_05_12_2022_s0040.jpg\",\"contentUrl\":\"https:\\\/\\\/lequotidien.mr\\\/wp-content\\\/uploads\\\/2022\\\/12\\\/ghaz_foum_gleita_05_12_2022_s0040.jpg\",\"width\":430,\"height\":288},{\"@type\":\"BreadcrumbList\",\"@id\":\"https:\\\/\\\/lequotidien.mr\\\/?p=1142&lang=fr#breadcrumb\",\"itemListElement\":[{\"@type\":\"ListItem\",\"position\":1,\"name\":\"Home\",\"item\":\"https:\\\/\\\/lequotidien.mr\\\/\"},{\"@type\":\"ListItem\",\"position\":2,\"name\":\"Foum-Gleita : le Pr\u00e9sident de la R\u00e9publique supervise le lancement de la Phase II du projet Aftout Chargui\"}]},{\"@type\":\"WebSite\",\"@id\":\"https:\\\/\\\/lequotidien.mr\\\/#website\",\"url\":\"https:\\\/\\\/lequotidien.mr\\\/\",\"name\":\"Le Quotidien de Nouakchott\",\"description\":\"\u0625\u062e\u0628\u0627\u0631\u064a\u0629 \u0645\u0633\u062a\u0642\u0644\u0629 \u0644\u0644\u0623\u0646\u0628\u0627\u0621 \u0627\u0644\u0639\u0627\u0645\u0629\",\"publisher\":{\"@id\":\"https:\\\/\\\/lequotidien.mr\\\/#organization\"},\"potentialAction\":[{\"@type\":\"SearchAction\",\"target\":{\"@type\":\"EntryPoint\",\"urlTemplate\":\"https:\\\/\\\/lequotidien.mr\\\/?s={search_term_string}\"},\"query-input\":{\"@type\":\"PropertyValueSpecification\",\"valueRequired\":true,\"valueName\":\"search_term_string\"}}],\"inLanguage\":\"ar\"},{\"@type\":\"Organization\",\"@id\":\"https:\\\/\\\/lequotidien.mr\\\/#organization\",\"name\":\"Le Quotidien de Nouakchott\",\"url\":\"https:\\\/\\\/lequotidien.mr\\\/\",\"logo\":{\"@type\":\"ImageObject\",\"inLanguage\":\"ar\",\"@id\":\"https:\\\/\\\/lequotidien.mr\\\/#\\\/schema\\\/logo\\\/image\\\/\",\"url\":\"https:\\\/\\\/lequotidien.mr\\\/wp-content\\\/uploads\\\/2022\\\/11\\\/logolequotidien.jpg\",\"contentUrl\":\"https:\\\/\\\/lequotidien.mr\\\/wp-content\\\/uploads\\\/2022\\\/11\\\/logolequotidien.jpg\",\"width\":290,\"height\":65,\"caption\":\"Le Quotidien de Nouakchott\"},\"image\":{\"@id\":\"https:\\\/\\\/lequotidien.mr\\\/#\\\/schema\\\/logo\\\/image\\\/\"},\"sameAs\":[\"https:\\\/\\\/web.facebook.com\\\/lequotidienmr\",\"https:\\\/\\\/x.com\\\/lequotidienmr\"]},{\"@type\":\"Person\",\"@id\":\"https:\\\/\\\/lequotidien.mr\\\/#\\\/schema\\\/person\\\/1077c8abd5640a6514b909318d271dee\",\"name\":\"Gayi Diawara\",\"image\":{\"@type\":\"ImageObject\",\"inLanguage\":\"ar\",\"@id\":\"https:\\\/\\\/secure.gravatar.com\\\/avatar\\\/63ea8db1e19a6d2d608b24c0f78b5f3a7d6e0bc11959fec273410af333e4d0ac?s=96&d=mm&r=g\",\"url\":\"https:\\\/\\\/secure.gravatar.com\\\/avatar\\\/63ea8db1e19a6d2d608b24c0f78b5f3a7d6e0bc11959fec273410af333e4d0ac?s=96&d=mm&r=g\",\"contentUrl\":\"https:\\\/\\\/secure.gravatar.com\\\/avatar\\\/63ea8db1e19a6d2d608b24c0f78b5f3a7d6e0bc11959fec273410af333e4d0ac?s=96&d=mm&r=g\",\"caption\":\"Gayi Diawara\"},\"sameAs\":[\"http:\\\/\\\/lequotidien.mr\"],\"url\":\"https:\\\/\\\/lequotidien.mr\\\/?author=5\"}]}<\/script>\n<!-- \/ Yoast SEO plugin. -->","yoast_head_json":{"title":"Foum-Gleita : le Pr\u00e9sident de la R\u00e9publique supervise le lancement de la Phase II du projet Aftout Chargui - Le Quotidien de Nouakchott","robots":{"index":"index","follow":"follow","max-snippet":"max-snippet:-1","max-image-preview":"max-image-preview:large","max-video-preview":"max-video-preview:-1"},"canonical":"https:\/\/lequotidien.mr\/?p=1142&lang=fr","og_locale":"ar_AR","og_type":"article","og_title":"Foum-Gleita : le Pr\u00e9sident de la R\u00e9publique supervise le lancement de la Phase II du projet Aftout Chargui - Le Quotidien de Nouakchott","og_description":"AMI &#8211; Son Excellence le Pr\u00e9sident de la R\u00e9publique, Monsieur Mohamed Ould Cheikh El Ghazouani, a supervis\u00e9, ce lundi, \u00e0 partir de Foum Gleita, dans la wilaya du Gorgol, le lancement de la Phase II du projet \u00ab Aftout Chargui \u00bb financ\u00e9 par l\u2019Etat mauritanien en collaboration avec le Fonds arabe de d\u00e9veloppement \u00e9conomique et.....","og_url":"https:\/\/lequotidien.mr\/?p=1142&lang=fr","og_site_name":"Le Quotidien de Nouakchott","article_publisher":"https:\/\/web.facebook.com\/lequotidienmr","article_published_time":"2022-12-06T15:36:29+00:00","og_image":[{"width":430,"height":288,"url":"https:\/\/lequotidien.mr\/wp-content\/uploads\/2022\/12\/ghaz_foum_gleita_05_12_2022_s0040.jpg","type":"image\/jpeg"}],"author":"Gayi Diawara","twitter_card":"summary_large_image","twitter_creator":"@lequotidienmr","twitter_site":"@lequotidienmr","twitter_misc":{"\u0643\u064f\u062a\u0628 \u0628\u0648\u0627\u0633\u0637\u0629":"Gayi Diawara","\u0648\u0642\u062a \u0627\u0644\u0642\u0631\u0627\u0621\u0629 \u0627\u0644\u0645\u064f\u0642\u062f\u0651\u0631":"3 \u062f\u0642\u0627\u0626\u0642"},"schema":{"@context":"https:\/\/schema.org","@graph":[{"@type":"Article","@id":"https:\/\/lequotidien.mr\/?p=1142&lang=fr#article","isPartOf":{"@id":"https:\/\/lequotidien.mr\/?p=1142&lang=fr"},"author":{"name":"Gayi Diawara","@id":"https:\/\/lequotidien.mr\/#\/schema\/person\/1077c8abd5640a6514b909318d271dee"},"headline":"Foum-Gleita : le Pr\u00e9sident de la R\u00e9publique supervise le lancement de la Phase II du projet Aftout Chargui","datePublished":"2022-12-06T15:36:29+00:00","mainEntityOfPage":{"@id":"https:\/\/lequotidien.mr\/?p=1142&lang=fr"},"wordCount":616,"commentCount":0,"publisher":{"@id":"https:\/\/lequotidien.mr\/#organization"},"image":{"@id":"https:\/\/lequotidien.mr\/?p=1142&lang=fr#primaryimage"},"thumbnailUrl":"https:\/\/lequotidien.mr\/wp-content\/uploads\/2022\/12\/ghaz_foum_gleita_05_12_2022_s0040.jpg","articleSection":["ACTUALIT\u00c9","Economie"],"inLanguage":"ar","potentialAction":[{"@type":"CommentAction","name":"Comment","target":["https:\/\/lequotidien.mr\/?p=1142&lang=fr#respond"]}]},{"@type":"WebPage","@id":"https:\/\/lequotidien.mr\/?p=1142&lang=fr","url":"https:\/\/lequotidien.mr\/?p=1142&lang=fr","name":"Foum-Gleita : le Pr\u00e9sident de la R\u00e9publique supervise le lancement de la Phase II du projet Aftout Chargui - Le Quotidien de Nouakchott","isPartOf":{"@id":"https:\/\/lequotidien.mr\/#website"},"primaryImageOfPage":{"@id":"https:\/\/lequotidien.mr\/?p=1142&lang=fr#primaryimage"},"image":{"@id":"https:\/\/lequotidien.mr\/?p=1142&lang=fr#primaryimage"},"thumbnailUrl":"https:\/\/lequotidien.mr\/wp-content\/uploads\/2022\/12\/ghaz_foum_gleita_05_12_2022_s0040.jpg","datePublished":"2022-12-06T15:36:29+00:00","breadcrumb":{"@id":"https:\/\/lequotidien.mr\/?p=1142&lang=fr#breadcrumb"},"inLanguage":"ar","potentialAction":[{"@type":"ReadAction","target":["https:\/\/lequotidien.mr\/?p=1142&lang=fr"]}]},{"@type":"ImageObject","inLanguage":"ar","@id":"https:\/\/lequotidien.mr\/?p=1142&lang=fr#primaryimage","url":"https:\/\/lequotidien.mr\/wp-content\/uploads\/2022\/12\/ghaz_foum_gleita_05_12_2022_s0040.jpg","contentUrl":"https:\/\/lequotidien.mr\/wp-content\/uploads\/2022\/12\/ghaz_foum_gleita_05_12_2022_s0040.jpg","width":430,"height":288},{"@type":"BreadcrumbList","@id":"https:\/\/lequotidien.mr\/?p=1142&lang=fr#breadcrumb","itemListElement":[{"@type":"ListItem","position":1,"name":"Home","item":"https:\/\/lequotidien.mr\/"},{"@type":"ListItem","position":2,"name":"Foum-Gleita : le Pr\u00e9sident de la R\u00e9publique supervise le lancement de la Phase II du projet Aftout Chargui"}]},{"@type":"WebSite","@id":"https:\/\/lequotidien.mr\/#website","url":"https:\/\/lequotidien.mr\/","name":"Le Quotidien de Nouakchott","description":"\u0625\u062e\u0628\u0627\u0631\u064a\u0629 \u0645\u0633\u062a\u0642\u0644\u0629 \u0644\u0644\u0623\u0646\u0628\u0627\u0621 \u0627\u0644\u0639\u0627\u0645\u0629","publisher":{"@id":"https:\/\/lequotidien.mr\/#organization"},"potentialAction":[{"@type":"SearchAction","target":{"@type":"EntryPoint","urlTemplate":"https:\/\/lequotidien.mr\/?s={search_term_string}"},"query-input":{"@type":"PropertyValueSpecification","valueRequired":true,"valueName":"search_term_string"}}],"inLanguage":"ar"},{"@type":"Organization","@id":"https:\/\/lequotidien.mr\/#organization","name":"Le Quotidien de Nouakchott","url":"https:\/\/lequotidien.mr\/","logo":{"@type":"ImageObject","inLanguage":"ar","@id":"https:\/\/lequotidien.mr\/#\/schema\/logo\/image\/","url":"https:\/\/lequotidien.mr\/wp-content\/uploads\/2022\/11\/logolequotidien.jpg","contentUrl":"https:\/\/lequotidien.mr\/wp-content\/uploads\/2022\/11\/logolequotidien.jpg","width":290,"height":65,"caption":"Le Quotidien de Nouakchott"},"image":{"@id":"https:\/\/lequotidien.mr\/#\/schema\/logo\/image\/"},"sameAs":["https:\/\/web.facebook.com\/lequotidienmr","https:\/\/x.com\/lequotidienmr"]},{"@type":"Person","@id":"https:\/\/lequotidien.mr\/#\/schema\/person\/1077c8abd5640a6514b909318d271dee","name":"Gayi Diawara","image":{"@type":"ImageObject","inLanguage":"ar","@id":"https:\/\/secure.gravatar.com\/avatar\/63ea8db1e19a6d2d608b24c0f78b5f3a7d6e0bc11959fec273410af333e4d0ac?s=96&d=mm&r=g","url":"https:\/\/secure.gravatar.com\/avatar\/63ea8db1e19a6d2d608b24c0f78b5f3a7d6e0bc11959fec273410af333e4d0ac?s=96&d=mm&r=g","contentUrl":"https:\/\/secure.gravatar.com\/avatar\/63ea8db1e19a6d2d608b24c0f78b5f3a7d6e0bc11959fec273410af333e4d0ac?s=96&d=mm&r=g","caption":"Gayi Diawara"},"sameAs":["http:\/\/lequotidien.mr"],"url":"https:\/\/lequotidien.mr\/?author=5"}]}},"_links":{"self":[{"href":"https:\/\/lequotidien.mr\/index.php?rest_route=\/wp\/v2\/posts\/1142","targetHints":{"allow":["GET"]}}],"collection":[{"href":"https:\/\/lequotidien.mr\/index.php?rest_route=\/wp\/v2\/posts"}],"about":[{"href":"https:\/\/lequotidien.mr\/index.php?rest_route=\/wp\/v2\/types\/post"}],"author":[{"embeddable":true,"href":"https:\/\/lequotidien.mr\/index.php?rest_route=\/wp\/v2\/users\/5"}],"replies":[{"embeddable":true,"href":"https:\/\/lequotidien.mr\/index.php?rest_route=%2Fwp%2Fv2%2Fcomments&post=1142"}],"version-history":[{"count":2,"href":"https:\/\/lequotidien.mr\/index.php?rest_route=\/wp\/v2\/posts\/1142\/revisions"}],"predecessor-version":[{"id":1145,"href":"https:\/\/lequotidien.mr\/index.php?rest_route=\/wp\/v2\/posts\/1142\/revisions\/1145"}],"wp:featuredmedia":[{"embeddable":true,"href":"https:\/\/lequotidien.mr\/index.php?rest_route=\/wp\/v2\/media\/1143"}],"wp:attachment":[{"href":"https:\/\/lequotidien.mr\/index.php?rest_route=%2Fwp%2Fv2%2Fmedia&parent=1142"}],"wp:term":[{"taxonomy":"category","embeddable":true,"href":"https:\/\/lequotidien.mr\/index.php?rest_route=%2Fwp%2Fv2%2Fcategories&post=1142"},{"taxonomy":"post_tag","embeddable":true,"href":"https:\/\/lequotidien.mr\/index.php?rest_route=%2Fwp%2Fv2%2Ftags&post=1142"}],"curies":[{"name":"wp","href":"https:\/\/api.w.org\/{rel}","templated":true}]}}