{"id":11325,"date":"2023-08-28T15:59:32","date_gmt":"2023-08-28T15:59:32","guid":{"rendered":"https:\/\/lequotidien.mr\/?p=11325"},"modified":"2023-08-28T15:59:32","modified_gmt":"2023-08-28T15:59:32","slug":"cheikh-michel-lecomte-un-pere-exemplaire-et-un-homme-de-grande-ame-sen-est-alle-condoleances","status":"publish","type":"post","link":"https:\/\/lequotidien.mr\/?p=11325&lang=fr","title":{"rendered":"Cheikh Michel Lecomte: Un p\u00e8re exemplaire et un homme de grande \u00e2me s&#8217;en est all\u00e9&#8230;.Condol\u00e9ances"},"content":{"rendered":"<p>Le d\u00e9part ce matin tr\u00e8s t\u00f4t, trop t\u00f4t de mon Beau-p\u00e8re Cheikh Michel Lecomte,qui \u00e9tait pour moi un vrai p\u00e8re et un exemple de probit\u00e9, d\u2019humilit\u00e9 et de disponibilit\u00e9 est une grande perte pour nous sa Famille et pour ses amis et anciens coll\u00e8gues de la CNSS.<\/p>\n<p>Cette Caisse de S\u00e9curit\u00e9 Sociale \u00e0 laquelle il a consacr\u00e9 toute sa vie pour rendre service au public dont les droits ne devaient jamais prendre du retard. C\u2019\u00e9tait son sacerdoce lui et ses collaborateurs qui avaient comme seul objectif l\u2019\u00e9galit\u00e9 dans le traitement des dossiers.<\/p>\n<p>Pour lui c\u2019\u00e9tait tout simplement une question de justice. Il n\u2019a jamais failli \u00e0 cette ligne de conduite jusqu\u2019\u00e0 son d\u00e9part \u00e0 la retraite malgr\u00e9 les difficult\u00e9s rencontr\u00e9es. Je peux en t\u00e9moigner en tant qu\u2019ancien membre du Conseil d\u2019Administration bien avant d\u2019entrer dans sa famille. Famille qui lui voue un vrai culte pour les m\u00eames raisons.,sa rigueur morale et son sens de l\u2019\u00e9quit\u00e9 toujours dans la joie et la bonne humeur .<\/p>\n<p>Le pays a aussi perdu un grand homme qui a servi l\u2019Etat avec un sens inn\u00e9 du service public donc du service au public avec conscience professionnelle et conviction sans faille durant toute sa carri\u00e8re bien remplie.<\/p>\n<p>Ses enfants et ses petits enfants sont fiers d\u2019\u00eatre les h\u00e9ritiers d\u2019une telle personnalit\u00e9.<\/p>\n<p>Sinc\u00e8res Condol\u00e9ances \u00e0 eux et \u00e0 tous.<\/p>\n<p><a href=\"https:\/\/www.linkedin.com\/feed\/update\/urn:li:activity:7101739542482702336\/?commentUrn=urn%3Ali%3Acomment%3A(activity%3A7101739542482702336%2C7101846003326013440)&amp;dashCommentUrn=urn%3Ali%3Afsd_comment%3A(7101846003326013440%2Curn%3Ali%3Aactivity%3A7101739542482702336)\" target=\"_blank\" rel=\"noopener\">Mohamed Cherif<\/a><\/p>\n","protected":false},"excerpt":{"rendered":"<p>Le d\u00e9part ce matin tr\u00e8s t\u00f4t, trop t\u00f4t de mon Beau-p\u00e8re Cheikh Michel Lecomte,qui \u00e9tait pour moi un vrai p\u00e8re et un exemple de probit\u00e9, d\u2019humilit\u00e9 et de disponibilit\u00e9 est une grande perte pour nous sa Famille et pour ses amis et anciens coll\u00e8gues de la CNSS. Cette Caisse de S\u00e9curit\u00e9 Sociale \u00e0 laquelle il&#8230;..<\/p>\n","protected":false},"author":3,"featured_media":11326,"comment_status":"open","ping_status":"open","sticky":false,"template":"","format":"standard","meta":{"footnotes":""},"categories":[59],"tags":[],"class_list":["post-11325","post","type-post","status-publish","format-standard","has-post-thumbnail","hentry","category-opinion"],"yoast_head":"<!-- This site is optimized with the Yoast SEO plugin v27.5 - https:\/\/yoast.com\/product\/yoast-seo-wordpress\/ -->\n<title>Cheikh Michel Lecomte: Un p\u00e8re exemplaire et un homme de grande \u00e2me s&#039;en est all\u00e9....Condol\u00e9ances - Le Quotidien de Nouakchott<\/title>\n<meta name=\"robots\" content=\"index, follow, max-snippet:-1, max-image-preview:large, max-video-preview:-1\" \/>\n<link rel=\"canonical\" href=\"https:\/\/lequotidien.mr\/?p=11325&lang=fr\" \/>\n<meta property=\"og:locale\" content=\"ar_AR\" \/>\n<meta property=\"og:type\" content=\"article\" \/>\n<meta property=\"og:title\" content=\"Cheikh Michel Lecomte: Un p\u00e8re exemplaire et un homme de grande \u00e2me s&#039;en est all\u00e9....Condol\u00e9ances - Le Quotidien de Nouakchott\" \/>\n<meta property=\"og:description\" content=\"Le d\u00e9part ce matin tr\u00e8s t\u00f4t, trop t\u00f4t de mon Beau-p\u00e8re Cheikh Michel Lecomte,qui \u00e9tait pour moi un vrai p\u00e8re et un exemple de probit\u00e9, d\u2019humilit\u00e9 et de disponibilit\u00e9 est une grande perte pour nous sa Famille et pour ses amis et anciens coll\u00e8gues de la CNSS. Cette Caisse de S\u00e9curit\u00e9 Sociale \u00e0 laquelle il.....\" \/>\n<meta property=\"og:url\" content=\"https:\/\/lequotidien.mr\/?p=11325&amp;lang=fr\" \/>\n<meta property=\"og:site_name\" content=\"Le Quotidien de Nouakchott\" \/>\n<meta property=\"article:publisher\" content=\"https:\/\/web.facebook.com\/lequotidienmr\" \/>\n<meta property=\"article:author\" content=\"https:\/\/web.facebook.com\/a.mleiwih\" \/>\n<meta property=\"article:published_time\" content=\"2023-08-28T15:59:32+00:00\" \/>\n<meta property=\"og:image\" content=\"https:\/\/lequotidien.mr\/wp-content\/uploads\/2023\/08\/Condo.jpg\" \/>\n\t<meta property=\"og:image:width\" content=\"480\" \/>\n\t<meta property=\"og:image:height\" content=\"234\" \/>\n\t<meta property=\"og:image:type\" content=\"image\/jpeg\" \/>\n<meta name=\"author\" content=\"Alioun M&#039;leiwih\" \/>\n<meta name=\"twitter:card\" content=\"summary_large_image\" \/>\n<meta name=\"twitter:creator\" content=\"@lequotidienmr\" \/>\n<meta name=\"twitter:site\" content=\"@lequotidienmr\" \/>\n<meta name=\"twitter:label1\" content=\"\u0643\u064f\u062a\u0628 \u0628\u0648\u0627\u0633\u0637\u0629\" \/>\n\t<meta name=\"twitter:data1\" content=\"Alioun M&#039;leiwih\" \/>\n\t<meta name=\"twitter:label2\" content=\"\u0648\u0642\u062a \u0627\u0644\u0642\u0631\u0627\u0621\u0629 \u0627\u0644\u0645\u064f\u0642\u062f\u0651\u0631\" \/>\n\t<meta name=\"twitter:data2\" content=\"\u062f\u0642\u064a\u0642\u0629 \u0648\u0627\u062d\u062f\u0629\" \/>\n<script type=\"application\/ld+json\" class=\"yoast-schema-graph\">{\"@context\":\"https:\\\/\\\/schema.org\",\"@graph\":[{\"@type\":\"Article\",\"@id\":\"https:\\\/\\\/lequotidien.mr\\\/?p=11325&lang=fr#article\",\"isPartOf\":{\"@id\":\"https:\\\/\\\/lequotidien.mr\\\/?p=11325&lang=fr\"},\"author\":{\"name\":\"Alioun M'leiwih\",\"@id\":\"https:\\\/\\\/lequotidien.mr\\\/#\\\/schema\\\/person\\\/69d1518c74c9137087929a20b1272cb0\"},\"headline\":\"Cheikh Michel Lecomte: Un p\u00e8re exemplaire et un homme de grande \u00e2me s&#8217;en est all\u00e9&#8230;.Condol\u00e9ances\",\"datePublished\":\"2023-08-28T15:59:32+00:00\",\"mainEntityOfPage\":{\"@id\":\"https:\\\/\\\/lequotidien.mr\\\/?p=11325&lang=fr\"},\"wordCount\":268,\"commentCount\":0,\"publisher\":{\"@id\":\"https:\\\/\\\/lequotidien.mr\\\/#organization\"},\"image\":{\"@id\":\"https:\\\/\\\/lequotidien.mr\\\/?p=11325&lang=fr#primaryimage\"},\"thumbnailUrl\":\"https:\\\/\\\/lequotidien.mr\\\/wp-content\\\/uploads\\\/2023\\\/08\\\/Condo.jpg\",\"articleSection\":[\"Opinion\"],\"inLanguage\":\"ar\",\"potentialAction\":[{\"@type\":\"CommentAction\",\"name\":\"Comment\",\"target\":[\"https:\\\/\\\/lequotidien.mr\\\/?p=11325&lang=fr#respond\"]}]},{\"@type\":\"WebPage\",\"@id\":\"https:\\\/\\\/lequotidien.mr\\\/?p=11325&lang=fr\",\"url\":\"https:\\\/\\\/lequotidien.mr\\\/?p=11325&lang=fr\",\"name\":\"Cheikh Michel Lecomte: Un p\u00e8re exemplaire et un homme de grande \u00e2me s'en est all\u00e9....Condol\u00e9ances - Le Quotidien de Nouakchott\",\"isPartOf\":{\"@id\":\"https:\\\/\\\/lequotidien.mr\\\/#website\"},\"primaryImageOfPage\":{\"@id\":\"https:\\\/\\\/lequotidien.mr\\\/?p=11325&lang=fr#primaryimage\"},\"image\":{\"@id\":\"https:\\\/\\\/lequotidien.mr\\\/?p=11325&lang=fr#primaryimage\"},\"thumbnailUrl\":\"https:\\\/\\\/lequotidien.mr\\\/wp-content\\\/uploads\\\/2023\\\/08\\\/Condo.jpg\",\"datePublished\":\"2023-08-28T15:59:32+00:00\",\"breadcrumb\":{\"@id\":\"https:\\\/\\\/lequotidien.mr\\\/?p=11325&lang=fr#breadcrumb\"},\"inLanguage\":\"ar\",\"potentialAction\":[{\"@type\":\"ReadAction\",\"target\":[\"https:\\\/\\\/lequotidien.mr\\\/?p=11325&lang=fr\"]}]},{\"@type\":\"ImageObject\",\"inLanguage\":\"ar\",\"@id\":\"https:\\\/\\\/lequotidien.mr\\\/?p=11325&lang=fr#primaryimage\",\"url\":\"https:\\\/\\\/lequotidien.mr\\\/wp-content\\\/uploads\\\/2023\\\/08\\\/Condo.jpg\",\"contentUrl\":\"https:\\\/\\\/lequotidien.mr\\\/wp-content\\\/uploads\\\/2023\\\/08\\\/Condo.jpg\",\"width\":480,\"height\":234},{\"@type\":\"BreadcrumbList\",\"@id\":\"https:\\\/\\\/lequotidien.mr\\\/?p=11325&lang=fr#breadcrumb\",\"itemListElement\":[{\"@type\":\"ListItem\",\"position\":1,\"name\":\"Home\",\"item\":\"https:\\\/\\\/lequotidien.mr\\\/\"},{\"@type\":\"ListItem\",\"position\":2,\"name\":\"Cheikh Michel Lecomte: Un p\u00e8re exemplaire et un homme de grande \u00e2me s&#8217;en est all\u00e9&#8230;.Condol\u00e9ances\"}]},{\"@type\":\"WebSite\",\"@id\":\"https:\\\/\\\/lequotidien.mr\\\/#website\",\"url\":\"https:\\\/\\\/lequotidien.mr\\\/\",\"name\":\"Le Quotidien de Nouakchott\",\"description\":\"\u0625\u062e\u0628\u0627\u0631\u064a\u0629 \u0645\u0633\u062a\u0642\u0644\u0629 \u0644\u0644\u0623\u0646\u0628\u0627\u0621 \u0627\u0644\u0639\u0627\u0645\u0629\",\"publisher\":{\"@id\":\"https:\\\/\\\/lequotidien.mr\\\/#organization\"},\"potentialAction\":[{\"@type\":\"SearchAction\",\"target\":{\"@type\":\"EntryPoint\",\"urlTemplate\":\"https:\\\/\\\/lequotidien.mr\\\/?s={search_term_string}\"},\"query-input\":{\"@type\":\"PropertyValueSpecification\",\"valueRequired\":true,\"valueName\":\"search_term_string\"}}],\"inLanguage\":\"ar\"},{\"@type\":\"Organization\",\"@id\":\"https:\\\/\\\/lequotidien.mr\\\/#organization\",\"name\":\"Le Quotidien de Nouakchott\",\"url\":\"https:\\\/\\\/lequotidien.mr\\\/\",\"logo\":{\"@type\":\"ImageObject\",\"inLanguage\":\"ar\",\"@id\":\"https:\\\/\\\/lequotidien.mr\\\/#\\\/schema\\\/logo\\\/image\\\/\",\"url\":\"https:\\\/\\\/lequotidien.mr\\\/wp-content\\\/uploads\\\/2022\\\/11\\\/logolequotidien.jpg\",\"contentUrl\":\"https:\\\/\\\/lequotidien.mr\\\/wp-content\\\/uploads\\\/2022\\\/11\\\/logolequotidien.jpg\",\"width\":290,\"height\":65,\"caption\":\"Le Quotidien de Nouakchott\"},\"image\":{\"@id\":\"https:\\\/\\\/lequotidien.mr\\\/#\\\/schema\\\/logo\\\/image\\\/\"},\"sameAs\":[\"https:\\\/\\\/web.facebook.com\\\/lequotidienmr\",\"https:\\\/\\\/x.com\\\/lequotidienmr\"]},{\"@type\":\"Person\",\"@id\":\"https:\\\/\\\/lequotidien.mr\\\/#\\\/schema\\\/person\\\/69d1518c74c9137087929a20b1272cb0\",\"name\":\"Alioun M'leiwih\",\"image\":{\"@type\":\"ImageObject\",\"inLanguage\":\"ar\",\"@id\":\"https:\\\/\\\/secure.gravatar.com\\\/avatar\\\/01f9d357222d7d4ca8f71662f4b081718f06d25b11fc45662ecca0622d507e51?s=96&d=mm&r=g\",\"url\":\"https:\\\/\\\/secure.gravatar.com\\\/avatar\\\/01f9d357222d7d4ca8f71662f4b081718f06d25b11fc45662ecca0622d507e51?s=96&d=mm&r=g\",\"contentUrl\":\"https:\\\/\\\/secure.gravatar.com\\\/avatar\\\/01f9d357222d7d4ca8f71662f4b081718f06d25b11fc45662ecca0622d507e51?s=96&d=mm&r=g\",\"caption\":\"Alioun M'leiwih\"},\"sameAs\":[\"https:\\\/\\\/lequotidien.mr\\\/\",\"https:\\\/\\\/web.facebook.com\\\/a.mleiwih\",\"https:\\\/\\\/www.linkedin.com\\\/in\\\/alimlewih\\\/\"],\"url\":\"https:\\\/\\\/lequotidien.mr\\\/?author=3\"}]}<\/script>\n<!-- \/ Yoast SEO plugin. -->","yoast_head_json":{"title":"Cheikh Michel Lecomte: Un p\u00e8re exemplaire et un homme de grande \u00e2me s'en est all\u00e9....Condol\u00e9ances - Le Quotidien de Nouakchott","robots":{"index":"index","follow":"follow","max-snippet":"max-snippet:-1","max-image-preview":"max-image-preview:large","max-video-preview":"max-video-preview:-1"},"canonical":"https:\/\/lequotidien.mr\/?p=11325&lang=fr","og_locale":"ar_AR","og_type":"article","og_title":"Cheikh Michel Lecomte: Un p\u00e8re exemplaire et un homme de grande \u00e2me s'en est all\u00e9....Condol\u00e9ances - Le Quotidien de Nouakchott","og_description":"Le d\u00e9part ce matin tr\u00e8s t\u00f4t, trop t\u00f4t de mon Beau-p\u00e8re Cheikh Michel Lecomte,qui \u00e9tait pour moi un vrai p\u00e8re et un exemple de probit\u00e9, d\u2019humilit\u00e9 et de disponibilit\u00e9 est une grande perte pour nous sa Famille et pour ses amis et anciens coll\u00e8gues de la CNSS. Cette Caisse de S\u00e9curit\u00e9 Sociale \u00e0 laquelle il.....","og_url":"https:\/\/lequotidien.mr\/?p=11325&lang=fr","og_site_name":"Le Quotidien de Nouakchott","article_publisher":"https:\/\/web.facebook.com\/lequotidienmr","article_author":"https:\/\/web.facebook.com\/a.mleiwih","article_published_time":"2023-08-28T15:59:32+00:00","og_image":[{"width":480,"height":234,"url":"https:\/\/lequotidien.mr\/wp-content\/uploads\/2023\/08\/Condo.jpg","type":"image\/jpeg"}],"author":"Alioun M'leiwih","twitter_card":"summary_large_image","twitter_creator":"@lequotidienmr","twitter_site":"@lequotidienmr","twitter_misc":{"\u0643\u064f\u062a\u0628 \u0628\u0648\u0627\u0633\u0637\u0629":"Alioun M'leiwih","\u0648\u0642\u062a \u0627\u0644\u0642\u0631\u0627\u0621\u0629 \u0627\u0644\u0645\u064f\u0642\u062f\u0651\u0631":"\u062f\u0642\u064a\u0642\u0629 \u0648\u0627\u062d\u062f\u0629"},"schema":{"@context":"https:\/\/schema.org","@graph":[{"@type":"Article","@id":"https:\/\/lequotidien.mr\/?p=11325&lang=fr#article","isPartOf":{"@id":"https:\/\/lequotidien.mr\/?p=11325&lang=fr"},"author":{"name":"Alioun M'leiwih","@id":"https:\/\/lequotidien.mr\/#\/schema\/person\/69d1518c74c9137087929a20b1272cb0"},"headline":"Cheikh Michel Lecomte: Un p\u00e8re exemplaire et un homme de grande \u00e2me s&#8217;en est all\u00e9&#8230;.Condol\u00e9ances","datePublished":"2023-08-28T15:59:32+00:00","mainEntityOfPage":{"@id":"https:\/\/lequotidien.mr\/?p=11325&lang=fr"},"wordCount":268,"commentCount":0,"publisher":{"@id":"https:\/\/lequotidien.mr\/#organization"},"image":{"@id":"https:\/\/lequotidien.mr\/?p=11325&lang=fr#primaryimage"},"thumbnailUrl":"https:\/\/lequotidien.mr\/wp-content\/uploads\/2023\/08\/Condo.jpg","articleSection":["Opinion"],"inLanguage":"ar","potentialAction":[{"@type":"CommentAction","name":"Comment","target":["https:\/\/lequotidien.mr\/?p=11325&lang=fr#respond"]}]},{"@type":"WebPage","@id":"https:\/\/lequotidien.mr\/?p=11325&lang=fr","url":"https:\/\/lequotidien.mr\/?p=11325&lang=fr","name":"Cheikh Michel Lecomte: Un p\u00e8re exemplaire et un homme de grande \u00e2me s'en est all\u00e9....Condol\u00e9ances - Le Quotidien de Nouakchott","isPartOf":{"@id":"https:\/\/lequotidien.mr\/#website"},"primaryImageOfPage":{"@id":"https:\/\/lequotidien.mr\/?p=11325&lang=fr#primaryimage"},"image":{"@id":"https:\/\/lequotidien.mr\/?p=11325&lang=fr#primaryimage"},"thumbnailUrl":"https:\/\/lequotidien.mr\/wp-content\/uploads\/2023\/08\/Condo.jpg","datePublished":"2023-08-28T15:59:32+00:00","breadcrumb":{"@id":"https:\/\/lequotidien.mr\/?p=11325&lang=fr#breadcrumb"},"inLanguage":"ar","potentialAction":[{"@type":"ReadAction","target":["https:\/\/lequotidien.mr\/?p=11325&lang=fr"]}]},{"@type":"ImageObject","inLanguage":"ar","@id":"https:\/\/lequotidien.mr\/?p=11325&lang=fr#primaryimage","url":"https:\/\/lequotidien.mr\/wp-content\/uploads\/2023\/08\/Condo.jpg","contentUrl":"https:\/\/lequotidien.mr\/wp-content\/uploads\/2023\/08\/Condo.jpg","width":480,"height":234},{"@type":"BreadcrumbList","@id":"https:\/\/lequotidien.mr\/?p=11325&lang=fr#breadcrumb","itemListElement":[{"@type":"ListItem","position":1,"name":"Home","item":"https:\/\/lequotidien.mr\/"},{"@type":"ListItem","position":2,"name":"Cheikh Michel Lecomte: Un p\u00e8re exemplaire et un homme de grande \u00e2me s&#8217;en est all\u00e9&#8230;.Condol\u00e9ances"}]},{"@type":"WebSite","@id":"https:\/\/lequotidien.mr\/#website","url":"https:\/\/lequotidien.mr\/","name":"Le Quotidien de Nouakchott","description":"\u0625\u062e\u0628\u0627\u0631\u064a\u0629 \u0645\u0633\u062a\u0642\u0644\u0629 \u0644\u0644\u0623\u0646\u0628\u0627\u0621 \u0627\u0644\u0639\u0627\u0645\u0629","publisher":{"@id":"https:\/\/lequotidien.mr\/#organization"},"potentialAction":[{"@type":"SearchAction","target":{"@type":"EntryPoint","urlTemplate":"https:\/\/lequotidien.mr\/?s={search_term_string}"},"query-input":{"@type":"PropertyValueSpecification","valueRequired":true,"valueName":"search_term_string"}}],"inLanguage":"ar"},{"@type":"Organization","@id":"https:\/\/lequotidien.mr\/#organization","name":"Le Quotidien de Nouakchott","url":"https:\/\/lequotidien.mr\/","logo":{"@type":"ImageObject","inLanguage":"ar","@id":"https:\/\/lequotidien.mr\/#\/schema\/logo\/image\/","url":"https:\/\/lequotidien.mr\/wp-content\/uploads\/2022\/11\/logolequotidien.jpg","contentUrl":"https:\/\/lequotidien.mr\/wp-content\/uploads\/2022\/11\/logolequotidien.jpg","width":290,"height":65,"caption":"Le Quotidien de Nouakchott"},"image":{"@id":"https:\/\/lequotidien.mr\/#\/schema\/logo\/image\/"},"sameAs":["https:\/\/web.facebook.com\/lequotidienmr","https:\/\/x.com\/lequotidienmr"]},{"@type":"Person","@id":"https:\/\/lequotidien.mr\/#\/schema\/person\/69d1518c74c9137087929a20b1272cb0","name":"Alioun M'leiwih","image":{"@type":"ImageObject","inLanguage":"ar","@id":"https:\/\/secure.gravatar.com\/avatar\/01f9d357222d7d4ca8f71662f4b081718f06d25b11fc45662ecca0622d507e51?s=96&d=mm&r=g","url":"https:\/\/secure.gravatar.com\/avatar\/01f9d357222d7d4ca8f71662f4b081718f06d25b11fc45662ecca0622d507e51?s=96&d=mm&r=g","contentUrl":"https:\/\/secure.gravatar.com\/avatar\/01f9d357222d7d4ca8f71662f4b081718f06d25b11fc45662ecca0622d507e51?s=96&d=mm&r=g","caption":"Alioun M'leiwih"},"sameAs":["https:\/\/lequotidien.mr\/","https:\/\/web.facebook.com\/a.mleiwih","https:\/\/www.linkedin.com\/in\/alimlewih\/"],"url":"https:\/\/lequotidien.mr\/?author=3"}]}},"_links":{"self":[{"href":"https:\/\/lequotidien.mr\/index.php?rest_route=\/wp\/v2\/posts\/11325","targetHints":{"allow":["GET"]}}],"collection":[{"href":"https:\/\/lequotidien.mr\/index.php?rest_route=\/wp\/v2\/posts"}],"about":[{"href":"https:\/\/lequotidien.mr\/index.php?rest_route=\/wp\/v2\/types\/post"}],"author":[{"embeddable":true,"href":"https:\/\/lequotidien.mr\/index.php?rest_route=\/wp\/v2\/users\/3"}],"replies":[{"embeddable":true,"href":"https:\/\/lequotidien.mr\/index.php?rest_route=%2Fwp%2Fv2%2Fcomments&post=11325"}],"version-history":[{"count":1,"href":"https:\/\/lequotidien.mr\/index.php?rest_route=\/wp\/v2\/posts\/11325\/revisions"}],"predecessor-version":[{"id":11327,"href":"https:\/\/lequotidien.mr\/index.php?rest_route=\/wp\/v2\/posts\/11325\/revisions\/11327"}],"wp:featuredmedia":[{"embeddable":true,"href":"https:\/\/lequotidien.mr\/index.php?rest_route=\/wp\/v2\/media\/11326"}],"wp:attachment":[{"href":"https:\/\/lequotidien.mr\/index.php?rest_route=%2Fwp%2Fv2%2Fmedia&parent=11325"}],"wp:term":[{"taxonomy":"category","embeddable":true,"href":"https:\/\/lequotidien.mr\/index.php?rest_route=%2Fwp%2Fv2%2Fcategories&post=11325"},{"taxonomy":"post_tag","embeddable":true,"href":"https:\/\/lequotidien.mr\/index.php?rest_route=%2Fwp%2Fv2%2Ftags&post=11325"}],"curies":[{"name":"wp","href":"https:\/\/api.w.org\/{rel}","templated":true}]}}