{"id":10927,"date":"2023-08-16T14:40:34","date_gmt":"2023-08-16T14:40:34","guid":{"rendered":"https:\/\/lequotidien.mr\/?p=10927"},"modified":"2023-08-16T14:40:34","modified_gmt":"2023-08-16T14:40:34","slug":"organisation-dune-soiree-dencadrement-pour-commemorer-la-journee-internationale-de-la-jeunesse","status":"publish","type":"post","link":"https:\/\/lequotidien.mr\/?p=10927&lang=fr","title":{"rendered":"Organisation d&#8217;une soir\u00e9e d&#8217;encadrement pour comm\u00e9morer la Journ\u00e9e Internationale de la Jeunesse"},"content":{"rendered":"<p>Nouakchott, le 15 ao\u00fbt 2023 (AMI) Le Conseil National de la Jeunesse a organis\u00e9, hier soir \u00e0 Nouakchott, une soir\u00e9e d&#8217;introduction \u00e0 l&#8217;occasion de la Journ\u00e9e Internationale de la Jeunesse, qui tombe le 12 ao\u00fbt de chaque ann\u00e9e.<\/p>\n<p>\u00c0 travers cette soir\u00e9e culturelle, le conseil vise \u00e0 guider intellectuellement les jeunesses et \u00e0 renforcer la s\u00e9curit\u00e9 intellectuelle des jeunes, en plus d&#8217;attirer l&#8217;attention des jeunes sur les opportunit\u00e9s disponibles dans le pays, notamment dans le domaine du gaz vert et de l&#8217;hydrog\u00e8ne, et les moyens d&#8217;exploiter les opportunit\u00e9s op\u00e9rationnelles qui en d\u00e9coulent.<\/p>\n<p>La soir\u00e9e culturelle a connu une vari\u00e9t\u00e9 de paragraphes qui comprenaient plusieurs pr\u00e9sentations, telles que le concept de leadership en g\u00e9n\u00e9ral et le leadership des jeunes en particulier, un document d&#8217;introduction sur les t\u00e2ches et les r\u00e9alisations du Conseil national des jeunes, et des interventions de certains des partenaires du Conseil sur programmes de d\u00e9veloppement.<\/p>\n<p>Dans le m\u00eame cadre, les porteurs de projets r\u00e9ussis ont \u00e9t\u00e9 honor\u00e9s, et ceux qui ont excell\u00e9 au baccalaur\u00e9at pour l&#8217;ann\u00e9e 2022\/2023.<\/p>\n<p>La soir\u00e9e s&#8217;est d\u00e9roul\u00e9e en pr\u00e9sence du ministre de la Transformation Num\u00e9rique, de l&#8217;Innovation et de la Modernisation de l&#8217;Administration, M. Mohamed Abdallahi Ould Al-Wali, charg\u00e9 de mission \u00e0 la Pr\u00e9sidence de la R\u00e9publique, M. Harouna Traor\u00e9, et du Conseiller du Premier ministre charg\u00e9 de l&#8217;Emploi et du Travail, M. Khatari Ould Bey, et de la pr\u00e9sidente du Conseil national de la jeunesse, Mme Zainabou Mint Abdel Jelil, et de plusieurs jeunes.<br \/>\nAh<\/p>\n","protected":false},"excerpt":{"rendered":"<p>Nouakchott, le 15 ao\u00fbt 2023 (AMI) Le Conseil National de la Jeunesse a organis\u00e9, hier soir \u00e0 Nouakchott, une soir\u00e9e d&#8217;introduction \u00e0 l&#8217;occasion de la Journ\u00e9e Internationale de la Jeunesse, qui tombe le 12 ao\u00fbt de chaque ann\u00e9e. \u00c0 travers cette soir\u00e9e culturelle, le conseil vise \u00e0 guider intellectuellement les jeunesses et \u00e0 renforcer la&#8230;..<\/p>\n","protected":false},"author":3,"featured_media":10928,"comment_status":"open","ping_status":"open","sticky":false,"template":"","format":"standard","meta":{"footnotes":""},"categories":[23,55],"tags":[],"class_list":["post-10927","post","type-post","status-publish","format-standard","has-post-thumbnail","hentry","category-actualite","category-culture"],"yoast_head":"<!-- This site is optimized with the Yoast SEO plugin v27.5 - https:\/\/yoast.com\/product\/yoast-seo-wordpress\/ -->\n<title>Organisation d&#039;une soir\u00e9e d&#039;encadrement pour comm\u00e9morer la Journ\u00e9e Internationale de la Jeunesse - Le Quotidien de Nouakchott<\/title>\n<meta name=\"robots\" content=\"index, follow, max-snippet:-1, max-image-preview:large, max-video-preview:-1\" \/>\n<link rel=\"canonical\" href=\"https:\/\/lequotidien.mr\/?p=10927&lang=fr\" \/>\n<meta property=\"og:locale\" content=\"ar_AR\" \/>\n<meta property=\"og:type\" content=\"article\" \/>\n<meta property=\"og:title\" content=\"Organisation d&#039;une soir\u00e9e d&#039;encadrement pour comm\u00e9morer la Journ\u00e9e Internationale de la Jeunesse - Le Quotidien de Nouakchott\" \/>\n<meta property=\"og:description\" content=\"Nouakchott, le 15 ao\u00fbt 2023 (AMI) Le Conseil National de la Jeunesse a organis\u00e9, hier soir \u00e0 Nouakchott, une soir\u00e9e d&#8217;introduction \u00e0 l&#8217;occasion de la Journ\u00e9e Internationale de la Jeunesse, qui tombe le 12 ao\u00fbt de chaque ann\u00e9e. \u00c0 travers cette soir\u00e9e culturelle, le conseil vise \u00e0 guider intellectuellement les jeunesses et \u00e0 renforcer la.....\" \/>\n<meta property=\"og:url\" content=\"https:\/\/lequotidien.mr\/?p=10927&amp;lang=fr\" \/>\n<meta property=\"og:site_name\" content=\"Le Quotidien de Nouakchott\" \/>\n<meta property=\"article:publisher\" content=\"https:\/\/web.facebook.com\/lequotidienmr\" \/>\n<meta property=\"article:author\" content=\"https:\/\/web.facebook.com\/a.mleiwih\" \/>\n<meta property=\"article:published_time\" content=\"2023-08-16T14:40:34+00:00\" \/>\n<meta property=\"og:image\" content=\"https:\/\/lequotidien.mr\/wp-content\/uploads\/2023\/08\/IMG-20230816-WA0065.jpg\" \/>\n\t<meta property=\"og:image:width\" content=\"720\" \/>\n\t<meta property=\"og:image:height\" content=\"540\" \/>\n\t<meta property=\"og:image:type\" content=\"image\/jpeg\" \/>\n<meta name=\"author\" content=\"Alioun M&#039;leiwih\" \/>\n<meta name=\"twitter:card\" content=\"summary_large_image\" \/>\n<meta name=\"twitter:creator\" content=\"@lequotidienmr\" \/>\n<meta name=\"twitter:site\" content=\"@lequotidienmr\" \/>\n<meta name=\"twitter:label1\" content=\"\u0643\u064f\u062a\u0628 \u0628\u0648\u0627\u0633\u0637\u0629\" \/>\n\t<meta name=\"twitter:data1\" content=\"Alioun M&#039;leiwih\" \/>\n\t<meta name=\"twitter:label2\" content=\"\u0648\u0642\u062a \u0627\u0644\u0642\u0631\u0627\u0621\u0629 \u0627\u0644\u0645\u064f\u0642\u062f\u0651\u0631\" \/>\n\t<meta name=\"twitter:data2\" content=\"\u062f\u0642\u064a\u0642\u0629 \u0648\u0627\u062d\u062f\u0629\" \/>\n<script type=\"application\/ld+json\" class=\"yoast-schema-graph\">{\"@context\":\"https:\\\/\\\/schema.org\",\"@graph\":[{\"@type\":\"Article\",\"@id\":\"https:\\\/\\\/lequotidien.mr\\\/?p=10927&lang=fr#article\",\"isPartOf\":{\"@id\":\"https:\\\/\\\/lequotidien.mr\\\/?p=10927&lang=fr\"},\"author\":{\"name\":\"Alioun M'leiwih\",\"@id\":\"https:\\\/\\\/lequotidien.mr\\\/#\\\/schema\\\/person\\\/69d1518c74c9137087929a20b1272cb0\"},\"headline\":\"Organisation d&#8217;une soir\u00e9e d&#8217;encadrement pour comm\u00e9morer la Journ\u00e9e Internationale de la Jeunesse\",\"datePublished\":\"2023-08-16T14:40:34+00:00\",\"mainEntityOfPage\":{\"@id\":\"https:\\\/\\\/lequotidien.mr\\\/?p=10927&lang=fr\"},\"wordCount\":294,\"commentCount\":0,\"publisher\":{\"@id\":\"https:\\\/\\\/lequotidien.mr\\\/#organization\"},\"image\":{\"@id\":\"https:\\\/\\\/lequotidien.mr\\\/?p=10927&lang=fr#primaryimage\"},\"thumbnailUrl\":\"https:\\\/\\\/lequotidien.mr\\\/wp-content\\\/uploads\\\/2023\\\/08\\\/IMG-20230816-WA0065.jpg\",\"articleSection\":[\"ACTUALIT\u00c9\",\"Culture\"],\"inLanguage\":\"ar\",\"potentialAction\":[{\"@type\":\"CommentAction\",\"name\":\"Comment\",\"target\":[\"https:\\\/\\\/lequotidien.mr\\\/?p=10927&lang=fr#respond\"]}]},{\"@type\":\"WebPage\",\"@id\":\"https:\\\/\\\/lequotidien.mr\\\/?p=10927&lang=fr\",\"url\":\"https:\\\/\\\/lequotidien.mr\\\/?p=10927&lang=fr\",\"name\":\"Organisation d'une soir\u00e9e d'encadrement pour comm\u00e9morer la Journ\u00e9e Internationale de la Jeunesse - Le Quotidien de Nouakchott\",\"isPartOf\":{\"@id\":\"https:\\\/\\\/lequotidien.mr\\\/#website\"},\"primaryImageOfPage\":{\"@id\":\"https:\\\/\\\/lequotidien.mr\\\/?p=10927&lang=fr#primaryimage\"},\"image\":{\"@id\":\"https:\\\/\\\/lequotidien.mr\\\/?p=10927&lang=fr#primaryimage\"},\"thumbnailUrl\":\"https:\\\/\\\/lequotidien.mr\\\/wp-content\\\/uploads\\\/2023\\\/08\\\/IMG-20230816-WA0065.jpg\",\"datePublished\":\"2023-08-16T14:40:34+00:00\",\"breadcrumb\":{\"@id\":\"https:\\\/\\\/lequotidien.mr\\\/?p=10927&lang=fr#breadcrumb\"},\"inLanguage\":\"ar\",\"potentialAction\":[{\"@type\":\"ReadAction\",\"target\":[\"https:\\\/\\\/lequotidien.mr\\\/?p=10927&lang=fr\"]}]},{\"@type\":\"ImageObject\",\"inLanguage\":\"ar\",\"@id\":\"https:\\\/\\\/lequotidien.mr\\\/?p=10927&lang=fr#primaryimage\",\"url\":\"https:\\\/\\\/lequotidien.mr\\\/wp-content\\\/uploads\\\/2023\\\/08\\\/IMG-20230816-WA0065.jpg\",\"contentUrl\":\"https:\\\/\\\/lequotidien.mr\\\/wp-content\\\/uploads\\\/2023\\\/08\\\/IMG-20230816-WA0065.jpg\",\"width\":720,\"height\":540},{\"@type\":\"BreadcrumbList\",\"@id\":\"https:\\\/\\\/lequotidien.mr\\\/?p=10927&lang=fr#breadcrumb\",\"itemListElement\":[{\"@type\":\"ListItem\",\"position\":1,\"name\":\"Home\",\"item\":\"https:\\\/\\\/lequotidien.mr\\\/\"},{\"@type\":\"ListItem\",\"position\":2,\"name\":\"Organisation d&#8217;une soir\u00e9e d&#8217;encadrement pour comm\u00e9morer la Journ\u00e9e Internationale de la Jeunesse\"}]},{\"@type\":\"WebSite\",\"@id\":\"https:\\\/\\\/lequotidien.mr\\\/#website\",\"url\":\"https:\\\/\\\/lequotidien.mr\\\/\",\"name\":\"Le Quotidien de Nouakchott\",\"description\":\"\u0625\u062e\u0628\u0627\u0631\u064a\u0629 \u0645\u0633\u062a\u0642\u0644\u0629 \u0644\u0644\u0623\u0646\u0628\u0627\u0621 \u0627\u0644\u0639\u0627\u0645\u0629\",\"publisher\":{\"@id\":\"https:\\\/\\\/lequotidien.mr\\\/#organization\"},\"potentialAction\":[{\"@type\":\"SearchAction\",\"target\":{\"@type\":\"EntryPoint\",\"urlTemplate\":\"https:\\\/\\\/lequotidien.mr\\\/?s={search_term_string}\"},\"query-input\":{\"@type\":\"PropertyValueSpecification\",\"valueRequired\":true,\"valueName\":\"search_term_string\"}}],\"inLanguage\":\"ar\"},{\"@type\":\"Organization\",\"@id\":\"https:\\\/\\\/lequotidien.mr\\\/#organization\",\"name\":\"Le Quotidien de Nouakchott\",\"url\":\"https:\\\/\\\/lequotidien.mr\\\/\",\"logo\":{\"@type\":\"ImageObject\",\"inLanguage\":\"ar\",\"@id\":\"https:\\\/\\\/lequotidien.mr\\\/#\\\/schema\\\/logo\\\/image\\\/\",\"url\":\"https:\\\/\\\/lequotidien.mr\\\/wp-content\\\/uploads\\\/2022\\\/11\\\/logolequotidien.jpg\",\"contentUrl\":\"https:\\\/\\\/lequotidien.mr\\\/wp-content\\\/uploads\\\/2022\\\/11\\\/logolequotidien.jpg\",\"width\":290,\"height\":65,\"caption\":\"Le Quotidien de Nouakchott\"},\"image\":{\"@id\":\"https:\\\/\\\/lequotidien.mr\\\/#\\\/schema\\\/logo\\\/image\\\/\"},\"sameAs\":[\"https:\\\/\\\/web.facebook.com\\\/lequotidienmr\",\"https:\\\/\\\/x.com\\\/lequotidienmr\"]},{\"@type\":\"Person\",\"@id\":\"https:\\\/\\\/lequotidien.mr\\\/#\\\/schema\\\/person\\\/69d1518c74c9137087929a20b1272cb0\",\"name\":\"Alioun M'leiwih\",\"image\":{\"@type\":\"ImageObject\",\"inLanguage\":\"ar\",\"@id\":\"https:\\\/\\\/secure.gravatar.com\\\/avatar\\\/01f9d357222d7d4ca8f71662f4b081718f06d25b11fc45662ecca0622d507e51?s=96&d=mm&r=g\",\"url\":\"https:\\\/\\\/secure.gravatar.com\\\/avatar\\\/01f9d357222d7d4ca8f71662f4b081718f06d25b11fc45662ecca0622d507e51?s=96&d=mm&r=g\",\"contentUrl\":\"https:\\\/\\\/secure.gravatar.com\\\/avatar\\\/01f9d357222d7d4ca8f71662f4b081718f06d25b11fc45662ecca0622d507e51?s=96&d=mm&r=g\",\"caption\":\"Alioun M'leiwih\"},\"sameAs\":[\"https:\\\/\\\/lequotidien.mr\\\/\",\"https:\\\/\\\/web.facebook.com\\\/a.mleiwih\",\"https:\\\/\\\/www.linkedin.com\\\/in\\\/alimlewih\\\/\"],\"url\":\"https:\\\/\\\/lequotidien.mr\\\/?author=3\"}]}<\/script>\n<!-- \/ Yoast SEO plugin. -->","yoast_head_json":{"title":"Organisation d'une soir\u00e9e d'encadrement pour comm\u00e9morer la Journ\u00e9e Internationale de la Jeunesse - Le Quotidien de Nouakchott","robots":{"index":"index","follow":"follow","max-snippet":"max-snippet:-1","max-image-preview":"max-image-preview:large","max-video-preview":"max-video-preview:-1"},"canonical":"https:\/\/lequotidien.mr\/?p=10927&lang=fr","og_locale":"ar_AR","og_type":"article","og_title":"Organisation d'une soir\u00e9e d'encadrement pour comm\u00e9morer la Journ\u00e9e Internationale de la Jeunesse - Le Quotidien de Nouakchott","og_description":"Nouakchott, le 15 ao\u00fbt 2023 (AMI) Le Conseil National de la Jeunesse a organis\u00e9, hier soir \u00e0 Nouakchott, une soir\u00e9e d&#8217;introduction \u00e0 l&#8217;occasion de la Journ\u00e9e Internationale de la Jeunesse, qui tombe le 12 ao\u00fbt de chaque ann\u00e9e. \u00c0 travers cette soir\u00e9e culturelle, le conseil vise \u00e0 guider intellectuellement les jeunesses et \u00e0 renforcer la.....","og_url":"https:\/\/lequotidien.mr\/?p=10927&lang=fr","og_site_name":"Le Quotidien de Nouakchott","article_publisher":"https:\/\/web.facebook.com\/lequotidienmr","article_author":"https:\/\/web.facebook.com\/a.mleiwih","article_published_time":"2023-08-16T14:40:34+00:00","og_image":[{"width":720,"height":540,"url":"https:\/\/lequotidien.mr\/wp-content\/uploads\/2023\/08\/IMG-20230816-WA0065.jpg","type":"image\/jpeg"}],"author":"Alioun M'leiwih","twitter_card":"summary_large_image","twitter_creator":"@lequotidienmr","twitter_site":"@lequotidienmr","twitter_misc":{"\u0643\u064f\u062a\u0628 \u0628\u0648\u0627\u0633\u0637\u0629":"Alioun M'leiwih","\u0648\u0642\u062a \u0627\u0644\u0642\u0631\u0627\u0621\u0629 \u0627\u0644\u0645\u064f\u0642\u062f\u0651\u0631":"\u062f\u0642\u064a\u0642\u0629 \u0648\u0627\u062d\u062f\u0629"},"schema":{"@context":"https:\/\/schema.org","@graph":[{"@type":"Article","@id":"https:\/\/lequotidien.mr\/?p=10927&lang=fr#article","isPartOf":{"@id":"https:\/\/lequotidien.mr\/?p=10927&lang=fr"},"author":{"name":"Alioun M'leiwih","@id":"https:\/\/lequotidien.mr\/#\/schema\/person\/69d1518c74c9137087929a20b1272cb0"},"headline":"Organisation d&#8217;une soir\u00e9e d&#8217;encadrement pour comm\u00e9morer la Journ\u00e9e Internationale de la Jeunesse","datePublished":"2023-08-16T14:40:34+00:00","mainEntityOfPage":{"@id":"https:\/\/lequotidien.mr\/?p=10927&lang=fr"},"wordCount":294,"commentCount":0,"publisher":{"@id":"https:\/\/lequotidien.mr\/#organization"},"image":{"@id":"https:\/\/lequotidien.mr\/?p=10927&lang=fr#primaryimage"},"thumbnailUrl":"https:\/\/lequotidien.mr\/wp-content\/uploads\/2023\/08\/IMG-20230816-WA0065.jpg","articleSection":["ACTUALIT\u00c9","Culture"],"inLanguage":"ar","potentialAction":[{"@type":"CommentAction","name":"Comment","target":["https:\/\/lequotidien.mr\/?p=10927&lang=fr#respond"]}]},{"@type":"WebPage","@id":"https:\/\/lequotidien.mr\/?p=10927&lang=fr","url":"https:\/\/lequotidien.mr\/?p=10927&lang=fr","name":"Organisation d'une soir\u00e9e d'encadrement pour comm\u00e9morer la Journ\u00e9e Internationale de la Jeunesse - Le Quotidien de Nouakchott","isPartOf":{"@id":"https:\/\/lequotidien.mr\/#website"},"primaryImageOfPage":{"@id":"https:\/\/lequotidien.mr\/?p=10927&lang=fr#primaryimage"},"image":{"@id":"https:\/\/lequotidien.mr\/?p=10927&lang=fr#primaryimage"},"thumbnailUrl":"https:\/\/lequotidien.mr\/wp-content\/uploads\/2023\/08\/IMG-20230816-WA0065.jpg","datePublished":"2023-08-16T14:40:34+00:00","breadcrumb":{"@id":"https:\/\/lequotidien.mr\/?p=10927&lang=fr#breadcrumb"},"inLanguage":"ar","potentialAction":[{"@type":"ReadAction","target":["https:\/\/lequotidien.mr\/?p=10927&lang=fr"]}]},{"@type":"ImageObject","inLanguage":"ar","@id":"https:\/\/lequotidien.mr\/?p=10927&lang=fr#primaryimage","url":"https:\/\/lequotidien.mr\/wp-content\/uploads\/2023\/08\/IMG-20230816-WA0065.jpg","contentUrl":"https:\/\/lequotidien.mr\/wp-content\/uploads\/2023\/08\/IMG-20230816-WA0065.jpg","width":720,"height":540},{"@type":"BreadcrumbList","@id":"https:\/\/lequotidien.mr\/?p=10927&lang=fr#breadcrumb","itemListElement":[{"@type":"ListItem","position":1,"name":"Home","item":"https:\/\/lequotidien.mr\/"},{"@type":"ListItem","position":2,"name":"Organisation d&#8217;une soir\u00e9e d&#8217;encadrement pour comm\u00e9morer la Journ\u00e9e Internationale de la Jeunesse"}]},{"@type":"WebSite","@id":"https:\/\/lequotidien.mr\/#website","url":"https:\/\/lequotidien.mr\/","name":"Le Quotidien de Nouakchott","description":"\u0625\u062e\u0628\u0627\u0631\u064a\u0629 \u0645\u0633\u062a\u0642\u0644\u0629 \u0644\u0644\u0623\u0646\u0628\u0627\u0621 \u0627\u0644\u0639\u0627\u0645\u0629","publisher":{"@id":"https:\/\/lequotidien.mr\/#organization"},"potentialAction":[{"@type":"SearchAction","target":{"@type":"EntryPoint","urlTemplate":"https:\/\/lequotidien.mr\/?s={search_term_string}"},"query-input":{"@type":"PropertyValueSpecification","valueRequired":true,"valueName":"search_term_string"}}],"inLanguage":"ar"},{"@type":"Organization","@id":"https:\/\/lequotidien.mr\/#organization","name":"Le Quotidien de Nouakchott","url":"https:\/\/lequotidien.mr\/","logo":{"@type":"ImageObject","inLanguage":"ar","@id":"https:\/\/lequotidien.mr\/#\/schema\/logo\/image\/","url":"https:\/\/lequotidien.mr\/wp-content\/uploads\/2022\/11\/logolequotidien.jpg","contentUrl":"https:\/\/lequotidien.mr\/wp-content\/uploads\/2022\/11\/logolequotidien.jpg","width":290,"height":65,"caption":"Le Quotidien de Nouakchott"},"image":{"@id":"https:\/\/lequotidien.mr\/#\/schema\/logo\/image\/"},"sameAs":["https:\/\/web.facebook.com\/lequotidienmr","https:\/\/x.com\/lequotidienmr"]},{"@type":"Person","@id":"https:\/\/lequotidien.mr\/#\/schema\/person\/69d1518c74c9137087929a20b1272cb0","name":"Alioun M'leiwih","image":{"@type":"ImageObject","inLanguage":"ar","@id":"https:\/\/secure.gravatar.com\/avatar\/01f9d357222d7d4ca8f71662f4b081718f06d25b11fc45662ecca0622d507e51?s=96&d=mm&r=g","url":"https:\/\/secure.gravatar.com\/avatar\/01f9d357222d7d4ca8f71662f4b081718f06d25b11fc45662ecca0622d507e51?s=96&d=mm&r=g","contentUrl":"https:\/\/secure.gravatar.com\/avatar\/01f9d357222d7d4ca8f71662f4b081718f06d25b11fc45662ecca0622d507e51?s=96&d=mm&r=g","caption":"Alioun M'leiwih"},"sameAs":["https:\/\/lequotidien.mr\/","https:\/\/web.facebook.com\/a.mleiwih","https:\/\/www.linkedin.com\/in\/alimlewih\/"],"url":"https:\/\/lequotidien.mr\/?author=3"}]}},"_links":{"self":[{"href":"https:\/\/lequotidien.mr\/index.php?rest_route=\/wp\/v2\/posts\/10927","targetHints":{"allow":["GET"]}}],"collection":[{"href":"https:\/\/lequotidien.mr\/index.php?rest_route=\/wp\/v2\/posts"}],"about":[{"href":"https:\/\/lequotidien.mr\/index.php?rest_route=\/wp\/v2\/types\/post"}],"author":[{"embeddable":true,"href":"https:\/\/lequotidien.mr\/index.php?rest_route=\/wp\/v2\/users\/3"}],"replies":[{"embeddable":true,"href":"https:\/\/lequotidien.mr\/index.php?rest_route=%2Fwp%2Fv2%2Fcomments&post=10927"}],"version-history":[{"count":1,"href":"https:\/\/lequotidien.mr\/index.php?rest_route=\/wp\/v2\/posts\/10927\/revisions"}],"predecessor-version":[{"id":10929,"href":"https:\/\/lequotidien.mr\/index.php?rest_route=\/wp\/v2\/posts\/10927\/revisions\/10929"}],"wp:featuredmedia":[{"embeddable":true,"href":"https:\/\/lequotidien.mr\/index.php?rest_route=\/wp\/v2\/media\/10928"}],"wp:attachment":[{"href":"https:\/\/lequotidien.mr\/index.php?rest_route=%2Fwp%2Fv2%2Fmedia&parent=10927"}],"wp:term":[{"taxonomy":"category","embeddable":true,"href":"https:\/\/lequotidien.mr\/index.php?rest_route=%2Fwp%2Fv2%2Fcategories&post=10927"},{"taxonomy":"post_tag","embeddable":true,"href":"https:\/\/lequotidien.mr\/index.php?rest_route=%2Fwp%2Fv2%2Ftags&post=10927"}],"curies":[{"name":"wp","href":"https:\/\/api.w.org\/{rel}","templated":true}]}}