{"id":10831,"date":"2023-08-13T12:31:02","date_gmt":"2023-08-13T12:31:02","guid":{"rendered":"https:\/\/lequotidien.mr\/?p=10831"},"modified":"2023-08-13T12:31:02","modified_gmt":"2023-08-13T12:31:02","slug":"celebration-du-quatrieme-anniversaire-de-lapcm-une-journee-memorable-de-reflexion-et-de-reconnaissance","status":"publish","type":"post","link":"https:\/\/lequotidien.mr\/?p=10831&lang=fr","title":{"rendered":"C\u00e9l\u00e9bration du Quatri\u00e8me Anniversaire de l&#8217;APCM : Une Journ\u00e9e M\u00e9morable de R\u00e9flexion et de Reconnaissance"},"content":{"rendered":"<p>L&#8217;Agence de gestion des Palais des Congr\u00e8s de Mauritanie (APCM) a organis\u00e9 ce samedi une journ\u00e9e sp\u00e9ciale pour marquer le quatri\u00e8me anniversaire de sa cr\u00e9ation qui co\u00efncide avec les c\u00e9l\u00e9brations marquant le quatri\u00e8me anniversaire de l\u2019arriv\u00e9e au pouvoir du Pr\u00e9sident Mohamed Ould Cheikh El Ghazwani. Cette c\u00e9r\u00e9monie exceptionnelle a \u00e9t\u00e9 l&#8217;occasion pour l&#8217;APCM de r\u00e9fl\u00e9chir sur ses r\u00e9alisations, ses objectifs et son r\u00f4le crucial dans la modernisation du pays. L&#8217;\u00e9v\u00e9nement s&#8217;est d\u00e9roul\u00e9 dans une atmosph\u00e8re empreinte d&#8217;\u00e9motion et de fiert\u00e9.<\/p>\n<p>&nbsp;<\/p>\n<p>La journ\u00e9e a d\u00e9but\u00e9 par un discours du Directeur G\u00e9n\u00e9ral de l&#8217;APCM, Monsieur Abdallahi Abdel Vettah. Dans son allocution, il a soulign\u00e9 les efforts constants de l&#8217;agence pour transformer et moderniser les palais des congr\u00e8s, tout en \u00e9largissant leur gamme de prestations. Ces initiatives s&#8217;inscrivent selon lui en parfaite harmonie avec le programme du Pr\u00e9sident Ghazwani, qui vise \u00e0 rapprocher l&#8217;administration des citoyens et \u00e0 accro\u00eetre son efficacit\u00e9. Le discours du Directeur G\u00e9n\u00e9ral a \u00e9galement mis en lumi\u00e8re les r\u00e9alisations de l&#8217;APCM au cours des quatre derni\u00e8res ann\u00e9es, en insistant sur l&#8217;importance de l&#8217;engagement envers le service public.<\/p>\n<p>&nbsp;<\/p>\n<p>Apr\u00e8s le discours du Directeur G\u00e9n\u00e9ral, la parole a \u00e9t\u00e9 donn\u00e9e \u00e0 la Directrice Adjointe et aux Directeurs Centraux de l&#8217;agence. Chacun d&#8217;entre eux a pr\u00e9sent\u00e9 un bilan d\u00e9taill\u00e9 de leurs d\u00e9partements respectifs, mettant en \u00e9vidence les succ\u00e8s obtenus et les d\u00e9fis surmont\u00e9s. Ces pr\u00e9sentations ont permis de montrer la diversit\u00e9 des activit\u00e9s men\u00e9es par l&#8217;APCM, allant de l&#8217;organisation de grands \u00e9v\u00e9nements \u00e0 la promotion du tourisme d&#8217;affaires, en passant par le d\u00e9veloppement de partenariats strat\u00e9giques.<\/p>\n<p>&nbsp;<\/p>\n<p>Une partie particuli\u00e8rement touchante de la journ\u00e9e a \u00e9t\u00e9 la reconnaissance de cinq employ\u00e9s exceptionnels pour leur d\u00e9vouement et leur engagement exemplaires envers l&#8217;APCM. Ces employ\u00e9s ont \u00e9t\u00e9 honor\u00e9s pour leur abn\u00e9gation et leur contribution remarquable au travail de l&#8217;agence. Leur exemple incarne les valeurs de professionnalisme et de d\u00e9termination que l&#8217;APCM cherche \u00e0 promouvoir.<\/p>\n<p>&nbsp;<\/p>\n<p>La journ\u00e9e a atteint son point culminant avec un d\u00e9jeuner convivial dans la somptueuse salle des banquets. Ce moment de partage a renforc\u00e9 les liens entre les employ\u00e9s et a renforc\u00e9 leur d\u00e9termination \u00e0 continuer de servir l&#8217;APCM avec passion et engagement. L&#8217;\u00e9v\u00e9nement a clairement d\u00e9montr\u00e9 l&#8217;importance de cr\u00e9er une culture d&#8217;\u00e9quipe solide et d&#8217;encourager la collaboration au sein de l&#8217;agence.<\/p>\n<p>&nbsp;<\/p>\n<p>En d\u00e9finitive, la journ\u00e9e comm\u00e9morative organis\u00e9e par l&#8217;Agence des Palais des Congr\u00e8s de Mauritanie pour c\u00e9l\u00e9brer le quatri\u00e8me anniversaire de l&#8217;arriv\u00e9e au pouvoir du Pr\u00e9sident Ghazwani a \u00e9t\u00e9 un succ\u00e8s retentissant. Elle a permis de mettre en lumi\u00e8re les r\u00e9alisations de l&#8217;APCM, de reconna\u00eetre les employ\u00e9s exceptionnels et de renforcer le sentiment d&#8217;appartenance \u00e0 une \u00e9quipe unie et d\u00e9termin\u00e9e. Cette c\u00e9r\u00e9monie ne fait aucun doute qu&#8217;elle continuera \u00e0 inspirer et \u00e0 mobiliser les employ\u00e9s au service du d\u00e9veloppement et de la modernisation du pays.<\/p>\n<p>&nbsp;<\/p>\n","protected":false},"excerpt":{"rendered":"<p>L&#8217;Agence de gestion des Palais des Congr\u00e8s de Mauritanie (APCM) a organis\u00e9 ce samedi une journ\u00e9e sp\u00e9ciale pour marquer le quatri\u00e8me anniversaire de sa cr\u00e9ation qui co\u00efncide avec les c\u00e9l\u00e9brations marquant le quatri\u00e8me anniversaire de l\u2019arriv\u00e9e au pouvoir du Pr\u00e9sident Mohamed Ould Cheikh El Ghazwani. Cette c\u00e9r\u00e9monie exceptionnelle a \u00e9t\u00e9 l&#8217;occasion pour l&#8217;APCM de r\u00e9fl\u00e9chir&#8230;..<\/p>\n","protected":false},"author":4,"featured_media":10832,"comment_status":"open","ping_status":"open","sticky":false,"template":"","format":"standard","meta":{"footnotes":""},"categories":[23,57],"tags":[],"class_list":["post-10831","post","type-post","status-publish","format-standard","has-post-thumbnail","hentry","category-actualite","category-couverture-specilale"],"yoast_head":"<!-- This site is optimized with the Yoast SEO plugin v27.5 - https:\/\/yoast.com\/product\/yoast-seo-wordpress\/ -->\n<title>C\u00e9l\u00e9bration du Quatri\u00e8me Anniversaire de l&#039;APCM : Une Journ\u00e9e M\u00e9morable de R\u00e9flexion et de Reconnaissance - Le Quotidien de Nouakchott<\/title>\n<meta name=\"robots\" content=\"index, follow, max-snippet:-1, max-image-preview:large, max-video-preview:-1\" \/>\n<link rel=\"canonical\" href=\"https:\/\/lequotidien.mr\/?p=10831&lang=fr\" \/>\n<meta property=\"og:locale\" content=\"ar_AR\" \/>\n<meta property=\"og:type\" content=\"article\" \/>\n<meta property=\"og:title\" content=\"C\u00e9l\u00e9bration du Quatri\u00e8me Anniversaire de l&#039;APCM : Une Journ\u00e9e M\u00e9morable de R\u00e9flexion et de Reconnaissance - Le Quotidien de Nouakchott\" \/>\n<meta property=\"og:description\" content=\"L&#8217;Agence de gestion des Palais des Congr\u00e8s de Mauritanie (APCM) a organis\u00e9 ce samedi une journ\u00e9e sp\u00e9ciale pour marquer le quatri\u00e8me anniversaire de sa cr\u00e9ation qui co\u00efncide avec les c\u00e9l\u00e9brations marquant le quatri\u00e8me anniversaire de l\u2019arriv\u00e9e au pouvoir du Pr\u00e9sident Mohamed Ould Cheikh El Ghazwani. Cette c\u00e9r\u00e9monie exceptionnelle a \u00e9t\u00e9 l&#8217;occasion pour l&#8217;APCM de r\u00e9fl\u00e9chir.....\" \/>\n<meta property=\"og:url\" content=\"https:\/\/lequotidien.mr\/?p=10831&amp;lang=fr\" \/>\n<meta property=\"og:site_name\" content=\"Le Quotidien de Nouakchott\" \/>\n<meta property=\"article:publisher\" content=\"https:\/\/web.facebook.com\/lequotidienmr\" \/>\n<meta property=\"article:published_time\" content=\"2023-08-13T12:31:02+00:00\" \/>\n<meta property=\"og:image\" content=\"https:\/\/lequotidien.mr\/wp-content\/uploads\/2023\/08\/PHOTO-2023-08-13-12-15-031.jpg\" \/>\n\t<meta property=\"og:image:width\" content=\"1024\" \/>\n\t<meta property=\"og:image:height\" content=\"683\" \/>\n\t<meta property=\"og:image:type\" content=\"image\/jpeg\" \/>\n<meta name=\"author\" content=\"Le Quotidien\" \/>\n<meta name=\"twitter:card\" content=\"summary_large_image\" \/>\n<meta name=\"twitter:creator\" content=\"@lequotidienmr\" \/>\n<meta name=\"twitter:site\" content=\"@lequotidienmr\" \/>\n<meta name=\"twitter:label1\" content=\"\u0643\u064f\u062a\u0628 \u0628\u0648\u0627\u0633\u0637\u0629\" \/>\n\t<meta name=\"twitter:data1\" content=\"Le Quotidien\" \/>\n\t<meta name=\"twitter:label2\" content=\"\u0648\u0642\u062a \u0627\u0644\u0642\u0631\u0627\u0621\u0629 \u0627\u0644\u0645\u064f\u0642\u062f\u0651\u0631\" \/>\n\t<meta name=\"twitter:data2\" content=\"3 \u062f\u0642\u0627\u0626\u0642\" \/>\n<script type=\"application\/ld+json\" class=\"yoast-schema-graph\">{\"@context\":\"https:\\\/\\\/schema.org\",\"@graph\":[{\"@type\":\"Article\",\"@id\":\"https:\\\/\\\/lequotidien.mr\\\/?p=10831&lang=fr#article\",\"isPartOf\":{\"@id\":\"https:\\\/\\\/lequotidien.mr\\\/?p=10831&lang=fr\"},\"author\":{\"name\":\"Le Quotidien\",\"@id\":\"https:\\\/\\\/lequotidien.mr\\\/#\\\/schema\\\/person\\\/f90fcdaa970c60288de4ed2e64a56472\"},\"headline\":\"C\u00e9l\u00e9bration du Quatri\u00e8me Anniversaire de l&#8217;APCM : Une Journ\u00e9e M\u00e9morable de R\u00e9flexion et de Reconnaissance\",\"datePublished\":\"2023-08-13T12:31:02+00:00\",\"mainEntityOfPage\":{\"@id\":\"https:\\\/\\\/lequotidien.mr\\\/?p=10831&lang=fr\"},\"wordCount\":590,\"commentCount\":0,\"publisher\":{\"@id\":\"https:\\\/\\\/lequotidien.mr\\\/#organization\"},\"image\":{\"@id\":\"https:\\\/\\\/lequotidien.mr\\\/?p=10831&lang=fr#primaryimage\"},\"thumbnailUrl\":\"https:\\\/\\\/lequotidien.mr\\\/wp-content\\\/uploads\\\/2023\\\/08\\\/PHOTO-2023-08-13-12-15-031.jpg\",\"articleSection\":[\"ACTUALIT\u00c9\",\"Couverture sp\u00e9cilale\"],\"inLanguage\":\"ar\",\"potentialAction\":[{\"@type\":\"CommentAction\",\"name\":\"Comment\",\"target\":[\"https:\\\/\\\/lequotidien.mr\\\/?p=10831&lang=fr#respond\"]}]},{\"@type\":\"WebPage\",\"@id\":\"https:\\\/\\\/lequotidien.mr\\\/?p=10831&lang=fr\",\"url\":\"https:\\\/\\\/lequotidien.mr\\\/?p=10831&lang=fr\",\"name\":\"C\u00e9l\u00e9bration du Quatri\u00e8me Anniversaire de l'APCM : Une Journ\u00e9e M\u00e9morable de R\u00e9flexion et de Reconnaissance - Le Quotidien de Nouakchott\",\"isPartOf\":{\"@id\":\"https:\\\/\\\/lequotidien.mr\\\/#website\"},\"primaryImageOfPage\":{\"@id\":\"https:\\\/\\\/lequotidien.mr\\\/?p=10831&lang=fr#primaryimage\"},\"image\":{\"@id\":\"https:\\\/\\\/lequotidien.mr\\\/?p=10831&lang=fr#primaryimage\"},\"thumbnailUrl\":\"https:\\\/\\\/lequotidien.mr\\\/wp-content\\\/uploads\\\/2023\\\/08\\\/PHOTO-2023-08-13-12-15-031.jpg\",\"datePublished\":\"2023-08-13T12:31:02+00:00\",\"breadcrumb\":{\"@id\":\"https:\\\/\\\/lequotidien.mr\\\/?p=10831&lang=fr#breadcrumb\"},\"inLanguage\":\"ar\",\"potentialAction\":[{\"@type\":\"ReadAction\",\"target\":[\"https:\\\/\\\/lequotidien.mr\\\/?p=10831&lang=fr\"]}]},{\"@type\":\"ImageObject\",\"inLanguage\":\"ar\",\"@id\":\"https:\\\/\\\/lequotidien.mr\\\/?p=10831&lang=fr#primaryimage\",\"url\":\"https:\\\/\\\/lequotidien.mr\\\/wp-content\\\/uploads\\\/2023\\\/08\\\/PHOTO-2023-08-13-12-15-031.jpg\",\"contentUrl\":\"https:\\\/\\\/lequotidien.mr\\\/wp-content\\\/uploads\\\/2023\\\/08\\\/PHOTO-2023-08-13-12-15-031.jpg\",\"width\":1024,\"height\":683},{\"@type\":\"BreadcrumbList\",\"@id\":\"https:\\\/\\\/lequotidien.mr\\\/?p=10831&lang=fr#breadcrumb\",\"itemListElement\":[{\"@type\":\"ListItem\",\"position\":1,\"name\":\"Home\",\"item\":\"https:\\\/\\\/lequotidien.mr\\\/\"},{\"@type\":\"ListItem\",\"position\":2,\"name\":\"C\u00e9l\u00e9bration du Quatri\u00e8me Anniversaire de l&#8217;APCM : Une Journ\u00e9e M\u00e9morable de R\u00e9flexion et de Reconnaissance\"}]},{\"@type\":\"WebSite\",\"@id\":\"https:\\\/\\\/lequotidien.mr\\\/#website\",\"url\":\"https:\\\/\\\/lequotidien.mr\\\/\",\"name\":\"Le Quotidien de Nouakchott\",\"description\":\"\u0625\u062e\u0628\u0627\u0631\u064a\u0629 \u0645\u0633\u062a\u0642\u0644\u0629 \u0644\u0644\u0623\u0646\u0628\u0627\u0621 \u0627\u0644\u0639\u0627\u0645\u0629\",\"publisher\":{\"@id\":\"https:\\\/\\\/lequotidien.mr\\\/#organization\"},\"potentialAction\":[{\"@type\":\"SearchAction\",\"target\":{\"@type\":\"EntryPoint\",\"urlTemplate\":\"https:\\\/\\\/lequotidien.mr\\\/?s={search_term_string}\"},\"query-input\":{\"@type\":\"PropertyValueSpecification\",\"valueRequired\":true,\"valueName\":\"search_term_string\"}}],\"inLanguage\":\"ar\"},{\"@type\":\"Organization\",\"@id\":\"https:\\\/\\\/lequotidien.mr\\\/#organization\",\"name\":\"Le Quotidien de Nouakchott\",\"url\":\"https:\\\/\\\/lequotidien.mr\\\/\",\"logo\":{\"@type\":\"ImageObject\",\"inLanguage\":\"ar\",\"@id\":\"https:\\\/\\\/lequotidien.mr\\\/#\\\/schema\\\/logo\\\/image\\\/\",\"url\":\"https:\\\/\\\/lequotidien.mr\\\/wp-content\\\/uploads\\\/2022\\\/11\\\/logolequotidien.jpg\",\"contentUrl\":\"https:\\\/\\\/lequotidien.mr\\\/wp-content\\\/uploads\\\/2022\\\/11\\\/logolequotidien.jpg\",\"width\":290,\"height\":65,\"caption\":\"Le Quotidien de Nouakchott\"},\"image\":{\"@id\":\"https:\\\/\\\/lequotidien.mr\\\/#\\\/schema\\\/logo\\\/image\\\/\"},\"sameAs\":[\"https:\\\/\\\/web.facebook.com\\\/lequotidienmr\",\"https:\\\/\\\/x.com\\\/lequotidienmr\"]},{\"@type\":\"Person\",\"@id\":\"https:\\\/\\\/lequotidien.mr\\\/#\\\/schema\\\/person\\\/f90fcdaa970c60288de4ed2e64a56472\",\"name\":\"Le Quotidien\",\"image\":{\"@type\":\"ImageObject\",\"inLanguage\":\"ar\",\"@id\":\"https:\\\/\\\/secure.gravatar.com\\\/avatar\\\/374cb39a1a458a912465a93e5a3ce6546886fc3da809a1f10c63e4e8fcbca30f?s=96&d=mm&r=g\",\"url\":\"https:\\\/\\\/secure.gravatar.com\\\/avatar\\\/374cb39a1a458a912465a93e5a3ce6546886fc3da809a1f10c63e4e8fcbca30f?s=96&d=mm&r=g\",\"contentUrl\":\"https:\\\/\\\/secure.gravatar.com\\\/avatar\\\/374cb39a1a458a912465a93e5a3ce6546886fc3da809a1f10c63e4e8fcbca30f?s=96&d=mm&r=g\",\"caption\":\"Le Quotidien\"},\"sameAs\":[\"https:\\\/\\\/lequotidien.mr\\\/\"],\"url\":\"https:\\\/\\\/lequotidien.mr\\\/?author=4\"}]}<\/script>\n<!-- \/ Yoast SEO plugin. -->","yoast_head_json":{"title":"C\u00e9l\u00e9bration du Quatri\u00e8me Anniversaire de l'APCM : Une Journ\u00e9e M\u00e9morable de R\u00e9flexion et de Reconnaissance - Le Quotidien de Nouakchott","robots":{"index":"index","follow":"follow","max-snippet":"max-snippet:-1","max-image-preview":"max-image-preview:large","max-video-preview":"max-video-preview:-1"},"canonical":"https:\/\/lequotidien.mr\/?p=10831&lang=fr","og_locale":"ar_AR","og_type":"article","og_title":"C\u00e9l\u00e9bration du Quatri\u00e8me Anniversaire de l'APCM : Une Journ\u00e9e M\u00e9morable de R\u00e9flexion et de Reconnaissance - Le Quotidien de Nouakchott","og_description":"L&#8217;Agence de gestion des Palais des Congr\u00e8s de Mauritanie (APCM) a organis\u00e9 ce samedi une journ\u00e9e sp\u00e9ciale pour marquer le quatri\u00e8me anniversaire de sa cr\u00e9ation qui co\u00efncide avec les c\u00e9l\u00e9brations marquant le quatri\u00e8me anniversaire de l\u2019arriv\u00e9e au pouvoir du Pr\u00e9sident Mohamed Ould Cheikh El Ghazwani. Cette c\u00e9r\u00e9monie exceptionnelle a \u00e9t\u00e9 l&#8217;occasion pour l&#8217;APCM de r\u00e9fl\u00e9chir.....","og_url":"https:\/\/lequotidien.mr\/?p=10831&lang=fr","og_site_name":"Le Quotidien de Nouakchott","article_publisher":"https:\/\/web.facebook.com\/lequotidienmr","article_published_time":"2023-08-13T12:31:02+00:00","og_image":[{"width":1024,"height":683,"url":"https:\/\/lequotidien.mr\/wp-content\/uploads\/2023\/08\/PHOTO-2023-08-13-12-15-031.jpg","type":"image\/jpeg"}],"author":"Le Quotidien","twitter_card":"summary_large_image","twitter_creator":"@lequotidienmr","twitter_site":"@lequotidienmr","twitter_misc":{"\u0643\u064f\u062a\u0628 \u0628\u0648\u0627\u0633\u0637\u0629":"Le Quotidien","\u0648\u0642\u062a \u0627\u0644\u0642\u0631\u0627\u0621\u0629 \u0627\u0644\u0645\u064f\u0642\u062f\u0651\u0631":"3 \u062f\u0642\u0627\u0626\u0642"},"schema":{"@context":"https:\/\/schema.org","@graph":[{"@type":"Article","@id":"https:\/\/lequotidien.mr\/?p=10831&lang=fr#article","isPartOf":{"@id":"https:\/\/lequotidien.mr\/?p=10831&lang=fr"},"author":{"name":"Le Quotidien","@id":"https:\/\/lequotidien.mr\/#\/schema\/person\/f90fcdaa970c60288de4ed2e64a56472"},"headline":"C\u00e9l\u00e9bration du Quatri\u00e8me Anniversaire de l&#8217;APCM : Une Journ\u00e9e M\u00e9morable de R\u00e9flexion et de Reconnaissance","datePublished":"2023-08-13T12:31:02+00:00","mainEntityOfPage":{"@id":"https:\/\/lequotidien.mr\/?p=10831&lang=fr"},"wordCount":590,"commentCount":0,"publisher":{"@id":"https:\/\/lequotidien.mr\/#organization"},"image":{"@id":"https:\/\/lequotidien.mr\/?p=10831&lang=fr#primaryimage"},"thumbnailUrl":"https:\/\/lequotidien.mr\/wp-content\/uploads\/2023\/08\/PHOTO-2023-08-13-12-15-031.jpg","articleSection":["ACTUALIT\u00c9","Couverture sp\u00e9cilale"],"inLanguage":"ar","potentialAction":[{"@type":"CommentAction","name":"Comment","target":["https:\/\/lequotidien.mr\/?p=10831&lang=fr#respond"]}]},{"@type":"WebPage","@id":"https:\/\/lequotidien.mr\/?p=10831&lang=fr","url":"https:\/\/lequotidien.mr\/?p=10831&lang=fr","name":"C\u00e9l\u00e9bration du Quatri\u00e8me Anniversaire de l'APCM : Une Journ\u00e9e M\u00e9morable de R\u00e9flexion et de Reconnaissance - Le Quotidien de Nouakchott","isPartOf":{"@id":"https:\/\/lequotidien.mr\/#website"},"primaryImageOfPage":{"@id":"https:\/\/lequotidien.mr\/?p=10831&lang=fr#primaryimage"},"image":{"@id":"https:\/\/lequotidien.mr\/?p=10831&lang=fr#primaryimage"},"thumbnailUrl":"https:\/\/lequotidien.mr\/wp-content\/uploads\/2023\/08\/PHOTO-2023-08-13-12-15-031.jpg","datePublished":"2023-08-13T12:31:02+00:00","breadcrumb":{"@id":"https:\/\/lequotidien.mr\/?p=10831&lang=fr#breadcrumb"},"inLanguage":"ar","potentialAction":[{"@type":"ReadAction","target":["https:\/\/lequotidien.mr\/?p=10831&lang=fr"]}]},{"@type":"ImageObject","inLanguage":"ar","@id":"https:\/\/lequotidien.mr\/?p=10831&lang=fr#primaryimage","url":"https:\/\/lequotidien.mr\/wp-content\/uploads\/2023\/08\/PHOTO-2023-08-13-12-15-031.jpg","contentUrl":"https:\/\/lequotidien.mr\/wp-content\/uploads\/2023\/08\/PHOTO-2023-08-13-12-15-031.jpg","width":1024,"height":683},{"@type":"BreadcrumbList","@id":"https:\/\/lequotidien.mr\/?p=10831&lang=fr#breadcrumb","itemListElement":[{"@type":"ListItem","position":1,"name":"Home","item":"https:\/\/lequotidien.mr\/"},{"@type":"ListItem","position":2,"name":"C\u00e9l\u00e9bration du Quatri\u00e8me Anniversaire de l&#8217;APCM : Une Journ\u00e9e M\u00e9morable de R\u00e9flexion et de Reconnaissance"}]},{"@type":"WebSite","@id":"https:\/\/lequotidien.mr\/#website","url":"https:\/\/lequotidien.mr\/","name":"Le Quotidien de Nouakchott","description":"\u0625\u062e\u0628\u0627\u0631\u064a\u0629 \u0645\u0633\u062a\u0642\u0644\u0629 \u0644\u0644\u0623\u0646\u0628\u0627\u0621 \u0627\u0644\u0639\u0627\u0645\u0629","publisher":{"@id":"https:\/\/lequotidien.mr\/#organization"},"potentialAction":[{"@type":"SearchAction","target":{"@type":"EntryPoint","urlTemplate":"https:\/\/lequotidien.mr\/?s={search_term_string}"},"query-input":{"@type":"PropertyValueSpecification","valueRequired":true,"valueName":"search_term_string"}}],"inLanguage":"ar"},{"@type":"Organization","@id":"https:\/\/lequotidien.mr\/#organization","name":"Le Quotidien de Nouakchott","url":"https:\/\/lequotidien.mr\/","logo":{"@type":"ImageObject","inLanguage":"ar","@id":"https:\/\/lequotidien.mr\/#\/schema\/logo\/image\/","url":"https:\/\/lequotidien.mr\/wp-content\/uploads\/2022\/11\/logolequotidien.jpg","contentUrl":"https:\/\/lequotidien.mr\/wp-content\/uploads\/2022\/11\/logolequotidien.jpg","width":290,"height":65,"caption":"Le Quotidien de Nouakchott"},"image":{"@id":"https:\/\/lequotidien.mr\/#\/schema\/logo\/image\/"},"sameAs":["https:\/\/web.facebook.com\/lequotidienmr","https:\/\/x.com\/lequotidienmr"]},{"@type":"Person","@id":"https:\/\/lequotidien.mr\/#\/schema\/person\/f90fcdaa970c60288de4ed2e64a56472","name":"Le Quotidien","image":{"@type":"ImageObject","inLanguage":"ar","@id":"https:\/\/secure.gravatar.com\/avatar\/374cb39a1a458a912465a93e5a3ce6546886fc3da809a1f10c63e4e8fcbca30f?s=96&d=mm&r=g","url":"https:\/\/secure.gravatar.com\/avatar\/374cb39a1a458a912465a93e5a3ce6546886fc3da809a1f10c63e4e8fcbca30f?s=96&d=mm&r=g","contentUrl":"https:\/\/secure.gravatar.com\/avatar\/374cb39a1a458a912465a93e5a3ce6546886fc3da809a1f10c63e4e8fcbca30f?s=96&d=mm&r=g","caption":"Le Quotidien"},"sameAs":["https:\/\/lequotidien.mr\/"],"url":"https:\/\/lequotidien.mr\/?author=4"}]}},"_links":{"self":[{"href":"https:\/\/lequotidien.mr\/index.php?rest_route=\/wp\/v2\/posts\/10831","targetHints":{"allow":["GET"]}}],"collection":[{"href":"https:\/\/lequotidien.mr\/index.php?rest_route=\/wp\/v2\/posts"}],"about":[{"href":"https:\/\/lequotidien.mr\/index.php?rest_route=\/wp\/v2\/types\/post"}],"author":[{"embeddable":true,"href":"https:\/\/lequotidien.mr\/index.php?rest_route=\/wp\/v2\/users\/4"}],"replies":[{"embeddable":true,"href":"https:\/\/lequotidien.mr\/index.php?rest_route=%2Fwp%2Fv2%2Fcomments&post=10831"}],"version-history":[{"count":1,"href":"https:\/\/lequotidien.mr\/index.php?rest_route=\/wp\/v2\/posts\/10831\/revisions"}],"predecessor-version":[{"id":10833,"href":"https:\/\/lequotidien.mr\/index.php?rest_route=\/wp\/v2\/posts\/10831\/revisions\/10833"}],"wp:featuredmedia":[{"embeddable":true,"href":"https:\/\/lequotidien.mr\/index.php?rest_route=\/wp\/v2\/media\/10832"}],"wp:attachment":[{"href":"https:\/\/lequotidien.mr\/index.php?rest_route=%2Fwp%2Fv2%2Fmedia&parent=10831"}],"wp:term":[{"taxonomy":"category","embeddable":true,"href":"https:\/\/lequotidien.mr\/index.php?rest_route=%2Fwp%2Fv2%2Fcategories&post=10831"},{"taxonomy":"post_tag","embeddable":true,"href":"https:\/\/lequotidien.mr\/index.php?rest_route=%2Fwp%2Fv2%2Ftags&post=10831"}],"curies":[{"name":"wp","href":"https:\/\/api.w.org\/{rel}","templated":true}]}}