{"id":10819,"date":"2023-08-12T09:33:51","date_gmt":"2023-08-12T09:33:51","guid":{"rendered":"https:\/\/lequotidien.mr\/?p=10819"},"modified":"2023-08-12T09:33:51","modified_gmt":"2023-08-12T09:33:51","slug":"atar-na-plus-rien-de-ce-qui-le-faisait-aimer","status":"publish","type":"post","link":"https:\/\/lequotidien.mr\/?p=10819&lang=fr","title":{"rendered":"Atar n\u2019a plus rien de ce qui le faisait aimer"},"content":{"rendered":"<p>Atar n\u2019a plus rien de ce qui le faisait aimer<br \/>\nAtar a-t-il toujours \u00e9t\u00e9 tel que nous le voyons aujourd\u2019hui ? Posez cette question \u00e0 un<br \/>\nAtarois et il vous r\u00e9pondra, les larmes aux yeux, qu\u2019Atar n\u2019a plus rien de ce qui le faisait<br \/>\naimer. Les grands personnages qui ont fait sa renomm\u00e9e et lui ont donn\u00e9 une r\u00e9putation<br \/>\nbien \u00e9tablie y ont laiss\u00e9 un vide b\u00e9ant. Les rues qui grouillaient jadis de gens sont<br \/>\naujourd\u2019hui d\u00e9sertes. Des maisons qui exhalaient, de jour comme de nuit, l\u2019odeur<br \/>\nagr\u00e9able de l\u2019encens et du th\u00e9 \u00e0 la menthe, il ne reste plus que les vestiges d\u2019une grandeur<br \/>\nperdue.<br \/>\nJ\u2019\u00e9tais \u00e0 Atar, il y quelques jours. J\u2019ai parcouru les quartiers Elhousseinya et Tweivenda.<br \/>\nEn fait, je cherchais une partie de mon pass\u00e9 dans un champ de ruine. Sur le chemin que<br \/>\nj\u2019empruntais tous les jours, durant mon enfance, je me suis arr\u00eat\u00e9 \u00e0 Lebreiza. L\u2019odeur du<br \/>\nfameux couscous \u00e0 la viande qui s\u2019en r\u00e9pandait d\u00e8s la tomb\u00e9e de la nuit et la fragrance du<br \/>\npain qui se d\u00e9gageait de ses fours matin et soir ne sont aujourd\u2019hui que la r\u00e9miniscence<br \/>\nd\u2019un pass\u00e9 \u00e0 peine perceptible \u00e0 travers les veilles maisons abandonn\u00e9es et les ruines qui<br \/>\nne donnent qu\u2019une impression lugubre.<br \/>\nOn ne croise presque plus personne dans ces quartiers qui ressemblent, aujourd\u2019hui, plus<br \/>\n\u00e0 des sites de recherches arch\u00e9ologiques qu\u2019\u00e0 autre chose.<br \/>\nEbdjih n\u2019est plus le march\u00e9 qu\u2019on connaissait. Son architecture a perdu sa sobri\u00e9t\u00e9 et ses<br \/>\nrues la gaiet\u00e9 des conversations matinales \u00e0 l\u2019ombre des murs.<br \/>\nLa Batha d\u2019Atar, jadis vagues de sable ondul\u00e9, n\u2019est plus aujourd\u2019hui qu\u2019un long ravin<br \/>\nrempli d\u2019ordures m\u00e9nag\u00e8res. Les puits qui irriguaient les palmiers et les cultures<br \/>\nmaraich\u00e8res qui poussaient sur ses rives ont tari. A\u00een Leghzal, ce fameux rep\u00e8re hydrique,<br \/>\nn\u2019est plus d\u00e9celable. Les palmeraies et les jardins mara\u00eechers qui donnaient \u00e0 la batha sa<br \/>\nfra\u00eecheur vesp\u00e9rale ont suivi leurs propri\u00e9taires en disparaissant silencieusement. Les<br \/>\nramiers et les grenouilles ont perdu leur beau milieu : on n\u2019entend plus de roucoulement,<br \/>\non n\u2019entend plus de coassement !<br \/>\nAujourd\u2019hui, seule l\u2019ombre de la tristesse plane sur cet espace b\u00e9ant.<br \/>\nLes \u00e9coles qui \u00e9taient des centres de saine \u00e9mulation permanente, ces hauts lieux qui<br \/>\navaient des effets d\u2019exemplarit\u00e9 et faisaient la fiert\u00e9 des Atarois, sont aujourd\u2019hui des<br \/>\ncoins effrayants, presque abandonn\u00e9s dans la d\u00e9tresse et l\u2019indigence. Ceux qui se<br \/>\nrappellent encore leurs (anciens) noms n\u2019osent plus les prononcer car ils ne leur collent<br \/>\nplus !<br \/>\nJ\u2019aurais pu dire la m\u00eame chose de l\u2019a\u00e9roport d\u2019Atar. Air Mauritanie, la seule compagnie<br \/>\nqui le desservait est morte, emport\u00e9e par la gabegie. Il n\u2019accueille plus, aujourd\u2019hui, que<br \/>\nquelques vols nolis\u00e9s transportant des touristes europ\u00e9ens attir\u00e9s par la splendeur des<br \/>\ndunes et des montagnes de l\u2019Adrar.<br \/>\nM\u00eame la Guetna, ce rendez-vous annuel qui \u00e9tait oblig\u00e9, o\u00f9 se retrouvaient en grand<br \/>\nnombre, les initi\u00e9s et les novice de la cueillette des dattes, n\u2019attire plus grand monde. Est-<br \/>\nce la fin d\u2019une g\u00e9n\u00e9ration qui n\u2019a pas su conserver son mode de vie et ses pratiques<br \/>\noriginales ?<br \/>\nCe constat lugubre m\u2019afflige. Le questionnement qu\u2019il suscite \u00e9tant interminable, je vous<br \/>\nl\u2019\u00e9pargne. C\u2019est aux Atarois (s\u2019il en existe encore) de le dresser. Quoi qu\u2019il en soit, Atar<br \/>\nn\u2019a plus rien de ce qui le faisait aimer.<br \/>\nUn Atarois \u00e0 la recherche des rep\u00e8res perdus<\/p>\n","protected":false},"excerpt":{"rendered":"<p>Atar n\u2019a plus rien de ce qui le faisait aimer Atar a-t-il toujours \u00e9t\u00e9 tel que nous le voyons aujourd\u2019hui ? Posez cette question \u00e0 un Atarois et il vous r\u00e9pondra, les larmes aux yeux, qu\u2019Atar n\u2019a plus rien de ce qui le faisait aimer. Les grands personnages qui ont fait sa renomm\u00e9e et lui&#8230;..<\/p>\n","protected":false},"author":4,"featured_media":10820,"comment_status":"open","ping_status":"open","sticky":false,"template":"","format":"standard","meta":{"footnotes":""},"categories":[55,59],"tags":[],"class_list":["post-10819","post","type-post","status-publish","format-standard","has-post-thumbnail","hentry","category-culture","category-opinion"],"yoast_head":"<!-- This site is optimized with the Yoast SEO plugin v27.5 - https:\/\/yoast.com\/product\/yoast-seo-wordpress\/ -->\n<title>Atar n\u2019a plus rien de ce qui le faisait aimer - Le Quotidien de Nouakchott<\/title>\n<meta name=\"robots\" content=\"index, follow, max-snippet:-1, max-image-preview:large, max-video-preview:-1\" \/>\n<link rel=\"canonical\" href=\"https:\/\/lequotidien.mr\/?p=10819&lang=fr\" \/>\n<meta property=\"og:locale\" content=\"ar_AR\" \/>\n<meta property=\"og:type\" content=\"article\" \/>\n<meta property=\"og:title\" content=\"Atar n\u2019a plus rien de ce qui le faisait aimer - Le Quotidien de Nouakchott\" \/>\n<meta property=\"og:description\" content=\"Atar n\u2019a plus rien de ce qui le faisait aimer Atar a-t-il toujours \u00e9t\u00e9 tel que nous le voyons aujourd\u2019hui ? Posez cette question \u00e0 un Atarois et il vous r\u00e9pondra, les larmes aux yeux, qu\u2019Atar n\u2019a plus rien de ce qui le faisait aimer. Les grands personnages qui ont fait sa renomm\u00e9e et lui.....\" \/>\n<meta property=\"og:url\" content=\"https:\/\/lequotidien.mr\/?p=10819&amp;lang=fr\" \/>\n<meta property=\"og:site_name\" content=\"Le Quotidien de Nouakchott\" \/>\n<meta property=\"article:publisher\" content=\"https:\/\/web.facebook.com\/lequotidienmr\" \/>\n<meta property=\"article:published_time\" content=\"2023-08-12T09:33:51+00:00\" \/>\n<meta property=\"og:image\" content=\"https:\/\/lequotidien.mr\/wp-content\/uploads\/2023\/08\/atar.jpg\" \/>\n\t<meta property=\"og:image:width\" content=\"400\" \/>\n\t<meta property=\"og:image:height\" content=\"400\" \/>\n\t<meta property=\"og:image:type\" content=\"image\/jpeg\" \/>\n<meta name=\"author\" content=\"Le Quotidien\" \/>\n<meta name=\"twitter:card\" content=\"summary_large_image\" \/>\n<meta name=\"twitter:creator\" content=\"@lequotidienmr\" \/>\n<meta name=\"twitter:site\" content=\"@lequotidienmr\" \/>\n<meta name=\"twitter:label1\" content=\"\u0643\u064f\u062a\u0628 \u0628\u0648\u0627\u0633\u0637\u0629\" \/>\n\t<meta name=\"twitter:data1\" content=\"Le Quotidien\" \/>\n\t<meta name=\"twitter:label2\" content=\"\u0648\u0642\u062a \u0627\u0644\u0642\u0631\u0627\u0621\u0629 \u0627\u0644\u0645\u064f\u0642\u062f\u0651\u0631\" \/>\n\t<meta name=\"twitter:data2\" content=\"3 \u062f\u0642\u0627\u0626\u0642\" \/>\n<script type=\"application\/ld+json\" class=\"yoast-schema-graph\">{\"@context\":\"https:\\\/\\\/schema.org\",\"@graph\":[{\"@type\":\"Article\",\"@id\":\"https:\\\/\\\/lequotidien.mr\\\/?p=10819&lang=fr#article\",\"isPartOf\":{\"@id\":\"https:\\\/\\\/lequotidien.mr\\\/?p=10819&lang=fr\"},\"author\":{\"name\":\"Le Quotidien\",\"@id\":\"https:\\\/\\\/lequotidien.mr\\\/#\\\/schema\\\/person\\\/f90fcdaa970c60288de4ed2e64a56472\"},\"headline\":\"Atar n\u2019a plus rien de ce qui le faisait aimer\",\"datePublished\":\"2023-08-12T09:33:51+00:00\",\"mainEntityOfPage\":{\"@id\":\"https:\\\/\\\/lequotidien.mr\\\/?p=10819&lang=fr\"},\"wordCount\":630,\"commentCount\":0,\"publisher\":{\"@id\":\"https:\\\/\\\/lequotidien.mr\\\/#organization\"},\"image\":{\"@id\":\"https:\\\/\\\/lequotidien.mr\\\/?p=10819&lang=fr#primaryimage\"},\"thumbnailUrl\":\"https:\\\/\\\/lequotidien.mr\\\/wp-content\\\/uploads\\\/2023\\\/08\\\/atar.jpg\",\"articleSection\":[\"Culture\",\"Opinion\"],\"inLanguage\":\"ar\",\"potentialAction\":[{\"@type\":\"CommentAction\",\"name\":\"Comment\",\"target\":[\"https:\\\/\\\/lequotidien.mr\\\/?p=10819&lang=fr#respond\"]}]},{\"@type\":\"WebPage\",\"@id\":\"https:\\\/\\\/lequotidien.mr\\\/?p=10819&lang=fr\",\"url\":\"https:\\\/\\\/lequotidien.mr\\\/?p=10819&lang=fr\",\"name\":\"Atar n\u2019a plus rien de ce qui le faisait aimer - Le Quotidien de Nouakchott\",\"isPartOf\":{\"@id\":\"https:\\\/\\\/lequotidien.mr\\\/#website\"},\"primaryImageOfPage\":{\"@id\":\"https:\\\/\\\/lequotidien.mr\\\/?p=10819&lang=fr#primaryimage\"},\"image\":{\"@id\":\"https:\\\/\\\/lequotidien.mr\\\/?p=10819&lang=fr#primaryimage\"},\"thumbnailUrl\":\"https:\\\/\\\/lequotidien.mr\\\/wp-content\\\/uploads\\\/2023\\\/08\\\/atar.jpg\",\"datePublished\":\"2023-08-12T09:33:51+00:00\",\"breadcrumb\":{\"@id\":\"https:\\\/\\\/lequotidien.mr\\\/?p=10819&lang=fr#breadcrumb\"},\"inLanguage\":\"ar\",\"potentialAction\":[{\"@type\":\"ReadAction\",\"target\":[\"https:\\\/\\\/lequotidien.mr\\\/?p=10819&lang=fr\"]}]},{\"@type\":\"ImageObject\",\"inLanguage\":\"ar\",\"@id\":\"https:\\\/\\\/lequotidien.mr\\\/?p=10819&lang=fr#primaryimage\",\"url\":\"https:\\\/\\\/lequotidien.mr\\\/wp-content\\\/uploads\\\/2023\\\/08\\\/atar.jpg\",\"contentUrl\":\"https:\\\/\\\/lequotidien.mr\\\/wp-content\\\/uploads\\\/2023\\\/08\\\/atar.jpg\",\"width\":400,\"height\":400},{\"@type\":\"BreadcrumbList\",\"@id\":\"https:\\\/\\\/lequotidien.mr\\\/?p=10819&lang=fr#breadcrumb\",\"itemListElement\":[{\"@type\":\"ListItem\",\"position\":1,\"name\":\"Home\",\"item\":\"https:\\\/\\\/lequotidien.mr\\\/\"},{\"@type\":\"ListItem\",\"position\":2,\"name\":\"Atar n\u2019a plus rien de ce qui le faisait aimer\"}]},{\"@type\":\"WebSite\",\"@id\":\"https:\\\/\\\/lequotidien.mr\\\/#website\",\"url\":\"https:\\\/\\\/lequotidien.mr\\\/\",\"name\":\"Le Quotidien de Nouakchott\",\"description\":\"\u0625\u062e\u0628\u0627\u0631\u064a\u0629 \u0645\u0633\u062a\u0642\u0644\u0629 \u0644\u0644\u0623\u0646\u0628\u0627\u0621 \u0627\u0644\u0639\u0627\u0645\u0629\",\"publisher\":{\"@id\":\"https:\\\/\\\/lequotidien.mr\\\/#organization\"},\"potentialAction\":[{\"@type\":\"SearchAction\",\"target\":{\"@type\":\"EntryPoint\",\"urlTemplate\":\"https:\\\/\\\/lequotidien.mr\\\/?s={search_term_string}\"},\"query-input\":{\"@type\":\"PropertyValueSpecification\",\"valueRequired\":true,\"valueName\":\"search_term_string\"}}],\"inLanguage\":\"ar\"},{\"@type\":\"Organization\",\"@id\":\"https:\\\/\\\/lequotidien.mr\\\/#organization\",\"name\":\"Le Quotidien de Nouakchott\",\"url\":\"https:\\\/\\\/lequotidien.mr\\\/\",\"logo\":{\"@type\":\"ImageObject\",\"inLanguage\":\"ar\",\"@id\":\"https:\\\/\\\/lequotidien.mr\\\/#\\\/schema\\\/logo\\\/image\\\/\",\"url\":\"https:\\\/\\\/lequotidien.mr\\\/wp-content\\\/uploads\\\/2022\\\/11\\\/logolequotidien.jpg\",\"contentUrl\":\"https:\\\/\\\/lequotidien.mr\\\/wp-content\\\/uploads\\\/2022\\\/11\\\/logolequotidien.jpg\",\"width\":290,\"height\":65,\"caption\":\"Le Quotidien de Nouakchott\"},\"image\":{\"@id\":\"https:\\\/\\\/lequotidien.mr\\\/#\\\/schema\\\/logo\\\/image\\\/\"},\"sameAs\":[\"https:\\\/\\\/web.facebook.com\\\/lequotidienmr\",\"https:\\\/\\\/x.com\\\/lequotidienmr\"]},{\"@type\":\"Person\",\"@id\":\"https:\\\/\\\/lequotidien.mr\\\/#\\\/schema\\\/person\\\/f90fcdaa970c60288de4ed2e64a56472\",\"name\":\"Le Quotidien\",\"image\":{\"@type\":\"ImageObject\",\"inLanguage\":\"ar\",\"@id\":\"https:\\\/\\\/secure.gravatar.com\\\/avatar\\\/374cb39a1a458a912465a93e5a3ce6546886fc3da809a1f10c63e4e8fcbca30f?s=96&d=mm&r=g\",\"url\":\"https:\\\/\\\/secure.gravatar.com\\\/avatar\\\/374cb39a1a458a912465a93e5a3ce6546886fc3da809a1f10c63e4e8fcbca30f?s=96&d=mm&r=g\",\"contentUrl\":\"https:\\\/\\\/secure.gravatar.com\\\/avatar\\\/374cb39a1a458a912465a93e5a3ce6546886fc3da809a1f10c63e4e8fcbca30f?s=96&d=mm&r=g\",\"caption\":\"Le Quotidien\"},\"sameAs\":[\"https:\\\/\\\/lequotidien.mr\\\/\"],\"url\":\"https:\\\/\\\/lequotidien.mr\\\/?author=4\"}]}<\/script>\n<!-- \/ Yoast SEO plugin. -->","yoast_head_json":{"title":"Atar n\u2019a plus rien de ce qui le faisait aimer - Le Quotidien de Nouakchott","robots":{"index":"index","follow":"follow","max-snippet":"max-snippet:-1","max-image-preview":"max-image-preview:large","max-video-preview":"max-video-preview:-1"},"canonical":"https:\/\/lequotidien.mr\/?p=10819&lang=fr","og_locale":"ar_AR","og_type":"article","og_title":"Atar n\u2019a plus rien de ce qui le faisait aimer - Le Quotidien de Nouakchott","og_description":"Atar n\u2019a plus rien de ce qui le faisait aimer Atar a-t-il toujours \u00e9t\u00e9 tel que nous le voyons aujourd\u2019hui ? Posez cette question \u00e0 un Atarois et il vous r\u00e9pondra, les larmes aux yeux, qu\u2019Atar n\u2019a plus rien de ce qui le faisait aimer. Les grands personnages qui ont fait sa renomm\u00e9e et lui.....","og_url":"https:\/\/lequotidien.mr\/?p=10819&lang=fr","og_site_name":"Le Quotidien de Nouakchott","article_publisher":"https:\/\/web.facebook.com\/lequotidienmr","article_published_time":"2023-08-12T09:33:51+00:00","og_image":[{"width":400,"height":400,"url":"https:\/\/lequotidien.mr\/wp-content\/uploads\/2023\/08\/atar.jpg","type":"image\/jpeg"}],"author":"Le Quotidien","twitter_card":"summary_large_image","twitter_creator":"@lequotidienmr","twitter_site":"@lequotidienmr","twitter_misc":{"\u0643\u064f\u062a\u0628 \u0628\u0648\u0627\u0633\u0637\u0629":"Le Quotidien","\u0648\u0642\u062a \u0627\u0644\u0642\u0631\u0627\u0621\u0629 \u0627\u0644\u0645\u064f\u0642\u062f\u0651\u0631":"3 \u062f\u0642\u0627\u0626\u0642"},"schema":{"@context":"https:\/\/schema.org","@graph":[{"@type":"Article","@id":"https:\/\/lequotidien.mr\/?p=10819&lang=fr#article","isPartOf":{"@id":"https:\/\/lequotidien.mr\/?p=10819&lang=fr"},"author":{"name":"Le Quotidien","@id":"https:\/\/lequotidien.mr\/#\/schema\/person\/f90fcdaa970c60288de4ed2e64a56472"},"headline":"Atar n\u2019a plus rien de ce qui le faisait aimer","datePublished":"2023-08-12T09:33:51+00:00","mainEntityOfPage":{"@id":"https:\/\/lequotidien.mr\/?p=10819&lang=fr"},"wordCount":630,"commentCount":0,"publisher":{"@id":"https:\/\/lequotidien.mr\/#organization"},"image":{"@id":"https:\/\/lequotidien.mr\/?p=10819&lang=fr#primaryimage"},"thumbnailUrl":"https:\/\/lequotidien.mr\/wp-content\/uploads\/2023\/08\/atar.jpg","articleSection":["Culture","Opinion"],"inLanguage":"ar","potentialAction":[{"@type":"CommentAction","name":"Comment","target":["https:\/\/lequotidien.mr\/?p=10819&lang=fr#respond"]}]},{"@type":"WebPage","@id":"https:\/\/lequotidien.mr\/?p=10819&lang=fr","url":"https:\/\/lequotidien.mr\/?p=10819&lang=fr","name":"Atar n\u2019a plus rien de ce qui le faisait aimer - Le Quotidien de Nouakchott","isPartOf":{"@id":"https:\/\/lequotidien.mr\/#website"},"primaryImageOfPage":{"@id":"https:\/\/lequotidien.mr\/?p=10819&lang=fr#primaryimage"},"image":{"@id":"https:\/\/lequotidien.mr\/?p=10819&lang=fr#primaryimage"},"thumbnailUrl":"https:\/\/lequotidien.mr\/wp-content\/uploads\/2023\/08\/atar.jpg","datePublished":"2023-08-12T09:33:51+00:00","breadcrumb":{"@id":"https:\/\/lequotidien.mr\/?p=10819&lang=fr#breadcrumb"},"inLanguage":"ar","potentialAction":[{"@type":"ReadAction","target":["https:\/\/lequotidien.mr\/?p=10819&lang=fr"]}]},{"@type":"ImageObject","inLanguage":"ar","@id":"https:\/\/lequotidien.mr\/?p=10819&lang=fr#primaryimage","url":"https:\/\/lequotidien.mr\/wp-content\/uploads\/2023\/08\/atar.jpg","contentUrl":"https:\/\/lequotidien.mr\/wp-content\/uploads\/2023\/08\/atar.jpg","width":400,"height":400},{"@type":"BreadcrumbList","@id":"https:\/\/lequotidien.mr\/?p=10819&lang=fr#breadcrumb","itemListElement":[{"@type":"ListItem","position":1,"name":"Home","item":"https:\/\/lequotidien.mr\/"},{"@type":"ListItem","position":2,"name":"Atar n\u2019a plus rien de ce qui le faisait aimer"}]},{"@type":"WebSite","@id":"https:\/\/lequotidien.mr\/#website","url":"https:\/\/lequotidien.mr\/","name":"Le Quotidien de Nouakchott","description":"\u0625\u062e\u0628\u0627\u0631\u064a\u0629 \u0645\u0633\u062a\u0642\u0644\u0629 \u0644\u0644\u0623\u0646\u0628\u0627\u0621 \u0627\u0644\u0639\u0627\u0645\u0629","publisher":{"@id":"https:\/\/lequotidien.mr\/#organization"},"potentialAction":[{"@type":"SearchAction","target":{"@type":"EntryPoint","urlTemplate":"https:\/\/lequotidien.mr\/?s={search_term_string}"},"query-input":{"@type":"PropertyValueSpecification","valueRequired":true,"valueName":"search_term_string"}}],"inLanguage":"ar"},{"@type":"Organization","@id":"https:\/\/lequotidien.mr\/#organization","name":"Le Quotidien de Nouakchott","url":"https:\/\/lequotidien.mr\/","logo":{"@type":"ImageObject","inLanguage":"ar","@id":"https:\/\/lequotidien.mr\/#\/schema\/logo\/image\/","url":"https:\/\/lequotidien.mr\/wp-content\/uploads\/2022\/11\/logolequotidien.jpg","contentUrl":"https:\/\/lequotidien.mr\/wp-content\/uploads\/2022\/11\/logolequotidien.jpg","width":290,"height":65,"caption":"Le Quotidien de Nouakchott"},"image":{"@id":"https:\/\/lequotidien.mr\/#\/schema\/logo\/image\/"},"sameAs":["https:\/\/web.facebook.com\/lequotidienmr","https:\/\/x.com\/lequotidienmr"]},{"@type":"Person","@id":"https:\/\/lequotidien.mr\/#\/schema\/person\/f90fcdaa970c60288de4ed2e64a56472","name":"Le Quotidien","image":{"@type":"ImageObject","inLanguage":"ar","@id":"https:\/\/secure.gravatar.com\/avatar\/374cb39a1a458a912465a93e5a3ce6546886fc3da809a1f10c63e4e8fcbca30f?s=96&d=mm&r=g","url":"https:\/\/secure.gravatar.com\/avatar\/374cb39a1a458a912465a93e5a3ce6546886fc3da809a1f10c63e4e8fcbca30f?s=96&d=mm&r=g","contentUrl":"https:\/\/secure.gravatar.com\/avatar\/374cb39a1a458a912465a93e5a3ce6546886fc3da809a1f10c63e4e8fcbca30f?s=96&d=mm&r=g","caption":"Le Quotidien"},"sameAs":["https:\/\/lequotidien.mr\/"],"url":"https:\/\/lequotidien.mr\/?author=4"}]}},"_links":{"self":[{"href":"https:\/\/lequotidien.mr\/index.php?rest_route=\/wp\/v2\/posts\/10819","targetHints":{"allow":["GET"]}}],"collection":[{"href":"https:\/\/lequotidien.mr\/index.php?rest_route=\/wp\/v2\/posts"}],"about":[{"href":"https:\/\/lequotidien.mr\/index.php?rest_route=\/wp\/v2\/types\/post"}],"author":[{"embeddable":true,"href":"https:\/\/lequotidien.mr\/index.php?rest_route=\/wp\/v2\/users\/4"}],"replies":[{"embeddable":true,"href":"https:\/\/lequotidien.mr\/index.php?rest_route=%2Fwp%2Fv2%2Fcomments&post=10819"}],"version-history":[{"count":1,"href":"https:\/\/lequotidien.mr\/index.php?rest_route=\/wp\/v2\/posts\/10819\/revisions"}],"predecessor-version":[{"id":10821,"href":"https:\/\/lequotidien.mr\/index.php?rest_route=\/wp\/v2\/posts\/10819\/revisions\/10821"}],"wp:featuredmedia":[{"embeddable":true,"href":"https:\/\/lequotidien.mr\/index.php?rest_route=\/wp\/v2\/media\/10820"}],"wp:attachment":[{"href":"https:\/\/lequotidien.mr\/index.php?rest_route=%2Fwp%2Fv2%2Fmedia&parent=10819"}],"wp:term":[{"taxonomy":"category","embeddable":true,"href":"https:\/\/lequotidien.mr\/index.php?rest_route=%2Fwp%2Fv2%2Fcategories&post=10819"},{"taxonomy":"post_tag","embeddable":true,"href":"https:\/\/lequotidien.mr\/index.php?rest_route=%2Fwp%2Fv2%2Ftags&post=10819"}],"curies":[{"name":"wp","href":"https:\/\/api.w.org\/{rel}","templated":true}]}}