{"id":10623,"date":"2023-08-03T13:32:59","date_gmt":"2023-08-03T13:32:59","guid":{"rendered":"https:\/\/lequotidien.mr\/?p=10623"},"modified":"2023-08-03T13:32:59","modified_gmt":"2023-08-03T13:32:59","slug":"inculpation-du-depute-mohamed-bouya","status":"publish","type":"post","link":"https:\/\/lequotidien.mr\/?p=10623&lang=fr","title":{"rendered":"Inculpation du d\u00e9put\u00e9 Mohamed\u00a0Bouya"},"content":{"rendered":"<p>Le d\u00e9put\u00e9 Mohamed Bouya Ould Cheikh Mohamed Vadel a \u00e9t\u00e9 inculp\u00e9 par le parquet pour &#8220;diffamation, calomnie et diffamation \u00e0 l&#8217;encontre du pr\u00e9sident de la R\u00e9publique&#8221;. La police judiciaire l&#8217;a d\u00e9f\u00e9r\u00e9 au juge d&#8217;instruction avec une demande de placement en d\u00e9tention.<\/p>\n<p>Plus t\u00f4t ce jeudi, le d\u00e9put\u00e9 Ould Cheikh Mohamed Vadel avait \u00e9t\u00e9 convoqu\u00e9 par la police judiciaire, trois jours apr\u00e8s son arrestation. La convocation a eu lieu apr\u00e8s que le Parlement a lev\u00e9 son immunit\u00e9, suite \u00e0 une demande du ministre de la Justice, Mohamed Mahmoud Ould Boy\u00e9. Cette d\u00e9cision a \u00e9t\u00e9 fortement critiqu\u00e9e par les blocs de l&#8217;opposition.<\/p>\n<p>L&#8217;incident remonte \u00e0 quelques semaines, lors d&#8217;une s\u00e9ance de d\u00e9bat sur le programme gouvernemental il y a environ deux semaines, o\u00f9 le d\u00e9put\u00e9 avait lu un texte insultant envers le Proph\u00e8te Mahomet (que la paix et les b\u00e9n\u00e9dictions soient sur lui) trouv\u00e9 dans une feuille d&#8217;examen. Il avait remplac\u00e9 le nom du Proph\u00e8te et de son compagnon par celui du pr\u00e9sident et du ministre, les accusant de tol\u00e9rer les insultes envers le Proph\u00e8te.<\/p>\n<p>Dans une diffusion en direct sur sa page Facebook, le d\u00e9put\u00e9 a qualifi\u00e9 son intervention de &#8220;parole imaginaire virtuelle&#8221;, affirmant qu&#8217;elle avait r\u00e9v\u00e9l\u00e9 que le soutien au Proph\u00e8te Mahomet (que la paix et les b\u00e9n\u00e9dictions soient sur lui) n&#8217;\u00e9tait pas une priorit\u00e9 pour le syst\u00e8me. Il a \u00e9galement not\u00e9 qu&#8217;il avait \u00e9t\u00e9 sanctionn\u00e9 moins de 48 heures apr\u00e8s son discours en \u00e9tant interdit de participer \u00e0 quatre sessions cons\u00e9cutives, tandis que la feuille diffamatoire date du 3 juillet et que son auteur n&#8217;a pas encore \u00e9t\u00e9 puni.<\/p>\n<p>Il est \u00e0 noter qu&#8217;il y a environ une semaine, une \u00e9l\u00e8ve d&#8217;une \u00e9cole technique \u00e0 Atar, Maria L., avait \u00e9t\u00e9 inculp\u00e9e d&#8217;outrage aux symboles islamiques, quelques jours apr\u00e8s son arrestation pour des \u00e9crits dans une feuille\u00a0d\u2019examen<\/p>\n","protected":false},"excerpt":{"rendered":"<p>Le d\u00e9put\u00e9 Mohamed Bouya Ould Cheikh Mohamed Vadel a \u00e9t\u00e9 inculp\u00e9 par le parquet pour &#8220;diffamation, calomnie et diffamation \u00e0 l&#8217;encontre du pr\u00e9sident de la R\u00e9publique&#8221;. La police judiciaire l&#8217;a d\u00e9f\u00e9r\u00e9 au juge d&#8217;instruction avec une demande de placement en d\u00e9tention. Plus t\u00f4t ce jeudi, le d\u00e9put\u00e9 Ould Cheikh Mohamed Vadel avait \u00e9t\u00e9 convoqu\u00e9 par&#8230;..<\/p>\n","protected":false},"author":3,"featured_media":10624,"comment_status":"open","ping_status":"open","sticky":false,"template":"","format":"standard","meta":{"footnotes":""},"categories":[23],"tags":[],"class_list":["post-10623","post","type-post","status-publish","format-standard","has-post-thumbnail","hentry","category-actualite"],"yoast_head":"<!-- This site is optimized with the Yoast SEO plugin v27.5 - https:\/\/yoast.com\/product\/yoast-seo-wordpress\/ -->\n<title>Inculpation du d\u00e9put\u00e9 Mohamed\u00a0Bouya - Le Quotidien de Nouakchott<\/title>\n<meta name=\"robots\" content=\"index, follow, max-snippet:-1, max-image-preview:large, max-video-preview:-1\" \/>\n<link rel=\"canonical\" href=\"https:\/\/lequotidien.mr\/?p=10623&lang=fr\" \/>\n<meta property=\"og:locale\" content=\"ar_AR\" \/>\n<meta property=\"og:type\" content=\"article\" \/>\n<meta property=\"og:title\" content=\"Inculpation du d\u00e9put\u00e9 Mohamed\u00a0Bouya - Le Quotidien de Nouakchott\" \/>\n<meta property=\"og:description\" content=\"Le d\u00e9put\u00e9 Mohamed Bouya Ould Cheikh Mohamed Vadel a \u00e9t\u00e9 inculp\u00e9 par le parquet pour &#8220;diffamation, calomnie et diffamation \u00e0 l&#8217;encontre du pr\u00e9sident de la R\u00e9publique&#8221;. La police judiciaire l&#8217;a d\u00e9f\u00e9r\u00e9 au juge d&#8217;instruction avec une demande de placement en d\u00e9tention. Plus t\u00f4t ce jeudi, le d\u00e9put\u00e9 Ould Cheikh Mohamed Vadel avait \u00e9t\u00e9 convoqu\u00e9 par.....\" \/>\n<meta property=\"og:url\" content=\"https:\/\/lequotidien.mr\/?p=10623&amp;lang=fr\" \/>\n<meta property=\"og:site_name\" content=\"Le Quotidien de Nouakchott\" \/>\n<meta property=\"article:publisher\" content=\"https:\/\/web.facebook.com\/lequotidienmr\" \/>\n<meta property=\"article:author\" content=\"https:\/\/web.facebook.com\/a.mleiwih\" \/>\n<meta property=\"article:published_time\" content=\"2023-08-03T13:32:59+00:00\" \/>\n<meta property=\"og:image\" content=\"https:\/\/lequotidien.mr\/wp-content\/uploads\/2023\/08\/\u0627\u0644\u0634\u0631\u0637\u0629-\u0627\u0644\u0645\u0648\u0631\u064a\u062a\u0627\u0646\u064a\u0629-scaled-1-1.jpg\" \/>\n\t<meta property=\"og:image:width\" content=\"2560\" \/>\n\t<meta property=\"og:image:height\" content=\"1637\" \/>\n\t<meta property=\"og:image:type\" content=\"image\/jpeg\" \/>\n<meta name=\"author\" content=\"Alioun M&#039;leiwih\" \/>\n<meta name=\"twitter:card\" content=\"summary_large_image\" \/>\n<meta name=\"twitter:creator\" content=\"@lequotidienmr\" \/>\n<meta name=\"twitter:site\" content=\"@lequotidienmr\" \/>\n<meta name=\"twitter:label1\" content=\"\u0643\u064f\u062a\u0628 \u0628\u0648\u0627\u0633\u0637\u0629\" \/>\n\t<meta name=\"twitter:data1\" content=\"Alioun M&#039;leiwih\" \/>\n\t<meta name=\"twitter:label2\" content=\"\u0648\u0642\u062a \u0627\u0644\u0642\u0631\u0627\u0621\u0629 \u0627\u0644\u0645\u064f\u0642\u062f\u0651\u0631\" \/>\n\t<meta name=\"twitter:data2\" content=\"\u062f\u0642\u064a\u0642\u062a\u0627\u0646\" \/>\n<script type=\"application\/ld+json\" class=\"yoast-schema-graph\">{\"@context\":\"https:\\\/\\\/schema.org\",\"@graph\":[{\"@type\":\"Article\",\"@id\":\"https:\\\/\\\/lequotidien.mr\\\/?p=10623&lang=fr#article\",\"isPartOf\":{\"@id\":\"https:\\\/\\\/lequotidien.mr\\\/?p=10623&lang=fr\"},\"author\":{\"name\":\"Alioun M'leiwih\",\"@id\":\"https:\\\/\\\/lequotidien.mr\\\/#\\\/schema\\\/person\\\/69d1518c74c9137087929a20b1272cb0\"},\"headline\":\"Inculpation du d\u00e9put\u00e9 Mohamed\u00a0Bouya\",\"datePublished\":\"2023-08-03T13:32:59+00:00\",\"mainEntityOfPage\":{\"@id\":\"https:\\\/\\\/lequotidien.mr\\\/?p=10623&lang=fr\"},\"wordCount\":345,\"commentCount\":0,\"publisher\":{\"@id\":\"https:\\\/\\\/lequotidien.mr\\\/#organization\"},\"image\":{\"@id\":\"https:\\\/\\\/lequotidien.mr\\\/?p=10623&lang=fr#primaryimage\"},\"thumbnailUrl\":\"https:\\\/\\\/lequotidien.mr\\\/wp-content\\\/uploads\\\/2023\\\/08\\\/\u0627\u0644\u0634\u0631\u0637\u0629-\u0627\u0644\u0645\u0648\u0631\u064a\u062a\u0627\u0646\u064a\u0629-scaled-1-1.jpg\",\"articleSection\":[\"ACTUALIT\u00c9\"],\"inLanguage\":\"ar\",\"potentialAction\":[{\"@type\":\"CommentAction\",\"name\":\"Comment\",\"target\":[\"https:\\\/\\\/lequotidien.mr\\\/?p=10623&lang=fr#respond\"]}]},{\"@type\":\"WebPage\",\"@id\":\"https:\\\/\\\/lequotidien.mr\\\/?p=10623&lang=fr\",\"url\":\"https:\\\/\\\/lequotidien.mr\\\/?p=10623&lang=fr\",\"name\":\"Inculpation du d\u00e9put\u00e9 Mohamed\u00a0Bouya - Le Quotidien de Nouakchott\",\"isPartOf\":{\"@id\":\"https:\\\/\\\/lequotidien.mr\\\/#website\"},\"primaryImageOfPage\":{\"@id\":\"https:\\\/\\\/lequotidien.mr\\\/?p=10623&lang=fr#primaryimage\"},\"image\":{\"@id\":\"https:\\\/\\\/lequotidien.mr\\\/?p=10623&lang=fr#primaryimage\"},\"thumbnailUrl\":\"https:\\\/\\\/lequotidien.mr\\\/wp-content\\\/uploads\\\/2023\\\/08\\\/\u0627\u0644\u0634\u0631\u0637\u0629-\u0627\u0644\u0645\u0648\u0631\u064a\u062a\u0627\u0646\u064a\u0629-scaled-1-1.jpg\",\"datePublished\":\"2023-08-03T13:32:59+00:00\",\"breadcrumb\":{\"@id\":\"https:\\\/\\\/lequotidien.mr\\\/?p=10623&lang=fr#breadcrumb\"},\"inLanguage\":\"ar\",\"potentialAction\":[{\"@type\":\"ReadAction\",\"target\":[\"https:\\\/\\\/lequotidien.mr\\\/?p=10623&lang=fr\"]}]},{\"@type\":\"ImageObject\",\"inLanguage\":\"ar\",\"@id\":\"https:\\\/\\\/lequotidien.mr\\\/?p=10623&lang=fr#primaryimage\",\"url\":\"https:\\\/\\\/lequotidien.mr\\\/wp-content\\\/uploads\\\/2023\\\/08\\\/\u0627\u0644\u0634\u0631\u0637\u0629-\u0627\u0644\u0645\u0648\u0631\u064a\u062a\u0627\u0646\u064a\u0629-scaled-1-1.jpg\",\"contentUrl\":\"https:\\\/\\\/lequotidien.mr\\\/wp-content\\\/uploads\\\/2023\\\/08\\\/\u0627\u0644\u0634\u0631\u0637\u0629-\u0627\u0644\u0645\u0648\u0631\u064a\u062a\u0627\u0646\u064a\u0629-scaled-1-1.jpg\",\"width\":2560,\"height\":1637},{\"@type\":\"BreadcrumbList\",\"@id\":\"https:\\\/\\\/lequotidien.mr\\\/?p=10623&lang=fr#breadcrumb\",\"itemListElement\":[{\"@type\":\"ListItem\",\"position\":1,\"name\":\"Home\",\"item\":\"https:\\\/\\\/lequotidien.mr\\\/\"},{\"@type\":\"ListItem\",\"position\":2,\"name\":\"Inculpation du d\u00e9put\u00e9 Mohamed\u00a0Bouya\"}]},{\"@type\":\"WebSite\",\"@id\":\"https:\\\/\\\/lequotidien.mr\\\/#website\",\"url\":\"https:\\\/\\\/lequotidien.mr\\\/\",\"name\":\"Le Quotidien de Nouakchott\",\"description\":\"\u0625\u062e\u0628\u0627\u0631\u064a\u0629 \u0645\u0633\u062a\u0642\u0644\u0629 \u0644\u0644\u0623\u0646\u0628\u0627\u0621 \u0627\u0644\u0639\u0627\u0645\u0629\",\"publisher\":{\"@id\":\"https:\\\/\\\/lequotidien.mr\\\/#organization\"},\"potentialAction\":[{\"@type\":\"SearchAction\",\"target\":{\"@type\":\"EntryPoint\",\"urlTemplate\":\"https:\\\/\\\/lequotidien.mr\\\/?s={search_term_string}\"},\"query-input\":{\"@type\":\"PropertyValueSpecification\",\"valueRequired\":true,\"valueName\":\"search_term_string\"}}],\"inLanguage\":\"ar\"},{\"@type\":\"Organization\",\"@id\":\"https:\\\/\\\/lequotidien.mr\\\/#organization\",\"name\":\"Le Quotidien de Nouakchott\",\"url\":\"https:\\\/\\\/lequotidien.mr\\\/\",\"logo\":{\"@type\":\"ImageObject\",\"inLanguage\":\"ar\",\"@id\":\"https:\\\/\\\/lequotidien.mr\\\/#\\\/schema\\\/logo\\\/image\\\/\",\"url\":\"https:\\\/\\\/lequotidien.mr\\\/wp-content\\\/uploads\\\/2022\\\/11\\\/logolequotidien.jpg\",\"contentUrl\":\"https:\\\/\\\/lequotidien.mr\\\/wp-content\\\/uploads\\\/2022\\\/11\\\/logolequotidien.jpg\",\"width\":290,\"height\":65,\"caption\":\"Le Quotidien de Nouakchott\"},\"image\":{\"@id\":\"https:\\\/\\\/lequotidien.mr\\\/#\\\/schema\\\/logo\\\/image\\\/\"},\"sameAs\":[\"https:\\\/\\\/web.facebook.com\\\/lequotidienmr\",\"https:\\\/\\\/x.com\\\/lequotidienmr\"]},{\"@type\":\"Person\",\"@id\":\"https:\\\/\\\/lequotidien.mr\\\/#\\\/schema\\\/person\\\/69d1518c74c9137087929a20b1272cb0\",\"name\":\"Alioun M'leiwih\",\"image\":{\"@type\":\"ImageObject\",\"inLanguage\":\"ar\",\"@id\":\"https:\\\/\\\/secure.gravatar.com\\\/avatar\\\/01f9d357222d7d4ca8f71662f4b081718f06d25b11fc45662ecca0622d507e51?s=96&d=mm&r=g\",\"url\":\"https:\\\/\\\/secure.gravatar.com\\\/avatar\\\/01f9d357222d7d4ca8f71662f4b081718f06d25b11fc45662ecca0622d507e51?s=96&d=mm&r=g\",\"contentUrl\":\"https:\\\/\\\/secure.gravatar.com\\\/avatar\\\/01f9d357222d7d4ca8f71662f4b081718f06d25b11fc45662ecca0622d507e51?s=96&d=mm&r=g\",\"caption\":\"Alioun M'leiwih\"},\"sameAs\":[\"https:\\\/\\\/lequotidien.mr\\\/\",\"https:\\\/\\\/web.facebook.com\\\/a.mleiwih\",\"https:\\\/\\\/www.linkedin.com\\\/in\\\/alimlewih\\\/\"],\"url\":\"https:\\\/\\\/lequotidien.mr\\\/?author=3\"}]}<\/script>\n<!-- \/ Yoast SEO plugin. -->","yoast_head_json":{"title":"Inculpation du d\u00e9put\u00e9 Mohamed\u00a0Bouya - Le Quotidien de Nouakchott","robots":{"index":"index","follow":"follow","max-snippet":"max-snippet:-1","max-image-preview":"max-image-preview:large","max-video-preview":"max-video-preview:-1"},"canonical":"https:\/\/lequotidien.mr\/?p=10623&lang=fr","og_locale":"ar_AR","og_type":"article","og_title":"Inculpation du d\u00e9put\u00e9 Mohamed\u00a0Bouya - Le Quotidien de Nouakchott","og_description":"Le d\u00e9put\u00e9 Mohamed Bouya Ould Cheikh Mohamed Vadel a \u00e9t\u00e9 inculp\u00e9 par le parquet pour &#8220;diffamation, calomnie et diffamation \u00e0 l&#8217;encontre du pr\u00e9sident de la R\u00e9publique&#8221;. La police judiciaire l&#8217;a d\u00e9f\u00e9r\u00e9 au juge d&#8217;instruction avec une demande de placement en d\u00e9tention. Plus t\u00f4t ce jeudi, le d\u00e9put\u00e9 Ould Cheikh Mohamed Vadel avait \u00e9t\u00e9 convoqu\u00e9 par.....","og_url":"https:\/\/lequotidien.mr\/?p=10623&lang=fr","og_site_name":"Le Quotidien de Nouakchott","article_publisher":"https:\/\/web.facebook.com\/lequotidienmr","article_author":"https:\/\/web.facebook.com\/a.mleiwih","article_published_time":"2023-08-03T13:32:59+00:00","og_image":[{"width":2560,"height":1637,"url":"https:\/\/lequotidien.mr\/wp-content\/uploads\/2023\/08\/\u0627\u0644\u0634\u0631\u0637\u0629-\u0627\u0644\u0645\u0648\u0631\u064a\u062a\u0627\u0646\u064a\u0629-scaled-1-1.jpg","type":"image\/jpeg"}],"author":"Alioun M'leiwih","twitter_card":"summary_large_image","twitter_creator":"@lequotidienmr","twitter_site":"@lequotidienmr","twitter_misc":{"\u0643\u064f\u062a\u0628 \u0628\u0648\u0627\u0633\u0637\u0629":"Alioun M'leiwih","\u0648\u0642\u062a \u0627\u0644\u0642\u0631\u0627\u0621\u0629 \u0627\u0644\u0645\u064f\u0642\u062f\u0651\u0631":"\u062f\u0642\u064a\u0642\u062a\u0627\u0646"},"schema":{"@context":"https:\/\/schema.org","@graph":[{"@type":"Article","@id":"https:\/\/lequotidien.mr\/?p=10623&lang=fr#article","isPartOf":{"@id":"https:\/\/lequotidien.mr\/?p=10623&lang=fr"},"author":{"name":"Alioun M'leiwih","@id":"https:\/\/lequotidien.mr\/#\/schema\/person\/69d1518c74c9137087929a20b1272cb0"},"headline":"Inculpation du d\u00e9put\u00e9 Mohamed\u00a0Bouya","datePublished":"2023-08-03T13:32:59+00:00","mainEntityOfPage":{"@id":"https:\/\/lequotidien.mr\/?p=10623&lang=fr"},"wordCount":345,"commentCount":0,"publisher":{"@id":"https:\/\/lequotidien.mr\/#organization"},"image":{"@id":"https:\/\/lequotidien.mr\/?p=10623&lang=fr#primaryimage"},"thumbnailUrl":"https:\/\/lequotidien.mr\/wp-content\/uploads\/2023\/08\/\u0627\u0644\u0634\u0631\u0637\u0629-\u0627\u0644\u0645\u0648\u0631\u064a\u062a\u0627\u0646\u064a\u0629-scaled-1-1.jpg","articleSection":["ACTUALIT\u00c9"],"inLanguage":"ar","potentialAction":[{"@type":"CommentAction","name":"Comment","target":["https:\/\/lequotidien.mr\/?p=10623&lang=fr#respond"]}]},{"@type":"WebPage","@id":"https:\/\/lequotidien.mr\/?p=10623&lang=fr","url":"https:\/\/lequotidien.mr\/?p=10623&lang=fr","name":"Inculpation du d\u00e9put\u00e9 Mohamed\u00a0Bouya - Le Quotidien de Nouakchott","isPartOf":{"@id":"https:\/\/lequotidien.mr\/#website"},"primaryImageOfPage":{"@id":"https:\/\/lequotidien.mr\/?p=10623&lang=fr#primaryimage"},"image":{"@id":"https:\/\/lequotidien.mr\/?p=10623&lang=fr#primaryimage"},"thumbnailUrl":"https:\/\/lequotidien.mr\/wp-content\/uploads\/2023\/08\/\u0627\u0644\u0634\u0631\u0637\u0629-\u0627\u0644\u0645\u0648\u0631\u064a\u062a\u0627\u0646\u064a\u0629-scaled-1-1.jpg","datePublished":"2023-08-03T13:32:59+00:00","breadcrumb":{"@id":"https:\/\/lequotidien.mr\/?p=10623&lang=fr#breadcrumb"},"inLanguage":"ar","potentialAction":[{"@type":"ReadAction","target":["https:\/\/lequotidien.mr\/?p=10623&lang=fr"]}]},{"@type":"ImageObject","inLanguage":"ar","@id":"https:\/\/lequotidien.mr\/?p=10623&lang=fr#primaryimage","url":"https:\/\/lequotidien.mr\/wp-content\/uploads\/2023\/08\/\u0627\u0644\u0634\u0631\u0637\u0629-\u0627\u0644\u0645\u0648\u0631\u064a\u062a\u0627\u0646\u064a\u0629-scaled-1-1.jpg","contentUrl":"https:\/\/lequotidien.mr\/wp-content\/uploads\/2023\/08\/\u0627\u0644\u0634\u0631\u0637\u0629-\u0627\u0644\u0645\u0648\u0631\u064a\u062a\u0627\u0646\u064a\u0629-scaled-1-1.jpg","width":2560,"height":1637},{"@type":"BreadcrumbList","@id":"https:\/\/lequotidien.mr\/?p=10623&lang=fr#breadcrumb","itemListElement":[{"@type":"ListItem","position":1,"name":"Home","item":"https:\/\/lequotidien.mr\/"},{"@type":"ListItem","position":2,"name":"Inculpation du d\u00e9put\u00e9 Mohamed\u00a0Bouya"}]},{"@type":"WebSite","@id":"https:\/\/lequotidien.mr\/#website","url":"https:\/\/lequotidien.mr\/","name":"Le Quotidien de Nouakchott","description":"\u0625\u062e\u0628\u0627\u0631\u064a\u0629 \u0645\u0633\u062a\u0642\u0644\u0629 \u0644\u0644\u0623\u0646\u0628\u0627\u0621 \u0627\u0644\u0639\u0627\u0645\u0629","publisher":{"@id":"https:\/\/lequotidien.mr\/#organization"},"potentialAction":[{"@type":"SearchAction","target":{"@type":"EntryPoint","urlTemplate":"https:\/\/lequotidien.mr\/?s={search_term_string}"},"query-input":{"@type":"PropertyValueSpecification","valueRequired":true,"valueName":"search_term_string"}}],"inLanguage":"ar"},{"@type":"Organization","@id":"https:\/\/lequotidien.mr\/#organization","name":"Le Quotidien de Nouakchott","url":"https:\/\/lequotidien.mr\/","logo":{"@type":"ImageObject","inLanguage":"ar","@id":"https:\/\/lequotidien.mr\/#\/schema\/logo\/image\/","url":"https:\/\/lequotidien.mr\/wp-content\/uploads\/2022\/11\/logolequotidien.jpg","contentUrl":"https:\/\/lequotidien.mr\/wp-content\/uploads\/2022\/11\/logolequotidien.jpg","width":290,"height":65,"caption":"Le Quotidien de Nouakchott"},"image":{"@id":"https:\/\/lequotidien.mr\/#\/schema\/logo\/image\/"},"sameAs":["https:\/\/web.facebook.com\/lequotidienmr","https:\/\/x.com\/lequotidienmr"]},{"@type":"Person","@id":"https:\/\/lequotidien.mr\/#\/schema\/person\/69d1518c74c9137087929a20b1272cb0","name":"Alioun M'leiwih","image":{"@type":"ImageObject","inLanguage":"ar","@id":"https:\/\/secure.gravatar.com\/avatar\/01f9d357222d7d4ca8f71662f4b081718f06d25b11fc45662ecca0622d507e51?s=96&d=mm&r=g","url":"https:\/\/secure.gravatar.com\/avatar\/01f9d357222d7d4ca8f71662f4b081718f06d25b11fc45662ecca0622d507e51?s=96&d=mm&r=g","contentUrl":"https:\/\/secure.gravatar.com\/avatar\/01f9d357222d7d4ca8f71662f4b081718f06d25b11fc45662ecca0622d507e51?s=96&d=mm&r=g","caption":"Alioun M'leiwih"},"sameAs":["https:\/\/lequotidien.mr\/","https:\/\/web.facebook.com\/a.mleiwih","https:\/\/www.linkedin.com\/in\/alimlewih\/"],"url":"https:\/\/lequotidien.mr\/?author=3"}]}},"_links":{"self":[{"href":"https:\/\/lequotidien.mr\/index.php?rest_route=\/wp\/v2\/posts\/10623","targetHints":{"allow":["GET"]}}],"collection":[{"href":"https:\/\/lequotidien.mr\/index.php?rest_route=\/wp\/v2\/posts"}],"about":[{"href":"https:\/\/lequotidien.mr\/index.php?rest_route=\/wp\/v2\/types\/post"}],"author":[{"embeddable":true,"href":"https:\/\/lequotidien.mr\/index.php?rest_route=\/wp\/v2\/users\/3"}],"replies":[{"embeddable":true,"href":"https:\/\/lequotidien.mr\/index.php?rest_route=%2Fwp%2Fv2%2Fcomments&post=10623"}],"version-history":[{"count":1,"href":"https:\/\/lequotidien.mr\/index.php?rest_route=\/wp\/v2\/posts\/10623\/revisions"}],"predecessor-version":[{"id":10625,"href":"https:\/\/lequotidien.mr\/index.php?rest_route=\/wp\/v2\/posts\/10623\/revisions\/10625"}],"wp:featuredmedia":[{"embeddable":true,"href":"https:\/\/lequotidien.mr\/index.php?rest_route=\/wp\/v2\/media\/10624"}],"wp:attachment":[{"href":"https:\/\/lequotidien.mr\/index.php?rest_route=%2Fwp%2Fv2%2Fmedia&parent=10623"}],"wp:term":[{"taxonomy":"category","embeddable":true,"href":"https:\/\/lequotidien.mr\/index.php?rest_route=%2Fwp%2Fv2%2Fcategories&post=10623"},{"taxonomy":"post_tag","embeddable":true,"href":"https:\/\/lequotidien.mr\/index.php?rest_route=%2Fwp%2Fv2%2Ftags&post=10623"}],"curies":[{"name":"wp","href":"https:\/\/api.w.org\/{rel}","templated":true}]}}