{"id":10512,"date":"2023-07-31T15:33:51","date_gmt":"2023-07-31T15:33:51","guid":{"rendered":"https:\/\/lequotidien.mr\/?p=10512"},"modified":"2023-07-31T15:34:24","modified_gmt":"2023-07-31T15:34:24","slug":"10512","status":"publish","type":"post","link":"https:\/\/lequotidien.mr\/?p=10512&lang=fr","title":{"rendered":"\u00c1 un diplomate hors pair\u2026 M\u00eame les bonnes choses ont une fin !"},"content":{"rendered":"<div class=\"entry-content\">\n<p>Son Excellence KANE Boubacar, ancien Ambassadeur de Mauritanie \u00e0 Madrid, est d\u00e9sormais nomm\u00e9 par son Excellence Mohammed Ould Ghazouani, Pr\u00e9sident de la R\u00e9publique Islamique de Mauritanie, Ambassadeur de Mauritanie en Allemagne avec r\u00e9sidence \u00e0 Berlin. Une page qui se ferme et une nouvelle qui s\u2019ouvre.<\/p>\n<p>G\u00e9n\u00e9ralement, le d\u00e9part d\u2019un diplomate est un moment pour dresser le bilan de son action diplomatique. Pour S.E KANE Boubacar, ce bilan a largement d\u00e9pass\u00e9 les attentes (effectivit\u00e9 des accords \u00e9conomique, culturel notamment \u00e0 travers le tourisme, universitaire, s\u00e9curitaire\u2026sign\u00e9s avec des partenaires espagnols). \u00c1 la t\u00eate de la mission diplomatique, il a eu \u00e0 rehausser le niveau de coop\u00e9ration entre Nouakchott et Madrid. Une telle prouesse a \u00e9t\u00e9 possible gr\u00e2ce \u00e0 son dynamisme. Ce brave Monsieur, anim\u00e9 par le seul souci de faire briller la Mauritanie, a sillonn\u00e9 toute l\u2019Espagne. Refusant de se confiner dans sa zone de confort \u00e0 Madrid, il a pu assurer le rayonnement de la Mauritanie dans les r\u00e9gions, les villes et les villages les plus recul\u00e9s d\u2019Espagne.<\/p>\n<p>Son engagement sans faille et sa disponibilit\u00e9 pour la consolidation des relations bilat\u00e9rales mauritano-espagnoles lui ont valu plusieurs distinctions du Royaume d\u2019Espagne en guise de reconnaissance. C\u2019est ce qui explique la remise des d\u00e9corations de l\u2019Ordre d\u2019Isabelle la Catholique et de l\u2019Ordre du M\u00e9rit\u00e9 Civil d\u00e9cern\u00e9es par le minist\u00e8re des Affaires \u00e9trang\u00e8res, de l\u2019Union europ\u00e9enne et de la coop\u00e9ration espagnol au nom de Sa majest\u00e9 Felipe VI, Roi d\u2019Espagne. Ces deux ordres qui d\u00e9pendent du minist\u00e8re des Affaires \u00e9trang\u00e8res d\u2019Espagne ne sont accord\u00e9s qu\u2019\u00e0 des citoyens espagnols ou \u00e9trangers qui ont rendu des services remarquables \u00e0 l\u2019\u00c9tat. Une premi\u00e8re dans l\u2019histoire diplomatique mauritanienne au pays de Cervantes.<\/p>\n<p>Ses coll\u00e8gues Ambassadeurs et corps diplomatique africains pr\u00e9sents \u00e0 Madrid ont tenu \u00e9galement \u00e0 rendre un vibrant hommage \u00e0 S.E. Un d\u00eener d\u2019adieu a \u00e9t\u00e9 organis\u00e9 \u00e0 son honneur \u00e0 la r\u00e9sidence de l\u2019Ambassadeur du Royaume fr\u00e8re du Maroc pour magnifier le travail accompli par son Excellence durant son s\u00e9jour \u00e0 Madrid. Au cours de ce repas, les Ambassadeurs ont remis un tableau de reconnaissance \u00e0 Son Excellence accompagn\u00e9 de t\u00e9moignages \u00e9mouvants.<\/p>\n<p>Apr\u00e8s l\u2019hommage de ses coll\u00e8gues africains, les Ambassadeurs des pays fr\u00e8res arabes r\u00e9unis \u00e0 l\u00b4h\u00f4tel Intercontinental, ont remis \u00e0 leur tour un tableau de reconnaissance \u00e0 M. KANE afin de c\u00e9l\u00e9brer les nombreuses ann\u00e9es de collaboration sinc\u00e8re et fructueuse, son travail extraordinaire, sa disponibilit\u00e9 et son sens du dialogue \u00e0 toute circonstance. L\u00b4Ambassadeur de l\u00b4Emir du Qatar, malgr\u00e9 sa pr\u00e9sence \u00e0 l\u2019Intercontinental, a tenu tout de m\u00eame \u00e0 organiser un d\u00eener dans sa r\u00e9sidence pour marquer la solidit\u00e9 de son amiti\u00e9 avec son Excellence Kane en pr\u00e9sence des personnalit\u00e9s espagnoles de haut rang comme Marta BLANCO, pr\u00e9sidente de la CEOE (conf\u00e9d\u00e9ration espagnole des organisations patronales). Jamais un Ambassadeur mauritanien en Espagne n\u2019aura autant marqu\u00e9 les esprits par son succ\u00e8s professionnel.<br \/>\nAu sein de l\u2019ambassade, les t\u00e9moignages \u00e9manant de ses collaborateurs sont aussi \u00e9logieux que ceux de l\u2019ext\u00e9rieur. Tout au long des ann\u00e9es \u00e0 la t\u00eate de la chancellerie diplomatique, en bon technocrate qu\u2019il est, S.E a toujours install\u00e9 une bonne atmosph\u00e8re de travail mais dans la rigueur avec un bon sens du contact et de la communication. Toutes les qualit\u00e9s requises pour un bon diplomate.<\/p>\n<p>Je ne saurais terminer mon propos sans vous remercier pour le mentor et le p\u00e8re de c\u0153ur que vous \u00eates pour moi. \u00c1 vos c\u00f4t\u00e9, les autres et moi avons beaucoup appris. Vous avez donn\u00e9 \u00e0 tout un chacun la chance de prouver sa valeur et de faire ses preuves pour la patrie sans parti pris. \u00ab La valeur d\u2019un homme ne se mesure pas \u00e0 son argent, son statut ou ses possessions. La valeur d\u2019un homme r\u00e9side dans sa personnalit\u00e9, sa sagesse, sa cr\u00e9ativit\u00e9, son courage, son ind\u00e9pendance et sa maturit\u00e9 \u00bb. Cette belle citation de Mark W.B. BRINTON illustre parfaitement M.KANE Boubacar. Je ne vous oublierai jamais et je prie Allah de vous accorder une sant\u00e9 de fer, une vie longue aupr\u00e8s des votres et de vous r\u00e9tribuer au centuple pour toute votre g\u00e9n\u00e9rosit\u00e9 surtout envers nous durant toute votre pr\u00e9sence \u00e0 Madrid.<\/p>\n<p><strong>Alassane Ousmane DIENG<\/strong>, votre Premier conseiller d\u2019un jour, votre Premier conseiller\u00a0pour\u00a0toujours.<\/p>\n<p>&nbsp;<\/p>\n<p><a href=\"https:\/\/shemsmaarif.info\/wp-content\/uploads\/2023\/07\/1-1.jpg\"><img loading=\"lazy\" decoding=\"async\" class=\"alignnone size-medium wp-image-2709\" src=\"https:\/\/shemsmaarif.info\/wp-content\/uploads\/2023\/07\/1-1-300x225.jpg\" sizes=\"auto, (max-width: 300px) 100vw, 300px\" srcset=\"https:\/\/shemsmaarif.info\/wp-content\/uploads\/2023\/07\/1-1-300x225.jpg 300w, https:\/\/shemsmaarif.info\/wp-content\/uploads\/2023\/07\/1-1-768x576.jpg 768w, https:\/\/shemsmaarif.info\/wp-content\/uploads\/2023\/07\/1-1-600x450.jpg 600w, https:\/\/shemsmaarif.info\/wp-content\/uploads\/2023\/07\/1-1.jpg 1024w\" alt=\"\" width=\"300\" height=\"225\" \/><\/a> <a href=\"https:\/\/shemsmaarif.info\/wp-content\/uploads\/2023\/07\/2-1.jpg\"><img loading=\"lazy\" decoding=\"async\" class=\"alignnone size-medium wp-image-2710\" src=\"https:\/\/shemsmaarif.info\/wp-content\/uploads\/2023\/07\/2-1-300x225.jpg\" sizes=\"auto, (max-width: 300px) 100vw, 300px\" srcset=\"https:\/\/shemsmaarif.info\/wp-content\/uploads\/2023\/07\/2-1-300x225.jpg 300w, https:\/\/shemsmaarif.info\/wp-content\/uploads\/2023\/07\/2-1-768x576.jpg 768w, https:\/\/shemsmaarif.info\/wp-content\/uploads\/2023\/07\/2-1-600x450.jpg 600w, https:\/\/shemsmaarif.info\/wp-content\/uploads\/2023\/07\/2-1.jpg 1024w\" alt=\"\" width=\"300\" height=\"225\" \/><\/a> <a href=\"https:\/\/shemsmaarif.info\/wp-content\/uploads\/2023\/07\/3-1.jpg\"><img loading=\"lazy\" decoding=\"async\" class=\"alignnone size-medium wp-image-2711\" src=\"https:\/\/shemsmaarif.info\/wp-content\/uploads\/2023\/07\/3-1-300x182.jpg\" sizes=\"auto, (max-width: 300px) 100vw, 300px\" srcset=\"https:\/\/shemsmaarif.info\/wp-content\/uploads\/2023\/07\/3-1-300x182.jpg 300w, https:\/\/shemsmaarif.info\/wp-content\/uploads\/2023\/07\/3-1-768x467.jpg 768w, https:\/\/shemsmaarif.info\/wp-content\/uploads\/2023\/07\/3-1.jpg 1024w\" alt=\"\" width=\"300\" height=\"182\" \/><\/a> <a href=\"https:\/\/shemsmaarif.info\/wp-content\/uploads\/2023\/07\/4-1.jpg\"><img loading=\"lazy\" decoding=\"async\" class=\"alignnone size-medium wp-image-2712\" src=\"https:\/\/shemsmaarif.info\/wp-content\/uploads\/2023\/07\/4-1-233x300.jpg\" sizes=\"auto, (max-width: 233px) 100vw, 233px\" srcset=\"https:\/\/shemsmaarif.info\/wp-content\/uploads\/2023\/07\/4-1-233x300.jpg 233w, https:\/\/shemsmaarif.info\/wp-content\/uploads\/2023\/07\/4-1-768x987.jpg 768w, https:\/\/shemsmaarif.info\/wp-content\/uploads\/2023\/07\/4-1.jpg 797w\" alt=\"\" width=\"233\" height=\"300\" \/><\/a> <a href=\"https:\/\/shemsmaarif.info\/wp-content\/uploads\/2023\/07\/5-1.jpg\"><img loading=\"lazy\" decoding=\"async\" class=\"alignnone size-medium wp-image-2713\" src=\"https:\/\/shemsmaarif.info\/wp-content\/uploads\/2023\/07\/5-1-300x225.jpg\" sizes=\"auto, (max-width: 300px) 100vw, 300px\" srcset=\"https:\/\/shemsmaarif.info\/wp-content\/uploads\/2023\/07\/5-1-300x225.jpg 300w, https:\/\/shemsmaarif.info\/wp-content\/uploads\/2023\/07\/5-1-768x576.jpg 768w, https:\/\/shemsmaarif.info\/wp-content\/uploads\/2023\/07\/5-1-600x450.jpg 600w, https:\/\/shemsmaarif.info\/wp-content\/uploads\/2023\/07\/5-1.jpg 1024w\" alt=\"\" width=\"300\" height=\"225\" \/><\/a> <a href=\"https:\/\/shemsmaarif.info\/wp-content\/uploads\/2023\/07\/6-1.jpg\"><img loading=\"lazy\" decoding=\"async\" class=\"alignnone size-medium wp-image-2714\" src=\"https:\/\/shemsmaarif.info\/wp-content\/uploads\/2023\/07\/6-1-257x300.jpg\" sizes=\"auto, (max-width: 257px) 100vw, 257px\" srcset=\"https:\/\/shemsmaarif.info\/wp-content\/uploads\/2023\/07\/6-1-257x300.jpg 257w, https:\/\/shemsmaarif.info\/wp-content\/uploads\/2023\/07\/6-1-768x896.jpg 768w, https:\/\/shemsmaarif.info\/wp-content\/uploads\/2023\/07\/6-1.jpg 878w\" alt=\"\" width=\"257\" height=\"300\" \/><\/a> <a href=\"https:\/\/shemsmaarif.info\/wp-content\/uploads\/2023\/07\/7-1.jpg\"><img loading=\"lazy\" decoding=\"async\" class=\"alignnone size-medium wp-image-2715\" src=\"https:\/\/shemsmaarif.info\/wp-content\/uploads\/2023\/07\/7-1-300x287.jpg\" sizes=\"auto, (max-width: 300px) 100vw, 300px\" srcset=\"https:\/\/shemsmaarif.info\/wp-content\/uploads\/2023\/07\/7-1-300x287.jpg 300w, https:\/\/shemsmaarif.info\/wp-content\/uploads\/2023\/07\/7-1-768x735.jpg 768w, https:\/\/shemsmaarif.info\/wp-content\/uploads\/2023\/07\/7-1.jpg 1024w\" alt=\"\" width=\"300\" height=\"287\" \/><\/a> <a href=\"https:\/\/shemsmaarif.info\/wp-content\/uploads\/2023\/07\/8-1.jpg\"><img loading=\"lazy\" decoding=\"async\" class=\"alignnone size-medium wp-image-2716\" src=\"https:\/\/shemsmaarif.info\/wp-content\/uploads\/2023\/07\/8-1-300x225.jpg\" sizes=\"auto, (max-width: 300px) 100vw, 300px\" srcset=\"https:\/\/shemsmaarif.info\/wp-content\/uploads\/2023\/07\/8-1-300x225.jpg 300w, https:\/\/shemsmaarif.info\/wp-content\/uploads\/2023\/07\/8-1-1024x768.jpg 1024w, https:\/\/shemsmaarif.info\/wp-content\/uploads\/2023\/07\/8-1-768x576.jpg 768w, https:\/\/shemsmaarif.info\/wp-content\/uploads\/2023\/07\/8-1-1536x1152.jpg 1536w, https:\/\/shemsmaarif.info\/wp-content\/uploads\/2023\/07\/8-1-600x450.jpg 600w, https:\/\/shemsmaarif.info\/wp-content\/uploads\/2023\/07\/8-1.jpg 1600w\" alt=\"\" width=\"300\" height=\"225\" \/><\/a> <a href=\"https:\/\/shemsmaarif.info\/wp-content\/uploads\/2023\/07\/9-1.jpg\"><img loading=\"lazy\" decoding=\"async\" class=\"alignnone size-medium wp-image-2717\" src=\"https:\/\/shemsmaarif.info\/wp-content\/uploads\/2023\/07\/9-1-300x225.jpg\" sizes=\"auto, (max-width: 300px) 100vw, 300px\" srcset=\"https:\/\/shemsmaarif.info\/wp-content\/uploads\/2023\/07\/9-1-300x225.jpg 300w, https:\/\/shemsmaarif.info\/wp-content\/uploads\/2023\/07\/9-1-1024x768.jpg 1024w, https:\/\/shemsmaarif.info\/wp-content\/uploads\/2023\/07\/9-1-768x576.jpg 768w, https:\/\/shemsmaarif.info\/wp-content\/uploads\/2023\/07\/9-1-1536x1152.jpg 1536w, https:\/\/shemsmaarif.info\/wp-content\/uploads\/2023\/07\/9-1-600x450.jpg 600w, https:\/\/shemsmaarif.info\/wp-content\/uploads\/2023\/07\/9-1.jpg 1600w\" alt=\"\" width=\"300\" height=\"225\" \/><\/a><\/p>\n<\/div>\n","protected":false},"excerpt":{"rendered":"<p>Son Excellence KANE Boubacar, ancien Ambassadeur de Mauritanie \u00e0 Madrid, est d\u00e9sormais nomm\u00e9 par son Excellence Mohammed Ould Ghazouani, Pr\u00e9sident de la R\u00e9publique Islamique de Mauritanie, Ambassadeur de Mauritanie en Allemagne avec r\u00e9sidence \u00e0 Berlin. Une page qui se ferme et une nouvelle qui s\u2019ouvre. G\u00e9n\u00e9ralement, le d\u00e9part d\u2019un diplomate est un moment pour dresser&#8230;..<\/p>\n","protected":false},"author":3,"featured_media":10513,"comment_status":"open","ping_status":"open","sticky":false,"template":"","format":"standard","meta":{"footnotes":""},"categories":[23,59],"tags":[],"class_list":["post-10512","post","type-post","status-publish","format-standard","has-post-thumbnail","hentry","category-actualite","category-opinion"],"yoast_head":"<!-- This site is optimized with the Yoast SEO plugin v27.5 - https:\/\/yoast.com\/product\/yoast-seo-wordpress\/ -->\n<title>\u00c1 un diplomate hors pair\u2026 M\u00eame les bonnes choses ont une fin ! - Le Quotidien de Nouakchott<\/title>\n<meta name=\"robots\" content=\"index, follow, max-snippet:-1, max-image-preview:large, max-video-preview:-1\" \/>\n<link rel=\"canonical\" href=\"https:\/\/lequotidien.mr\/?p=10512&lang=fr\" \/>\n<meta property=\"og:locale\" content=\"ar_AR\" \/>\n<meta property=\"og:type\" content=\"article\" \/>\n<meta property=\"og:title\" content=\"\u00c1 un diplomate hors pair\u2026 M\u00eame les bonnes choses ont une fin ! - Le Quotidien de Nouakchott\" \/>\n<meta property=\"og:description\" content=\"Son Excellence KANE Boubacar, ancien Ambassadeur de Mauritanie \u00e0 Madrid, est d\u00e9sormais nomm\u00e9 par son Excellence Mohammed Ould Ghazouani, Pr\u00e9sident de la R\u00e9publique Islamique de Mauritanie, Ambassadeur de Mauritanie en Allemagne avec r\u00e9sidence \u00e0 Berlin. Une page qui se ferme et une nouvelle qui s\u2019ouvre. G\u00e9n\u00e9ralement, le d\u00e9part d\u2019un diplomate est un moment pour dresser.....\" \/>\n<meta property=\"og:url\" content=\"https:\/\/lequotidien.mr\/?p=10512&amp;lang=fr\" \/>\n<meta property=\"og:site_name\" content=\"Le Quotidien de Nouakchott\" \/>\n<meta property=\"article:publisher\" content=\"https:\/\/web.facebook.com\/lequotidienmr\" \/>\n<meta property=\"article:author\" content=\"https:\/\/web.facebook.com\/a.mleiwih\" \/>\n<meta property=\"article:published_time\" content=\"2023-07-31T15:33:51+00:00\" \/>\n<meta property=\"article:modified_time\" content=\"2023-07-31T15:34:24+00:00\" \/>\n<meta property=\"og:image\" content=\"https:\/\/lequotidien.mr\/wp-content\/uploads\/2023\/07\/WhatsApp-Image-2023-07-31-a-13.45.56.jpg\" \/>\n\t<meta property=\"og:image:width\" content=\"1024\" \/>\n\t<meta property=\"og:image:height\" content=\"768\" \/>\n\t<meta property=\"og:image:type\" content=\"image\/jpeg\" \/>\n<meta name=\"author\" content=\"Alioun M&#039;leiwih\" \/>\n<meta name=\"twitter:card\" content=\"summary_large_image\" \/>\n<meta name=\"twitter:creator\" content=\"@lequotidienmr\" \/>\n<meta name=\"twitter:site\" content=\"@lequotidienmr\" \/>\n<meta name=\"twitter:label1\" content=\"\u0643\u064f\u062a\u0628 \u0628\u0648\u0627\u0633\u0637\u0629\" \/>\n\t<meta name=\"twitter:data1\" content=\"Alioun M&#039;leiwih\" \/>\n\t<meta name=\"twitter:label2\" content=\"\u0648\u0642\u062a \u0627\u0644\u0642\u0631\u0627\u0621\u0629 \u0627\u0644\u0645\u064f\u0642\u062f\u0651\u0631\" \/>\n\t<meta name=\"twitter:data2\" content=\"4 \u062f\u0642\u0627\u0626\u0642\" \/>\n<script type=\"application\/ld+json\" class=\"yoast-schema-graph\">{\"@context\":\"https:\\\/\\\/schema.org\",\"@graph\":[{\"@type\":\"Article\",\"@id\":\"https:\\\/\\\/lequotidien.mr\\\/?p=10512&lang=fr#article\",\"isPartOf\":{\"@id\":\"https:\\\/\\\/lequotidien.mr\\\/?p=10512&lang=fr\"},\"author\":{\"name\":\"Alioun M'leiwih\",\"@id\":\"https:\\\/\\\/lequotidien.mr\\\/#\\\/schema\\\/person\\\/69d1518c74c9137087929a20b1272cb0\"},\"headline\":\"\u00c1 un diplomate hors pair\u2026 M\u00eame les bonnes choses ont une fin !\",\"datePublished\":\"2023-07-31T15:33:51+00:00\",\"dateModified\":\"2023-07-31T15:34:24+00:00\",\"mainEntityOfPage\":{\"@id\":\"https:\\\/\\\/lequotidien.mr\\\/?p=10512&lang=fr\"},\"wordCount\":780,\"commentCount\":0,\"publisher\":{\"@id\":\"https:\\\/\\\/lequotidien.mr\\\/#organization\"},\"image\":{\"@id\":\"https:\\\/\\\/lequotidien.mr\\\/?p=10512&lang=fr#primaryimage\"},\"thumbnailUrl\":\"https:\\\/\\\/lequotidien.mr\\\/wp-content\\\/uploads\\\/2023\\\/07\\\/WhatsApp-Image-2023-07-31-a-13.45.56.jpg\",\"articleSection\":[\"ACTUALIT\u00c9\",\"Opinion\"],\"inLanguage\":\"ar\",\"potentialAction\":[{\"@type\":\"CommentAction\",\"name\":\"Comment\",\"target\":[\"https:\\\/\\\/lequotidien.mr\\\/?p=10512&lang=fr#respond\"]}]},{\"@type\":\"WebPage\",\"@id\":\"https:\\\/\\\/lequotidien.mr\\\/?p=10512&lang=fr\",\"url\":\"https:\\\/\\\/lequotidien.mr\\\/?p=10512&lang=fr\",\"name\":\"\u00c1 un diplomate hors pair\u2026 M\u00eame les bonnes choses ont une fin ! - Le Quotidien de Nouakchott\",\"isPartOf\":{\"@id\":\"https:\\\/\\\/lequotidien.mr\\\/#website\"},\"primaryImageOfPage\":{\"@id\":\"https:\\\/\\\/lequotidien.mr\\\/?p=10512&lang=fr#primaryimage\"},\"image\":{\"@id\":\"https:\\\/\\\/lequotidien.mr\\\/?p=10512&lang=fr#primaryimage\"},\"thumbnailUrl\":\"https:\\\/\\\/lequotidien.mr\\\/wp-content\\\/uploads\\\/2023\\\/07\\\/WhatsApp-Image-2023-07-31-a-13.45.56.jpg\",\"datePublished\":\"2023-07-31T15:33:51+00:00\",\"dateModified\":\"2023-07-31T15:34:24+00:00\",\"breadcrumb\":{\"@id\":\"https:\\\/\\\/lequotidien.mr\\\/?p=10512&lang=fr#breadcrumb\"},\"inLanguage\":\"ar\",\"potentialAction\":[{\"@type\":\"ReadAction\",\"target\":[\"https:\\\/\\\/lequotidien.mr\\\/?p=10512&lang=fr\"]}]},{\"@type\":\"ImageObject\",\"inLanguage\":\"ar\",\"@id\":\"https:\\\/\\\/lequotidien.mr\\\/?p=10512&lang=fr#primaryimage\",\"url\":\"https:\\\/\\\/lequotidien.mr\\\/wp-content\\\/uploads\\\/2023\\\/07\\\/WhatsApp-Image-2023-07-31-a-13.45.56.jpg\",\"contentUrl\":\"https:\\\/\\\/lequotidien.mr\\\/wp-content\\\/uploads\\\/2023\\\/07\\\/WhatsApp-Image-2023-07-31-a-13.45.56.jpg\",\"width\":1024,\"height\":768},{\"@type\":\"BreadcrumbList\",\"@id\":\"https:\\\/\\\/lequotidien.mr\\\/?p=10512&lang=fr#breadcrumb\",\"itemListElement\":[{\"@type\":\"ListItem\",\"position\":1,\"name\":\"Home\",\"item\":\"https:\\\/\\\/lequotidien.mr\\\/\"},{\"@type\":\"ListItem\",\"position\":2,\"name\":\"\u00c1 un diplomate hors pair\u2026 M\u00eame les bonnes choses ont une fin !\"}]},{\"@type\":\"WebSite\",\"@id\":\"https:\\\/\\\/lequotidien.mr\\\/#website\",\"url\":\"https:\\\/\\\/lequotidien.mr\\\/\",\"name\":\"Le Quotidien de Nouakchott\",\"description\":\"\u0625\u062e\u0628\u0627\u0631\u064a\u0629 \u0645\u0633\u062a\u0642\u0644\u0629 \u0644\u0644\u0623\u0646\u0628\u0627\u0621 \u0627\u0644\u0639\u0627\u0645\u0629\",\"publisher\":{\"@id\":\"https:\\\/\\\/lequotidien.mr\\\/#organization\"},\"potentialAction\":[{\"@type\":\"SearchAction\",\"target\":{\"@type\":\"EntryPoint\",\"urlTemplate\":\"https:\\\/\\\/lequotidien.mr\\\/?s={search_term_string}\"},\"query-input\":{\"@type\":\"PropertyValueSpecification\",\"valueRequired\":true,\"valueName\":\"search_term_string\"}}],\"inLanguage\":\"ar\"},{\"@type\":\"Organization\",\"@id\":\"https:\\\/\\\/lequotidien.mr\\\/#organization\",\"name\":\"Le Quotidien de Nouakchott\",\"url\":\"https:\\\/\\\/lequotidien.mr\\\/\",\"logo\":{\"@type\":\"ImageObject\",\"inLanguage\":\"ar\",\"@id\":\"https:\\\/\\\/lequotidien.mr\\\/#\\\/schema\\\/logo\\\/image\\\/\",\"url\":\"https:\\\/\\\/lequotidien.mr\\\/wp-content\\\/uploads\\\/2022\\\/11\\\/logolequotidien.jpg\",\"contentUrl\":\"https:\\\/\\\/lequotidien.mr\\\/wp-content\\\/uploads\\\/2022\\\/11\\\/logolequotidien.jpg\",\"width\":290,\"height\":65,\"caption\":\"Le Quotidien de Nouakchott\"},\"image\":{\"@id\":\"https:\\\/\\\/lequotidien.mr\\\/#\\\/schema\\\/logo\\\/image\\\/\"},\"sameAs\":[\"https:\\\/\\\/web.facebook.com\\\/lequotidienmr\",\"https:\\\/\\\/x.com\\\/lequotidienmr\"]},{\"@type\":\"Person\",\"@id\":\"https:\\\/\\\/lequotidien.mr\\\/#\\\/schema\\\/person\\\/69d1518c74c9137087929a20b1272cb0\",\"name\":\"Alioun M'leiwih\",\"image\":{\"@type\":\"ImageObject\",\"inLanguage\":\"ar\",\"@id\":\"https:\\\/\\\/secure.gravatar.com\\\/avatar\\\/01f9d357222d7d4ca8f71662f4b081718f06d25b11fc45662ecca0622d507e51?s=96&d=mm&r=g\",\"url\":\"https:\\\/\\\/secure.gravatar.com\\\/avatar\\\/01f9d357222d7d4ca8f71662f4b081718f06d25b11fc45662ecca0622d507e51?s=96&d=mm&r=g\",\"contentUrl\":\"https:\\\/\\\/secure.gravatar.com\\\/avatar\\\/01f9d357222d7d4ca8f71662f4b081718f06d25b11fc45662ecca0622d507e51?s=96&d=mm&r=g\",\"caption\":\"Alioun M'leiwih\"},\"sameAs\":[\"https:\\\/\\\/lequotidien.mr\\\/\",\"https:\\\/\\\/web.facebook.com\\\/a.mleiwih\",\"https:\\\/\\\/www.linkedin.com\\\/in\\\/alimlewih\\\/\"],\"url\":\"https:\\\/\\\/lequotidien.mr\\\/?author=3\"}]}<\/script>\n<!-- \/ Yoast SEO plugin. -->","yoast_head_json":{"title":"\u00c1 un diplomate hors pair\u2026 M\u00eame les bonnes choses ont une fin ! - Le Quotidien de Nouakchott","robots":{"index":"index","follow":"follow","max-snippet":"max-snippet:-1","max-image-preview":"max-image-preview:large","max-video-preview":"max-video-preview:-1"},"canonical":"https:\/\/lequotidien.mr\/?p=10512&lang=fr","og_locale":"ar_AR","og_type":"article","og_title":"\u00c1 un diplomate hors pair\u2026 M\u00eame les bonnes choses ont une fin ! - Le Quotidien de Nouakchott","og_description":"Son Excellence KANE Boubacar, ancien Ambassadeur de Mauritanie \u00e0 Madrid, est d\u00e9sormais nomm\u00e9 par son Excellence Mohammed Ould Ghazouani, Pr\u00e9sident de la R\u00e9publique Islamique de Mauritanie, Ambassadeur de Mauritanie en Allemagne avec r\u00e9sidence \u00e0 Berlin. Une page qui se ferme et une nouvelle qui s\u2019ouvre. G\u00e9n\u00e9ralement, le d\u00e9part d\u2019un diplomate est un moment pour dresser.....","og_url":"https:\/\/lequotidien.mr\/?p=10512&lang=fr","og_site_name":"Le Quotidien de Nouakchott","article_publisher":"https:\/\/web.facebook.com\/lequotidienmr","article_author":"https:\/\/web.facebook.com\/a.mleiwih","article_published_time":"2023-07-31T15:33:51+00:00","article_modified_time":"2023-07-31T15:34:24+00:00","og_image":[{"width":1024,"height":768,"url":"https:\/\/lequotidien.mr\/wp-content\/uploads\/2023\/07\/WhatsApp-Image-2023-07-31-a-13.45.56.jpg","type":"image\/jpeg"}],"author":"Alioun M'leiwih","twitter_card":"summary_large_image","twitter_creator":"@lequotidienmr","twitter_site":"@lequotidienmr","twitter_misc":{"\u0643\u064f\u062a\u0628 \u0628\u0648\u0627\u0633\u0637\u0629":"Alioun M'leiwih","\u0648\u0642\u062a \u0627\u0644\u0642\u0631\u0627\u0621\u0629 \u0627\u0644\u0645\u064f\u0642\u062f\u0651\u0631":"4 \u062f\u0642\u0627\u0626\u0642"},"schema":{"@context":"https:\/\/schema.org","@graph":[{"@type":"Article","@id":"https:\/\/lequotidien.mr\/?p=10512&lang=fr#article","isPartOf":{"@id":"https:\/\/lequotidien.mr\/?p=10512&lang=fr"},"author":{"name":"Alioun M'leiwih","@id":"https:\/\/lequotidien.mr\/#\/schema\/person\/69d1518c74c9137087929a20b1272cb0"},"headline":"\u00c1 un diplomate hors pair\u2026 M\u00eame les bonnes choses ont une fin !","datePublished":"2023-07-31T15:33:51+00:00","dateModified":"2023-07-31T15:34:24+00:00","mainEntityOfPage":{"@id":"https:\/\/lequotidien.mr\/?p=10512&lang=fr"},"wordCount":780,"commentCount":0,"publisher":{"@id":"https:\/\/lequotidien.mr\/#organization"},"image":{"@id":"https:\/\/lequotidien.mr\/?p=10512&lang=fr#primaryimage"},"thumbnailUrl":"https:\/\/lequotidien.mr\/wp-content\/uploads\/2023\/07\/WhatsApp-Image-2023-07-31-a-13.45.56.jpg","articleSection":["ACTUALIT\u00c9","Opinion"],"inLanguage":"ar","potentialAction":[{"@type":"CommentAction","name":"Comment","target":["https:\/\/lequotidien.mr\/?p=10512&lang=fr#respond"]}]},{"@type":"WebPage","@id":"https:\/\/lequotidien.mr\/?p=10512&lang=fr","url":"https:\/\/lequotidien.mr\/?p=10512&lang=fr","name":"\u00c1 un diplomate hors pair\u2026 M\u00eame les bonnes choses ont une fin ! - Le Quotidien de Nouakchott","isPartOf":{"@id":"https:\/\/lequotidien.mr\/#website"},"primaryImageOfPage":{"@id":"https:\/\/lequotidien.mr\/?p=10512&lang=fr#primaryimage"},"image":{"@id":"https:\/\/lequotidien.mr\/?p=10512&lang=fr#primaryimage"},"thumbnailUrl":"https:\/\/lequotidien.mr\/wp-content\/uploads\/2023\/07\/WhatsApp-Image-2023-07-31-a-13.45.56.jpg","datePublished":"2023-07-31T15:33:51+00:00","dateModified":"2023-07-31T15:34:24+00:00","breadcrumb":{"@id":"https:\/\/lequotidien.mr\/?p=10512&lang=fr#breadcrumb"},"inLanguage":"ar","potentialAction":[{"@type":"ReadAction","target":["https:\/\/lequotidien.mr\/?p=10512&lang=fr"]}]},{"@type":"ImageObject","inLanguage":"ar","@id":"https:\/\/lequotidien.mr\/?p=10512&lang=fr#primaryimage","url":"https:\/\/lequotidien.mr\/wp-content\/uploads\/2023\/07\/WhatsApp-Image-2023-07-31-a-13.45.56.jpg","contentUrl":"https:\/\/lequotidien.mr\/wp-content\/uploads\/2023\/07\/WhatsApp-Image-2023-07-31-a-13.45.56.jpg","width":1024,"height":768},{"@type":"BreadcrumbList","@id":"https:\/\/lequotidien.mr\/?p=10512&lang=fr#breadcrumb","itemListElement":[{"@type":"ListItem","position":1,"name":"Home","item":"https:\/\/lequotidien.mr\/"},{"@type":"ListItem","position":2,"name":"\u00c1 un diplomate hors pair\u2026 M\u00eame les bonnes choses ont une fin !"}]},{"@type":"WebSite","@id":"https:\/\/lequotidien.mr\/#website","url":"https:\/\/lequotidien.mr\/","name":"Le Quotidien de Nouakchott","description":"\u0625\u062e\u0628\u0627\u0631\u064a\u0629 \u0645\u0633\u062a\u0642\u0644\u0629 \u0644\u0644\u0623\u0646\u0628\u0627\u0621 \u0627\u0644\u0639\u0627\u0645\u0629","publisher":{"@id":"https:\/\/lequotidien.mr\/#organization"},"potentialAction":[{"@type":"SearchAction","target":{"@type":"EntryPoint","urlTemplate":"https:\/\/lequotidien.mr\/?s={search_term_string}"},"query-input":{"@type":"PropertyValueSpecification","valueRequired":true,"valueName":"search_term_string"}}],"inLanguage":"ar"},{"@type":"Organization","@id":"https:\/\/lequotidien.mr\/#organization","name":"Le Quotidien de Nouakchott","url":"https:\/\/lequotidien.mr\/","logo":{"@type":"ImageObject","inLanguage":"ar","@id":"https:\/\/lequotidien.mr\/#\/schema\/logo\/image\/","url":"https:\/\/lequotidien.mr\/wp-content\/uploads\/2022\/11\/logolequotidien.jpg","contentUrl":"https:\/\/lequotidien.mr\/wp-content\/uploads\/2022\/11\/logolequotidien.jpg","width":290,"height":65,"caption":"Le Quotidien de Nouakchott"},"image":{"@id":"https:\/\/lequotidien.mr\/#\/schema\/logo\/image\/"},"sameAs":["https:\/\/web.facebook.com\/lequotidienmr","https:\/\/x.com\/lequotidienmr"]},{"@type":"Person","@id":"https:\/\/lequotidien.mr\/#\/schema\/person\/69d1518c74c9137087929a20b1272cb0","name":"Alioun M'leiwih","image":{"@type":"ImageObject","inLanguage":"ar","@id":"https:\/\/secure.gravatar.com\/avatar\/01f9d357222d7d4ca8f71662f4b081718f06d25b11fc45662ecca0622d507e51?s=96&d=mm&r=g","url":"https:\/\/secure.gravatar.com\/avatar\/01f9d357222d7d4ca8f71662f4b081718f06d25b11fc45662ecca0622d507e51?s=96&d=mm&r=g","contentUrl":"https:\/\/secure.gravatar.com\/avatar\/01f9d357222d7d4ca8f71662f4b081718f06d25b11fc45662ecca0622d507e51?s=96&d=mm&r=g","caption":"Alioun M'leiwih"},"sameAs":["https:\/\/lequotidien.mr\/","https:\/\/web.facebook.com\/a.mleiwih","https:\/\/www.linkedin.com\/in\/alimlewih\/"],"url":"https:\/\/lequotidien.mr\/?author=3"}]}},"_links":{"self":[{"href":"https:\/\/lequotidien.mr\/index.php?rest_route=\/wp\/v2\/posts\/10512","targetHints":{"allow":["GET"]}}],"collection":[{"href":"https:\/\/lequotidien.mr\/index.php?rest_route=\/wp\/v2\/posts"}],"about":[{"href":"https:\/\/lequotidien.mr\/index.php?rest_route=\/wp\/v2\/types\/post"}],"author":[{"embeddable":true,"href":"https:\/\/lequotidien.mr\/index.php?rest_route=\/wp\/v2\/users\/3"}],"replies":[{"embeddable":true,"href":"https:\/\/lequotidien.mr\/index.php?rest_route=%2Fwp%2Fv2%2Fcomments&post=10512"}],"version-history":[{"count":2,"href":"https:\/\/lequotidien.mr\/index.php?rest_route=\/wp\/v2\/posts\/10512\/revisions"}],"predecessor-version":[{"id":10515,"href":"https:\/\/lequotidien.mr\/index.php?rest_route=\/wp\/v2\/posts\/10512\/revisions\/10515"}],"wp:featuredmedia":[{"embeddable":true,"href":"https:\/\/lequotidien.mr\/index.php?rest_route=\/wp\/v2\/media\/10513"}],"wp:attachment":[{"href":"https:\/\/lequotidien.mr\/index.php?rest_route=%2Fwp%2Fv2%2Fmedia&parent=10512"}],"wp:term":[{"taxonomy":"category","embeddable":true,"href":"https:\/\/lequotidien.mr\/index.php?rest_route=%2Fwp%2Fv2%2Fcategories&post=10512"},{"taxonomy":"post_tag","embeddable":true,"href":"https:\/\/lequotidien.mr\/index.php?rest_route=%2Fwp%2Fv2%2Ftags&post=10512"}],"curies":[{"name":"wp","href":"https:\/\/api.w.org\/{rel}","templated":true}]}}