{"id":10288,"date":"2023-07-24T22:49:34","date_gmt":"2023-07-24T22:49:34","guid":{"rendered":"https:\/\/lequotidien.mr\/?p=10288"},"modified":"2023-07-24T22:49:45","modified_gmt":"2023-07-24T22:49:45","slug":"achevement-dune-formation-en-developpement-des-competences-de-demandeurs-demploi","status":"publish","type":"post","link":"https:\/\/lequotidien.mr\/?p=10288","title":{"rendered":"&#8220;Ach\u00e8vement d\u2019une formation en d\u00e9veloppement des comp\u00e9tences de demandeurs d\u2019emploi"},"content":{"rendered":"<p>L\u2019Agence nationale pour l\u2019Emploi (ANPE) a organis\u00e9, ce lundi \u00e0 Nouakchott, une s\u00e9rie de formations visant \u00e0 d\u00e9velopper les comp\u00e9tences des demandeurs d\u2019emploi au profit de 520 jeunes, hommes et femmes, dans les domaines des langues, de l\u2019informatique, des petits m\u00e9tiers ainsi qu\u2019en mati\u00e8re de cr\u00e9ation et de gestion d\u2019entreprises.<\/p>\n<p>Ces formations s\u2019inscrivent dans le cadre des efforts du gouvernement pour valoriser les comp\u00e9tences des demandeurs d\u2019emploi et les accompagner en vue de les pr\u00e9parer au march\u00e9 du travail.<\/p>\n<p>La c\u00e9r\u00e9monie, qui a \u00e9t\u00e9 lanc\u00e9e depuis le si\u00e8ge de l\u2019Agence nationale pour l\u2019Emploi, a \u00e9t\u00e9 marqu\u00e9e par une visite du directeur g\u00e9n\u00e9ral de l\u2019Agence, M. Mohamed Ajih Sidati Mohamed Mahfoudh, aux centres de formation qui encadrent la formation des jeunes, pour leur remettre des attestations de fin de stage.<\/p>\n<p>Dans une allocution prononc\u00e9e \u00e0 cette occasion, le directeur g\u00e9n\u00e9ral de l\u2019ANPE a indiqu\u00e9 que ces formations s\u2019inscrivent dans le cadre du programme ambitieux de formation et d\u2019insertion que l\u2019agence met en \u0153uvre avec le financement du Fonds national pour l\u2019emploi.<\/p>\n<p>Il a ajout\u00e9 que ces formations permettront aux b\u00e9n\u00e9ficiaires de cr\u00e9er des opportunit\u00e9s d\u2019emploi ind\u00e9pendant gr\u00e2ce \u00e0 la mise en place de projets de d\u00e9veloppement, en plus d\u2019am\u00e9liorer les comp\u00e9tences et leurs aptitudes.<\/p>\n<p>Le directeur g\u00e9n\u00e9ral a indiqu\u00e9 que la connaissance des langues et de l\u2019informatique est aujourd\u2019hui l\u2019une des principales cl\u00e9s pour acc\u00e9der au march\u00e9 du travail, pr\u00e9cisant que tous les b\u00e9n\u00e9ficiaires de ces formations ont \u00e9t\u00e9 s\u00e9lectionn\u00e9s de mani\u00e8re transparente \u00e0 travers le syst\u00e8me d\u2019information \u201cDelil\u201d, qui, en plus de fournir des informations et des donn\u00e9es de base sur le march\u00e9 du travail, est devenu un m\u00e9canisme efficace pour assurer la transparence et l\u2019\u00e9quit\u00e9 dans la r\u00e9partition des opportunit\u00e9s.<\/p>\n<p>La c\u00e9r\u00e9monie s\u2019est d\u00e9roul\u00e9e en pr\u00e9sence de plusieurs \u010fANEP<\/p>\n","protected":false},"excerpt":{"rendered":"<p>L\u2019Agence nationale pour l\u2019Emploi (ANPE) a organis\u00e9, ce lundi \u00e0 Nouakchott, une s\u00e9rie de formations visant \u00e0 d\u00e9velopper les comp\u00e9tences des demandeurs d\u2019emploi au profit de 520 jeunes, hommes et femmes, dans les domaines des langues, de l\u2019informatique, des petits m\u00e9tiers ainsi qu\u2019en mati\u00e8re de cr\u00e9ation et de gestion d\u2019entreprises. Ces formations s\u2019inscrivent dans le&#8230;..<\/p>\n","protected":false},"author":3,"featured_media":10289,"comment_status":"open","ping_status":"open","sticky":false,"template":"","format":"standard","meta":{"footnotes":""},"categories":[7],"tags":[],"class_list":["post-10288","post","type-post","status-publish","format-standard","has-post-thumbnail","hentry","category-7"],"yoast_head":"<!-- This site is optimized with the Yoast SEO plugin v27.5 - https:\/\/yoast.com\/product\/yoast-seo-wordpress\/ -->\n<title>&quot;Ach\u00e8vement d\u2019une formation en d\u00e9veloppement des comp\u00e9tences de demandeurs d\u2019emploi - Le Quotidien de Nouakchott<\/title>\n<meta name=\"robots\" content=\"index, follow, max-snippet:-1, max-image-preview:large, max-video-preview:-1\" \/>\n<link rel=\"canonical\" href=\"https:\/\/lequotidien.mr\/?p=10288\" \/>\n<meta property=\"og:locale\" content=\"ar_AR\" \/>\n<meta property=\"og:type\" content=\"article\" \/>\n<meta property=\"og:title\" content=\"&quot;Ach\u00e8vement d\u2019une formation en d\u00e9veloppement des comp\u00e9tences de demandeurs d\u2019emploi - Le Quotidien de Nouakchott\" \/>\n<meta property=\"og:description\" content=\"L\u2019Agence nationale pour l\u2019Emploi (ANPE) a organis\u00e9, ce lundi \u00e0 Nouakchott, une s\u00e9rie de formations visant \u00e0 d\u00e9velopper les comp\u00e9tences des demandeurs d\u2019emploi au profit de 520 jeunes, hommes et femmes, dans les domaines des langues, de l\u2019informatique, des petits m\u00e9tiers ainsi qu\u2019en mati\u00e8re de cr\u00e9ation et de gestion d\u2019entreprises. Ces formations s\u2019inscrivent dans le.....\" \/>\n<meta property=\"og:url\" content=\"https:\/\/lequotidien.mr\/?p=10288\" \/>\n<meta property=\"og:site_name\" content=\"Le Quotidien de Nouakchott\" \/>\n<meta property=\"article:publisher\" content=\"https:\/\/web.facebook.com\/lequotidienmr\" \/>\n<meta property=\"article:author\" content=\"https:\/\/web.facebook.com\/a.mleiwih\" \/>\n<meta property=\"article:published_time\" content=\"2023-07-24T22:49:34+00:00\" \/>\n<meta property=\"article:modified_time\" content=\"2023-07-24T22:49:45+00:00\" \/>\n<meta property=\"og:image\" content=\"https:\/\/lequotidien.mr\/wp-content\/uploads\/2023\/07\/Screenshot_20230724-224355_WhatsApp.jpg\" \/>\n\t<meta property=\"og:image:width\" content=\"720\" \/>\n\t<meta property=\"og:image:height\" content=\"394\" \/>\n\t<meta property=\"og:image:type\" content=\"image\/jpeg\" \/>\n<meta name=\"author\" content=\"Alioun M&#039;leiwih\" \/>\n<meta name=\"twitter:card\" content=\"summary_large_image\" \/>\n<meta name=\"twitter:creator\" content=\"@lequotidienmr\" \/>\n<meta name=\"twitter:site\" content=\"@lequotidienmr\" \/>\n<meta name=\"twitter:label1\" content=\"\u0643\u064f\u062a\u0628 \u0628\u0648\u0627\u0633\u0637\u0629\" \/>\n\t<meta name=\"twitter:data1\" content=\"Alioun M&#039;leiwih\" \/>\n\t<meta name=\"twitter:label2\" content=\"\u0648\u0642\u062a \u0627\u0644\u0642\u0631\u0627\u0621\u0629 \u0627\u0644\u0645\u064f\u0642\u062f\u0651\u0631\" \/>\n\t<meta name=\"twitter:data2\" content=\"\u062f\u0642\u064a\u0642\u062a\u0627\u0646\" \/>\n<script type=\"application\/ld+json\" class=\"yoast-schema-graph\">{\"@context\":\"https:\\\/\\\/schema.org\",\"@graph\":[{\"@type\":\"Article\",\"@id\":\"https:\\\/\\\/lequotidien.mr\\\/?p=10288#article\",\"isPartOf\":{\"@id\":\"https:\\\/\\\/lequotidien.mr\\\/?p=10288\"},\"author\":{\"name\":\"Alioun M'leiwih\",\"@id\":\"https:\\\/\\\/lequotidien.mr\\\/#\\\/schema\\\/person\\\/69d1518c74c9137087929a20b1272cb0\"},\"headline\":\"&#8220;Ach\u00e8vement d\u2019une formation en d\u00e9veloppement des comp\u00e9tences de demandeurs d\u2019emploi\",\"datePublished\":\"2023-07-24T22:49:34+00:00\",\"dateModified\":\"2023-07-24T22:49:45+00:00\",\"mainEntityOfPage\":{\"@id\":\"https:\\\/\\\/lequotidien.mr\\\/?p=10288\"},\"wordCount\":370,\"commentCount\":0,\"publisher\":{\"@id\":\"https:\\\/\\\/lequotidien.mr\\\/#organization\"},\"image\":{\"@id\":\"https:\\\/\\\/lequotidien.mr\\\/?p=10288#primaryimage\"},\"thumbnailUrl\":\"https:\\\/\\\/lequotidien.mr\\\/wp-content\\\/uploads\\\/2023\\\/07\\\/Screenshot_20230724-224355_WhatsApp.jpg\",\"articleSection\":[\"\u0625\u0642\u062a\u0635\u0627\u062f\"],\"inLanguage\":\"ar\",\"potentialAction\":[{\"@type\":\"CommentAction\",\"name\":\"Comment\",\"target\":[\"https:\\\/\\\/lequotidien.mr\\\/?p=10288#respond\"]}]},{\"@type\":\"WebPage\",\"@id\":\"https:\\\/\\\/lequotidien.mr\\\/?p=10288\",\"url\":\"https:\\\/\\\/lequotidien.mr\\\/?p=10288\",\"name\":\"\\\"Ach\u00e8vement d\u2019une formation en d\u00e9veloppement des comp\u00e9tences de demandeurs d\u2019emploi - Le Quotidien de Nouakchott\",\"isPartOf\":{\"@id\":\"https:\\\/\\\/lequotidien.mr\\\/#website\"},\"primaryImageOfPage\":{\"@id\":\"https:\\\/\\\/lequotidien.mr\\\/?p=10288#primaryimage\"},\"image\":{\"@id\":\"https:\\\/\\\/lequotidien.mr\\\/?p=10288#primaryimage\"},\"thumbnailUrl\":\"https:\\\/\\\/lequotidien.mr\\\/wp-content\\\/uploads\\\/2023\\\/07\\\/Screenshot_20230724-224355_WhatsApp.jpg\",\"datePublished\":\"2023-07-24T22:49:34+00:00\",\"dateModified\":\"2023-07-24T22:49:45+00:00\",\"breadcrumb\":{\"@id\":\"https:\\\/\\\/lequotidien.mr\\\/?p=10288#breadcrumb\"},\"inLanguage\":\"ar\",\"potentialAction\":[{\"@type\":\"ReadAction\",\"target\":[\"https:\\\/\\\/lequotidien.mr\\\/?p=10288\"]}]},{\"@type\":\"ImageObject\",\"inLanguage\":\"ar\",\"@id\":\"https:\\\/\\\/lequotidien.mr\\\/?p=10288#primaryimage\",\"url\":\"https:\\\/\\\/lequotidien.mr\\\/wp-content\\\/uploads\\\/2023\\\/07\\\/Screenshot_20230724-224355_WhatsApp.jpg\",\"contentUrl\":\"https:\\\/\\\/lequotidien.mr\\\/wp-content\\\/uploads\\\/2023\\\/07\\\/Screenshot_20230724-224355_WhatsApp.jpg\",\"width\":720,\"height\":394},{\"@type\":\"BreadcrumbList\",\"@id\":\"https:\\\/\\\/lequotidien.mr\\\/?p=10288#breadcrumb\",\"itemListElement\":[{\"@type\":\"ListItem\",\"position\":1,\"name\":\"Home\",\"item\":\"https:\\\/\\\/lequotidien.mr\\\/\"},{\"@type\":\"ListItem\",\"position\":2,\"name\":\"&#8220;Ach\u00e8vement d\u2019une formation en d\u00e9veloppement des comp\u00e9tences de demandeurs d\u2019emploi\"}]},{\"@type\":\"WebSite\",\"@id\":\"https:\\\/\\\/lequotidien.mr\\\/#website\",\"url\":\"https:\\\/\\\/lequotidien.mr\\\/\",\"name\":\"Le Quotidien de Nouakchott\",\"description\":\"\u0625\u062e\u0628\u0627\u0631\u064a\u0629 \u0645\u0633\u062a\u0642\u0644\u0629 \u0644\u0644\u0623\u0646\u0628\u0627\u0621 \u0627\u0644\u0639\u0627\u0645\u0629\",\"publisher\":{\"@id\":\"https:\\\/\\\/lequotidien.mr\\\/#organization\"},\"potentialAction\":[{\"@type\":\"SearchAction\",\"target\":{\"@type\":\"EntryPoint\",\"urlTemplate\":\"https:\\\/\\\/lequotidien.mr\\\/?s={search_term_string}\"},\"query-input\":{\"@type\":\"PropertyValueSpecification\",\"valueRequired\":true,\"valueName\":\"search_term_string\"}}],\"inLanguage\":\"ar\"},{\"@type\":\"Organization\",\"@id\":\"https:\\\/\\\/lequotidien.mr\\\/#organization\",\"name\":\"Le Quotidien de Nouakchott\",\"url\":\"https:\\\/\\\/lequotidien.mr\\\/\",\"logo\":{\"@type\":\"ImageObject\",\"inLanguage\":\"ar\",\"@id\":\"https:\\\/\\\/lequotidien.mr\\\/#\\\/schema\\\/logo\\\/image\\\/\",\"url\":\"https:\\\/\\\/lequotidien.mr\\\/wp-content\\\/uploads\\\/2022\\\/11\\\/logolequotidien.jpg\",\"contentUrl\":\"https:\\\/\\\/lequotidien.mr\\\/wp-content\\\/uploads\\\/2022\\\/11\\\/logolequotidien.jpg\",\"width\":290,\"height\":65,\"caption\":\"Le Quotidien de Nouakchott\"},\"image\":{\"@id\":\"https:\\\/\\\/lequotidien.mr\\\/#\\\/schema\\\/logo\\\/image\\\/\"},\"sameAs\":[\"https:\\\/\\\/web.facebook.com\\\/lequotidienmr\",\"https:\\\/\\\/x.com\\\/lequotidienmr\"]},{\"@type\":\"Person\",\"@id\":\"https:\\\/\\\/lequotidien.mr\\\/#\\\/schema\\\/person\\\/69d1518c74c9137087929a20b1272cb0\",\"name\":\"Alioun M'leiwih\",\"image\":{\"@type\":\"ImageObject\",\"inLanguage\":\"ar\",\"@id\":\"https:\\\/\\\/secure.gravatar.com\\\/avatar\\\/01f9d357222d7d4ca8f71662f4b081718f06d25b11fc45662ecca0622d507e51?s=96&d=mm&r=g\",\"url\":\"https:\\\/\\\/secure.gravatar.com\\\/avatar\\\/01f9d357222d7d4ca8f71662f4b081718f06d25b11fc45662ecca0622d507e51?s=96&d=mm&r=g\",\"contentUrl\":\"https:\\\/\\\/secure.gravatar.com\\\/avatar\\\/01f9d357222d7d4ca8f71662f4b081718f06d25b11fc45662ecca0622d507e51?s=96&d=mm&r=g\",\"caption\":\"Alioun M'leiwih\"},\"sameAs\":[\"https:\\\/\\\/lequotidien.mr\\\/\",\"https:\\\/\\\/web.facebook.com\\\/a.mleiwih\",\"https:\\\/\\\/www.linkedin.com\\\/in\\\/alimlewih\\\/\"],\"url\":\"https:\\\/\\\/lequotidien.mr\\\/?author=3\"}]}<\/script>\n<!-- \/ Yoast SEO plugin. -->","yoast_head_json":{"title":"\"Ach\u00e8vement d\u2019une formation en d\u00e9veloppement des comp\u00e9tences de demandeurs d\u2019emploi - Le Quotidien de Nouakchott","robots":{"index":"index","follow":"follow","max-snippet":"max-snippet:-1","max-image-preview":"max-image-preview:large","max-video-preview":"max-video-preview:-1"},"canonical":"https:\/\/lequotidien.mr\/?p=10288","og_locale":"ar_AR","og_type":"article","og_title":"\"Ach\u00e8vement d\u2019une formation en d\u00e9veloppement des comp\u00e9tences de demandeurs d\u2019emploi - Le Quotidien de Nouakchott","og_description":"L\u2019Agence nationale pour l\u2019Emploi (ANPE) a organis\u00e9, ce lundi \u00e0 Nouakchott, une s\u00e9rie de formations visant \u00e0 d\u00e9velopper les comp\u00e9tences des demandeurs d\u2019emploi au profit de 520 jeunes, hommes et femmes, dans les domaines des langues, de l\u2019informatique, des petits m\u00e9tiers ainsi qu\u2019en mati\u00e8re de cr\u00e9ation et de gestion d\u2019entreprises. Ces formations s\u2019inscrivent dans le.....","og_url":"https:\/\/lequotidien.mr\/?p=10288","og_site_name":"Le Quotidien de Nouakchott","article_publisher":"https:\/\/web.facebook.com\/lequotidienmr","article_author":"https:\/\/web.facebook.com\/a.mleiwih","article_published_time":"2023-07-24T22:49:34+00:00","article_modified_time":"2023-07-24T22:49:45+00:00","og_image":[{"width":720,"height":394,"url":"https:\/\/lequotidien.mr\/wp-content\/uploads\/2023\/07\/Screenshot_20230724-224355_WhatsApp.jpg","type":"image\/jpeg"}],"author":"Alioun M'leiwih","twitter_card":"summary_large_image","twitter_creator":"@lequotidienmr","twitter_site":"@lequotidienmr","twitter_misc":{"\u0643\u064f\u062a\u0628 \u0628\u0648\u0627\u0633\u0637\u0629":"Alioun M'leiwih","\u0648\u0642\u062a \u0627\u0644\u0642\u0631\u0627\u0621\u0629 \u0627\u0644\u0645\u064f\u0642\u062f\u0651\u0631":"\u062f\u0642\u064a\u0642\u062a\u0627\u0646"},"schema":{"@context":"https:\/\/schema.org","@graph":[{"@type":"Article","@id":"https:\/\/lequotidien.mr\/?p=10288#article","isPartOf":{"@id":"https:\/\/lequotidien.mr\/?p=10288"},"author":{"name":"Alioun M'leiwih","@id":"https:\/\/lequotidien.mr\/#\/schema\/person\/69d1518c74c9137087929a20b1272cb0"},"headline":"&#8220;Ach\u00e8vement d\u2019une formation en d\u00e9veloppement des comp\u00e9tences de demandeurs d\u2019emploi","datePublished":"2023-07-24T22:49:34+00:00","dateModified":"2023-07-24T22:49:45+00:00","mainEntityOfPage":{"@id":"https:\/\/lequotidien.mr\/?p=10288"},"wordCount":370,"commentCount":0,"publisher":{"@id":"https:\/\/lequotidien.mr\/#organization"},"image":{"@id":"https:\/\/lequotidien.mr\/?p=10288#primaryimage"},"thumbnailUrl":"https:\/\/lequotidien.mr\/wp-content\/uploads\/2023\/07\/Screenshot_20230724-224355_WhatsApp.jpg","articleSection":["\u0625\u0642\u062a\u0635\u0627\u062f"],"inLanguage":"ar","potentialAction":[{"@type":"CommentAction","name":"Comment","target":["https:\/\/lequotidien.mr\/?p=10288#respond"]}]},{"@type":"WebPage","@id":"https:\/\/lequotidien.mr\/?p=10288","url":"https:\/\/lequotidien.mr\/?p=10288","name":"\"Ach\u00e8vement d\u2019une formation en d\u00e9veloppement des comp\u00e9tences de demandeurs d\u2019emploi - Le Quotidien de Nouakchott","isPartOf":{"@id":"https:\/\/lequotidien.mr\/#website"},"primaryImageOfPage":{"@id":"https:\/\/lequotidien.mr\/?p=10288#primaryimage"},"image":{"@id":"https:\/\/lequotidien.mr\/?p=10288#primaryimage"},"thumbnailUrl":"https:\/\/lequotidien.mr\/wp-content\/uploads\/2023\/07\/Screenshot_20230724-224355_WhatsApp.jpg","datePublished":"2023-07-24T22:49:34+00:00","dateModified":"2023-07-24T22:49:45+00:00","breadcrumb":{"@id":"https:\/\/lequotidien.mr\/?p=10288#breadcrumb"},"inLanguage":"ar","potentialAction":[{"@type":"ReadAction","target":["https:\/\/lequotidien.mr\/?p=10288"]}]},{"@type":"ImageObject","inLanguage":"ar","@id":"https:\/\/lequotidien.mr\/?p=10288#primaryimage","url":"https:\/\/lequotidien.mr\/wp-content\/uploads\/2023\/07\/Screenshot_20230724-224355_WhatsApp.jpg","contentUrl":"https:\/\/lequotidien.mr\/wp-content\/uploads\/2023\/07\/Screenshot_20230724-224355_WhatsApp.jpg","width":720,"height":394},{"@type":"BreadcrumbList","@id":"https:\/\/lequotidien.mr\/?p=10288#breadcrumb","itemListElement":[{"@type":"ListItem","position":1,"name":"Home","item":"https:\/\/lequotidien.mr\/"},{"@type":"ListItem","position":2,"name":"&#8220;Ach\u00e8vement d\u2019une formation en d\u00e9veloppement des comp\u00e9tences de demandeurs d\u2019emploi"}]},{"@type":"WebSite","@id":"https:\/\/lequotidien.mr\/#website","url":"https:\/\/lequotidien.mr\/","name":"Le Quotidien de Nouakchott","description":"\u0625\u062e\u0628\u0627\u0631\u064a\u0629 \u0645\u0633\u062a\u0642\u0644\u0629 \u0644\u0644\u0623\u0646\u0628\u0627\u0621 \u0627\u0644\u0639\u0627\u0645\u0629","publisher":{"@id":"https:\/\/lequotidien.mr\/#organization"},"potentialAction":[{"@type":"SearchAction","target":{"@type":"EntryPoint","urlTemplate":"https:\/\/lequotidien.mr\/?s={search_term_string}"},"query-input":{"@type":"PropertyValueSpecification","valueRequired":true,"valueName":"search_term_string"}}],"inLanguage":"ar"},{"@type":"Organization","@id":"https:\/\/lequotidien.mr\/#organization","name":"Le Quotidien de Nouakchott","url":"https:\/\/lequotidien.mr\/","logo":{"@type":"ImageObject","inLanguage":"ar","@id":"https:\/\/lequotidien.mr\/#\/schema\/logo\/image\/","url":"https:\/\/lequotidien.mr\/wp-content\/uploads\/2022\/11\/logolequotidien.jpg","contentUrl":"https:\/\/lequotidien.mr\/wp-content\/uploads\/2022\/11\/logolequotidien.jpg","width":290,"height":65,"caption":"Le Quotidien de Nouakchott"},"image":{"@id":"https:\/\/lequotidien.mr\/#\/schema\/logo\/image\/"},"sameAs":["https:\/\/web.facebook.com\/lequotidienmr","https:\/\/x.com\/lequotidienmr"]},{"@type":"Person","@id":"https:\/\/lequotidien.mr\/#\/schema\/person\/69d1518c74c9137087929a20b1272cb0","name":"Alioun M'leiwih","image":{"@type":"ImageObject","inLanguage":"ar","@id":"https:\/\/secure.gravatar.com\/avatar\/01f9d357222d7d4ca8f71662f4b081718f06d25b11fc45662ecca0622d507e51?s=96&d=mm&r=g","url":"https:\/\/secure.gravatar.com\/avatar\/01f9d357222d7d4ca8f71662f4b081718f06d25b11fc45662ecca0622d507e51?s=96&d=mm&r=g","contentUrl":"https:\/\/secure.gravatar.com\/avatar\/01f9d357222d7d4ca8f71662f4b081718f06d25b11fc45662ecca0622d507e51?s=96&d=mm&r=g","caption":"Alioun M'leiwih"},"sameAs":["https:\/\/lequotidien.mr\/","https:\/\/web.facebook.com\/a.mleiwih","https:\/\/www.linkedin.com\/in\/alimlewih\/"],"url":"https:\/\/lequotidien.mr\/?author=3"}]}},"_links":{"self":[{"href":"https:\/\/lequotidien.mr\/index.php?rest_route=\/wp\/v2\/posts\/10288","targetHints":{"allow":["GET"]}}],"collection":[{"href":"https:\/\/lequotidien.mr\/index.php?rest_route=\/wp\/v2\/posts"}],"about":[{"href":"https:\/\/lequotidien.mr\/index.php?rest_route=\/wp\/v2\/types\/post"}],"author":[{"embeddable":true,"href":"https:\/\/lequotidien.mr\/index.php?rest_route=\/wp\/v2\/users\/3"}],"replies":[{"embeddable":true,"href":"https:\/\/lequotidien.mr\/index.php?rest_route=%2Fwp%2Fv2%2Fcomments&post=10288"}],"version-history":[{"count":1,"href":"https:\/\/lequotidien.mr\/index.php?rest_route=\/wp\/v2\/posts\/10288\/revisions"}],"predecessor-version":[{"id":10290,"href":"https:\/\/lequotidien.mr\/index.php?rest_route=\/wp\/v2\/posts\/10288\/revisions\/10290"}],"wp:featuredmedia":[{"embeddable":true,"href":"https:\/\/lequotidien.mr\/index.php?rest_route=\/wp\/v2\/media\/10289"}],"wp:attachment":[{"href":"https:\/\/lequotidien.mr\/index.php?rest_route=%2Fwp%2Fv2%2Fmedia&parent=10288"}],"wp:term":[{"taxonomy":"category","embeddable":true,"href":"https:\/\/lequotidien.mr\/index.php?rest_route=%2Fwp%2Fv2%2Fcategories&post=10288"},{"taxonomy":"post_tag","embeddable":true,"href":"https:\/\/lequotidien.mr\/index.php?rest_route=%2Fwp%2Fv2%2Ftags&post=10288"}],"curies":[{"name":"wp","href":"https:\/\/api.w.org\/{rel}","templated":true}]}}