{"id":10225,"date":"2023-07-22T21:03:56","date_gmt":"2023-07-22T21:03:56","guid":{"rendered":"https:\/\/lequotidien.mr\/?p=10225"},"modified":"2023-07-22T21:03:56","modified_gmt":"2023-07-22T21:03:56","slug":"le-proces-de-la-decennie-lancien-president-ould-abdel-aziz-face-a-des-dossiers-serieux-sans-reponses-satisfaisantes","status":"publish","type":"post","link":"https:\/\/lequotidien.mr\/?p=10225&lang=fr","title":{"rendered":"Le Proc\u00e8s de la D\u00e9cennie : L&#8217;ancien pr\u00e9sident Ould Abdel Aziz face \u00e0 des dossiers s\u00e9rieux sans r\u00e9ponses satisfaisantes"},"content":{"rendered":"<div>\n<p>Dans ce qui est d\u00e9sormais qualifi\u00e9 de &#8220;Proc\u00e8s de la D\u00e9cennie&#8221; en Mauritanie, d&#8217;importants dossiers mettant en cause l&#8217;ancien pr\u00e9sident Mohamed Ould Abdel Aziz ont \u00e9t\u00e9 soumis \u00e0 la justice. Ces dossiers comprennent des all\u00e9gations graves de malversations et d&#8217;abus de pouvoir, notamment en lien avec les travaux effectu\u00e9s dans sa r\u00e9sidence secondaire aux frais des contribuables, le march\u00e9 controvers\u00e9 de lampadaires solaires accord\u00e9 \u00e0 l&#8217;entreprise chinoise Joysolar, ainsi que la construction d&#8217;un h\u00f4tel cinq \u00e9toiles \u00e0 Nouakchott.<\/p>\n<p>Depuis que Mohamed Ould Abdel Aziz a quitt\u00e9 ses fonctions pr\u00e9sidentielles en 2019, de nombreuses voix s&#8217;\u00e9taient \u00e9lev\u00e9es pour r\u00e9clamer des enqu\u00eates approfondies sur des soup\u00e7ons de corruption et de d\u00e9tournement de fonds pendant ses mandats \u00e0 la t\u00eate du pays. Ces appels n&#8217;ont pas \u00e9t\u00e9 ignor\u00e9s, et enfin, la justice a d\u00e9cid\u00e9 de mettre en place des proc\u00e9dures pour examiner ces affaires complexes et troublantes.<\/p>\n<p>L&#8217;un des dossiers les plus controvers\u00e9s concerne les travaux r\u00e9alis\u00e9s dans la r\u00e9sidence secondaire de l&#8217;ancien pr\u00e9sident. Des informations ont circul\u00e9 sur d&#8217;importantes d\u00e9penses, effectu\u00e9es aux frais des contribuables mauritaniens. Le peuple mauritanien, d\u00e9j\u00e0 confront\u00e9 \u00e0 des d\u00e9fis \u00e9conomiques, avait du mal \u00e0 comprendre comment de tels investissements extravagants pouvaient \u00eatre justifi\u00e9s. Lors de sa comparution l\u2019ancien Premier ministre Yahya Ould Hademine \u00e0 l\u2019\u00e9poque directeur g\u00e9n\u00e9ral d\u2019ATTM a d\u00e9clar\u00e9 qu\u2019on lui avait attribu\u00e9 le march\u00e9 du pavage de la pr\u00e9sidence et celui de la r\u00e9novation de l\u2019avenue Gamal Abdel Nasser avec la garantie de paiement par la SNIM \u00e0 travers sa Fondation. Ould Hademine affirme qu\u2019il s\u2019\u00e9tait r\u00e9uni avec les ministres des Finances (Ahmed Moulaye Ahmed) et celui de l\u2019Habitat (Ismail Ould Bodde) qui lui ont demand\u00e9 de signer un avenant \u00e0 ce march\u00e9 et que les travaux devront \u00eatre effectu\u00e9s dans une gazra \u00e0 70 km au nord de Nouakchott. Yahya Ould Hademine a dit qu\u2019en tant que DG d\u2019ATTM seul lui importe de trouver des march\u00e9s avec la garantie d\u2019\u00eatre pay\u00e9, il aurait donc r\u00e9pondu aux ministres qu\u2019il avait re\u00e7u des instructions de son pr\u00e9sident du Conseil, l\u2019ADG de la SNIM Taleb Abdi Vall de ne plus effectuer des travaux pour le compte du gouvernement sans une garantie ferme de paiement. Il leur aurait donc dit de s\u2019adresser \u00e0 la SNIM pour lui demander de prendre en charge le co\u00fbt de l\u2019avenant. Quelques semaines apr\u00e8s Ould Hademine sera nomm\u00e9 ministre et c\u2019est son successeur \u00e0 la t\u00eate de ATTM (l\u2019actuel premier ministre Mohamed Bilal) qui signera l\u2019avenant avec les ministres. Pour rappel il s\u2019agit de la construction d\u2019un ch\u00e2teau d\u2019eau, d\u2019une piscine, d\u2019abreuvoirs pour les chameaux et de Pergolas en plus d\u2019une adduction d\u2019eau. Lors de sa comparution devant le tribunal l\u2019ancien pr\u00e9sident avait ni\u00e9 \u00eatre au courant de ces travaux d\u00e9clarant m\u00eame que certes il avait vu le ch\u00e2teau d\u2019eau mais il avait cru que c\u2019\u00e9tait pour l\u2019usage de la garnison militaire qui \u00e9tait l\u00e0 en permanence. Evidemment personne ne peut croire que deux ministres vont d\u00e9cider de leur propre chef des travaux dans une r\u00e9sidence qu\u2019ils n\u2019ont m\u00eame jamais visit\u00e9 ou que les \u00e9l\u00e9ments du BASEP vont laisser une entreprise et\u00a0\u00a0ses employ\u00e9s venir et travailler sans en rendre compte \u00e0 leur hi\u00e9rarchie. Ould Abdel Aziz avait pouss\u00e9 la mauvaise foi jusqu\u2019\u00e0 demander l\u2019ouverture d\u2019une enqu\u00eate pour savoir qui avait ordonn\u00e9 les travaux car selon lui, il s\u2019agit d\u2019une surfacturation manifeste et d\u2019un d\u00e9tournement dont il faut chercher le responsable.<\/p>\n<p>Un autre dossier \u00e9pineux qui a \u00e9t\u00e9 examin\u00e9 est celui du march\u00e9 de lampadaires solaires attribu\u00e9 \u00e0 l&#8217;entreprise chinoise Joysolar. Des all\u00e9gations de favoritisme et de corruption entourant ce contrat ont \u00e9t\u00e9 largement d\u00e9battues, remettant en question la transparence et l&#8217;int\u00e9grit\u00e9 des processus d&#8217;appels d&#8217;offres durant le r\u00e8gne de l&#8217;ancien pr\u00e9sident. Au cours de sa comparution l\u2019ancien Premier Ministre et DG de la SOMELEC \u00e0 l\u2019\u00e9poque des faits Mohamed Salem Ould Bechir a donn\u00e9 sa version des choses. Ould bechir a rappel\u00e9 que la SOMELEC ne s\u2019occupe de l\u2019\u00e9clairage public que par d\u00e9l\u00e9gation. Et le gouvernement lui avait demand\u00e9 de lancer une consultation pour l\u2019\u00e9clairage public des trois axes de sortie de Nouakchott en lampadaires solaires.\u00a0\u00a0\u00a0Contrairement \u00e0 ce qu\u2019avait d\u00e9clar\u00e9 Ould Abdel Aziz ce n\u2019est pas Joysolar mais bien une entreprise espagnole qui avait pr\u00e9sent\u00e9 la meilleure offre technique et la meilleure offre financi\u00e8re. Dans l\u2019attente de l\u2019autorisation du gouvernement pour passer le march\u00e9 Ould Bechir aurait voyag\u00e9 et \u00e0 son retour son conseiller en charge du dossier lui aurait dit qu\u2019en son absence le directeur adjoint (El Merkhi) lui aurait dit de lui remettre le dossier. Depuis il n\u2019en n\u2019a plus jamais entendu parler. Quelques temps apr\u00e8s le ministre lui aurait demand\u00e9 sur instruction de la pr\u00e9sidence d\u2019\u00e9crire \u00e0 Joysolar pour passer le march\u00e9 avec eux et leur payer 30% \u00e0 l\u2019avance. La pr\u00e9sidence serait satisfaite de quelques lampadaires mont\u00e9s au palais pr\u00e9sidentiel. A ce propos le directeur de l\u2019ANADER, l\u2019\u00e9ph\u00e9m\u00e8re agence nationale pour le d\u00e9veloppement de l\u2019\u00e9lectrification rurale a d\u00e9clar\u00e9 devant le juge d\u2019instruction qu\u2019on l\u2019avait fait venir \u00e0 la pr\u00e9sidence o\u00f9 il avait trouv\u00e9 les lampadaires d\u00e9pos\u00e9s\u00a0; et qu\u2019il n\u2019avait aucune id\u00e9e, ni\u00a0\u00a0de leur provenance, ni de qui les a achet\u00e9s. Ould Bechir a poursuivi que il \u00e9tait g\u00ean\u00e9e par l\u2019avance car le code des march\u00e9s ne le permet pas c\u2019est pourquoi le Conseil des Ministre avait modifi\u00e9 cette disposition pour permettre la passation de ce march\u00e9. Il aurait en compagnie du ministre rendu visite au stand de l\u2019entreprise \u00e0 Abou Dhabi ou la soci\u00e9t\u00e9 leur a offert une proposition compl\u00e8te avec l\u2019exigence d\u2019une avance de 30%. Concernant le partenaire national de cette soci\u00e9t\u00e9, Ould Bechir affirme n\u2019en avoir jamais entendu parler sauf apr\u00e8s son d\u00e9part de la somelec\u00a0; Bien entendu c\u2019est finalement Mohamed Ould Abdel Aziz qui est le propri\u00e9taire des biens de cette personne et qui s\u2019est donc donn\u00e9 ce march\u00e9 \u00e0 lui-m\u00eame.<\/p>\n<p>Par ailleurs, la construction d&#8217;un h\u00f4tel cinq \u00e9toiles \u00e0 Nouakchott est un sujet qui a \u00e9galement suscit\u00e9 des interrogations. Des soup\u00e7ons de d\u00e9tournement de fonds et de pots-de-vin ont entour\u00e9 ce projet immobilier, faisant craindre une utilisation abusive des ressources publiques pour des projets personnels. En effet Quand Ould Bechir est venu \u00e0 la SNIM il a dit l\u2019avoir trouv\u00e9 dans une situation financi\u00e8re difficile cons\u00e9cutive \u00e0 la baisse des cours du fer. Et en regardant ses compte il d\u00e9couvert que la SNIM avait d\u00e9j\u00e0 d\u00e9caiss\u00e9 la somme de 14 millions de USD \u00e0 l\u2019entreprise SINOHYDRO pour la construction d\u2019un h\u00f4tel 5 \u00e9toiles. (A titre de comparaison, rappelons que l\u2019immeuble de la SNIM face \u00e0 la BMCI et est constitu\u00e9 de R+15 et construit par l\u2019entreprise espagnol ATERSA avait cout\u00e9 environ 17millions de USD) alors le gros \u0153uvre de l\u2019h\u00f4tel qui n\u2019est que R+6 n\u2019est m\u00eame pas encore achev\u00e9. (Le pr\u00e9sident Mohamed Ould Abdelaziz avait proc\u00e9d\u00e9 \u00e0 la pose de la premi\u00e8re pierre de cet h\u00f4tel lors des activit\u00e9s comm\u00e9moratives du 55\u00e8me anniversaire de l\u2019ind\u00e9pendance nationale. Il \u00e9tait pr\u00e9vu que cet h\u00f4tel soit r\u00e9ceptionn\u00e9 en 2017)<\/p>\n<p>Concernant les avenants pour l\u2019\u00e9quipement du centre d\u2019h\u00e9pato virologie, Ould Bechir s\u2019est demand\u00e9 pourquoi on lui demande des compte \u00e0 propos d\u2019un avenants de 200\u00a0000 USD alors que deux autres avenants l\u2019un de 800\u00a0000USD et l\u2019autre de 1,8 millions USD n\u2019ont pas \u00e9t\u00e9 \u00e9voqu\u00e9 toutefois on n\u2019a pas encore pu identifier le v\u00e9ritable b\u00e9n\u00e9ficiaire de ces avenants.<\/p>\n<p>Face \u00e0 ces accusations s\u00e9rieuses et aux appels persistants pour une justice \u00e9quitable, l&#8217;ancien pr\u00e9sident Ould Abdel Aziz a \u00e9t\u00e9 convoqu\u00e9 devant les tribunaux pour faire face aux accusations port\u00e9es contre lui. Toutefois, lors des premi\u00e8res audiences, il est apparu que les r\u00e9ponses fournies par l&#8217;ancien chef d&#8217;\u00c9tat ne sont pas satisfaisantes car il continue partiellement \u00e0 se r\u00e9fugier derri\u00e8re l\u2019article 93 de la Constitution.<\/p>\n<p>La population mauritanienne suit attentivement ces proc\u00e9dures judiciaires, d\u00e9sireuse de voir la justice faire son travail de mani\u00e8re impartiale et transparente. Ce proc\u00e8s rev\u00eat une importance capitale, car il s&#8217;agit de mettre en lumi\u00e8re des actes potentiellement r\u00e9pr\u00e9hensibles commis par un ancien dirigeant, tout en renfor\u00e7ant l&#8217;\u00c9tat de droit dans le pays.<\/p>\n<p>En fin de compte, le &#8220;Proc\u00e8s de la D\u00e9cennie&#8221; en Mauritanie constitue une \u00e9tape cruciale pour la d\u00e9mocratie et la bonne gouvernance. La tenue de ce proc\u00e8s montre que personne n&#8217;est au-dessus de la loi, m\u00eame les anciens pr\u00e9sidents, et que les questions relatives \u00e0 la transparence et \u00e0 la responsabilit\u00e9 doivent \u00eatre trait\u00e9es avec s\u00e9rieux. La v\u00e9rit\u00e9 doit \u00eatre \u00e9tablie, et la justice doit \u00eatre rendue, afin que le pays puisse aller de l&#8217;avant et restaurer la confiance du peuple dans ses institutions et ses dirigeants.<\/p>\n<div class=\"yj6qo\"><\/div>\n<div class=\"adL\"><\/div>\n<\/div>\n<div class=\"adL\"><\/div>\n","protected":false},"excerpt":{"rendered":"<p>Dans ce qui est d\u00e9sormais qualifi\u00e9 de &#8220;Proc\u00e8s de la D\u00e9cennie&#8221; en Mauritanie, d&#8217;importants dossiers mettant en cause l&#8217;ancien pr\u00e9sident Mohamed Ould Abdel Aziz ont \u00e9t\u00e9 soumis \u00e0 la justice. Ces dossiers comprennent des all\u00e9gations graves de malversations et d&#8217;abus de pouvoir, notamment en lien avec les travaux effectu\u00e9s dans sa r\u00e9sidence secondaire aux frais&#8230;..<\/p>\n","protected":false},"author":4,"featured_media":10226,"comment_status":"open","ping_status":"open","sticky":false,"template":"","format":"standard","meta":{"footnotes":""},"categories":[23,55],"tags":[],"class_list":["post-10225","post","type-post","status-publish","format-standard","has-post-thumbnail","hentry","category-actualite","category-culture"],"yoast_head":"<!-- This site is optimized with the Yoast SEO plugin v27.5 - https:\/\/yoast.com\/product\/yoast-seo-wordpress\/ -->\n<title>Le Proc\u00e8s de la D\u00e9cennie : L&#039;ancien pr\u00e9sident Ould Abdel Aziz face \u00e0 des dossiers s\u00e9rieux sans r\u00e9ponses satisfaisantes - Le Quotidien de Nouakchott<\/title>\n<meta name=\"robots\" content=\"index, follow, max-snippet:-1, max-image-preview:large, max-video-preview:-1\" \/>\n<link rel=\"canonical\" href=\"https:\/\/lequotidien.mr\/?p=10225&lang=fr\" \/>\n<meta property=\"og:locale\" content=\"ar_AR\" \/>\n<meta property=\"og:type\" content=\"article\" \/>\n<meta property=\"og:title\" content=\"Le Proc\u00e8s de la D\u00e9cennie : L&#039;ancien pr\u00e9sident Ould Abdel Aziz face \u00e0 des dossiers s\u00e9rieux sans r\u00e9ponses satisfaisantes - Le Quotidien de Nouakchott\" \/>\n<meta property=\"og:description\" content=\"Dans ce qui est d\u00e9sormais qualifi\u00e9 de &#8220;Proc\u00e8s de la D\u00e9cennie&#8221; en Mauritanie, d&#8217;importants dossiers mettant en cause l&#8217;ancien pr\u00e9sident Mohamed Ould Abdel Aziz ont \u00e9t\u00e9 soumis \u00e0 la justice. Ces dossiers comprennent des all\u00e9gations graves de malversations et d&#8217;abus de pouvoir, notamment en lien avec les travaux effectu\u00e9s dans sa r\u00e9sidence secondaire aux frais.....\" \/>\n<meta property=\"og:url\" content=\"https:\/\/lequotidien.mr\/?p=10225&amp;lang=fr\" \/>\n<meta property=\"og:site_name\" content=\"Le Quotidien de Nouakchott\" \/>\n<meta property=\"article:publisher\" content=\"https:\/\/web.facebook.com\/lequotidienmr\" \/>\n<meta property=\"article:published_time\" content=\"2023-07-22T21:03:56+00:00\" \/>\n<meta property=\"og:image\" content=\"https:\/\/lequotidien.mr\/wp-content\/uploads\/2023\/07\/Sans-titre.jpeg\" \/>\n\t<meta property=\"og:image:width\" content=\"92\" \/>\n\t<meta property=\"og:image:height\" content=\"92\" \/>\n\t<meta property=\"og:image:type\" content=\"image\/jpeg\" \/>\n<meta name=\"author\" content=\"Le Quotidien\" \/>\n<meta name=\"twitter:card\" content=\"summary_large_image\" \/>\n<meta name=\"twitter:creator\" content=\"@lequotidienmr\" \/>\n<meta name=\"twitter:site\" content=\"@lequotidienmr\" \/>\n<meta name=\"twitter:label1\" content=\"\u0643\u064f\u062a\u0628 \u0628\u0648\u0627\u0633\u0637\u0629\" \/>\n\t<meta name=\"twitter:data1\" content=\"Le Quotidien\" \/>\n\t<meta name=\"twitter:label2\" content=\"\u0648\u0642\u062a \u0627\u0644\u0642\u0631\u0627\u0621\u0629 \u0627\u0644\u0645\u064f\u0642\u062f\u0651\u0631\" \/>\n\t<meta name=\"twitter:data2\" content=\"8 \u062f\u0642\u0627\u0626\u0642\" \/>\n<script type=\"application\/ld+json\" class=\"yoast-schema-graph\">{\"@context\":\"https:\\\/\\\/schema.org\",\"@graph\":[{\"@type\":\"Article\",\"@id\":\"https:\\\/\\\/lequotidien.mr\\\/?p=10225&lang=fr#article\",\"isPartOf\":{\"@id\":\"https:\\\/\\\/lequotidien.mr\\\/?p=10225&lang=fr\"},\"author\":{\"name\":\"Le Quotidien\",\"@id\":\"https:\\\/\\\/lequotidien.mr\\\/#\\\/schema\\\/person\\\/f90fcdaa970c60288de4ed2e64a56472\"},\"headline\":\"Le Proc\u00e8s de la D\u00e9cennie : L&#8217;ancien pr\u00e9sident Ould Abdel Aziz face \u00e0 des dossiers s\u00e9rieux sans r\u00e9ponses satisfaisantes\",\"datePublished\":\"2023-07-22T21:03:56+00:00\",\"mainEntityOfPage\":{\"@id\":\"https:\\\/\\\/lequotidien.mr\\\/?p=10225&lang=fr\"},\"wordCount\":1631,\"commentCount\":0,\"publisher\":{\"@id\":\"https:\\\/\\\/lequotidien.mr\\\/#organization\"},\"image\":{\"@id\":\"https:\\\/\\\/lequotidien.mr\\\/?p=10225&lang=fr#primaryimage\"},\"thumbnailUrl\":\"https:\\\/\\\/lequotidien.mr\\\/wp-content\\\/uploads\\\/2023\\\/07\\\/Sans-titre.jpeg\",\"articleSection\":[\"ACTUALIT\u00c9\",\"Culture\"],\"inLanguage\":\"ar\",\"potentialAction\":[{\"@type\":\"CommentAction\",\"name\":\"Comment\",\"target\":[\"https:\\\/\\\/lequotidien.mr\\\/?p=10225&lang=fr#respond\"]}]},{\"@type\":\"WebPage\",\"@id\":\"https:\\\/\\\/lequotidien.mr\\\/?p=10225&lang=fr\",\"url\":\"https:\\\/\\\/lequotidien.mr\\\/?p=10225&lang=fr\",\"name\":\"Le Proc\u00e8s de la D\u00e9cennie : L'ancien pr\u00e9sident Ould Abdel Aziz face \u00e0 des dossiers s\u00e9rieux sans r\u00e9ponses satisfaisantes - Le Quotidien de Nouakchott\",\"isPartOf\":{\"@id\":\"https:\\\/\\\/lequotidien.mr\\\/#website\"},\"primaryImageOfPage\":{\"@id\":\"https:\\\/\\\/lequotidien.mr\\\/?p=10225&lang=fr#primaryimage\"},\"image\":{\"@id\":\"https:\\\/\\\/lequotidien.mr\\\/?p=10225&lang=fr#primaryimage\"},\"thumbnailUrl\":\"https:\\\/\\\/lequotidien.mr\\\/wp-content\\\/uploads\\\/2023\\\/07\\\/Sans-titre.jpeg\",\"datePublished\":\"2023-07-22T21:03:56+00:00\",\"breadcrumb\":{\"@id\":\"https:\\\/\\\/lequotidien.mr\\\/?p=10225&lang=fr#breadcrumb\"},\"inLanguage\":\"ar\",\"potentialAction\":[{\"@type\":\"ReadAction\",\"target\":[\"https:\\\/\\\/lequotidien.mr\\\/?p=10225&lang=fr\"]}]},{\"@type\":\"ImageObject\",\"inLanguage\":\"ar\",\"@id\":\"https:\\\/\\\/lequotidien.mr\\\/?p=10225&lang=fr#primaryimage\",\"url\":\"https:\\\/\\\/lequotidien.mr\\\/wp-content\\\/uploads\\\/2023\\\/07\\\/Sans-titre.jpeg\",\"contentUrl\":\"https:\\\/\\\/lequotidien.mr\\\/wp-content\\\/uploads\\\/2023\\\/07\\\/Sans-titre.jpeg\",\"width\":92,\"height\":92},{\"@type\":\"BreadcrumbList\",\"@id\":\"https:\\\/\\\/lequotidien.mr\\\/?p=10225&lang=fr#breadcrumb\",\"itemListElement\":[{\"@type\":\"ListItem\",\"position\":1,\"name\":\"Home\",\"item\":\"https:\\\/\\\/lequotidien.mr\\\/\"},{\"@type\":\"ListItem\",\"position\":2,\"name\":\"Le Proc\u00e8s de la D\u00e9cennie : L&rsquo;ancien pr\u00e9sident Ould Abdel Aziz face \u00e0 des dossiers s\u00e9rieux sans r\u00e9ponses satisfaisantes\"}]},{\"@type\":\"WebSite\",\"@id\":\"https:\\\/\\\/lequotidien.mr\\\/#website\",\"url\":\"https:\\\/\\\/lequotidien.mr\\\/\",\"name\":\"Le Quotidien de Nouakchott\",\"description\":\"\u0625\u062e\u0628\u0627\u0631\u064a\u0629 \u0645\u0633\u062a\u0642\u0644\u0629 \u0644\u0644\u0623\u0646\u0628\u0627\u0621 \u0627\u0644\u0639\u0627\u0645\u0629\",\"publisher\":{\"@id\":\"https:\\\/\\\/lequotidien.mr\\\/#organization\"},\"potentialAction\":[{\"@type\":\"SearchAction\",\"target\":{\"@type\":\"EntryPoint\",\"urlTemplate\":\"https:\\\/\\\/lequotidien.mr\\\/?s={search_term_string}\"},\"query-input\":{\"@type\":\"PropertyValueSpecification\",\"valueRequired\":true,\"valueName\":\"search_term_string\"}}],\"inLanguage\":\"ar\"},{\"@type\":\"Organization\",\"@id\":\"https:\\\/\\\/lequotidien.mr\\\/#organization\",\"name\":\"Le Quotidien de Nouakchott\",\"url\":\"https:\\\/\\\/lequotidien.mr\\\/\",\"logo\":{\"@type\":\"ImageObject\",\"inLanguage\":\"ar\",\"@id\":\"https:\\\/\\\/lequotidien.mr\\\/#\\\/schema\\\/logo\\\/image\\\/\",\"url\":\"https:\\\/\\\/lequotidien.mr\\\/wp-content\\\/uploads\\\/2022\\\/11\\\/logolequotidien.jpg\",\"contentUrl\":\"https:\\\/\\\/lequotidien.mr\\\/wp-content\\\/uploads\\\/2022\\\/11\\\/logolequotidien.jpg\",\"width\":290,\"height\":65,\"caption\":\"Le Quotidien de Nouakchott\"},\"image\":{\"@id\":\"https:\\\/\\\/lequotidien.mr\\\/#\\\/schema\\\/logo\\\/image\\\/\"},\"sameAs\":[\"https:\\\/\\\/web.facebook.com\\\/lequotidienmr\",\"https:\\\/\\\/x.com\\\/lequotidienmr\"]},{\"@type\":\"Person\",\"@id\":\"https:\\\/\\\/lequotidien.mr\\\/#\\\/schema\\\/person\\\/f90fcdaa970c60288de4ed2e64a56472\",\"name\":\"Le Quotidien\",\"image\":{\"@type\":\"ImageObject\",\"inLanguage\":\"ar\",\"@id\":\"https:\\\/\\\/secure.gravatar.com\\\/avatar\\\/374cb39a1a458a912465a93e5a3ce6546886fc3da809a1f10c63e4e8fcbca30f?s=96&d=mm&r=g\",\"url\":\"https:\\\/\\\/secure.gravatar.com\\\/avatar\\\/374cb39a1a458a912465a93e5a3ce6546886fc3da809a1f10c63e4e8fcbca30f?s=96&d=mm&r=g\",\"contentUrl\":\"https:\\\/\\\/secure.gravatar.com\\\/avatar\\\/374cb39a1a458a912465a93e5a3ce6546886fc3da809a1f10c63e4e8fcbca30f?s=96&d=mm&r=g\",\"caption\":\"Le Quotidien\"},\"sameAs\":[\"https:\\\/\\\/lequotidien.mr\\\/\"],\"url\":\"https:\\\/\\\/lequotidien.mr\\\/?author=4\"}]}<\/script>\n<!-- \/ Yoast SEO plugin. -->","yoast_head_json":{"title":"Le Proc\u00e8s de la D\u00e9cennie : L'ancien pr\u00e9sident Ould Abdel Aziz face \u00e0 des dossiers s\u00e9rieux sans r\u00e9ponses satisfaisantes - Le Quotidien de Nouakchott","robots":{"index":"index","follow":"follow","max-snippet":"max-snippet:-1","max-image-preview":"max-image-preview:large","max-video-preview":"max-video-preview:-1"},"canonical":"https:\/\/lequotidien.mr\/?p=10225&lang=fr","og_locale":"ar_AR","og_type":"article","og_title":"Le Proc\u00e8s de la D\u00e9cennie : L'ancien pr\u00e9sident Ould Abdel Aziz face \u00e0 des dossiers s\u00e9rieux sans r\u00e9ponses satisfaisantes - Le Quotidien de Nouakchott","og_description":"Dans ce qui est d\u00e9sormais qualifi\u00e9 de &#8220;Proc\u00e8s de la D\u00e9cennie&#8221; en Mauritanie, d&#8217;importants dossiers mettant en cause l&#8217;ancien pr\u00e9sident Mohamed Ould Abdel Aziz ont \u00e9t\u00e9 soumis \u00e0 la justice. Ces dossiers comprennent des all\u00e9gations graves de malversations et d&#8217;abus de pouvoir, notamment en lien avec les travaux effectu\u00e9s dans sa r\u00e9sidence secondaire aux frais.....","og_url":"https:\/\/lequotidien.mr\/?p=10225&lang=fr","og_site_name":"Le Quotidien de Nouakchott","article_publisher":"https:\/\/web.facebook.com\/lequotidienmr","article_published_time":"2023-07-22T21:03:56+00:00","og_image":[{"width":92,"height":92,"url":"https:\/\/lequotidien.mr\/wp-content\/uploads\/2023\/07\/Sans-titre.jpeg","type":"image\/jpeg"}],"author":"Le Quotidien","twitter_card":"summary_large_image","twitter_creator":"@lequotidienmr","twitter_site":"@lequotidienmr","twitter_misc":{"\u0643\u064f\u062a\u0628 \u0628\u0648\u0627\u0633\u0637\u0629":"Le Quotidien","\u0648\u0642\u062a \u0627\u0644\u0642\u0631\u0627\u0621\u0629 \u0627\u0644\u0645\u064f\u0642\u062f\u0651\u0631":"8 \u062f\u0642\u0627\u0626\u0642"},"schema":{"@context":"https:\/\/schema.org","@graph":[{"@type":"Article","@id":"https:\/\/lequotidien.mr\/?p=10225&lang=fr#article","isPartOf":{"@id":"https:\/\/lequotidien.mr\/?p=10225&lang=fr"},"author":{"name":"Le Quotidien","@id":"https:\/\/lequotidien.mr\/#\/schema\/person\/f90fcdaa970c60288de4ed2e64a56472"},"headline":"Le Proc\u00e8s de la D\u00e9cennie : L&#8217;ancien pr\u00e9sident Ould Abdel Aziz face \u00e0 des dossiers s\u00e9rieux sans r\u00e9ponses satisfaisantes","datePublished":"2023-07-22T21:03:56+00:00","mainEntityOfPage":{"@id":"https:\/\/lequotidien.mr\/?p=10225&lang=fr"},"wordCount":1631,"commentCount":0,"publisher":{"@id":"https:\/\/lequotidien.mr\/#organization"},"image":{"@id":"https:\/\/lequotidien.mr\/?p=10225&lang=fr#primaryimage"},"thumbnailUrl":"https:\/\/lequotidien.mr\/wp-content\/uploads\/2023\/07\/Sans-titre.jpeg","articleSection":["ACTUALIT\u00c9","Culture"],"inLanguage":"ar","potentialAction":[{"@type":"CommentAction","name":"Comment","target":["https:\/\/lequotidien.mr\/?p=10225&lang=fr#respond"]}]},{"@type":"WebPage","@id":"https:\/\/lequotidien.mr\/?p=10225&lang=fr","url":"https:\/\/lequotidien.mr\/?p=10225&lang=fr","name":"Le Proc\u00e8s de la D\u00e9cennie : L'ancien pr\u00e9sident Ould Abdel Aziz face \u00e0 des dossiers s\u00e9rieux sans r\u00e9ponses satisfaisantes - Le Quotidien de Nouakchott","isPartOf":{"@id":"https:\/\/lequotidien.mr\/#website"},"primaryImageOfPage":{"@id":"https:\/\/lequotidien.mr\/?p=10225&lang=fr#primaryimage"},"image":{"@id":"https:\/\/lequotidien.mr\/?p=10225&lang=fr#primaryimage"},"thumbnailUrl":"https:\/\/lequotidien.mr\/wp-content\/uploads\/2023\/07\/Sans-titre.jpeg","datePublished":"2023-07-22T21:03:56+00:00","breadcrumb":{"@id":"https:\/\/lequotidien.mr\/?p=10225&lang=fr#breadcrumb"},"inLanguage":"ar","potentialAction":[{"@type":"ReadAction","target":["https:\/\/lequotidien.mr\/?p=10225&lang=fr"]}]},{"@type":"ImageObject","inLanguage":"ar","@id":"https:\/\/lequotidien.mr\/?p=10225&lang=fr#primaryimage","url":"https:\/\/lequotidien.mr\/wp-content\/uploads\/2023\/07\/Sans-titre.jpeg","contentUrl":"https:\/\/lequotidien.mr\/wp-content\/uploads\/2023\/07\/Sans-titre.jpeg","width":92,"height":92},{"@type":"BreadcrumbList","@id":"https:\/\/lequotidien.mr\/?p=10225&lang=fr#breadcrumb","itemListElement":[{"@type":"ListItem","position":1,"name":"Home","item":"https:\/\/lequotidien.mr\/"},{"@type":"ListItem","position":2,"name":"Le Proc\u00e8s de la D\u00e9cennie : L&rsquo;ancien pr\u00e9sident Ould Abdel Aziz face \u00e0 des dossiers s\u00e9rieux sans r\u00e9ponses satisfaisantes"}]},{"@type":"WebSite","@id":"https:\/\/lequotidien.mr\/#website","url":"https:\/\/lequotidien.mr\/","name":"Le Quotidien de Nouakchott","description":"\u0625\u062e\u0628\u0627\u0631\u064a\u0629 \u0645\u0633\u062a\u0642\u0644\u0629 \u0644\u0644\u0623\u0646\u0628\u0627\u0621 \u0627\u0644\u0639\u0627\u0645\u0629","publisher":{"@id":"https:\/\/lequotidien.mr\/#organization"},"potentialAction":[{"@type":"SearchAction","target":{"@type":"EntryPoint","urlTemplate":"https:\/\/lequotidien.mr\/?s={search_term_string}"},"query-input":{"@type":"PropertyValueSpecification","valueRequired":true,"valueName":"search_term_string"}}],"inLanguage":"ar"},{"@type":"Organization","@id":"https:\/\/lequotidien.mr\/#organization","name":"Le Quotidien de Nouakchott","url":"https:\/\/lequotidien.mr\/","logo":{"@type":"ImageObject","inLanguage":"ar","@id":"https:\/\/lequotidien.mr\/#\/schema\/logo\/image\/","url":"https:\/\/lequotidien.mr\/wp-content\/uploads\/2022\/11\/logolequotidien.jpg","contentUrl":"https:\/\/lequotidien.mr\/wp-content\/uploads\/2022\/11\/logolequotidien.jpg","width":290,"height":65,"caption":"Le Quotidien de Nouakchott"},"image":{"@id":"https:\/\/lequotidien.mr\/#\/schema\/logo\/image\/"},"sameAs":["https:\/\/web.facebook.com\/lequotidienmr","https:\/\/x.com\/lequotidienmr"]},{"@type":"Person","@id":"https:\/\/lequotidien.mr\/#\/schema\/person\/f90fcdaa970c60288de4ed2e64a56472","name":"Le Quotidien","image":{"@type":"ImageObject","inLanguage":"ar","@id":"https:\/\/secure.gravatar.com\/avatar\/374cb39a1a458a912465a93e5a3ce6546886fc3da809a1f10c63e4e8fcbca30f?s=96&d=mm&r=g","url":"https:\/\/secure.gravatar.com\/avatar\/374cb39a1a458a912465a93e5a3ce6546886fc3da809a1f10c63e4e8fcbca30f?s=96&d=mm&r=g","contentUrl":"https:\/\/secure.gravatar.com\/avatar\/374cb39a1a458a912465a93e5a3ce6546886fc3da809a1f10c63e4e8fcbca30f?s=96&d=mm&r=g","caption":"Le Quotidien"},"sameAs":["https:\/\/lequotidien.mr\/"],"url":"https:\/\/lequotidien.mr\/?author=4"}]}},"_links":{"self":[{"href":"https:\/\/lequotidien.mr\/index.php?rest_route=\/wp\/v2\/posts\/10225","targetHints":{"allow":["GET"]}}],"collection":[{"href":"https:\/\/lequotidien.mr\/index.php?rest_route=\/wp\/v2\/posts"}],"about":[{"href":"https:\/\/lequotidien.mr\/index.php?rest_route=\/wp\/v2\/types\/post"}],"author":[{"embeddable":true,"href":"https:\/\/lequotidien.mr\/index.php?rest_route=\/wp\/v2\/users\/4"}],"replies":[{"embeddable":true,"href":"https:\/\/lequotidien.mr\/index.php?rest_route=%2Fwp%2Fv2%2Fcomments&post=10225"}],"version-history":[{"count":1,"href":"https:\/\/lequotidien.mr\/index.php?rest_route=\/wp\/v2\/posts\/10225\/revisions"}],"predecessor-version":[{"id":10227,"href":"https:\/\/lequotidien.mr\/index.php?rest_route=\/wp\/v2\/posts\/10225\/revisions\/10227"}],"wp:featuredmedia":[{"embeddable":true,"href":"https:\/\/lequotidien.mr\/index.php?rest_route=\/wp\/v2\/media\/10226"}],"wp:attachment":[{"href":"https:\/\/lequotidien.mr\/index.php?rest_route=%2Fwp%2Fv2%2Fmedia&parent=10225"}],"wp:term":[{"taxonomy":"category","embeddable":true,"href":"https:\/\/lequotidien.mr\/index.php?rest_route=%2Fwp%2Fv2%2Fcategories&post=10225"},{"taxonomy":"post_tag","embeddable":true,"href":"https:\/\/lequotidien.mr\/index.php?rest_route=%2Fwp%2Fv2%2Ftags&post=10225"}],"curies":[{"name":"wp","href":"https:\/\/api.w.org\/{rel}","templated":true}]}}