{"id":10105,"date":"2023-07-18T14:23:58","date_gmt":"2023-07-18T14:23:58","guid":{"rendered":"https:\/\/lequotidien.mr\/?p=10105"},"modified":"2023-07-18T14:23:58","modified_gmt":"2023-07-18T14:23:58","slug":"hommage-a-fatimata-aouta-ndiaye-la-fierte-de-sa-famille","status":"publish","type":"post","link":"https:\/\/lequotidien.mr\/?p=10105&lang=fr","title":{"rendered":"Hommage \u00e0 Fatimata AOUTA N\u2019DIAYE : La Fiert\u00e9 de sa famille!"},"content":{"rendered":"<p>L\u2019amie de son p\u00e8re, le c\u0153ur de sa m\u00e8re, la jumelle de son fr\u00e8re ain\u00e9, la conseill\u00e8re de sa famille, la bien aim\u00e9e de toutes ses amies et appr\u00e9ci\u00e9e de toutes ses connaissances.<\/p>\n<p>Tu nous as quitt\u00e9s tr\u00e8s t\u00f4t et brusquement, le moment o\u00f9 on s\u2019y attendait le moins.<\/p>\n<p>Alhamdou LILLAAHI, nous acceptons la volont\u00e9 de DIEU\u00a0(SWT). Tu as laiss\u00e9 tes empreintes partout.<\/p>\n<p>Tu \u00e9tais tout pour nous et resteras \u00e0 jamais grav\u00e9e dans nos c\u0153urs et ne quitteras jamais nos pens\u00e9es.<\/p>\n<p>Tu n\u2019\u00e9tais pas seulement qu\u2019une s\u0153ur\u00a0; tu \u00e9tais la m\u00e8re de mes enfants, une amie, une confidente, une conseill\u00e8re et tu nous guidais dans tous les domaines de la vie.<\/p>\n<p>Tu \u00e9tais sinc\u00e8re et savais dire la v\u00e9rit\u00e9 \u00e0 quiconque et quand il le fallait. Tu \u00e9tais un mod\u00e8le \u00e0 suivre.<\/p>\n<p>Sache que nous t\u2019avons aim\u00e9e de tous nos c\u0153urs et continuerons de t\u2019aimer.<\/p>\n<p>Que Jannatil FIRDAWS soit ta demeure \u00e9ternelle\u00a0!<\/p>\n<p>Le 17 Juillet 2022, restera pour nous, une date inoubliable\u00a0!<\/p>\n<p>Ta bien aim\u00e9e s\u0153ur Hawa Youssouf AOUTA NDIAYE<\/p>\n<p>&nbsp;<\/p>\n","protected":false},"excerpt":{"rendered":"<p>L\u2019amie de son p\u00e8re, le c\u0153ur de sa m\u00e8re, la jumelle de son fr\u00e8re ain\u00e9, la conseill\u00e8re de sa famille, la bien aim\u00e9e de toutes ses amies et appr\u00e9ci\u00e9e de toutes ses connaissances. Tu nous as quitt\u00e9s tr\u00e8s t\u00f4t et brusquement, le moment o\u00f9 on s\u2019y attendait le moins. Alhamdou LILLAAHI, nous acceptons la volont\u00e9&#8230;..<\/p>\n","protected":false},"author":7,"featured_media":10106,"comment_status":"open","ping_status":"open","sticky":false,"template":"","format":"standard","meta":{"footnotes":""},"categories":[53],"tags":[],"class_list":["post-10105","post","type-post","status-publish","format-standard","has-post-thumbnail","hentry","category-faits-divers"],"yoast_head":"<!-- This site is optimized with the Yoast SEO plugin v27.5 - https:\/\/yoast.com\/product\/yoast-seo-wordpress\/ -->\n<title>Hommage \u00e0 Fatimata AOUTA N\u2019DIAYE : La Fiert\u00e9 de sa famille! - Le Quotidien de Nouakchott<\/title>\n<meta name=\"robots\" content=\"index, follow, max-snippet:-1, max-image-preview:large, max-video-preview:-1\" \/>\n<link rel=\"canonical\" href=\"https:\/\/lequotidien.mr\/?p=10105&lang=fr\" \/>\n<meta property=\"og:locale\" content=\"ar_AR\" \/>\n<meta property=\"og:type\" content=\"article\" \/>\n<meta property=\"og:title\" content=\"Hommage \u00e0 Fatimata AOUTA N\u2019DIAYE : La Fiert\u00e9 de sa famille! - Le Quotidien de Nouakchott\" \/>\n<meta property=\"og:description\" content=\"L\u2019amie de son p\u00e8re, le c\u0153ur de sa m\u00e8re, la jumelle de son fr\u00e8re ain\u00e9, la conseill\u00e8re de sa famille, la bien aim\u00e9e de toutes ses amies et appr\u00e9ci\u00e9e de toutes ses connaissances. Tu nous as quitt\u00e9s tr\u00e8s t\u00f4t et brusquement, le moment o\u00f9 on s\u2019y attendait le moins. Alhamdou LILLAAHI, nous acceptons la volont\u00e9.....\" \/>\n<meta property=\"og:url\" content=\"https:\/\/lequotidien.mr\/?p=10105&amp;lang=fr\" \/>\n<meta property=\"og:site_name\" content=\"Le Quotidien de Nouakchott\" \/>\n<meta property=\"article:publisher\" content=\"https:\/\/web.facebook.com\/lequotidienmr\" \/>\n<meta property=\"article:published_time\" content=\"2023-07-18T14:23:58+00:00\" \/>\n<meta property=\"og:image\" content=\"https:\/\/lequotidien.mr\/wp-content\/uploads\/2023\/07\/Photo.jpg\" \/>\n\t<meta property=\"og:image:width\" content=\"708\" \/>\n\t<meta property=\"og:image:height\" content=\"708\" \/>\n\t<meta property=\"og:image:type\" content=\"image\/jpeg\" \/>\n<meta name=\"author\" content=\"Hachim El Yemani\" \/>\n<meta name=\"twitter:card\" content=\"summary_large_image\" \/>\n<meta name=\"twitter:creator\" content=\"@lequotidienmr\" \/>\n<meta name=\"twitter:site\" content=\"@lequotidienmr\" \/>\n<meta name=\"twitter:label1\" content=\"\u0643\u064f\u062a\u0628 \u0628\u0648\u0627\u0633\u0637\u0629\" \/>\n\t<meta name=\"twitter:data1\" content=\"Hachim El Yemani\" \/>\n\t<meta name=\"twitter:label2\" content=\"\u0648\u0642\u062a \u0627\u0644\u0642\u0631\u0627\u0621\u0629 \u0627\u0644\u0645\u064f\u0642\u062f\u0651\u0631\" \/>\n\t<meta name=\"twitter:data2\" content=\"\u062f\u0642\u064a\u0642\u0629 \u0648\u0627\u062d\u062f\u0629\" \/>\n<script type=\"application\/ld+json\" class=\"yoast-schema-graph\">{\"@context\":\"https:\\\/\\\/schema.org\",\"@graph\":[{\"@type\":\"Article\",\"@id\":\"https:\\\/\\\/lequotidien.mr\\\/?p=10105&lang=fr#article\",\"isPartOf\":{\"@id\":\"https:\\\/\\\/lequotidien.mr\\\/?p=10105&lang=fr\"},\"author\":{\"name\":\"Hachim El Yemani\",\"@id\":\"https:\\\/\\\/lequotidien.mr\\\/#\\\/schema\\\/person\\\/084fc8a65780dd82fc2dc1b6606ccd93\"},\"headline\":\"Hommage \u00e0 Fatimata AOUTA N\u2019DIAYE : La Fiert\u00e9 de sa famille!\",\"datePublished\":\"2023-07-18T14:23:58+00:00\",\"mainEntityOfPage\":{\"@id\":\"https:\\\/\\\/lequotidien.mr\\\/?p=10105&lang=fr\"},\"wordCount\":208,\"commentCount\":0,\"publisher\":{\"@id\":\"https:\\\/\\\/lequotidien.mr\\\/#organization\"},\"image\":{\"@id\":\"https:\\\/\\\/lequotidien.mr\\\/?p=10105&lang=fr#primaryimage\"},\"thumbnailUrl\":\"https:\\\/\\\/lequotidien.mr\\\/wp-content\\\/uploads\\\/2023\\\/07\\\/Photo.jpg\",\"articleSection\":[\"FAITS DIVERS\"],\"inLanguage\":\"ar\",\"potentialAction\":[{\"@type\":\"CommentAction\",\"name\":\"Comment\",\"target\":[\"https:\\\/\\\/lequotidien.mr\\\/?p=10105&lang=fr#respond\"]}]},{\"@type\":\"WebPage\",\"@id\":\"https:\\\/\\\/lequotidien.mr\\\/?p=10105&lang=fr\",\"url\":\"https:\\\/\\\/lequotidien.mr\\\/?p=10105&lang=fr\",\"name\":\"Hommage \u00e0 Fatimata AOUTA N\u2019DIAYE : La Fiert\u00e9 de sa famille! - Le Quotidien de Nouakchott\",\"isPartOf\":{\"@id\":\"https:\\\/\\\/lequotidien.mr\\\/#website\"},\"primaryImageOfPage\":{\"@id\":\"https:\\\/\\\/lequotidien.mr\\\/?p=10105&lang=fr#primaryimage\"},\"image\":{\"@id\":\"https:\\\/\\\/lequotidien.mr\\\/?p=10105&lang=fr#primaryimage\"},\"thumbnailUrl\":\"https:\\\/\\\/lequotidien.mr\\\/wp-content\\\/uploads\\\/2023\\\/07\\\/Photo.jpg\",\"datePublished\":\"2023-07-18T14:23:58+00:00\",\"breadcrumb\":{\"@id\":\"https:\\\/\\\/lequotidien.mr\\\/?p=10105&lang=fr#breadcrumb\"},\"inLanguage\":\"ar\",\"potentialAction\":[{\"@type\":\"ReadAction\",\"target\":[\"https:\\\/\\\/lequotidien.mr\\\/?p=10105&lang=fr\"]}]},{\"@type\":\"ImageObject\",\"inLanguage\":\"ar\",\"@id\":\"https:\\\/\\\/lequotidien.mr\\\/?p=10105&lang=fr#primaryimage\",\"url\":\"https:\\\/\\\/lequotidien.mr\\\/wp-content\\\/uploads\\\/2023\\\/07\\\/Photo.jpg\",\"contentUrl\":\"https:\\\/\\\/lequotidien.mr\\\/wp-content\\\/uploads\\\/2023\\\/07\\\/Photo.jpg\",\"width\":708,\"height\":708},{\"@type\":\"BreadcrumbList\",\"@id\":\"https:\\\/\\\/lequotidien.mr\\\/?p=10105&lang=fr#breadcrumb\",\"itemListElement\":[{\"@type\":\"ListItem\",\"position\":1,\"name\":\"Home\",\"item\":\"https:\\\/\\\/lequotidien.mr\\\/\"},{\"@type\":\"ListItem\",\"position\":2,\"name\":\"Hommage \u00e0 Fatimata AOUTA N\u2019DIAYE : La Fiert\u00e9 de sa famille!\"}]},{\"@type\":\"WebSite\",\"@id\":\"https:\\\/\\\/lequotidien.mr\\\/#website\",\"url\":\"https:\\\/\\\/lequotidien.mr\\\/\",\"name\":\"Le Quotidien de Nouakchott\",\"description\":\"\u0625\u062e\u0628\u0627\u0631\u064a\u0629 \u0645\u0633\u062a\u0642\u0644\u0629 \u0644\u0644\u0623\u0646\u0628\u0627\u0621 \u0627\u0644\u0639\u0627\u0645\u0629\",\"publisher\":{\"@id\":\"https:\\\/\\\/lequotidien.mr\\\/#organization\"},\"potentialAction\":[{\"@type\":\"SearchAction\",\"target\":{\"@type\":\"EntryPoint\",\"urlTemplate\":\"https:\\\/\\\/lequotidien.mr\\\/?s={search_term_string}\"},\"query-input\":{\"@type\":\"PropertyValueSpecification\",\"valueRequired\":true,\"valueName\":\"search_term_string\"}}],\"inLanguage\":\"ar\"},{\"@type\":\"Organization\",\"@id\":\"https:\\\/\\\/lequotidien.mr\\\/#organization\",\"name\":\"Le Quotidien de Nouakchott\",\"url\":\"https:\\\/\\\/lequotidien.mr\\\/\",\"logo\":{\"@type\":\"ImageObject\",\"inLanguage\":\"ar\",\"@id\":\"https:\\\/\\\/lequotidien.mr\\\/#\\\/schema\\\/logo\\\/image\\\/\",\"url\":\"https:\\\/\\\/lequotidien.mr\\\/wp-content\\\/uploads\\\/2022\\\/11\\\/logolequotidien.jpg\",\"contentUrl\":\"https:\\\/\\\/lequotidien.mr\\\/wp-content\\\/uploads\\\/2022\\\/11\\\/logolequotidien.jpg\",\"width\":290,\"height\":65,\"caption\":\"Le Quotidien de Nouakchott\"},\"image\":{\"@id\":\"https:\\\/\\\/lequotidien.mr\\\/#\\\/schema\\\/logo\\\/image\\\/\"},\"sameAs\":[\"https:\\\/\\\/web.facebook.com\\\/lequotidienmr\",\"https:\\\/\\\/x.com\\\/lequotidienmr\"]},{\"@type\":\"Person\",\"@id\":\"https:\\\/\\\/lequotidien.mr\\\/#\\\/schema\\\/person\\\/084fc8a65780dd82fc2dc1b6606ccd93\",\"name\":\"Hachim El Yemani\",\"image\":{\"@type\":\"ImageObject\",\"inLanguage\":\"ar\",\"@id\":\"https:\\\/\\\/secure.gravatar.com\\\/avatar\\\/d26186aaa5bf4c9f95183e2f6e441600872253143ebb24ebf40607e5f0b7ced0?s=96&d=mm&r=g\",\"url\":\"https:\\\/\\\/secure.gravatar.com\\\/avatar\\\/d26186aaa5bf4c9f95183e2f6e441600872253143ebb24ebf40607e5f0b7ced0?s=96&d=mm&r=g\",\"contentUrl\":\"https:\\\/\\\/secure.gravatar.com\\\/avatar\\\/d26186aaa5bf4c9f95183e2f6e441600872253143ebb24ebf40607e5f0b7ced0?s=96&d=mm&r=g\",\"caption\":\"Hachim El Yemani\"},\"sameAs\":[\"https:\\\/\\\/lequotidien.mr\\\/\"],\"url\":\"https:\\\/\\\/lequotidien.mr\\\/?author=7\"}]}<\/script>\n<!-- \/ Yoast SEO plugin. -->","yoast_head_json":{"title":"Hommage \u00e0 Fatimata AOUTA N\u2019DIAYE : La Fiert\u00e9 de sa famille! - Le Quotidien de Nouakchott","robots":{"index":"index","follow":"follow","max-snippet":"max-snippet:-1","max-image-preview":"max-image-preview:large","max-video-preview":"max-video-preview:-1"},"canonical":"https:\/\/lequotidien.mr\/?p=10105&lang=fr","og_locale":"ar_AR","og_type":"article","og_title":"Hommage \u00e0 Fatimata AOUTA N\u2019DIAYE : La Fiert\u00e9 de sa famille! - Le Quotidien de Nouakchott","og_description":"L\u2019amie de son p\u00e8re, le c\u0153ur de sa m\u00e8re, la jumelle de son fr\u00e8re ain\u00e9, la conseill\u00e8re de sa famille, la bien aim\u00e9e de toutes ses amies et appr\u00e9ci\u00e9e de toutes ses connaissances. Tu nous as quitt\u00e9s tr\u00e8s t\u00f4t et brusquement, le moment o\u00f9 on s\u2019y attendait le moins. Alhamdou LILLAAHI, nous acceptons la volont\u00e9.....","og_url":"https:\/\/lequotidien.mr\/?p=10105&lang=fr","og_site_name":"Le Quotidien de Nouakchott","article_publisher":"https:\/\/web.facebook.com\/lequotidienmr","article_published_time":"2023-07-18T14:23:58+00:00","og_image":[{"width":708,"height":708,"url":"https:\/\/lequotidien.mr\/wp-content\/uploads\/2023\/07\/Photo.jpg","type":"image\/jpeg"}],"author":"Hachim El Yemani","twitter_card":"summary_large_image","twitter_creator":"@lequotidienmr","twitter_site":"@lequotidienmr","twitter_misc":{"\u0643\u064f\u062a\u0628 \u0628\u0648\u0627\u0633\u0637\u0629":"Hachim El Yemani","\u0648\u0642\u062a \u0627\u0644\u0642\u0631\u0627\u0621\u0629 \u0627\u0644\u0645\u064f\u0642\u062f\u0651\u0631":"\u062f\u0642\u064a\u0642\u0629 \u0648\u0627\u062d\u062f\u0629"},"schema":{"@context":"https:\/\/schema.org","@graph":[{"@type":"Article","@id":"https:\/\/lequotidien.mr\/?p=10105&lang=fr#article","isPartOf":{"@id":"https:\/\/lequotidien.mr\/?p=10105&lang=fr"},"author":{"name":"Hachim El Yemani","@id":"https:\/\/lequotidien.mr\/#\/schema\/person\/084fc8a65780dd82fc2dc1b6606ccd93"},"headline":"Hommage \u00e0 Fatimata AOUTA N\u2019DIAYE : La Fiert\u00e9 de sa famille!","datePublished":"2023-07-18T14:23:58+00:00","mainEntityOfPage":{"@id":"https:\/\/lequotidien.mr\/?p=10105&lang=fr"},"wordCount":208,"commentCount":0,"publisher":{"@id":"https:\/\/lequotidien.mr\/#organization"},"image":{"@id":"https:\/\/lequotidien.mr\/?p=10105&lang=fr#primaryimage"},"thumbnailUrl":"https:\/\/lequotidien.mr\/wp-content\/uploads\/2023\/07\/Photo.jpg","articleSection":["FAITS DIVERS"],"inLanguage":"ar","potentialAction":[{"@type":"CommentAction","name":"Comment","target":["https:\/\/lequotidien.mr\/?p=10105&lang=fr#respond"]}]},{"@type":"WebPage","@id":"https:\/\/lequotidien.mr\/?p=10105&lang=fr","url":"https:\/\/lequotidien.mr\/?p=10105&lang=fr","name":"Hommage \u00e0 Fatimata AOUTA N\u2019DIAYE : La Fiert\u00e9 de sa famille! - Le Quotidien de Nouakchott","isPartOf":{"@id":"https:\/\/lequotidien.mr\/#website"},"primaryImageOfPage":{"@id":"https:\/\/lequotidien.mr\/?p=10105&lang=fr#primaryimage"},"image":{"@id":"https:\/\/lequotidien.mr\/?p=10105&lang=fr#primaryimage"},"thumbnailUrl":"https:\/\/lequotidien.mr\/wp-content\/uploads\/2023\/07\/Photo.jpg","datePublished":"2023-07-18T14:23:58+00:00","breadcrumb":{"@id":"https:\/\/lequotidien.mr\/?p=10105&lang=fr#breadcrumb"},"inLanguage":"ar","potentialAction":[{"@type":"ReadAction","target":["https:\/\/lequotidien.mr\/?p=10105&lang=fr"]}]},{"@type":"ImageObject","inLanguage":"ar","@id":"https:\/\/lequotidien.mr\/?p=10105&lang=fr#primaryimage","url":"https:\/\/lequotidien.mr\/wp-content\/uploads\/2023\/07\/Photo.jpg","contentUrl":"https:\/\/lequotidien.mr\/wp-content\/uploads\/2023\/07\/Photo.jpg","width":708,"height":708},{"@type":"BreadcrumbList","@id":"https:\/\/lequotidien.mr\/?p=10105&lang=fr#breadcrumb","itemListElement":[{"@type":"ListItem","position":1,"name":"Home","item":"https:\/\/lequotidien.mr\/"},{"@type":"ListItem","position":2,"name":"Hommage \u00e0 Fatimata AOUTA N\u2019DIAYE : La Fiert\u00e9 de sa famille!"}]},{"@type":"WebSite","@id":"https:\/\/lequotidien.mr\/#website","url":"https:\/\/lequotidien.mr\/","name":"Le Quotidien de Nouakchott","description":"\u0625\u062e\u0628\u0627\u0631\u064a\u0629 \u0645\u0633\u062a\u0642\u0644\u0629 \u0644\u0644\u0623\u0646\u0628\u0627\u0621 \u0627\u0644\u0639\u0627\u0645\u0629","publisher":{"@id":"https:\/\/lequotidien.mr\/#organization"},"potentialAction":[{"@type":"SearchAction","target":{"@type":"EntryPoint","urlTemplate":"https:\/\/lequotidien.mr\/?s={search_term_string}"},"query-input":{"@type":"PropertyValueSpecification","valueRequired":true,"valueName":"search_term_string"}}],"inLanguage":"ar"},{"@type":"Organization","@id":"https:\/\/lequotidien.mr\/#organization","name":"Le Quotidien de Nouakchott","url":"https:\/\/lequotidien.mr\/","logo":{"@type":"ImageObject","inLanguage":"ar","@id":"https:\/\/lequotidien.mr\/#\/schema\/logo\/image\/","url":"https:\/\/lequotidien.mr\/wp-content\/uploads\/2022\/11\/logolequotidien.jpg","contentUrl":"https:\/\/lequotidien.mr\/wp-content\/uploads\/2022\/11\/logolequotidien.jpg","width":290,"height":65,"caption":"Le Quotidien de Nouakchott"},"image":{"@id":"https:\/\/lequotidien.mr\/#\/schema\/logo\/image\/"},"sameAs":["https:\/\/web.facebook.com\/lequotidienmr","https:\/\/x.com\/lequotidienmr"]},{"@type":"Person","@id":"https:\/\/lequotidien.mr\/#\/schema\/person\/084fc8a65780dd82fc2dc1b6606ccd93","name":"Hachim El Yemani","image":{"@type":"ImageObject","inLanguage":"ar","@id":"https:\/\/secure.gravatar.com\/avatar\/d26186aaa5bf4c9f95183e2f6e441600872253143ebb24ebf40607e5f0b7ced0?s=96&d=mm&r=g","url":"https:\/\/secure.gravatar.com\/avatar\/d26186aaa5bf4c9f95183e2f6e441600872253143ebb24ebf40607e5f0b7ced0?s=96&d=mm&r=g","contentUrl":"https:\/\/secure.gravatar.com\/avatar\/d26186aaa5bf4c9f95183e2f6e441600872253143ebb24ebf40607e5f0b7ced0?s=96&d=mm&r=g","caption":"Hachim El Yemani"},"sameAs":["https:\/\/lequotidien.mr\/"],"url":"https:\/\/lequotidien.mr\/?author=7"}]}},"_links":{"self":[{"href":"https:\/\/lequotidien.mr\/index.php?rest_route=\/wp\/v2\/posts\/10105","targetHints":{"allow":["GET"]}}],"collection":[{"href":"https:\/\/lequotidien.mr\/index.php?rest_route=\/wp\/v2\/posts"}],"about":[{"href":"https:\/\/lequotidien.mr\/index.php?rest_route=\/wp\/v2\/types\/post"}],"author":[{"embeddable":true,"href":"https:\/\/lequotidien.mr\/index.php?rest_route=\/wp\/v2\/users\/7"}],"replies":[{"embeddable":true,"href":"https:\/\/lequotidien.mr\/index.php?rest_route=%2Fwp%2Fv2%2Fcomments&post=10105"}],"version-history":[{"count":2,"href":"https:\/\/lequotidien.mr\/index.php?rest_route=\/wp\/v2\/posts\/10105\/revisions"}],"predecessor-version":[{"id":10108,"href":"https:\/\/lequotidien.mr\/index.php?rest_route=\/wp\/v2\/posts\/10105\/revisions\/10108"}],"wp:featuredmedia":[{"embeddable":true,"href":"https:\/\/lequotidien.mr\/index.php?rest_route=\/wp\/v2\/media\/10106"}],"wp:attachment":[{"href":"https:\/\/lequotidien.mr\/index.php?rest_route=%2Fwp%2Fv2%2Fmedia&parent=10105"}],"wp:term":[{"taxonomy":"category","embeddable":true,"href":"https:\/\/lequotidien.mr\/index.php?rest_route=%2Fwp%2Fv2%2Fcategories&post=10105"},{"taxonomy":"post_tag","embeddable":true,"href":"https:\/\/lequotidien.mr\/index.php?rest_route=%2Fwp%2Fv2%2Ftags&post=10105"}],"curies":[{"name":"wp","href":"https:\/\/api.w.org\/{rel}","templated":true}]}}