{"id":459,"date":"2022-08-22T02:55:51","date_gmt":"2022-08-22T02:55:51","guid":{"rendered":"https:\/\/lequotidien.mr\/ar\/?p=459"},"modified":"2022-08-22T02:55:53","modified_gmt":"2022-08-22T02:55:53","slug":"au-mali-le-colonel-abdoulaye-maiga-devient-premier-ministre-par-interim","status":"publish","type":"post","link":"https:\/\/lequotidien.mr\/ar\/2022\/08\/22\/au-mali-le-colonel-abdoulaye-maiga-devient-premier-ministre-par-interim\/","title":{"rendered":"Au Mali, le colonel Abdoulaye Ma\u00efga devient Premier ministre par int\u00e9rim"},"content":{"rendered":"\n<p><strong>France24<\/strong>&nbsp;&#8211; Actuel ministre de l&#8217;Administration territoriale et de la D\u00e9centralisation et porte-parole du gouvernement, le colonel Abdoulaye Ma\u00efga a \u00e9t\u00e9 nomm\u00e9 dimanche par la junte malienne au poste de Premier ministre par int\u00e9rim. Il remplace Choguel Kokalla Ma\u00efga, hospitalis\u00e9 apr\u00e8s un malaise.<\/p>\n\n\n\n<p>Le chef de la junte au Mali, le colonel Assimi Go\u00efta, a d\u00e9sign\u00e9 dimanche 21 ao\u00fbt un autre colonel, le ministre Abdoulaye Ma\u00efga, Premier ministre par int\u00e9rim en remplacement du civil Choguel Kokalla Ma\u00efga, hospitalis\u00e9 il y a quelques jours.<\/p>\n\n\n\n<p>&#8220;Le colonel Abdoulaye Ma\u00efga, ministre de l&#8217;Administration territoriale et de la D\u00e9centralisation, est d\u00e9sign\u00e9 pour assurer l&#8217;int\u00e9rim de M. Choguel Kokalla Maiga, Premier ministre, chef du gouvernement&#8221;, dit un d\u00e9cret lu \u00e0 la t\u00e9l\u00e9vision d&#8217;\u00c9tat.<\/p>\n\n\n\n<p>Outre l&#8217;important portefeuille de la D\u00e9centralisation, Abdoulaye Ma\u00efga, \u00e2g\u00e9 d&#8217;une quarantaine d&#8217;ann\u00e9es, \u00e9tait aussi le porte-parole du gouvernement.<\/p>\n\n\n\n<p>Peu connu avant sa nomination \u00e0 ce poste fin 2021, il a r\u00e9guli\u00e8rement fait \u00e0 ce titre au cours des derniers mois, rev\u00eatu de son treillis, \u00e0 la t\u00e9l\u00e9vision nationale certaines des annonces les plus marquantes du gouvernement et des d\u00e9clarations les plus abruptes contre la France. Il avait ainsi &#8220;exig\u00e9&#8221; fin juillet du pr\u00e9sident Emmanuel Macron qu&#8217;il quitte &#8220;d\u00e9finitivement sa posture n\u00e9o-coloniale, paternaliste et condescendante&#8221;.<\/p>\n\n\n\n<p><strong>La voix de la rupture avec la France<\/strong><\/p>\n\n\n\n<p>Le colonel Ma\u00efga passe pour ne pas avoir fait partie du cercle des officiers qui ont pris le pouvoir par la force avec le colonel Go\u00efta en ao\u00fbt 2020. Mais il est consid\u00e9r\u00e9 comme proche de l&#8217;homme fort malien et est devenu la voix de la politique de rupture avec la France et ses alli\u00e9s engag\u00e9e apr\u00e8s un deuxi\u00e8me putsch qui, en mai 2021, a \u00e9cart\u00e9 le pr\u00e9sident et le Premier ministre civils.<\/p>\n\n\n\n<p>Avec la d\u00e9signation du colonel Ma\u00efga aux fonctions de chef du gouvernement, les deux t\u00eates de l&#8217;ex\u00e9cutif sont, au moins provisoirement, des militaires, alors que les colonels s&#8217;\u00e9taient r\u00e9sign\u00e9s sous la pression internationale apr\u00e8s le putsch de 2020 \u00e0 confier les deux postes \u00e0 des civils, tout en conservant la haute main sur les d\u00e9cisions.<\/p>\n\n\n\n<p>Choguel Kokalla Ma\u00efga, un v\u00e9t\u00e9ran de la politique malienne, avait \u00e9t\u00e9 choisi pour \u00eatre le chef du gouvernement apr\u00e8s le second putsch de mai 2021. Il a \u00e9t\u00e9 hospitalis\u00e9 il y a huit jours apr\u00e8s un malaise, cardiaque, selon un responsable hospitalier.<\/p>\n\n\n\n<p>Ses services s&#8217;\u00e9taient alors content\u00e9s d&#8217;indiquer qu&#8217;apr\u00e8s &#8220;14 mois de travail sans r\u00e9pit, (il avait) \u00e9t\u00e9 mis en repos forc\u00e9 par son m\u00e9decin&#8221;. Ils annon\u00e7aient son retour au travail la semaine suivante. Mais aucune autre nouvelle de lui n&#8217;a \u00e9t\u00e9 donn\u00e9e officiellement depuis lors.<\/p>\n\n\n\n<p>Il est depuis plusieurs mois critiqu\u00e9 par de nombreux cadres politiques qui demandent sa d\u00e9mission et par nombre de ses anciens alli\u00e9s du Mouvement du 5-Juin, dont il est l&#8217;un des fondateurs et qui a jou\u00e9 un r\u00f4le de premier plan dans la contestation ayant pr\u00e9c\u00e9d\u00e9 la prise du pouvoir par les militaires en 2020.<\/p>\n\n\n\n<p>Avec AFP<\/p>\n\n\n\n<p>Source :\u00a0<strong><a rel=\"noreferrer noopener\" href=\"https:\/\/www.france24.com\/fr\/afrique\/20220821-au-mali-le-colonel-abdoulaye-ma%C3%AFga-devient-premier-ministre-par-int%C3%A9rim\" target=\"_blank\">France24<\/a><\/strong><\/p>\n","protected":false},"excerpt":{"rendered":"<p>France24&nbsp;&#8211; Actuel ministre de l&#8217;Administration territoriale et de la D\u00e9centralisation et porte-parole du gouvernement, le colonel Abdoulaye Ma\u00efga a \u00e9t\u00e9 nomm\u00e9 dimanche par la junte malienne au poste de Premier ministre par int\u00e9rim. Il remplace Choguel Kokalla Ma\u00efga, hospitalis\u00e9 apr\u00e8s un malaise. Le chef de la junte au Mali, le colonel Assimi Go\u00efta, a d\u00e9sign\u00e9 [&hellip;]<\/p>\n","protected":false},"author":1,"featured_media":460,"comment_status":"open","ping_status":"open","sticky":false,"template":"","format":"standard","meta":{"footnotes":""},"categories":[89],"tags":[],"class_list":["post-459","post","type-post","status-publish","format-standard","has-post-thumbnail","hentry","category-politique"],"_links":{"self":[{"href":"https:\/\/lequotidien.mr\/ar\/wp-json\/wp\/v2\/posts\/459","targetHints":{"allow":["GET"]}}],"collection":[{"href":"https:\/\/lequotidien.mr\/ar\/wp-json\/wp\/v2\/posts"}],"about":[{"href":"https:\/\/lequotidien.mr\/ar\/wp-json\/wp\/v2\/types\/post"}],"author":[{"embeddable":true,"href":"https:\/\/lequotidien.mr\/ar\/wp-json\/wp\/v2\/users\/1"}],"replies":[{"embeddable":true,"href":"https:\/\/lequotidien.mr\/ar\/wp-json\/wp\/v2\/comments?post=459"}],"version-history":[{"count":1,"href":"https:\/\/lequotidien.mr\/ar\/wp-json\/wp\/v2\/posts\/459\/revisions"}],"predecessor-version":[{"id":461,"href":"https:\/\/lequotidien.mr\/ar\/wp-json\/wp\/v2\/posts\/459\/revisions\/461"}],"wp:featuredmedia":[{"embeddable":true,"href":"https:\/\/lequotidien.mr\/ar\/wp-json\/wp\/v2\/media\/460"}],"wp:attachment":[{"href":"https:\/\/lequotidien.mr\/ar\/wp-json\/wp\/v2\/media?parent=459"}],"wp:term":[{"taxonomy":"category","embeddable":true,"href":"https:\/\/lequotidien.mr\/ar\/wp-json\/wp\/v2\/categories?post=459"},{"taxonomy":"post_tag","embeddable":true,"href":"https:\/\/lequotidien.mr\/ar\/wp-json\/wp\/v2\/tags?post=459"}],"curies":[{"name":"wp","href":"https:\/\/api.w.org\/{rel}","templated":true}]}}