{"id":444,"date":"2022-08-22T02:24:13","date_gmt":"2022-08-22T02:24:13","guid":{"rendered":"https:\/\/lequotidien.mr\/ar\/?p=444"},"modified":"2022-08-22T02:24:15","modified_gmt":"2022-08-22T02:24:15","slug":"mauritanie-deux-nouvelles-victimes-de-noyade-apres-les-dernieres-pluies","status":"publish","type":"post","link":"https:\/\/lequotidien.mr\/ar\/2022\/08\/22\/mauritanie-deux-nouvelles-victimes-de-noyade-apres-les-dernieres-pluies\/","title":{"rendered":"Mauritanie : deux nouvelles victimes de noyade apr\u00e8s les derni\u00e8res pluies"},"content":{"rendered":"\n<p><strong>Sahara M\u00e9dia&nbsp;<\/strong>&#8211; Le minist\u00e8re mauritanien de l\u2019int\u00e9rieur et de la d\u00e9centralisation a r\u00e9v\u00e9l\u00e9 la mort de deux personnes par noyade au cours des derni\u00e8res 24 heures.<\/p>\n\n\n\n<p>Selon le bulletin publi\u00e9 par la commission charg\u00e9e de la gestion des urgences, la commission de sauvetage a d\u00e9couvert le corps d\u2019une fillette au bord du lac de Kankossa, morte apr\u00e8s s\u2019\u00eatre noy\u00e9e.<\/p>\n\n\n\n<p>Le minist\u00e8re a ajout\u00e9 qu\u2019une autre personne est morte noy\u00e9e \u00e0 Aoujeft, en Adrar, victime de torrent.<\/p>\n\n\n\n<p>Au Hodh El Gharbi, des huttes ont \u00e9t\u00e9 endommag\u00e9es en plus de la chute des panneaux solaires alimentant le r\u00e9seau de distribution d\u2019eau dans la localit\u00e9 de Benemane, commune d\u2019Aioun.<\/p>\n\n\n\n<p>Source :\u00a0<strong><a rel=\"noreferrer noopener\" href=\"https:\/\/fr.saharamedias.net\/mauritanie-deux-nouvelles-victimes-de-noyade-apres-les-dernieres-pluies\/\" target=\"_blank\">Sahara M\u00e9dia &#8211; Mauritanie<\/a><\/strong><\/p>\n","protected":false},"excerpt":{"rendered":"<p>Sahara M\u00e9dia&nbsp;&#8211; Le minist\u00e8re mauritanien de l\u2019int\u00e9rieur et de la d\u00e9centralisation a r\u00e9v\u00e9l\u00e9 la mort de deux personnes par noyade au cours des derni\u00e8res 24 heures. Selon le bulletin publi\u00e9 par la commission charg\u00e9e de la gestion des urgences, la commission de sauvetage a d\u00e9couvert le corps d\u2019une fillette au bord du lac de Kankossa, [&hellip;]<\/p>\n","protected":false},"author":1,"featured_media":445,"comment_status":"open","ping_status":"open","sticky":false,"template":"","format":"standard","meta":{"footnotes":""},"categories":[94],"tags":[],"class_list":["post-444","post","type-post","status-publish","format-standard","has-post-thumbnail","hentry","category-faits-divers"],"_links":{"self":[{"href":"https:\/\/lequotidien.mr\/ar\/wp-json\/wp\/v2\/posts\/444","targetHints":{"allow":["GET"]}}],"collection":[{"href":"https:\/\/lequotidien.mr\/ar\/wp-json\/wp\/v2\/posts"}],"about":[{"href":"https:\/\/lequotidien.mr\/ar\/wp-json\/wp\/v2\/types\/post"}],"author":[{"embeddable":true,"href":"https:\/\/lequotidien.mr\/ar\/wp-json\/wp\/v2\/users\/1"}],"replies":[{"embeddable":true,"href":"https:\/\/lequotidien.mr\/ar\/wp-json\/wp\/v2\/comments?post=444"}],"version-history":[{"count":1,"href":"https:\/\/lequotidien.mr\/ar\/wp-json\/wp\/v2\/posts\/444\/revisions"}],"predecessor-version":[{"id":446,"href":"https:\/\/lequotidien.mr\/ar\/wp-json\/wp\/v2\/posts\/444\/revisions\/446"}],"wp:featuredmedia":[{"embeddable":true,"href":"https:\/\/lequotidien.mr\/ar\/wp-json\/wp\/v2\/media\/445"}],"wp:attachment":[{"href":"https:\/\/lequotidien.mr\/ar\/wp-json\/wp\/v2\/media?parent=444"}],"wp:term":[{"taxonomy":"category","embeddable":true,"href":"https:\/\/lequotidien.mr\/ar\/wp-json\/wp\/v2\/categories?post=444"},{"taxonomy":"post_tag","embeddable":true,"href":"https:\/\/lequotidien.mr\/ar\/wp-json\/wp\/v2\/tags?post=444"}],"curies":[{"name":"wp","href":"https:\/\/api.w.org\/{rel}","templated":true}]}}