{"id":430,"date":"2022-08-22T02:11:25","date_gmt":"2022-08-22T02:11:25","guid":{"rendered":"https:\/\/lequotidien.mr\/ar\/?p=430"},"modified":"2022-08-22T02:11:25","modified_gmt":"2022-08-22T02:11:25","slug":"burkina-faso-lancien-president-roch-kabore-se-rend-ce-jeudi-aux-emirats-arabes-unis-pour-des-soins","status":"publish","type":"post","link":"https:\/\/lequotidien.mr\/ar\/2022\/08\/22\/burkina-faso-lancien-president-roch-kabore-se-rend-ce-jeudi-aux-emirats-arabes-unis-pour-des-soins\/","title":{"rendered":"Burkina Faso : L\u2019ancien pr\u00e9sident Roch Kabor\u00e9 se rend ce jeudi aux \u00c9mirats Arabes Unis pour des soins"},"content":{"rendered":"\n<p><strong>Agence Anadolu<\/strong>&nbsp;&#8211;&nbsp; Renvers\u00e9 le 24 janvier dernier, Kabor\u00e9 qui \u00e9tait d\u00e9tenu par les militaires a \u00e9t\u00e9 totalement lib\u00e9r\u00e9 le 03 juillet.<\/p>\n\n\n\n<p>L\u2019ancien pr\u00e9sident burkinab\u00e9, Roch Marc Christian Kabor\u00e9 renvers\u00e9 par un coup d&#8217;\u00c9tat le 24 janvier dernier, se rend ce jeudi aux \u00c9mirats Arabes Unis, pr\u00e9cis\u00e9ment \u00e0 Duba\u00ef, pour des soins m\u00e9dicaux, a annonc\u00e9 l&#8217;agence d&#8217;information du Burkina (AIB, officielle).<\/p>\n\n\n\n<p>&#8220;L\u2019ex-pr\u00e9sident du Burkina Faso qui conna\u00eet en ce moment quelques ennuis de sant\u00e9, a manifest\u00e9 le d\u00e9sir de se rendre aux \u00c9mirats Arabes Unis pour sa prise en charge&#8221;, a pr\u00e9cis\u00e9 l&#8217;AIB qui cite des sources gouvernementales.<\/p>\n\n\n\n<p>L&#8217;agence a expliqu\u00e9 que la question a \u00e9t\u00e9 \u00e9voqu\u00e9e avec les autorit\u00e9s burkinab\u00e8 qui, &#8220;soucieuses de l\u2019\u00e9tat de sant\u00e9 de l\u2019ancien pr\u00e9sident, ont facilit\u00e9 l\u2019organisation du voyage&#8221;.<\/p>\n\n\n\n<p>&#8220;Le gouvernement burkinab\u00e8 a \u00e9t\u00e9 tr\u00e8s diligent dans le traitement des formalit\u00e9s administratives n\u00e9cessaires pour ce d\u00e9placement, afin de permettre \u00e0 l\u2019ancien pr\u00e9sident de b\u00e9n\u00e9ficier dans les meilleurs d\u00e9lais d\u2019une prise en charge plus ad\u00e9quate&#8221;, a-t-elle ajout\u00e9.<\/p>\n\n\n\n<p>En outre, le gouvernement a saisi les autorit\u00e9s \u00e9miraties pour que des facilit\u00e9s soient \u00e9galement accord\u00e9es \u00e0 Kabor\u00e9 lors de son s\u00e9jour m\u00e9dical dans le pays, selon toujours l&#8217;AIB.<\/p>\n\n\n\n<p>Renvers\u00e9 le 24 janvier dernier, Kabor\u00e9 qui \u00e9tait d\u00e9tenu par les militaires a \u00e9t\u00e9 totalement lib\u00e9r\u00e9 le 03 juillet \u00e0 la demande de ses partisans et de la communaut\u00e9 \u00e9conomique des \u00c9tats de l&#8217;Afrique de l&#8217;ouest (CEDEAO).<\/p>\n\n\n\n<p>Source :\u00a0<strong><a rel=\"noreferrer noopener\" href=\"https:\/\/www.aa.com.tr\/fr\/afrique\/burkina-faso-l-ancien-pr%C3%A9sident-roch-kabor%C3%A9-se-rend-ce-jeudi-aux-%C3%A9mirats-arabes-unis-pour-des-soins\/2659122\" target=\"_blank\">Agence Anadolu &#8211; Turquie<\/a><\/strong><\/p>\n","protected":false},"excerpt":{"rendered":"<p>Agence Anadolu&nbsp;&#8211;&nbsp; Renvers\u00e9 le 24 janvier dernier, Kabor\u00e9 qui \u00e9tait d\u00e9tenu par les militaires a \u00e9t\u00e9 totalement lib\u00e9r\u00e9 le 03 juillet. L\u2019ancien pr\u00e9sident burkinab\u00e9, Roch Marc Christian Kabor\u00e9 renvers\u00e9 par un coup d&#8217;\u00c9tat le 24 janvier dernier, se rend ce jeudi aux \u00c9mirats Arabes Unis, pr\u00e9cis\u00e9ment \u00e0 Duba\u00ef, pour des soins m\u00e9dicaux, a annonc\u00e9 l&#8217;agence [&hellip;]<\/p>\n","protected":false},"author":1,"featured_media":431,"comment_status":"open","ping_status":"open","sticky":false,"template":"","format":"standard","meta":{"footnotes":""},"categories":[46],"tags":[],"class_list":["post-430","post","type-post","status-publish","format-standard","has-post-thumbnail","hentry","category-sante"],"_links":{"self":[{"href":"https:\/\/lequotidien.mr\/ar\/wp-json\/wp\/v2\/posts\/430","targetHints":{"allow":["GET"]}}],"collection":[{"href":"https:\/\/lequotidien.mr\/ar\/wp-json\/wp\/v2\/posts"}],"about":[{"href":"https:\/\/lequotidien.mr\/ar\/wp-json\/wp\/v2\/types\/post"}],"author":[{"embeddable":true,"href":"https:\/\/lequotidien.mr\/ar\/wp-json\/wp\/v2\/users\/1"}],"replies":[{"embeddable":true,"href":"https:\/\/lequotidien.mr\/ar\/wp-json\/wp\/v2\/comments?post=430"}],"version-history":[{"count":1,"href":"https:\/\/lequotidien.mr\/ar\/wp-json\/wp\/v2\/posts\/430\/revisions"}],"predecessor-version":[{"id":432,"href":"https:\/\/lequotidien.mr\/ar\/wp-json\/wp\/v2\/posts\/430\/revisions\/432"}],"wp:featuredmedia":[{"embeddable":true,"href":"https:\/\/lequotidien.mr\/ar\/wp-json\/wp\/v2\/media\/431"}],"wp:attachment":[{"href":"https:\/\/lequotidien.mr\/ar\/wp-json\/wp\/v2\/media?parent=430"}],"wp:term":[{"taxonomy":"category","embeddable":true,"href":"https:\/\/lequotidien.mr\/ar\/wp-json\/wp\/v2\/categories?post=430"},{"taxonomy":"post_tag","embeddable":true,"href":"https:\/\/lequotidien.mr\/ar\/wp-json\/wp\/v2\/tags?post=430"}],"curies":[{"name":"wp","href":"https:\/\/api.w.org\/{rel}","templated":true}]}}