{"id":414,"date":"2022-08-22T01:52:43","date_gmt":"2022-08-22T01:52:43","guid":{"rendered":"https:\/\/lequotidien.mr\/ar\/?p=414"},"modified":"2022-08-22T01:52:44","modified_gmt":"2022-08-22T01:52:44","slug":"sahara-la-mauritanie-appelee-a-clarifier-sa-position","status":"publish","type":"post","link":"https:\/\/lequotidien.mr\/ar\/2022\/08\/22\/sahara-la-mauritanie-appelee-a-clarifier-sa-position\/","title":{"rendered":"Sahara : la Mauritanie \u201cappel\u00e9e\u201d \u00e0 clarifier sa position!"},"content":{"rendered":"\n<p><strong>Senalioune<\/strong>&nbsp;&#8211; Dans son discours de ce samedi 20 ao\u00fbt 2022, \u00e0 l\u2019occasion du 69e anniversaire de la R\u00e9volution du Roi et du Peuple, le roi Mohammed VI a quasiment concentr\u00e9 son allocution sur le Sahara Occidental, sur les soutiens engrang\u00e9s en faveur de la marocanit\u00e9 de ces territoires ainsi que sur les Etats aux positions encore \u00e9quivoques dont la Mauritanie, qu\u2019il n\u2019a pas cit\u00e9e nomm\u00e9ment et qui n\u2019a cess\u00e9 depuis son retrait de ce conflit depuis des d\u00e9cennies, entre Rabat et Alger, par mains interpos\u00e9e du Polisario, de proclamer sa neutralit\u00e9.<\/p>\n\n\n\n<p>\u00abCompte tenu de ces d\u00e9veloppements positifs impliquant des pays de tous les continents, Je voudrais adresser un message clair \u00e0 tout le monde: le dossier du Sahara est le prisme \u00e0 travers lequel le Maroc consid\u00e8re son environnement international.<\/p>\n\n\n\n<p>C\u2019est aussi clairement et simplement l\u2019aune qui mesure la sinc\u00e9rit\u00e9 des amiti\u00e9s et l\u2019efficacit\u00e9 des partenariats qu\u2019il \u00e9tablit\u00bb, a tranch\u00e9 le Roi.<\/p>\n\n\n\n<p>S\u2019agissant de certains pays comptant parmi les partenaires du Royaume, traditionnels ou nouveaux, dont les positions sur l\u2019affaire du Sahara sont ambigu\u00ebs, \u00abNous attendons qu\u2019ils clarifient et revoient le fond de leur positionnement, d\u2019une mani\u00e8re qui ne pr\u00eate \u00e0 aucune \u00e9quivoque\u00bb, a insist\u00e9 le Souverain, rappelant \u00e0 cet \u00e9gard ce qui devient d\u00e9sormais tr\u00e8s clairement une position ferme de la part du Royaume. Le Maroc, c\u2019est tout ou rien.<\/p>\n\n\n\n<p>Cela \u00e9tant, a soulign\u00e9 Sa Majest\u00e9, seul un front interne uni et des Marocains enti\u00e8rement mobilis\u00e9s, partout o\u00f9 ils se trouvent, peut constater le socle sur lequel doit reposer toute strat\u00e9gie de d\u00e9fense de la Marocanit\u00e9 du Sahara.<\/p>\n\n\n\n<p>\u00abJe saisis cette occasion pour saluer et assurer de Mon estime les membres de la communaut\u00e9 marocaine r\u00e9sidant \u00e0 l\u2019\u00e9tranger qui d\u00e9fendent avec abn\u00e9gation l\u2019int\u00e9grit\u00e9 territoriale de leur pays, en faisant r\u00e9sonner la cause nationale \u00e0 toutes les tribunes qui leur sont accessibles et \u00e0 la faveur des positions qu\u2019ils occupent\u00bb, a conclu le Roi, dans la partie r\u00e9serv\u00e9e au Sahara marocain de son discours \u00e0 l\u2019occasion de la comm\u00e9moration de la R\u00e9volution du Roi et du Peuple.<\/p>\n\n\n\n<p>Avec agences<\/p>\n\n\n\n<p>Par<em>&nbsp;<\/em><strong>Oumlbenina Mint Bamba<\/strong><\/p>\n","protected":false},"excerpt":{"rendered":"<p>Senalioune&nbsp;&#8211; Dans son discours de ce samedi 20 ao\u00fbt 2022, \u00e0 l\u2019occasion du 69e anniversaire de la R\u00e9volution du Roi et du Peuple, le roi Mohammed VI a quasiment concentr\u00e9 son allocution sur le Sahara Occidental, sur les soutiens engrang\u00e9s en faveur de la marocanit\u00e9 de ces territoires ainsi que sur les Etats aux positions [&hellip;]<\/p>\n","protected":false},"author":1,"featured_media":415,"comment_status":"open","ping_status":"open","sticky":false,"template":"","format":"standard","meta":{"footnotes":""},"categories":[89],"tags":[],"class_list":["post-414","post","type-post","status-publish","format-standard","has-post-thumbnail","hentry","category-politique"],"_links":{"self":[{"href":"https:\/\/lequotidien.mr\/ar\/wp-json\/wp\/v2\/posts\/414","targetHints":{"allow":["GET"]}}],"collection":[{"href":"https:\/\/lequotidien.mr\/ar\/wp-json\/wp\/v2\/posts"}],"about":[{"href":"https:\/\/lequotidien.mr\/ar\/wp-json\/wp\/v2\/types\/post"}],"author":[{"embeddable":true,"href":"https:\/\/lequotidien.mr\/ar\/wp-json\/wp\/v2\/users\/1"}],"replies":[{"embeddable":true,"href":"https:\/\/lequotidien.mr\/ar\/wp-json\/wp\/v2\/comments?post=414"}],"version-history":[{"count":1,"href":"https:\/\/lequotidien.mr\/ar\/wp-json\/wp\/v2\/posts\/414\/revisions"}],"predecessor-version":[{"id":416,"href":"https:\/\/lequotidien.mr\/ar\/wp-json\/wp\/v2\/posts\/414\/revisions\/416"}],"wp:featuredmedia":[{"embeddable":true,"href":"https:\/\/lequotidien.mr\/ar\/wp-json\/wp\/v2\/media\/415"}],"wp:attachment":[{"href":"https:\/\/lequotidien.mr\/ar\/wp-json\/wp\/v2\/media?parent=414"}],"wp:term":[{"taxonomy":"category","embeddable":true,"href":"https:\/\/lequotidien.mr\/ar\/wp-json\/wp\/v2\/categories?post=414"},{"taxonomy":"post_tag","embeddable":true,"href":"https:\/\/lequotidien.mr\/ar\/wp-json\/wp\/v2\/tags?post=414"}],"curies":[{"name":"wp","href":"https:\/\/api.w.org\/{rel}","templated":true}]}}