{"id":411,"date":"2022-08-22T01:49:29","date_gmt":"2022-08-22T01:49:29","guid":{"rendered":"https:\/\/lequotidien.mr\/ar\/?p=411"},"modified":"2022-08-22T01:49:31","modified_gmt":"2022-08-22T01:49:31","slug":"sahara-occidental-le-roi-mohammed-vi-exhorte-les-pays-allies-a-soutenir-le-maroc","status":"publish","type":"post","link":"https:\/\/lequotidien.mr\/ar\/2022\/08\/22\/sahara-occidental-le-roi-mohammed-vi-exhorte-les-pays-allies-a-soutenir-le-maroc\/","title":{"rendered":"Sahara occidental. Le roi Mohammed VI exhorte les pays alli\u00e9s \u00e0 soutenir le Maroc"},"content":{"rendered":"\n<p><strong>Ouest-France<\/strong>&nbsp;&#8211; Le roi Mohammed VI a demand\u00e9 samedi 20 ao\u00fbt un soutien clair aux pays partenaires du Maroc dans le dossier du Sahara occidental, un territoire disput\u00e9. Le roi Mohammed VI veut un soutien clair des autres pays sur leur position quant au dossier du Sahara occidental.<\/p>\n\n\n\n<p>Le roi Mohammed VI a exhort\u00e9 samedi 20 ao\u00fbt au soir les pays partenaires du Maroc \u00e0 \u00ab clarifier \u00bb leur position sur la question du territoire disput\u00e9 du Sahara occidental et \u00e0 le soutenir \u00ab sans aucune \u00e9quivoque \u00bb.<\/p>\n\n\n\n<p>\u00ab Je voudrais adresser un message clair \u00e0 tout le monde: le dossier du Sahara est le prisme \u00e0 travers lequel le Maroc consid\u00e8re son environnement international \u00bb, a d\u00e9clar\u00e9 le roi dans un discours radio-t\u00e9l\u00e9vis\u00e9 \u00e0 l&#8217;occasion de la f\u00eate dite de la R\u00e9volution du roi et du peuple, c\u00e9l\u00e9brant un \u00e9pisode historique de la lutte anticoloniale et qui symbolise le lien entre le monarque et ses sujets.<\/p>\n\n\n\n<p>\u00ab C&#8217;est aussi clairement et simplement l&#8217;aune qui mesure la sinc\u00e9rit\u00e9 des amiti\u00e9s et l&#8217;efficacit\u00e9 des partenariats qu&#8217;il \u00e9tablit \u00bb, a-t-il soulign\u00e9.<\/p>\n\n\n\n<p><strong>Demande de clarification<\/strong><\/p>\n\n\n\n<p>\u00ab S&#8217;agissant de certains pays comptant parmi nos partenaires, traditionnels ou nouveaux, dont les positions sur l&#8217;affaire du Sahara sont ambigu\u00ebs, nous attendons qu&#8217;ils clarifient et revoient le fond de leur positionnement, d&#8217;une mani\u00e8re qui ne pr\u00eate \u00e0 aucune \u00e9quivoque \u00bb, a averti le souverain ch\u00e9rifien.<\/p>\n\n\n\n<p>Ce dernier n&#8217;a pas pr\u00e9cis\u00e9 \u00e0 quels pays s&#8217;adressait plus particuli\u00e8rement son message.<\/p>\n\n\n\n<p>Mais il a salu\u00e9 la position \u00ab incontournable \u00bb des Etats-Unis &#8212; qui ont reconnu la \u00ab marocanit\u00e9 \u00bb du Sahara occidental sous la pr\u00e9sidence de Donald Trump, une initiative assum\u00e9e par son successeur Joe Biden.<\/p>\n\n\n\n<p><strong>Revirement de l&#8217;Espagne<\/strong><\/p>\n\n\n\n<p>Mohammed VI s&#8217;est \u00e9galement f\u00e9licit\u00e9 du revirement de l&#8217;Espagne, et dans une moindre mesure de l&#8217;Allemagne, qui se sont ralli\u00e9es \u00e0 \u00ab l&#8217;initiative d&#8217;autonomie \u00bb sous souverainet\u00e9 marocaine pr\u00f4n\u00e9e par Rabat pour r\u00e9gler le conflit du Sahara occidental.<\/p>\n\n\n\n<p>Cette ancienne colonie espagnole, que se disputent depuis des d\u00e9cennies le Maroc et les ind\u00e9pendantistes sahraouis du Front Polisario, est consid\u00e9r\u00e9e comme un \u00ab territoire non autonome \u00bb par l&#8217;ONU.<\/p>\n\n\n\n<p>Le Maroc en contr\u00f4le 80% et pr\u00f4ne une autonomie sous sa souverainet\u00e9 exclusive, tandis que le Polisario, soutenu par l&#8217;Alg\u00e9rie, r\u00e9clame un r\u00e9f\u00e9rendum d&#8217;autod\u00e9termination.<\/p>\n\n\n\n<p><strong>Diaspora marocaine<\/strong><\/p>\n\n\n\n<p>Dans son discours, \u00e9galement longuement consacr\u00e9 \u00e0 la diaspora marocaine, Mohammed VI a appel\u00e9 \u00e0 resserrer institutionnellement les liens entre \u00ab les Marocains du monde et leur patrie, y compris avec les centaines de milliers de juifs marocains \u00bb \u00e0 l&#8217;\u00e9tranger.<\/p>\n\n\n\n<p>Le Maroc et Isra\u00ebl ont renou\u00e9 leurs relations diplomatiques en d\u00e9cembre 2020 dans le cadre des accords d&#8217;Abraham, un processus entre l&#8217;Etat h\u00e9breu et plusieurs pays arabes, soutenu par Washington.<\/p>\n\n\n\n<p>En contrepartie, l&#8217;administration Trump a reconnu la souverainet\u00e9 du Maroc sur le Sahara occidental.<\/p>\n\n\n\n<p>Les quelque 700 000 Isra\u00e9liens d&#8217;ascendance marocaine ont souvent gard\u00e9 des liens tr\u00e8s forts avec leur pays d&#8217;origine.<\/p>\n\n\n\n<p>Ouest-France Avec AFP<\/p>\n","protected":false},"excerpt":{"rendered":"<p>Ouest-France&nbsp;&#8211; Le roi Mohammed VI a demand\u00e9 samedi 20 ao\u00fbt un soutien clair aux pays partenaires du Maroc dans le dossier du Sahara occidental, un territoire disput\u00e9. Le roi Mohammed VI veut un soutien clair des autres pays sur leur position quant au dossier du Sahara occidental. Le roi Mohammed VI a exhort\u00e9 samedi 20 [&hellip;]<\/p>\n","protected":false},"author":1,"featured_media":412,"comment_status":"open","ping_status":"open","sticky":false,"template":"","format":"standard","meta":{"footnotes":""},"categories":[89],"tags":[],"class_list":["post-411","post","type-post","status-publish","format-standard","has-post-thumbnail","hentry","category-politique"],"_links":{"self":[{"href":"https:\/\/lequotidien.mr\/ar\/wp-json\/wp\/v2\/posts\/411","targetHints":{"allow":["GET"]}}],"collection":[{"href":"https:\/\/lequotidien.mr\/ar\/wp-json\/wp\/v2\/posts"}],"about":[{"href":"https:\/\/lequotidien.mr\/ar\/wp-json\/wp\/v2\/types\/post"}],"author":[{"embeddable":true,"href":"https:\/\/lequotidien.mr\/ar\/wp-json\/wp\/v2\/users\/1"}],"replies":[{"embeddable":true,"href":"https:\/\/lequotidien.mr\/ar\/wp-json\/wp\/v2\/comments?post=411"}],"version-history":[{"count":1,"href":"https:\/\/lequotidien.mr\/ar\/wp-json\/wp\/v2\/posts\/411\/revisions"}],"predecessor-version":[{"id":413,"href":"https:\/\/lequotidien.mr\/ar\/wp-json\/wp\/v2\/posts\/411\/revisions\/413"}],"wp:featuredmedia":[{"embeddable":true,"href":"https:\/\/lequotidien.mr\/ar\/wp-json\/wp\/v2\/media\/412"}],"wp:attachment":[{"href":"https:\/\/lequotidien.mr\/ar\/wp-json\/wp\/v2\/media?parent=411"}],"wp:term":[{"taxonomy":"category","embeddable":true,"href":"https:\/\/lequotidien.mr\/ar\/wp-json\/wp\/v2\/categories?post=411"},{"taxonomy":"post_tag","embeddable":true,"href":"https:\/\/lequotidien.mr\/ar\/wp-json\/wp\/v2\/tags?post=411"}],"curies":[{"name":"wp","href":"https:\/\/api.w.org\/{rel}","templated":true}]}}